{"id":91884,"date":"2020-12-21T08:00:40","date_gmt":"2020-12-21T14:00:40","guid":{"rendered":"https:\/\/www.uv.mx\/prensa\/?p=91884"},"modified":"2020-12-17T19:59:51","modified_gmt":"2020-12-18T01:59:51","slug":"facultad-de-derecho-institucion-con-historia-y-perspectiva-de-futuro","status":"publish","type":"post","link":"https:\/\/www.uv.mx\/prensa\/general\/facultad-de-derecho-institucion-con-historia-y-perspectiva-de-futuro\/","title":{"rendered":"Facultad de Derecho, instituci\u00f3n con historia y perspectiva de futuro"},"content":{"rendered":"<ul>\n<li data-leveltext=\"\uf0b7\" data-font=\"Symbol\" data-listid=\"7\" data-aria-posinset=\"1\" data-aria-level=\"1\"><i><span data-contrast=\"auto\">Jos\u00e9 Francisco B\u00e1ez Corona y \u00c1ngel Luis Parra Ortiz, quienes expusieron, desde sus respectivos \u00e1mbitos, los primeros pasos que se dieron para llegar a lo que representa hoy esta Facultad<\/span><\/i><span data-ccp-props=\"{&quot;201341983&quot;:0,&quot;335559739&quot;:0,&quot;335559740&quot;:240}\">\u00a0<\/span><\/li>\n<\/ul>\n<p><span data-ccp-props=\"{&quot;201341983&quot;:0,&quot;335559739&quot;:0,&quot;335559740&quot;:240}\">\u00a0<\/span><\/p>\n<div id=\"attachment_91885\" style=\"width: 732px\" class=\"wp-caption aligncenter\"><a href=\"https:\/\/www.uv.mx\/prensa\/files\/2020\/12\/211220-Facultad-de-Derecho-institucion-fuerte-1-100k.jpg\"><img aria-describedby=\"caption-attachment-91885\" decoding=\"async\" loading=\"lazy\" class=\"size-full wp-image-91885\" src=\"https:\/\/www.uv.mx\/prensa\/files\/2020\/12\/211220-Facultad-de-Derecho-institucion-fuerte-1-100k.jpg\" alt=\"Egresados de la Facultad de Derecho participan en el coloquio de los 100 a\u00f1os del plantel \" width=\"722\" height=\"344\" srcset=\"https:\/\/www.uv.mx\/prensa\/files\/2020\/12\/211220-Facultad-de-Derecho-institucion-fuerte-1-100k.jpg 722w, https:\/\/www.uv.mx\/prensa\/files\/2020\/12\/211220-Facultad-de-Derecho-institucion-fuerte-1-100k-300x143.jpg 300w\" sizes=\"(max-width: 722px) 100vw, 722px\" \/><\/a><p id=\"caption-attachment-91885\" class=\"wp-caption-text\">Egresados de la Facultad de Derecho participaron en el coloquio de los 100 a\u00f1os del plantel<\/p><\/div>\n<p>&nbsp;<\/p>\n<p><b><i><span data-contrast=\"auto\">Jos\u00e9 Luis\u00a0<\/span><\/i><\/b><b><i><span data-contrast=\"auto\">Couttolenc<\/span><\/i><\/b><b><i><span data-contrast=\"auto\">\u00a0Soto<\/span><\/i><\/b><span data-ccp-props=\"{&quot;201341983&quot;:0,&quot;335559739&quot;:0,&quot;335559740&quot;:240}\">\u00a0<\/span><\/p>\n<p><b><i><span data-contrast=\"auto\">21<\/span><\/i><\/b><b><i><span data-contrast=\"auto\">\/<\/span><\/i><\/b><b><i><span data-contrast=\"auto\">1<\/span><\/i><\/b><b><i><span data-contrast=\"auto\">2<\/span><\/i><\/b><b><i><span data-contrast=\"auto\">\/2020, Xalapa,\u00a0Ver.-<\/span><\/i><\/b><span data-contrast=\"auto\">\u00a0En\u00a0<\/span><span data-contrast=\"auto\">la<\/span><span data-contrast=\"auto\">\u00a0celebra<\/span><span data-contrast=\"auto\">ci\u00f3n de los 100\u00a0<\/span><span data-contrast=\"auto\">a\u00f1os de la Facultad de Derecho de la Universidad Veracruzana (UV), egresados participa<\/span><span data-contrast=\"auto\">ro<\/span><span data-contrast=\"auto\">n en un coloquio en el que\u00a0<\/span><span data-contrast=\"auto\">califican<\/span><span data-contrast=\"auto\">\u00a0a\u00a0<\/span><span data-contrast=\"auto\">esta entidad acad\u00e9mica\u00a0<\/span><span data-contrast=\"auto\">como una instituci\u00f3n fuerte, con historia y perspectiva de futuro, y cuyos juristas formado<\/span><span data-contrast=\"auto\">s<\/span><span data-contrast=\"auto\">\u00a0en sus aulas han contribuido al cambio social.<\/span><span data-ccp-props=\"{&quot;201341983&quot;:0,&quot;335559739&quot;:0,&quot;335559740&quot;:240}\">\u00a0<\/span><\/p>\n<p><span data-contrast=\"auto\">En el segundo\u00a0<\/span><span data-contrast=\"auto\">d\u00eda<\/span><span data-contrast=\"auto\">\u00a0de actividades\u00a0<\/span><span data-contrast=\"auto\">del\u00a0<\/span><span data-contrast=\"auto\">evento<\/span><span data-contrast=\"auto\">, que se llev<\/span><span data-contrast=\"auto\">\u00f3<\/span><span data-contrast=\"auto\">\u00a0a cabo del\u00a0<\/span><span data-contrast=\"auto\">14 al 18 de diciembre<\/span><span data-contrast=\"auto\">\u00a0a trav\u00e9s de la p\u00e1gina de\u00a0<\/span><i><span data-contrast=\"auto\">Facebook\u00a0<\/span><\/i><span data-contrast=\"auto\">del Instituto de Investigaciones Jur\u00eddicas\u00a0<\/span><span data-contrast=\"auto\">(IIJ)<\/span><span data-contrast=\"auto\">, participaron Jos\u00e9 Francisco B\u00e1ez Corona y \u00c1ngel Luis Parra Ortiz, quienes expusieron, desde sus respectivos \u00e1mbitos, los primeros pasos que se dieron para llegar a lo que representa hoy la Facultad de Derecho.<\/span><span data-ccp-props=\"{&quot;201341983&quot;:0,&quot;335559739&quot;:0,&quot;335559740&quot;:240}\">\u00a0<\/span><\/p>\n<p><span data-contrast=\"auto\">B\u00e1ez Corona,\u00a0<\/span><span data-contrast=\"auto\">d<\/span><span data-contrast=\"auto\">octor en Derecho P\u00fablico e investigador adscrito al IIJ de la UV, hizo una revisi\u00f3n hist\u00f3rica de c\u00f3mo ha sido la formaci\u00f3n de abogados en M\u00e9xico que, dijo, es una de las disciplinas\u00a0<\/span><span data-contrast=\"auto\">que tiene<\/span><span data-contrast=\"auto\">\u00a0sus antecedentes en la antigua Roma, con los primeros juristas, \u201caunque no propiamente licenciados en derecho\u201d.<\/span><span data-ccp-props=\"{&quot;201341983&quot;:0,&quot;335559739&quot;:0,&quot;335559740&quot;:240}\">\u00a0<\/span><\/p>\n<p><span data-contrast=\"auto\">Record\u00f3\u00a0que\u00a0sin instituciones universitarias, escuelas ni colegios, algunos fil\u00f3sofos comenzaron a crear las primeras academias con \u00e1reas de formaci\u00f3n en otras disciplinas,\u00a0<\/span><span data-contrast=\"auto\">y fue en la\u00a0<\/span><span data-contrast=\"auto\">E<\/span><span data-contrast=\"auto\">dad\u00a0<\/span><span data-contrast=\"auto\">M<\/span><span data-contrast=\"auto\">edia cuando la aboga<\/span><span data-contrast=\"auto\">c\u00eda\u00a0<\/span><span data-contrast=\"auto\">se aprend\u00eda como un apostolado de quien se interesaba en el ejercicio del derecho, vincul\u00e1ndose con quienes ten\u00edan esta habilidad.<\/span><span data-ccp-props=\"{&quot;201341983&quot;:0,&quot;335559739&quot;:0,&quot;335559740&quot;:240}\">\u00a0<\/span><\/p>\n<p><span data-contrast=\"auto\">Con el paso del tiempo se crearon modelos educativos hasta llegar al tradicional, que consider\u00f3 ha sido satanizado por pedagogos,<\/span><span data-contrast=\"auto\">\u00a0\u201c<\/span><span data-contrast=\"auto\">pero para nuestra formaci\u00f3n jur\u00eddica\u00a0<\/span><span data-contrast=\"auto\">es de<\/span><span data-contrast=\"auto\">\u00a0<\/span><span data-contrast=\"auto\">relevancia importante<\/span><span data-contrast=\"auto\">\u00a0porque contiene algunas bases de oralidad, teor\u00eda, sustento normativo y filos\u00f3fico\u201d, elementos fundamentales que se pueden convertir en una limitante, si se le toma como \u00fanico sistema.<\/span><span data-ccp-props=\"{&quot;201341983&quot;:0,&quot;335559739&quot;:0,&quot;335559740&quot;:240}\">\u00a0<\/span><\/p>\n<p><span data-contrast=\"auto\">Mencion\u00f3 que en 2020 se ha vivido un proceso de transformaci\u00f3n sin igual en todos los aspectos, sin escapar a ello la formaci\u00f3n jur\u00eddica, por lo que la Facultad de Derecho ha tenido que transitar hacia una digitalizaci\u00f3n del servicio educativo, utilizando\u00a0<\/span><span data-contrast=\"auto\">plataformas como\u00a0<\/span><i><span data-contrast=\"auto\">Eminus<\/span><\/i><span data-contrast=\"auto\">,\u00a0<\/span><span data-contrast=\"auto\">realizando eventos v\u00eda remota, \u201cque sin duda va a transformar la educaci\u00f3n jur\u00eddica que estamos viviendo\u201d.\u00a0\u00a0<\/span><span data-ccp-props=\"{&quot;201341983&quot;:0,&quot;335559739&quot;:0,&quot;335559740&quot;:240}\">\u00a0<\/span><\/p>\n<p><span data-contrast=\"auto\">Reconoci\u00f3 que\u00a0<\/span><span data-contrast=\"auto\">aun cuando pasen los a\u00f1os y el tema de la pandemia quede superado, continuar\u00e1n las transformaciones en la formaci\u00f3n jur\u00eddica, puesto que el uso de la tecnolog\u00eda tiene ventajas y beneficios que han permeado en el derecho en general, como es el caso del amparo digital y los procesos administrativos a trav\u00e9s de plataformas electr\u00f3nicas, lo que significa una transformaci\u00f3n de la pedagog\u00eda jur\u00eddica que conlleva a los profesores a una actualizaci\u00f3n.<\/span><span data-ccp-props=\"{&quot;201341983&quot;:0,&quot;335559739&quot;:0,&quot;335559740&quot;:240}\">\u00a0<\/span><\/p>\n<p><span data-contrast=\"auto\">En tanto Parra Ortiz, M\u00e1<\/span><span data-contrast=\"auto\">ster en Derecho Penal, Procesal Penal y Criminolog\u00eda,\u00a0<\/span><span data-contrast=\"auto\">comparti\u00f3<\/span><span data-contrast=\"auto\">\u00a0<\/span><span data-contrast=\"auto\">la remembranza hist\u00f3rica de la F<\/span><span data-contrast=\"auto\">acultad de Derecho<\/span><span data-contrast=\"auto\">\u00a0y<\/span><span data-contrast=\"auto\">\u00a0enfatiz\u00f3 que \u00e9sta no se puede separar de la vida de la UV; a\u00f1adi\u00f3 que coyunturalmente los docentes e investigadores interact\u00faan en un plano de competencias a fin de lograr los mejores est\u00e1ndares de eficiencia, y formar un perfil del egresado totalmente competitivo, como elemento coadyuvante en el mercado laboral<\/span><span data-contrast=\"auto\">, que es una de las finalidades primordiales de la instituci\u00f3n.<\/span><span data-ccp-props=\"{&quot;201341983&quot;:0,&quot;335559739&quot;:0,&quot;335559740&quot;:240}\">\u00a0<\/span><\/p>\n<p><span data-contrast=\"auto\">Dijo que lo anterior se refleja en el campo de acci\u00f3n de los egresados ya como abogados postulantes, servidores p\u00fablicos, servidores judiciales, notarios, fiscales, magi<\/span><span data-contrast=\"auto\">strados, ministros o pol\u00edticos.<\/span><span data-ccp-props=\"{&quot;201341983&quot;:0,&quot;335559739&quot;:0,&quot;335559740&quot;:240}\">\u00a0<\/span><\/p>\n<p><span data-contrast=\"auto\">\u201c<\/span><span data-contrast=\"auto\">A<\/span><span data-contrast=\"auto\">\u00a0lo largo de los a\u00f1os de vida de la Facultad han egre<\/span><span data-contrast=\"auto\">sado brillantes licenciados en D<\/span><span data-contrast=\"auto\">erecho que han contribuido al cambio social\u201d, afirm\u00f3.<\/span><span data-ccp-props=\"{&quot;201341983&quot;:0,&quot;335559731&quot;:708,&quot;335559739&quot;:0,&quot;335559740&quot;:240}\">\u00a0<\/span><\/p>\n","protected":false},"excerpt":{"rendered":"<p>\u201cA lo largo de los a\u00f1os de vida de la Facultad, han egresado brillantes licenciados en Derecho que han contribuido al cambio social\u201d: \u00c1ngel Luis Parra Ortiz <\/p>\n","protected":false},"author":1775,"featured_media":91885,"comment_status":"closed","ping_status":"closed","sticky":false,"template":"","format":"standard","meta":[],"categories":[1],"tags":[1118,524,593,592],"_links":{"self":[{"href":"https:\/\/www.uv.mx\/prensa\/wp-json\/wp\/v2\/posts\/91884"}],"collection":[{"href":"https:\/\/www.uv.mx\/prensa\/wp-json\/wp\/v2\/posts"}],"about":[{"href":"https:\/\/www.uv.mx\/prensa\/wp-json\/wp\/v2\/types\/post"}],"author":[{"embeddable":true,"href":"https:\/\/www.uv.mx\/prensa\/wp-json\/wp\/v2\/users\/1775"}],"replies":[{"embeddable":true,"href":"https:\/\/www.uv.mx\/prensa\/wp-json\/wp\/v2\/comments?post=91884"}],"version-history":[{"count":1,"href":"https:\/\/www.uv.mx\/prensa\/wp-json\/wp\/v2\/posts\/91884\/revisions"}],"predecessor-version":[{"id":91897,"href":"https:\/\/www.uv.mx\/prensa\/wp-json\/wp\/v2\/posts\/91884\/revisions\/91897"}],"wp:featuredmedia":[{"embeddable":true,"href":"https:\/\/www.uv.mx\/prensa\/wp-json\/wp\/v2\/media\/91885"}],"wp:attachment":[{"href":"https:\/\/www.uv.mx\/prensa\/wp-json\/wp\/v2\/media?parent=91884"}],"wp:term":[{"taxonomy":"category","embeddable":true,"href":"https:\/\/www.uv.mx\/prensa\/wp-json\/wp\/v2\/categories?post=91884"},{"taxonomy":"post_tag","embeddable":true,"href":"https:\/\/www.uv.mx\/prensa\/wp-json\/wp\/v2\/tags?post=91884"}],"curies":[{"name":"wp","href":"https:\/\/api.w.org\/{rel}","templated":true}]}}