{"id":91907,"date":"2020-12-20T08:00:20","date_gmt":"2020-12-20T14:00:20","guid":{"rendered":"https:\/\/www.uv.mx\/prensa\/?p=91907"},"modified":"2021-01-08T11:34:42","modified_gmt":"2021-01-08T17:34:42","slug":"mas-de-90-por-ciento-de-incendios-forestales-son-provocados","status":"publish","type":"post","link":"https:\/\/www.uv.mx\/prensa\/general\/mas-de-90-por-ciento-de-incendios-forestales-son-provocados\/","title":{"rendered":"M\u00e1s de 90 por ciento de incendios forestales son provocados"},"content":{"rendered":"<ul>\n<li data-leveltext=\"\uf0b7\" data-font=\"Symbol\" data-listid=\"5\" data-aria-posinset=\"1\" data-aria-level=\"1\"><i><span data-contrast=\"auto\">En el estado de Veracruz\u00a0<\/span><\/i><i><span data-contrast=\"auto\">cada a\u00f1o ocurren aproximadamente 150 de ell<\/span><\/i><i><span data-contrast=\"auto\">os<\/span><\/i><span data-ccp-props=\"{}\">\u00a0<\/span><\/li>\n<\/ul>\n<p><span data-ccp-props=\"{}\">\u00a0<\/span><\/p>\n<div id=\"attachment_91908\" style=\"width: 732px\" class=\"wp-caption aligncenter\"><a href=\"https:\/\/www.uv.mx\/prensa\/files\/2020\/12\/171220-CARLOS-Incendios-Forestales-1-100k.jpg\"><img aria-describedby=\"caption-attachment-91908\" decoding=\"async\" loading=\"lazy\" class=\"size-full wp-image-91908\" src=\"https:\/\/www.uv.mx\/prensa\/files\/2020\/12\/171220-CARLOS-Incendios-Forestales-1-100k.jpg\" alt=\"Carlos Mu\u00f1oz Robles \" width=\"722\" height=\"548\" srcset=\"https:\/\/www.uv.mx\/prensa\/files\/2020\/12\/171220-CARLOS-Incendios-Forestales-1-100k.jpg 722w, https:\/\/www.uv.mx\/prensa\/files\/2020\/12\/171220-CARLOS-Incendios-Forestales-1-100k-300x228.jpg 300w\" sizes=\"(max-width: 722px) 100vw, 722px\" \/><\/a><p id=\"caption-attachment-91908\" class=\"wp-caption-text\">Carlos Mu\u00f1oz Robles<\/p><\/div>\n<p>&nbsp;<\/p>\n<p><b><i><span data-contrast=\"auto\">Carlos Hugo Hermida Rosales<\/span><\/i><\/b><span data-ccp-props=\"{}\">\u00a0<\/span><\/p>\n<p><b><i><span data-contrast=\"auto\">20<\/span><\/i><\/b><b><i><span data-contrast=\"auto\">\/12<\/span><\/i><\/b><b><i><span data-contrast=\"auto\">\/2020<\/span><\/i><\/b><b><i><span data-contrast=\"auto\">,<\/span><\/i><\/b><b><i><span data-contrast=\"auto\">\u00a0<\/span><\/i><\/b><b><i><span data-contrast=\"auto\">Xalapa,\u00a0<\/span><\/i><\/b><b><i><span data-contrast=\"auto\">Ver.<\/span><\/i><\/b><b><i><span data-contrast=\"auto\">&#8211;<\/span><\/i><\/b><b><i><span data-contrast=\"auto\">\u00a0<\/span><\/i><\/b><span data-contrast=\"auto\">Carlos Mu\u00f1oz Robles, del Instituto de Investigaci\u00f3n de Zonas Des\u00e9rticas de la Universidad Aut\u00f3noma de San Luis Potos\u00ed<\/span><span data-contrast=\"auto\">,<\/span><span data-contrast=\"auto\">\u00a0<\/span><span data-contrast=\"auto\">plante\u00f3\u00a0<\/span><span data-contrast=\"auto\">que las sequ\u00edas extremas<\/span><span data-contrast=\"auto\">\u00a0pueden<\/span><span data-contrast=\"auto\">\u00a0s<\/span><span data-contrast=\"auto\">er<\/span><span data-contrast=\"auto\">\u00a0un detonante para que ocurran incendios forestales, los descuidos humanos son\u00a0<\/span><span data-contrast=\"auto\">la\u00a0<\/span><span data-contrast=\"auto\">principal causa.\u00a0<\/span><span data-ccp-props=\"{}\">\u00a0<\/span><\/p>\n<p><span data-contrast=\"auto\">El investigador imparti\u00f3 el 15 de diciembre la conferencia\u00a0<\/span><span data-contrast=\"auto\">virtual\u00a0<\/span><span data-contrast=\"auto\">\u201c<\/span><span data-contrast=\"auto\">An\u00e1lisis de la ocurrencia e impactos de los incendios forestales: un enfoque\u00a0espacio-temporal<\/span><span data-contrast=\"auto\">\u201d<\/span><span data-contrast=\"auto\">, a estudiantes de la Licenciatura en Biolog\u00eda de la Universidad Veracruzana (UV) que cursan la experiencia educativa\u00a0<\/span><span data-contrast=\"auto\">Sistemas de Informaci\u00f3n Geogr\u00e1fica<\/span><span data-contrast=\"auto\">; la\u00a0<\/span><span data-contrast=\"auto\">vinculaci\u00f3n fue realizada por\u00a0<\/span><span data-contrast=\"auto\">Christian\u202fAlejandro Delf\u00edn Alfonso, miembro del <a href=\"https:\/\/www.uv.mx\/iib\/\" target=\"_blank\" rel=\"noopener\">Instituto de Investigaciones Biol\u00f3gicas<\/a> (IIB)<\/span><span data-contrast=\"auto\">.<\/span><span data-ccp-props=\"{&quot;335559731&quot;:708}\">\u00a0<\/span><\/p>\n<p><span data-contrast=\"auto\">Mu\u00f1oz Robles<\/span><span data-contrast=\"auto\">\u00a0mencion\u00f3 que el\u00a0<\/span><span data-contrast=\"auto\">incremento<\/span><span data-contrast=\"auto\">\u00a0de los incendios forestales en los \u00faltimos a\u00f1os obedece a diversos factores, entre los que se encuentran la modificaci\u00f3n del clima, que trae consigo aumento en fen\u00f3menos hidrometeorol\u00f3gicos extremos, adem\u00e1s de periodos de sequ\u00eda\u00a0<\/span><span data-contrast=\"auto\">cada vez<\/span><span data-contrast=\"auto\">\u00a0<\/span><span data-contrast=\"auto\">m<\/span><span data-contrast=\"auto\">\u00e1<\/span><span data-contrast=\"auto\">s frecuentes e intensos<\/span><span data-contrast=\"auto\">.<\/span><span data-ccp-props=\"{&quot;335559731&quot;:708}\">\u00a0<\/span><\/p>\n<p><span data-contrast=\"auto\">A<\/span><span data-contrast=\"auto\">lgunos\u00a0<\/span><span data-contrast=\"auto\">incendios forestales son originados por causas naturales,\u00a0<\/span><span data-contrast=\"auto\">m\u00e1s<\/span><span data-contrast=\"auto\">\u00a0del 90 por ciento ocurren debido a la acci\u00f3n humana, principalmente en la temporada de sequ<\/span><span data-contrast=\"auto\">\u00eda en que las lluvias escasean.<\/span><span data-ccp-props=\"{&quot;335559731&quot;:708}\">\u00a0<\/span><\/p>\n<p><span data-contrast=\"auto\">L<\/span><span data-contrast=\"auto\">a\u00a0<\/span><span data-contrast=\"auto\">sequ\u00eda<\/span><span data-contrast=\"auto\">, agreg\u00f3,<\/span><span data-contrast=\"auto\">\u00a0es un\u00a0<\/span><span data-contrast=\"auto\">factor<\/span><span data-contrast=\"auto\">\u00a0importante para que ocurra un incendio forestal, el principal detonante es el descuido.<\/span><span data-ccp-props=\"{&quot;335559731&quot;:708}\">\u00a0<\/span><\/p>\n<p><span data-contrast=\"auto\">\u201cTan s\u00f3<\/span><span data-contrast=\"auto\">lo en el estado de Veracruz cada a\u00f1o ocurren aproximadamente 150 incendios al a\u00f1o\u201d, comparti\u00f3.\u00a0<\/span><span data-ccp-props=\"{&quot;335559731&quot;:708}\">\u00a0<\/span><\/p>\n<p><span data-contrast=\"auto\">El investigador destac\u00f3\u00a0<\/span><span data-contrast=\"auto\">que<\/span><span data-contrast=\"auto\">,<\/span><span data-contrast=\"auto\">\u00a0si bien los incendios forestales han aumentado en los \u00faltimos a\u00f1os<\/span><span data-contrast=\"auto\">,<\/span><span data-contrast=\"auto\">\u00a0sus efectos son menos severos gracias a las actividades que se realizan para controlarlos, aunque ello difiere seg\u00fan la regi\u00f3n del pa\u00eds.\u00a0<\/span><span data-ccp-props=\"{&quot;335559731&quot;:708}\">\u00a0<\/span><\/p>\n<p><span data-contrast=\"auto\">Puso como ejemplo a\u00a0<\/span><span data-contrast=\"auto\">estados como Chihuahua y Durango<\/span><span data-contrast=\"auto\">,<\/span><span data-contrast=\"auto\">\u00a0que tienen grandes extensiones destinadas a la producci\u00f3n de madera comercial,\u00a0<\/span><span data-contrast=\"auto\">cuentan con una enorme infraestructura para combatir los incendios forestales, ya que el bosque les provee una ganancia\u00a0<\/span><span data-contrast=\"auto\">econ\u00f3mica<\/span><span data-contrast=\"auto\">\u00a0y si se quema, pierden dinero.<\/span><\/p>\n<div id=\"attachment_91909\" style=\"width: 732px\" class=\"wp-caption aligncenter\"><a href=\"https:\/\/www.uv.mx\/prensa\/files\/2020\/12\/171220-CARLOS-Incendios-Forestales-2-100k.jpg\"><img aria-describedby=\"caption-attachment-91909\" decoding=\"async\" loading=\"lazy\" class=\"size-full wp-image-91909\" src=\"https:\/\/www.uv.mx\/prensa\/files\/2020\/12\/171220-CARLOS-Incendios-Forestales-2-100k.jpg\" alt=\"Christian\u202fAlejandro Delf\u00edn Alfonso \" width=\"722\" height=\"511\" srcset=\"https:\/\/www.uv.mx\/prensa\/files\/2020\/12\/171220-CARLOS-Incendios-Forestales-2-100k.jpg 722w, https:\/\/www.uv.mx\/prensa\/files\/2020\/12\/171220-CARLOS-Incendios-Forestales-2-100k-300x212.jpg 300w\" sizes=\"(max-width: 722px) 100vw, 722px\" \/><\/a><p id=\"caption-attachment-91909\" class=\"wp-caption-text\">Christian\u202fAlejandro Delf\u00edn Alfonso<\/p><\/div>\n<p><span data-contrast=\"auto\">L<\/span><span data-contrast=\"auto\">o<\/span><span data-contrast=\"auto\">s<\/span><span data-contrast=\"auto\">\u00a0habitantes de localidades\u00a0<\/span><span data-contrast=\"auto\">aleda\u00f1as a los bosques son actores importantes en el combate a los incendios forestales, y mencion\u00f3 que incluso en algunas poblaciones cuentan con brigadas comunitarias que\u00a0<\/span><span data-contrast=\"auto\">s<\/span><span data-contrast=\"auto\">e dedican a esta labor.\u00a0<\/span><span data-ccp-props=\"{&quot;335559731&quot;:708}\">\u00a0<\/span><\/p>\n<p><span data-contrast=\"auto\">E<\/span><span data-contrast=\"auto\">l control de incendios forestales es una actividad pesada<\/span><span data-contrast=\"auto\">,<\/span><span data-contrast=\"auto\">\u00a0pero sobre todo muy peligrosa, por lo\u00a0<\/span><span data-contrast=\"auto\">que es fundamental que las personas que apoyan\u00a0<\/span><span data-contrast=\"auto\">en ello<\/span><span data-contrast=\"auto\">\u00a0<\/span><span data-contrast=\"auto\">se encuentren debidamente capacitadas por dependencias<\/span><span data-contrast=\"auto\">,<\/span><span data-contrast=\"auto\">\u00a0<\/span><span data-contrast=\"auto\">entre las que est\u00e1n<\/span><span data-contrast=\"auto\">\u00a0la Comisi\u00f3n Nacional Forestal, en temas como la creaci\u00f3n de brechas cortafuegos.<\/span><span data-ccp-props=\"{&quot;335559731&quot;:708}\">\u00a0<\/span><\/p>\n<p><span data-contrast=\"auto\">\u201cEl comportamiento del fuego es muy impredecible, por lo que es indispensable tener gran experiencia en el tema\u201d, manifest\u00f3.<\/span><span data-ccp-props=\"{&quot;335559731&quot;:708}\">\u00a0<\/span><\/p>\n<p><span data-contrast=\"auto\">Mu\u00f1oz Robles explic\u00f3 que el fuego por s<\/span><span data-contrast=\"auto\">\u00ed<\/span><span data-contrast=\"auto\">\u00a0solo es un elemento natural necesario para los ecosistemas, por lo que no se le debe ver como algo negativo<\/span><span data-contrast=\"auto\">,\u00a0<\/span><span data-contrast=\"auto\">aunque es un factor de perturbaci\u00f3n\u00a0<\/span><span data-contrast=\"auto\">cumple con un rol espec\u00edfico.\u00a0<\/span><span data-ccp-props=\"{&quot;335559731&quot;:708}\">\u00a0<\/span><\/p>\n<p><span data-contrast=\"auto\">\u201cEn ocasiones si se evita que ocurran peque\u00f1os incendios se acumula el combustible y materia seca, lo que a la larga produce incendios de gran intensidad que son dif\u00edciles de parar\u201d, afirm\u00f3.\u00a0<\/span><span data-ccp-props=\"{&quot;335559731&quot;:708}\">\u00a0<\/span><\/p>\n<p><span data-contrast=\"auto\">Alejandro Delf\u00edn<\/span><span data-contrast=\"auto\">\u00a0manifest\u00f3 que en medio de la pandemia de Covid-19, el correcto uso de las\u00a0<\/span><span data-contrast=\"auto\">t<\/span><span data-contrast=\"auto\">ecnolog\u00edas de la\u00a0<\/span><span data-contrast=\"auto\">i<\/span><span data-contrast=\"auto\">nformaci\u00f3n y\u00a0<\/span><span data-contrast=\"auto\">l<\/span><span data-contrast=\"auto\">a\u00a0<\/span><span data-contrast=\"auto\">c<\/span><span data-contrast=\"auto\">omunicaci\u00f3n ha brindado la oportunidad de tener acercamientos entre acad\u00e9micos de distintas instituciones de educaci\u00f3n superior.<\/span><span data-ccp-props=\"{&quot;335559731&quot;:708}\">\u00a0<\/span><\/p>\n<p><span data-contrast=\"auto\">Asegur\u00f3 que es importante\u00a0<\/span><span data-contrast=\"auto\">fomentar<\/span><span data-contrast=\"auto\">\u00a0la relaci\u00f3n entre docentes de distintas universidades, ya que ello repercute positivamente en la formaci\u00f3n de los estudiantes.\u00a0<\/span><span data-ccp-props=\"{&quot;335559731&quot;:708}\">\u00a0<\/span><\/p>\n","protected":false},"excerpt":{"rendered":"<p>El incremento de estos eventos en los \u00faltimos a\u00f1os obedece a diversos factores, entre los que se encuentra la modificaci\u00f3n del clima <\/p>\n","protected":false},"author":1775,"featured_media":91908,"comment_status":"closed","ping_status":"closed","sticky":false,"template":"","format":"standard","meta":[],"categories":[1],"tags":[1149,1150,984,591,559,1147,777,482,1146,1148,454],"_links":{"self":[{"href":"https:\/\/www.uv.mx\/prensa\/wp-json\/wp\/v2\/posts\/91907"}],"collection":[{"href":"https:\/\/www.uv.mx\/prensa\/wp-json\/wp\/v2\/posts"}],"about":[{"href":"https:\/\/www.uv.mx\/prensa\/wp-json\/wp\/v2\/types\/post"}],"author":[{"embeddable":true,"href":"https:\/\/www.uv.mx\/prensa\/wp-json\/wp\/v2\/users\/1775"}],"replies":[{"embeddable":true,"href":"https:\/\/www.uv.mx\/prensa\/wp-json\/wp\/v2\/comments?post=91907"}],"version-history":[{"count":1,"href":"https:\/\/www.uv.mx\/prensa\/wp-json\/wp\/v2\/posts\/91907\/revisions"}],"predecessor-version":[{"id":92073,"href":"https:\/\/www.uv.mx\/prensa\/wp-json\/wp\/v2\/posts\/91907\/revisions\/92073"}],"wp:featuredmedia":[{"embeddable":true,"href":"https:\/\/www.uv.mx\/prensa\/wp-json\/wp\/v2\/media\/91908"}],"wp:attachment":[{"href":"https:\/\/www.uv.mx\/prensa\/wp-json\/wp\/v2\/media?parent=91907"}],"wp:term":[{"taxonomy":"category","embeddable":true,"href":"https:\/\/www.uv.mx\/prensa\/wp-json\/wp\/v2\/categories?post=91907"},{"taxonomy":"post_tag","embeddable":true,"href":"https:\/\/www.uv.mx\/prensa\/wp-json\/wp\/v2\/tags?post=91907"}],"curies":[{"name":"wp","href":"https:\/\/api.w.org\/{rel}","templated":true}]}}