{"id":91952,"date":"2020-12-19T08:00:31","date_gmt":"2020-12-19T14:00:31","guid":{"rendered":"https:\/\/www.uv.mx\/prensa\/?p=91952"},"modified":"2021-01-08T11:49:00","modified_gmt":"2021-01-08T17:49:00","slug":"fcq-entrego-notas-laudatorias-a-184-estudiantes","status":"publish","type":"post","link":"https:\/\/www.uv.mx\/prensa\/banner\/fcq-entrego-notas-laudatorias-a-184-estudiantes\/","title":{"rendered":"FCQ entreg\u00f3 notas laudatorias a 184 estudiantes"},"content":{"rendered":"<ul>\n<li data-leveltext=\"\uf0b7\" data-font=\"Symbol\" data-listid=\"1\" data-aria-posinset=\"1\" data-aria-level=\"1\"><i><span data-contrast=\"auto\">Se entregaron 123 reconocimientos a Ingenier\u00eda Qu\u00edmica<\/span><\/i><i><span data-contrast=\"auto\">,<\/span><\/i><i><span data-contrast=\"auto\">\u00a033<\/span><\/i><i><span data-contrast=\"auto\">\u00a0a<\/span><\/i><i><span data-contrast=\"auto\">\u00a0<\/span><\/i><i><span data-contrast=\"auto\">Ingenier\u00eda Ambiental<\/span><\/i><i><span data-contrast=\"auto\">\u00a0y\u00a0<\/span><\/i><i><span data-contrast=\"auto\">2<\/span><\/i><i><span data-contrast=\"auto\">8<\/span><\/i><i><span data-contrast=\"auto\">\u00a0a<\/span><\/i><i><span data-contrast=\"auto\">\u00a0Ingenier\u00eda\u00a0<\/span><\/i><i><span data-contrast=\"auto\">en Alimentos<\/span><\/i><span data-ccp-props=\"{&quot;134233279&quot;:true,&quot;201341983&quot;:0,&quot;335559739&quot;:160,&quot;335559740&quot;:240}\">\u00a0<\/span><\/li>\n<li data-leveltext=\"\uf0b7\" data-font=\"Symbol\" data-listid=\"1\" data-aria-posinset=\"2\" data-aria-level=\"1\"><i><span data-contrast=\"auto\">Liliana Dom\u00ednguez Ca\u00f1edo, directora de la FCQ, les record\u00f3 que pertenecen a un programa de calidad validado por<\/span><\/i><i><span data-contrast=\"auto\">\u00a0el<\/span><\/i><i><span data-contrast=\"auto\">\u00a0<\/span><\/i><span data-contrast=\"auto\">Cacei<\/span><span data-ccp-props=\"{&quot;134233279&quot;:true,&quot;201341983&quot;:0,&quot;335559739&quot;:160,&quot;335559740&quot;:240}\">\u00a0<\/span><\/li>\n<\/ul>\n<p><span data-ccp-props=\"{&quot;201341983&quot;:0,&quot;335559739&quot;:160,&quot;335559740&quot;:240}\">\u00a0<\/span><\/p>\n<div id=\"attachment_91953\" style=\"width: 732px\" class=\"wp-caption aligncenter\"><a href=\"https:\/\/www.uv.mx\/prensa\/files\/2020\/12\/171220-NOTAS-LAUDATORIAS-FCQ-1-100k.jpg\"><img aria-describedby=\"caption-attachment-91953\" decoding=\"async\" loading=\"lazy\" class=\"size-full wp-image-91953\" src=\"https:\/\/www.uv.mx\/prensa\/files\/2020\/12\/171220-NOTAS-LAUDATORIAS-FCQ-1-100k.jpg\" alt=\"La FCQ entreg\u00f3 notas laudatorias a los alumnos con mejor nivel de aprovechamiento \" width=\"722\" height=\"382\" srcset=\"https:\/\/www.uv.mx\/prensa\/files\/2020\/12\/171220-NOTAS-LAUDATORIAS-FCQ-1-100k.jpg 722w, https:\/\/www.uv.mx\/prensa\/files\/2020\/12\/171220-NOTAS-LAUDATORIAS-FCQ-1-100k-300x159.jpg 300w\" sizes=\"(max-width: 722px) 100vw, 722px\" \/><\/a><p id=\"caption-attachment-91953\" class=\"wp-caption-text\">La FCQ entreg\u00f3 notas laudatorias a los alumnos con mejor nivel de aprovechamiento<\/p><\/div>\n<p>&nbsp;<\/p>\n<p><b><i><span data-contrast=\"auto\">Claudia Peralta V\u00e1zquez<\/span><\/i><\/b><\/p>\n<p><b><i><span data-contrast=\"auto\">1<\/span><\/i><\/b><b><i><span data-contrast=\"auto\">9<\/span><\/i><\/b><b><i><span data-contrast=\"auto\">\/12\/20<\/span><\/i><\/b><b><i><span data-contrast=\"auto\">20<\/span><\/i><\/b><b><i><span data-contrast=\"auto\">, Xalapa,\u00a0<\/span><\/i><\/b><b><i><span data-contrast=\"auto\">Ver.-<\/span><\/i><\/b><b><i><span data-contrast=\"auto\">\u00a0<\/span><\/i><\/b><span data-contrast=\"auto\">La <a href=\"https:\/\/www.uv.mx\/cq\/\" target=\"_blank\" rel=\"noopener\">Facultad de Ciencias Qu\u00edmicas\u00a0<\/a><\/span><span data-contrast=\"auto\">(FCQ)\u00a0<\/span><span data-contrast=\"auto\">de la Universidad Veracruzana (UV) reconoci\u00f3 el desempe\u00f1o<\/span><span data-contrast=\"auto\">,<\/span><span data-contrast=\"auto\">\u00a0esfuerzo<\/span><span data-contrast=\"auto\">\u00a0y trabajo constante<\/span><span data-contrast=\"auto\">\u00a0de<\/span><span data-contrast=\"auto\">\u00a0sus\u00a0<\/span><span data-contrast=\"auto\">estudiantes<\/span><span data-contrast=\"auto\">\u00a0que lograron un\u00a0<\/span><span data-contrast=\"auto\">alto\u00a0<\/span><span data-contrast=\"auto\">nivel de\u00a0<\/span><span data-contrast=\"auto\">aprovechamiento<\/span><span data-contrast=\"auto\">\u00a0durante el periodo<\/span><span data-contrast=\"auto\">\u00a0F<\/span><span data-contrast=\"auto\">ebrero-<\/span><span data-contrast=\"auto\">J<\/span><span data-contrast=\"auto\">ulio 2020,\u00a0<\/span><span data-contrast=\"auto\">mediante\u00a0<\/span><span data-contrast=\"auto\">la entrega de notas laudatorias.<\/span><span data-ccp-props=\"{&quot;201341983&quot;:0,&quot;335559739&quot;:160,&quot;335559740&quot;:240}\">\u00a0<\/span><\/p>\n<p><span data-contrast=\"auto\">A trav\u00e9s de una<\/span><span data-contrast=\"auto\">\u00a0ceremonia virtual\u00a0<\/span><span data-contrast=\"auto\">realizada el<\/span><span data-contrast=\"auto\">\u00a0lunes 14 de diciembre\u00a0<\/span><span data-contrast=\"auto\">por medio de<\/span><span data-contrast=\"auto\">\u00a0<\/span><i><span data-contrast=\"auto\">Zoom<\/span><\/i><span data-contrast=\"auto\">, 184 alumnos recibieron esta distinci\u00f3<\/span><span data-contrast=\"auto\">n<\/span><span data-contrast=\"auto\">:<\/span><span data-contrast=\"auto\">\u00a0123 de Ingenier\u00eda Qu\u00edmica, 33 de Ingenier\u00eda Ambiental y\u00a0<\/span><span data-contrast=\"auto\">2<\/span><span data-contrast=\"auto\">8 de Ingenier\u00eda\u00a0<\/span><span data-contrast=\"auto\">en<\/span><span data-contrast=\"auto\">\u00a0Alimentos.<\/span><\/p>\n<div id=\"attachment_91954\" style=\"width: 732px\" class=\"wp-caption aligncenter\"><a href=\"https:\/\/www.uv.mx\/prensa\/files\/2020\/12\/171220-NOTAS-LAUDATORIAS-FCQ-2-100k.jpg\"><img aria-describedby=\"caption-attachment-91954\" decoding=\"async\" loading=\"lazy\" class=\"size-full wp-image-91954\" src=\"https:\/\/www.uv.mx\/prensa\/files\/2020\/12\/171220-NOTAS-LAUDATORIAS-FCQ-2-100k.jpg\" alt=\"En total, 184 alumnos recibieron reconocimiento por su esfuerzo y dedicaci\u00f3n\" width=\"722\" height=\"381\" srcset=\"https:\/\/www.uv.mx\/prensa\/files\/2020\/12\/171220-NOTAS-LAUDATORIAS-FCQ-2-100k.jpg 722w, https:\/\/www.uv.mx\/prensa\/files\/2020\/12\/171220-NOTAS-LAUDATORIAS-FCQ-2-100k-300x158.jpg 300w\" sizes=\"(max-width: 722px) 100vw, 722px\" \/><\/a><p id=\"caption-attachment-91954\" class=\"wp-caption-text\">En total, 184 alumnos recibieron reconocimiento por su esfuerzo y dedicaci\u00f3n<\/p><\/div>\n<p><span data-contrast=\"auto\">Liliana Dom\u00ednguez Ca\u00f1edo, directora de la FCQ,\u00a0<\/span><span data-contrast=\"auto\">felicit\u00f3 a los j\u00f3venes que obtuvieron promedios<\/span><span data-contrast=\"auto\">\u00a0<\/span><span data-contrast=\"auto\">por arriba de 9<\/span><span data-contrast=\"auto\">\u00a0en cada uno de los PE ofertados por esta entidad acad\u00e9mica, sobre todo en una etapa complicada<\/span><span data-contrast=\"auto\">\u00a0para la humanidad<\/span><span data-contrast=\"auto\">\u00a0a ra\u00edz de la actual pandemia.<\/span><span data-ccp-props=\"{&quot;201341983&quot;:0,&quot;335559739&quot;:160,&quot;335559740&quot;:240}\">\u00a0<\/span><\/p>\n<p><span data-contrast=\"auto\">\u201cMe da mucho gusto tener aqu\u00ed a\u00a0<\/span><span data-contrast=\"auto\">quienes<\/span><span data-contrast=\"auto\">\u00a0han optado por ser los mejores\u201d, expres\u00f3.<\/span><\/p>\n<div id=\"attachment_91955\" style=\"width: 732px\" class=\"wp-caption aligncenter\"><a href=\"https:\/\/www.uv.mx\/prensa\/files\/2020\/12\/171220-NOTAS-LAUDATORIAS-FCQ-3-100k.jpg\"><img aria-describedby=\"caption-attachment-91955\" decoding=\"async\" loading=\"lazy\" class=\"size-full wp-image-91955\" src=\"https:\/\/www.uv.mx\/prensa\/files\/2020\/12\/171220-NOTAS-LAUDATORIAS-FCQ-3-100k.jpg\" alt=\"Los universitarios pertenecen a las carreras de Ingenier\u00eda Qu\u00edmica, Ingenier\u00eda Ambiental e Ingenier\u00eda en Alimentos \" width=\"722\" height=\"383\" srcset=\"https:\/\/www.uv.mx\/prensa\/files\/2020\/12\/171220-NOTAS-LAUDATORIAS-FCQ-3-100k.jpg 722w, https:\/\/www.uv.mx\/prensa\/files\/2020\/12\/171220-NOTAS-LAUDATORIAS-FCQ-3-100k-300x159.jpg 300w\" sizes=\"(max-width: 722px) 100vw, 722px\" \/><\/a><p id=\"caption-attachment-91955\" class=\"wp-caption-text\">Los universitarios pertenecen a las carreras de Ingenier\u00eda Qu\u00edmica, Ingenier\u00eda Ambiental e Ingenier\u00eda en Alimentos<\/p><\/div>\n<p><span data-contrast=\"auto\">Dio a conocer que cada a\u00f1o ingresan a la FCQ alrededor de 110 alumnos de\u00a0<\/span><span data-contrast=\"auto\">Ingenier\u00eda Qu\u00edmica<\/span><span data-contrast=\"auto\">, 50 de Ingenier\u00eda Ambiental y 40 de Ingenier\u00eda en Alimentos, mientras que cada semestre la matr\u00edcula de alumnos es de alrededor de 840.<\/span><span data-ccp-props=\"{&quot;201341983&quot;:0,&quot;335559731&quot;:708,&quot;335559739&quot;:160,&quot;335559740&quot;:240}\">\u00a0<\/span><\/p>\n<p><span data-contrast=\"auto\">\u201cDe esa cantidad, 184 tienen promedio de 9 en adelante<\/span><span data-contrast=\"auto\">;<\/span><span data-contrast=\"auto\">\u00a0es un\u00a0<\/span><span data-contrast=\"auto\">gran\u00a0<\/span><span data-contrast=\"auto\">reto<\/span><span data-contrast=\"auto\">,<\/span><span data-contrast=\"auto\">\u00a0sobre todo<\/span><span data-contrast=\"auto\">\u00a0para\u00a0<\/span><span data-contrast=\"auto\">quienes<\/span><span data-contrast=\"auto\">\u00a0<\/span><span data-contrast=\"auto\">por primera vez la reciben, no se pueden\u00a0<\/span><span data-contrast=\"auto\">permitir bajar de calificaci\u00f3n.\u201d<\/span><span data-ccp-props=\"{&quot;201341983&quot;:0,&quot;335559739&quot;:160,&quot;335559740&quot;:240}\">\u00a0<\/span><\/p>\n<p><span data-contrast=\"auto\">Por ello, r<\/span><span data-contrast=\"auto\">econoci\u00f3 el desempe\u00f1o mostrado a la fecha, as\u00ed como las habilidades desarrolladas dentro de su formaci\u00f3n, principalmente<\/span><span data-contrast=\"auto\">,<\/span><span data-contrast=\"auto\">\u00a0<\/span><span data-contrast=\"auto\">de\u00a0<\/span><span data-contrast=\"auto\">actitud, destreza, iniciativa, curiosidad, motivaci\u00f3n e imaginaci\u00f3n<\/span><span data-contrast=\"auto\">.<\/span><span data-ccp-props=\"{&quot;201341983&quot;:0,&quot;335559731&quot;:708,&quot;335559739&quot;:160,&quot;335559740&quot;:240}\">\u00a0<\/span><\/p>\n<p><span data-contrast=\"auto\">Con relaci\u00f3n a lo anterior, subray\u00f3 la ventaja que tienen como universitarios\u00a0<\/span><span data-contrast=\"auto\">de\u00a0<\/span><span data-contrast=\"auto\">pertenecer a un\u00a0<\/span><span data-contrast=\"auto\">programa educativo<\/span><span data-contrast=\"auto\">\u00a0validado por el Consejo de Acreditaci\u00f3n de la Ense\u00f1anza de la Ingenier\u00eda<\/span><span data-contrast=\"auto\">,<\/span><span data-contrast=\"auto\">\u00a0A.C. (<\/span><i><span data-contrast=\"auto\">Cacei<\/span><\/i><span data-contrast=\"auto\">),<\/span><span data-contrast=\"auto\">\u00a0<\/span><span data-contrast=\"auto\">lo cual implica que las tres carreras\u00a0<\/span><span data-contrast=\"auto\">cumple<\/span><span data-contrast=\"auto\">n<\/span><span data-contrast=\"auto\">\u00a0con\u00a0<\/span><span data-contrast=\"auto\">altos\u00a0<\/span><span data-contrast=\"auto\">est\u00e1ndares<\/span><span data-contrast=\"auto\">\u00a0de calidad, con base en la normatividad impuesta por este organismo evaluador.<\/span><\/p>\n<div id=\"attachment_91956\" style=\"width: 732px\" class=\"wp-caption aligncenter\"><a href=\"https:\/\/www.uv.mx\/prensa\/files\/2020\/12\/171220-NOTAS-LAUDATORIAS-FCQ-4-100k.jpg\"><img aria-describedby=\"caption-attachment-91956\" decoding=\"async\" loading=\"lazy\" class=\"size-full wp-image-91956\" src=\"https:\/\/www.uv.mx\/prensa\/files\/2020\/12\/171220-NOTAS-LAUDATORIAS-FCQ-4-100k.jpg\" alt=\" Liliana Dom\u00ednguez Ca\u00f1edo los alent\u00f3 a mantener alto promedio en sus calificaciones \" width=\"722\" height=\"542\" srcset=\"https:\/\/www.uv.mx\/prensa\/files\/2020\/12\/171220-NOTAS-LAUDATORIAS-FCQ-4-100k.jpg 722w, https:\/\/www.uv.mx\/prensa\/files\/2020\/12\/171220-NOTAS-LAUDATORIAS-FCQ-4-100k-300x225.jpg 300w\" sizes=\"(max-width: 722px) 100vw, 722px\" \/><\/a><p id=\"caption-attachment-91956\" class=\"wp-caption-text\">Liliana Dom\u00ednguez Ca\u00f1edo los alent\u00f3 a mantener alto promedio en sus calificaciones<\/p><\/div>\n<p><span data-contrast=\"auto\">Asimismo, anunci\u00f3 que en 2021 iniciar\u00e1n el proceso de\u00a0<\/span><span data-contrast=\"auto\">reacreditaci\u00f3n<\/span><span data-contrast=\"auto\">, pues entre abril y mayo vence la vigencia con<\/span><span data-contrast=\"auto\">\u00a0el<\/span><span data-contrast=\"auto\">\u00a0<\/span><i><span data-contrast=\"auto\">Cacei<\/span><\/i><span data-contrast=\"auto\">.<\/span><span data-contrast=\"auto\">\u00a0<\/span><span data-contrast=\"auto\">\u201cEstamos trabajando muy fuerte para cumplir con los est\u00e1ndares\u00a0<\/span><span data-contrast=\"auto\">establecidos por<\/span><span data-contrast=\"auto\">\u00a0<\/span><span data-contrast=\"auto\">ese organismo<\/span><span data-contrast=\"auto\">\u00a0y ustedes puedan seguir amparados por una instituci\u00f3n perteneciente a un padr\u00f3n de calidad\u201d.<\/span><span data-ccp-props=\"{&quot;201341983&quot;:0,&quot;335559731&quot;:708,&quot;335559739&quot;:160,&quot;335559740&quot;:240}\">\u00a0<\/span><\/p>\n<p><span data-contrast=\"auto\">D<\/span><span data-contrast=\"auto\">ijo<\/span><span data-contrast=\"auto\">\u00a0que l<\/span><span data-contrast=\"auto\">a entrega de estas notas laudatorias es una de las grandes evidencias, significa que los estudiantes cada vez est\u00e1n mejor<\/span><span data-contrast=\"auto\">\u00a0preparados y han\u00a0<\/span><span data-contrast=\"auto\">adqui<\/span><span data-contrast=\"auto\">rido<\/span><span data-contrast=\"auto\">\u00a0los atributos requeridos por\u00a0<\/span><i><span data-contrast=\"auto\">Cacei<\/span><\/i><span data-contrast=\"auto\">,<\/span><span data-contrast=\"auto\">\u00a0que no s\u00f3<\/span><span data-contrast=\"auto\">lo es\u00a0<\/span><span data-contrast=\"auto\">dominar los<\/span><span data-contrast=\"auto\">\u00a0n\u00fameros<\/span><span data-contrast=\"auto\">,<\/span><span data-contrast=\"auto\">\u00a0sino ir m\u00e1s all\u00e1<\/span><span data-contrast=\"auto\">\u00a0en cuanto a<\/span><span data-contrast=\"auto\">l desarrollo de<\/span><span data-contrast=\"auto\">l<\/span><span data-contrast=\"auto\">\u00a0ingenio.<\/span><\/p>\n<div id=\"attachment_91957\" style=\"width: 732px\" class=\"wp-caption aligncenter\"><a href=\"https:\/\/www.uv.mx\/prensa\/files\/2020\/12\/171220-NOTAS-LAUDATORIAS-FCQ-5-100k.jpg\"><img aria-describedby=\"caption-attachment-91957\" decoding=\"async\" loading=\"lazy\" class=\"size-full wp-image-91957\" src=\"https:\/\/www.uv.mx\/prensa\/files\/2020\/12\/171220-NOTAS-LAUDATORIAS-FCQ-5-100k.jpg\" alt=\"Betzab\u00e9 Mora Murrieta dijo que este esfuerzo es m\u00e1s loable ante la situaci\u00f3n de pandemia que se vive \" width=\"722\" height=\"542\" srcset=\"https:\/\/www.uv.mx\/prensa\/files\/2020\/12\/171220-NOTAS-LAUDATORIAS-FCQ-5-100k.jpg 722w, https:\/\/www.uv.mx\/prensa\/files\/2020\/12\/171220-NOTAS-LAUDATORIAS-FCQ-5-100k-300x225.jpg 300w\" sizes=\"(max-width: 722px) 100vw, 722px\" \/><\/a><p id=\"caption-attachment-91957\" class=\"wp-caption-text\">Betzab\u00e9 Mora Murrieta dijo que este esfuerzo es m\u00e1s loable ante la situaci\u00f3n de pandemia que se vive<\/p><\/div>\n<p><span data-contrast=\"auto\">Dom\u00ednguez Ca\u00f1edo\u00a0<\/span><span data-contrast=\"auto\">tambi\u00e9n llam\u00f3\u00a0<\/span><span data-contrast=\"auto\">a los estudiantes\u00a0<\/span><span data-contrast=\"auto\">a reflexionar en cuanto al apoyo que les brindan sus familias, o a quienes realicen la labor de impulsarlos y motivarlos<\/span><span data-contrast=\"auto\">\u00a0en este camino.<\/span><span data-contrast=\"auto\">\u00a0<\/span><span data-contrast=\"auto\">\u201cBien pueden ser sus padres, hermanos o ustedes mismos, pues\u00a0<\/span><span data-contrast=\"auto\">existen\u00a0<\/span><span data-contrast=\"auto\">casos notables de j\u00f3venes que\u00a0<\/span><span data-contrast=\"auto\">terminan<\/span><span data-contrast=\"auto\">\u00a0la carrera por s\u00ed solos, lleven el promedio que sea, merecen un reconocimiento<\/span><span data-contrast=\"auto\">\u201d.<\/span><span data-ccp-props=\"{&quot;201341983&quot;:0,&quot;335559739&quot;:160,&quot;335559740&quot;:240}\">\u00a0<\/span><\/p>\n<p><span data-contrast=\"auto\">Por su parte,\u00a0<\/span><span data-contrast=\"auto\">Betzab\u00e9<\/span><span data-contrast=\"auto\">\u00a0Mora Murrieta, secretaria de la FCQ,\u00a0<\/span><span data-contrast=\"auto\">recon<\/span><span data-contrast=\"auto\">oci\u00f3 el esfuerzo de los j\u00f3venes<\/span><span data-contrast=\"auto\">\u00a0y subray\u00f3\u00a0<\/span><span data-contrast=\"auto\">lo loable que es<\/span><span data-contrast=\"auto\">\u00a0lograr un buen promedio bajo circunstancias\u00a0<\/span><span data-contrast=\"auto\">dif\u00edciles<\/span><span data-contrast=\"auto\">, en el plano\u00a0<\/span><span data-contrast=\"auto\">familia<\/span><span data-contrast=\"auto\">r<\/span><span data-contrast=\"auto\">, econ\u00f3mi<\/span><span data-contrast=\"auto\">co<\/span><span data-contrast=\"auto\">, de salud<\/span><span data-contrast=\"auto\">\u00a0y emocional.<\/span><span data-ccp-props=\"{&quot;201341983&quot;:0,&quot;335559731&quot;:708,&quot;335559739&quot;:160,&quot;335559740&quot;:240}\">\u00a0<\/span><\/p>\n","protected":false},"excerpt":{"rendered":"<p>Se entregaron 123 reconocimientos a Ingenier\u00eda Qu\u00edmica, 33 a Ingenier\u00eda Ambiental y 28 a Ingenier\u00eda en Alimentos <\/p>\n","protected":false},"author":1775,"featured_media":91958,"comment_status":"closed","ping_status":"closed","sticky":false,"template":"","format":"standard","meta":[],"categories":[61],"tags":[559,198,165,1163,1164,1162,873],"_links":{"self":[{"href":"https:\/\/www.uv.mx\/prensa\/wp-json\/wp\/v2\/posts\/91952"}],"collection":[{"href":"https:\/\/www.uv.mx\/prensa\/wp-json\/wp\/v2\/posts"}],"about":[{"href":"https:\/\/www.uv.mx\/prensa\/wp-json\/wp\/v2\/types\/post"}],"author":[{"embeddable":true,"href":"https:\/\/www.uv.mx\/prensa\/wp-json\/wp\/v2\/users\/1775"}],"replies":[{"embeddable":true,"href":"https:\/\/www.uv.mx\/prensa\/wp-json\/wp\/v2\/comments?post=91952"}],"version-history":[{"count":1,"href":"https:\/\/www.uv.mx\/prensa\/wp-json\/wp\/v2\/posts\/91952\/revisions"}],"predecessor-version":[{"id":92081,"href":"https:\/\/www.uv.mx\/prensa\/wp-json\/wp\/v2\/posts\/91952\/revisions\/92081"}],"wp:featuredmedia":[{"embeddable":true,"href":"https:\/\/www.uv.mx\/prensa\/wp-json\/wp\/v2\/media\/91958"}],"wp:attachment":[{"href":"https:\/\/www.uv.mx\/prensa\/wp-json\/wp\/v2\/media?parent=91952"}],"wp:term":[{"taxonomy":"category","embeddable":true,"href":"https:\/\/www.uv.mx\/prensa\/wp-json\/wp\/v2\/categories?post=91952"},{"taxonomy":"post_tag","embeddable":true,"href":"https:\/\/www.uv.mx\/prensa\/wp-json\/wp\/v2\/tags?post=91952"}],"curies":[{"name":"wp","href":"https:\/\/api.w.org\/{rel}","templated":true}]}}