{"id":91960,"date":"2020-12-29T08:00:15","date_gmt":"2020-12-29T14:00:15","guid":{"rendered":"https:\/\/www.uv.mx\/prensa\/?p=91960"},"modified":"2021-01-07T11:44:42","modified_gmt":"2021-01-07T17:44:42","slug":"necesario-capitalizar-lo-hecho-durante-la-pandemia-alfredo-escobar","status":"publish","type":"post","link":"https:\/\/www.uv.mx\/prensa\/entrevista\/necesario-capitalizar-lo-hecho-durante-la-pandemia-alfredo-escobar\/","title":{"rendered":"Necesario capitalizar lo hecho durante la pandemia: Alfredo Escobar"},"content":{"rendered":"<ul style=\"font-weight: 400\">\n<li data-leveltext=\"\uf0b7\" data-font=\"Symbol\" data-listid=\"1\" data-aria-posinset=\"1\" data-aria-level=\"1\"><i><span data-contrast=\"auto\">\u201cGrandes m\u00fasicos como\u00a0<\/span><\/i><i><span data-contrast=\"auto\">Karajan<\/span><\/i><i><span data-contrast=\"auto\">\u00a0inmortalizaron su trabajo mediante videos, labor q<\/span><\/i><i><span data-contrast=\"auto\">ue no debemos perder de vista\u201d<\/span><\/i><span data-ccp-props=\"{&quot;134233279&quot;:true}\">\u00a0<\/span><\/li>\n<li data-leveltext=\"\uf0b7\" data-font=\"Symbol\" data-listid=\"1\" data-aria-posinset=\"2\" data-aria-level=\"1\"><i><span data-contrast=\"auto\">Con\u00a0<\/span><\/i><i><span data-contrast=\"auto\">36<\/span><\/i><i><span data-contrast=\"auto\">\u00a0a\u00f1os como chelista en la OSX, es un convencido de que\u00a0<\/span><\/i><i><span data-contrast=\"auto\">vendr\u00e1n tiempos mejores<\/span><\/i><span data-ccp-props=\"{&quot;134233279&quot;:true}\">\u00a0<\/span><\/li>\n<\/ul>\n<p>&nbsp;<\/p>\n<div id=\"attachment_91961\" style=\"width: 732px\" class=\"wp-caption aligncenter\"><a href=\"https:\/\/www.uv.mx\/prensa\/files\/2020\/12\/291220-Alfredo-Escobar-OSX-1-100k.jpg\"><img aria-describedby=\"caption-attachment-91961\" decoding=\"async\" loading=\"lazy\" class=\"wp-image-91961 size-full\" src=\"https:\/\/www.uv.mx\/prensa\/files\/2020\/12\/291220-Alfredo-Escobar-OSX-1-100k.jpg\" alt=\"Desde 1981, Alfredo Escobar Moreno es parte de la actividad musical de la Universidad Veracruzana \" width=\"722\" height=\"481\" srcset=\"https:\/\/www.uv.mx\/prensa\/files\/2020\/12\/291220-Alfredo-Escobar-OSX-1-100k.jpg 722w, https:\/\/www.uv.mx\/prensa\/files\/2020\/12\/291220-Alfredo-Escobar-OSX-1-100k-300x200.jpg 300w\" sizes=\"(max-width: 722px) 100vw, 722px\" \/><\/a><p id=\"caption-attachment-91961\" class=\"wp-caption-text\">Desde 1981, Alfredo Escobar Moreno es parte de la actividad musical de la Universidad Veracruzana<\/p><\/div>\n<p>&nbsp;<\/p>\n<p><b><i><span data-contrast=\"auto\">Jorge V\u00e1zquez Pacheco<\/span><\/i><\/b><span data-ccp-props=\"{&quot;134233279&quot;:true,&quot;335559685&quot;:720}\">\u00a0<\/span><\/p>\n<p><b><i><span data-contrast=\"auto\">29<\/span><\/i><\/b><b><i><span data-contrast=\"auto\">\/<\/span><\/i><\/b><b><i><span data-contrast=\"auto\">1<\/span><\/i><\/b><b><i><span data-contrast=\"auto\">2<\/span><\/i><\/b><b><i><span data-contrast=\"auto\">\/2020<\/span><\/i><\/b><b><i><span data-contrast=\"auto\">,<\/span><\/i><\/b><b><i><span data-contrast=\"auto\">\u00a0<\/span><\/i><\/b><b><i><span data-contrast=\"auto\">Xalapa,\u00a0<\/span><\/i><\/b><b><i><span data-contrast=\"auto\">Ver<\/span><\/i><\/b><b><i><span data-contrast=\"auto\">.<\/span><\/i><\/b><b><span data-contrast=\"auto\">&#8211;<\/span><\/b><span data-contrast=\"auto\">\u00a0<\/span><span data-contrast=\"auto\">Alfredo Escobar\u00a0<\/span><span data-contrast=\"auto\">Moreno, violonchelista de fila en la <a href=\"https:\/\/www.orquestasinfonicadexalapa.com\/\" target=\"_blank\" rel=\"noopener\">Orquesta Sinf\u00f3nica de Xalapa<\/a><\/span><span data-contrast=\"auto\">\u00a0(OSX)\u00a0<\/span><span data-contrast=\"auto\">desde\u00a0<\/span><span data-contrast=\"auto\">hace 36\u00a0<\/span><span data-contrast=\"auto\">a\u00f1os, almacena en su mente una serie de experiencias que le relaciona de muchas formas con\u00a0<\/span><span data-contrast=\"auto\">diversos\u00a0<\/span><span data-contrast=\"auto\">personajes emblem\u00e1ticos en la historia del organismo.<\/span><span data-ccp-props=\"{&quot;134233279&quot;:true,&quot;335559685&quot;:720}\">\u00a0<\/span><\/p>\n<p><span data-contrast=\"auto\">En medio de lo mismo, lamenta la p\u00e9rdida de algunos de sus compa\u00f1eros de fila<\/span><span data-contrast=\"auto\">,\u00a0<\/span><span data-contrast=\"auto\">como Dale\u00a0Knight, ejecutante de figura caracter\u00edstica e indeclinable\u00a0<\/span><span data-contrast=\"auto\">entrega\u00a0<\/span><span data-contrast=\"auto\">que<\/span><span data-contrast=\"auto\">\u00a0\u201cse muri\u00f3 en la raya\u201d<\/span><span data-contrast=\"auto\">. Tambi\u00e9n\u00a0<\/span><span data-contrast=\"auto\">David\u00a0Nassidze, artista de procedencia georgiana<\/span><span data-contrast=\"auto\">\u00a0que fungi\u00f3 como primer violonchelo<\/span><span data-contrast=\"auto\">,\u00a0<\/span><span data-contrast=\"auto\">as\u00ed como\u00a0<\/span><span data-contrast=\"auto\">Estanislao Perfecto<\/span><span data-contrast=\"auto\">,<\/span><span data-contrast=\"auto\">\u00a0qu<\/span><span data-contrast=\"auto\">ien<\/span><span data-contrast=\"auto\">, a\u00fan joven y aparentemente sano<\/span><span data-contrast=\"auto\">, de forma\u00a0<\/span><span data-contrast=\"auto\">inexplicable dej\u00f3 de existir.<\/span><span data-ccp-props=\"{&quot;134233279&quot;:true,&quot;335559685&quot;:720}\">\u00a0<\/span><\/p>\n<p><span data-contrast=\"auto\">\u201c<\/span><span data-contrast=\"auto\">A Dale\u00a0<\/span><span data-contrast=\"auto\">Knight<\/span><span data-contrast=\"auto\">,\u00a0<\/span><span data-contrast=\"auto\">s<\/span><span data-contrast=\"auto\">u cari\u00f1o y entrega le condujeron a trabajar\u00a0<\/span><span data-contrast=\"auto\">a\u00fan\u00a0<\/span><span data-contrast=\"auto\">con auxilio de un tanque de ox\u00edgeno<\/span><span data-contrast=\"auto\">\u00a0y sabemos\u00a0<\/span><span data-contrast=\"auto\">que poc<\/span><span data-contrast=\"auto\">as horas\u00a0<\/span><span data-contrast=\"auto\">antes de\u00a0<\/span><span data-contrast=\"auto\">fallecer\u00a0<\/span><span data-contrast=\"auto\">impart\u00eda clase<\/span><span data-contrast=\"auto\">s<\/span><span data-contrast=\"auto\">.\u00a0<\/span><span data-contrast=\"auto\">Por lo que corresponde a\u00a0<\/span><span data-contrast=\"auto\">Nassidze<\/span><span data-contrast=\"auto\">,<\/span><span data-contrast=\"auto\">\u00a0<\/span><span data-contrast=\"auto\">quien muri\u00f3 de forma inesperada, fue\u00a0<\/span><span data-contrast=\"auto\">portador de una forja art\u00edstica t\u00edpicamente rusa\u00a0<\/span><span data-contrast=\"auto\">que lo establec\u00eda como un artista de alcances formidables<\/span><span data-contrast=\"auto\">\u201d<\/span><span data-contrast=\"auto\">, coment<\/span><span data-contrast=\"auto\">o<\/span><span data-contrast=\"auto\">\u00a0Escobar Moreno en entrevista v\u00eda\u00a0<\/span><i><span data-contrast=\"auto\">Zo<\/span><\/i><i><span data-contrast=\"auto\">o<\/span><\/i><i><span data-contrast=\"auto\">m<\/span><\/i><span data-contrast=\"auto\">.<\/span><\/p>\n<p><b><i><span data-contrast=\"auto\">\u00bfC\u00f3mo fue tu arribo a Xalapa\u00a0<\/span><\/i><\/b><b><i><span data-contrast=\"auto\">y a la Universidad Veracruzana?<\/span><\/i><\/b><span data-ccp-props=\"{&quot;134233279&quot;:true,&quot;335559685&quot;:720}\"><br \/>\n<\/span><span data-contrast=\"auto\">Soy originario de la capital de la Rep\u00fablica y mi formaci\u00f3n<\/span><span data-contrast=\"auto\">\u00a0art\u00edstica<\/span><span data-contrast=\"auto\">\u00a0se dio en el Conservatorio Nacional con Leopoldo T\u00e9llez,\u00a0Imre\u00a0Hartman y V\u00edctor Manuel Cort\u00e9s<\/span><span data-contrast=\"auto\">.<\/span><span data-contrast=\"auto\">\u00a0Tambi\u00e9n estudi\u00e9 en la Escuela Vida y Movimiento con varios maestros de procedencia rusa.\u00a0<\/span><span data-contrast=\"auto\">L<\/span><span data-contrast=\"auto\">legu\u00e9<\/span><span data-contrast=\"auto\">\u00a0<\/span><span data-contrast=\"auto\">a Xalapa\u00a0<\/span><span data-contrast=\"auto\">en 1981\u00a0<\/span><span data-contrast=\"auto\">por consejo de Salom\u00f3n\u00a0Xique\u00a0<\/span><span data-contrast=\"auto\">\u2013<\/span><span data-contrast=\"auto\">a la saz\u00f3n, jefe de personal en la Sinf\u00f3n<\/span><span data-contrast=\"auto\">ica\u00a0<\/span><span data-contrast=\"auto\">del Estado de M\u00e9xico<\/span><span data-contrast=\"auto\">\u2013<\/span><span data-contrast=\"auto\">, quien me\u00a0<\/span><span data-contrast=\"auto\">com<\/span><span data-contrast=\"auto\">unic\u00f3 la posibilidad de concursar para ingreso<\/span><span data-contrast=\"auto\">\u00a0<\/span><span data-contrast=\"auto\">a la O<\/span><span data-contrast=\"auto\">rquesta Universitaria de M\u00fasica Popular (OUMP)<\/span><span data-contrast=\"auto\">. Tres a\u00f1os m\u00e1s tarde concurs\u00e9 para una plaza en la OSX, tuve la fortuna de ganarla y desde entonces pertene<\/span><span data-contrast=\"auto\">zco a este magn\u00edfico organismo.<\/span><\/p>\n<p><b><i><span data-contrast=\"auto\">H<\/span><\/i><\/b><b><i><span data-contrast=\"auto\">a<\/span><\/i><\/b><b><i><span data-contrast=\"auto\">s\u00a0<\/span><\/i><\/b><b><i><span data-contrast=\"auto\">vivido\u00a0<\/span><\/i><\/b><b><i><span data-contrast=\"auto\">cerca<\/span><\/i><\/b><b><i><span data-contrast=\"auto\">namente<\/span><\/i><\/b><b><i><span data-contrast=\"auto\">\u00a0la\u00a0<\/span><\/i><\/b><b><i><span data-contrast=\"auto\">partida\u00a0<\/span><\/i><\/b><b><i><span data-contrast=\"auto\">de muchos compa\u00f1eros<\/span><\/i><\/b><b><span data-contrast=\"auto\">\u2026<\/span><\/b><span data-ccp-props=\"{&quot;134233279&quot;:true,&quot;335559685&quot;:720}\"><br \/>\n<\/span><span data-contrast=\"auto\">Ciert<\/span><span data-contrast=\"auto\">o<\/span><span data-contrast=\"auto\">, muchos\u00a0<\/span><span data-contrast=\"auto\">no eran parte de la fila de violonchelos,\u00a0<\/span><span data-contrast=\"auto\">pero todos integramos\u00a0<\/span><span data-contrast=\"auto\">una cofrad\u00eda<\/span><span data-contrast=\"auto\">\u00a0<\/span><span data-contrast=\"auto\">donde<\/span><span data-contrast=\"auto\">\u00a0comparti<\/span><span data-contrast=\"auto\">mos\u00a0<\/span><span data-contrast=\"auto\">vivencias\u00a0<\/span><span data-contrast=\"auto\">de todos los d\u00edas y todos los a\u00f1os.<\/span><span data-contrast=\"auto\">\u00a0<\/span><span data-contrast=\"auto\">El que\u00a0<\/span><span data-contrast=\"auto\">m\u00e1s viene a\u00a0<\/span><span data-contrast=\"auto\">mi\u00a0<\/span><span data-contrast=\"auto\">mente<\/span><span data-contrast=\"auto\">\u00a0es\u00a0<\/span><span data-contrast=\"auto\">Ernesto\u00a0<\/span><span data-contrast=\"auto\">Mart\u00ednez,\u00a0<\/span><span data-contrast=\"auto\">a<\/span><span data-contrast=\"auto\">migo de todos, jovial, muy talentoso y excelente ser humano,\u00a0<\/span><span data-contrast=\"auto\">a quien no le gustaba que le dijeran\u00a0<\/span><span data-contrast=\"auto\">maestro<\/span><span data-contrast=\"auto\">,<\/span><span data-contrast=\"auto\">\u00a0<\/span><span data-contrast=\"auto\">me dec\u00eda \u201c<\/span><span data-contrast=\"auto\">yo soy\u00a0<\/span><span data-contrast=\"auto\">Ping\u00fci<\/span><span data-contrast=\"auto\">\u00a0y s\u00f3lo ll\u00e1mame as\u00ed<\/span><span data-contrast=\"auto\">\u201d<\/span><span data-contrast=\"auto\">.<\/span><span data-contrast=\"auto\">\u00a0Algunos e<\/span><span data-contrast=\"auto\">x<\/span><span data-contrast=\"auto\">compa\u00f1eros a\u00fan viven, como Pedro G\u00f3mez y Manuel Tornero<\/span><span data-contrast=\"auto\">, de quienes aprend\u00ed much\u00edsimo.<\/span><\/p>\n<p><b><i><span data-contrast=\"auto\">Tu padre, Alfredo Escobar Aguayo<\/span><\/i><\/b><b><i><span data-contrast=\"auto\">,<\/span><\/i><\/b><b><i><span data-contrast=\"auto\">\u00a0\u00bf<\/span><\/i><\/b><b><i><span data-contrast=\"auto\">fue elemento sustancial en tu aprecio hacia la m\u00fasic<\/span><\/i><\/b><b><i><span data-contrast=\"auto\">a?<\/span><\/i><\/b><span data-ccp-props=\"{&quot;134233279&quot;:true,&quot;335559685&quot;:720}\"><br \/>\n<\/span><span data-contrast=\"auto\">El cari\u00f1o por el arte sonoro fue parte de mi formaci\u00f3n familiar\u00a0<\/span><span data-contrast=\"auto\">y\u00a0<\/span><span data-contrast=\"auto\">mi padre me ense\u00f1\u00f3 que, una vez que uno se dedica a esto, debemos mantener<\/span><span data-contrast=\"auto\">\u00a0<\/span><span data-contrast=\"auto\">la\u00a0<\/span><span data-contrast=\"auto\">m\u00fasica\u00a0<\/span><span data-contrast=\"auto\">por encima de much<\/span><span data-contrast=\"auto\">os elementos y\u00a0<\/span><span data-contrast=\"auto\">circunstancias que\u00a0<\/span><span data-contrast=\"auto\">deben\u00a0<\/span><span data-contrast=\"auto\">pasar a un\u00a0<\/span><span data-contrast=\"auto\">plano secundario.\u00a0<\/span><span data-contrast=\"auto\">Cuando la entrega se hace de forma meditada y consciente,\u00a0<\/span><span data-contrast=\"auto\">los privilegios llegan por s\u00ed\u00a0<\/span><span data-contrast=\"auto\">solos<\/span><span data-contrast=\"auto\">.<\/span><\/p>\n<div id=\"attachment_91962\" style=\"width: 732px\" class=\"wp-caption aligncenter\"><a href=\"https:\/\/www.uv.mx\/prensa\/files\/2020\/12\/291220-Alfredo-Escobar-OSX-2-100k.jpg\"><img aria-describedby=\"caption-attachment-91962\" decoding=\"async\" loading=\"lazy\" class=\"size-full wp-image-91962\" src=\"https:\/\/www.uv.mx\/prensa\/files\/2020\/12\/291220-Alfredo-Escobar-OSX-2-100k.jpg\" alt=\"En la Universidad de Victoria, Canad\u00e1, practicando con alumnos \" width=\"722\" height=\"481\" srcset=\"https:\/\/www.uv.mx\/prensa\/files\/2020\/12\/291220-Alfredo-Escobar-OSX-2-100k.jpg 722w, https:\/\/www.uv.mx\/prensa\/files\/2020\/12\/291220-Alfredo-Escobar-OSX-2-100k-300x200.jpg 300w\" sizes=\"(max-width: 722px) 100vw, 722px\" \/><\/a><p id=\"caption-attachment-91962\" class=\"wp-caption-text\">En la Universidad de Victoria, Canad\u00e1, practicando con alumnos<\/p><\/div>\n<p><span data-contrast=\"auto\">En la UV<\/span><span data-contrast=\"auto\">,<\/span><span data-contrast=\"auto\">\u00a0<\/span><span data-contrast=\"auto\">c<\/span><span data-contrast=\"auto\">omo personal acad\u00e9mico<\/span><span data-contrast=\"auto\">, mantenemos un\u00a0<\/span><span data-contrast=\"auto\">e<\/span><span data-contrast=\"auto\">status importante que me compromete a colaborar\u00a0<\/span><span data-contrast=\"auto\">lo\u00a0<\/span><span data-contrast=\"auto\">mejor<\/span><span data-contrast=\"auto\">\u00a0posible<\/span><span data-contrast=\"auto\">. S<\/span><span data-contrast=\"auto\">oy<\/span><span data-contrast=\"auto\">\u00a0<\/span><span data-contrast=\"auto\">representante de la OSX ante el Consejo Universitario, imparto tutor\u00edas de apreciaci\u00f3n art\u00edstica\u00a0<\/span><span data-contrast=\"auto\">en el\u00a0<\/span><span data-contrast=\"auto\">\u00c1rea de Formaci\u00f3n de Elecci\u00f3n Libre (AFEL)<\/span><span data-contrast=\"auto\">. M<\/span><span data-contrast=\"auto\">i<\/span><span data-contrast=\"auto\">\u00a0satisfacci\u00f3n\u00a0<\/span><span data-contrast=\"auto\">es ver\u00a0<\/span><span data-contrast=\"auto\">los adelantos de mis\u00a0<\/span><span data-contrast=\"auto\">alumnos<\/span><span data-contrast=\"auto\">,\u00a0<\/span><span data-contrast=\"auto\">complementar\u00a0<\/span><span data-contrast=\"auto\">su\u00a0<\/span><span data-contrast=\"auto\">formaci\u00f3n y\u00a0<\/span><span data-contrast=\"auto\">su\u00a0<\/span><span data-contrast=\"auto\">aprecio hacia el arte sonoro. Me encanta estar con ellos en\u00a0<\/span><span data-contrast=\"auto\">I<\/span><span data-contrast=\"auto\">nternet<\/span><span data-contrast=\"auto\">\u00a0y mantenernos todos\u00a0<\/span><span data-contrast=\"auto\">activos\u00a0<\/span><span data-contrast=\"auto\">durante\u00a0<\/span><span data-contrast=\"auto\">la contingencia<\/span><span data-contrast=\"auto\">. Tambi\u00e9n\u00a0<\/span><span data-contrast=\"auto\">convivo\u00a0<\/span><span data-contrast=\"auto\">c<\/span><span data-contrast=\"auto\">on\u00a0<\/span><span data-contrast=\"auto\">muchos<\/span><span data-contrast=\"auto\">\u00a0<\/span><span data-contrast=\"auto\">ejecutantes\u00a0<\/span><span data-contrast=\"auto\">que pensamos\u00a0<\/span><span data-contrast=\"auto\">de la misma forma,\u00a0<\/span><span data-contrast=\"auto\">para\u00a0<\/span><span data-contrast=\"auto\">interpretar\u00a0<\/span><span data-contrast=\"auto\">m\u00fasica barroca.<\/span><\/p>\n<p><b><i><span data-contrast=\"auto\">\u00bfHas pensado en la jubilaci\u00f3n?<\/span><\/i><\/b><span data-ccp-props=\"{&quot;134233279&quot;:true,&quot;335559685&quot;:720}\"><br \/>\n<\/span><span data-contrast=\"auto\">P<\/span><span data-contrast=\"auto\">odr\u00eda\u00a0<\/span><span data-contrast=\"auto\">gestiona<\/span><span data-contrast=\"auto\">r<\/span><span data-contrast=\"auto\">la<\/span><span data-contrast=\"auto\">\u00a0ya<\/span><span data-contrast=\"auto\">,\u00a0<\/span><span data-contrast=\"auto\">pero\u00a0<\/span><span data-contrast=\"auto\">la UV es una plataforma que me permite la continuidad en\u00a0<\/span><span data-contrast=\"auto\">mis\u00a0<\/span><span data-contrast=\"auto\">proyectos.\u00a0<\/span><span data-contrast=\"auto\">H<\/span><span data-contrast=\"auto\">e conocido\u00a0<\/span><span data-contrast=\"auto\">gente que se\u00a0<\/span><span data-contrast=\"auto\">retira\u00a0<\/span><span data-contrast=\"auto\">y\u00a0<\/span><span data-contrast=\"auto\">casi de inmediato su \u00e1nimo se derrumba<\/span><span data-contrast=\"auto\">; no\u00a0<\/span><span data-contrast=\"auto\">s\u00e9 si eso ocurri\u00f3 con Estanislao Perfecto<\/span><span data-contrast=\"auto\">,\u00a0<\/span><span data-contrast=\"auto\">pero en lo personal quiero tambi\u00e9n\u00a0<\/span><span data-contrast=\"auto\">morirme\u00a0<\/span><span data-contrast=\"auto\">en la raya,<\/span><span data-contrast=\"auto\">\u00a0morir tocando.<\/span><\/p>\n<p><b><i><span data-contrast=\"auto\">\u00bfC\u00f3mo capitalizar las duras experiencias durante la pandemia?<br \/>\n<\/span><\/i><\/b><span data-contrast=\"auto\">Han sido meses\u00a0<\/span><span data-contrast=\"auto\">dif\u00edciles,<\/span><span data-contrast=\"auto\">\u00a0pero<\/span><span data-contrast=\"auto\">\u00a0<\/span><span data-contrast=\"auto\">al igual que otr<\/span><span data-contrast=\"auto\">o<\/span><span data-contrast=\"auto\">s\u00a0<\/span><span data-contrast=\"auto\">organismos\u00a0<\/span><span data-contrast=\"auto\">en el\u00a0<\/span><span data-contrast=\"auto\">pa\u00eds y\u00a0<\/span><span data-contrast=\"auto\">en\u00a0<\/span><span data-contrast=\"auto\">el\u00a0<\/span><span data-contrast=\"auto\">mundo<\/span><span data-contrast=\"auto\">,\u00a0<\/span><span data-contrast=\"auto\">la OSX\u00a0<\/span><span data-contrast=\"auto\">se\u00a0<\/span><span data-contrast=\"auto\">mant<\/span><span data-contrast=\"auto\">iene\u00a0<\/span><span data-contrast=\"auto\">trabajando<\/span><span data-contrast=\"auto\">,\u00a0<\/span><span data-contrast=\"auto\">haciendo<\/span><span data-contrast=\"auto\">\u00a0videos in<\/span><span data-contrast=\"auto\">d<\/span><span data-contrast=\"auto\">ivi<\/span><span data-contrast=\"auto\">du<\/span><span data-contrast=\"auto\">ales y co<\/span><span data-contrast=\"auto\">l<\/span><span data-contrast=\"auto\">ectivos<\/span><span data-contrast=\"auto\">.<\/span><span data-contrast=\"auto\">\u00a0Acostumbrado<\/span><span data-contrast=\"auto\">s<\/span><span data-contrast=\"auto\">\u00a0a\u00a0<\/span><span data-contrast=\"auto\">tocar ante el p\u00fablico, cuando uno act\u00faa solo ante el micr\u00f3fono pasan muchas cosas por la\u00a0<\/span><span data-contrast=\"auto\">cabeza. Durante una conferencia virtual de Rub\u00e9n L\u00f3pez Cano, investigador especializado en ret\u00f3rica musical desde el barroco a la era digital, le coment\u00e9\u00a0<\/span><span data-contrast=\"auto\">esto<\/span><span data-contrast=\"auto\">\u00a0y\u00a0<\/span><span data-contrast=\"auto\">su respuesta fue aleccionadora.<\/span><span data-ccp-props=\"{&quot;134233279&quot;:true,&quot;335559685&quot;:720}\">\u00a0<\/span><\/p>\n<p><span data-contrast=\"auto\">Me respondi\u00f3 que\u00a0Karajan\u00a0y\u00a0<\/span><span data-contrast=\"auto\">otras personalidades importantes\u00a0<\/span><span data-contrast=\"auto\">dedicaron una parte de su trabajo a realizar buen<\/span><span data-contrast=\"auto\">os videos<\/span><span data-contrast=\"auto\">, como un<\/span><span data-contrast=\"auto\">a\u00a0<\/span><span data-contrast=\"auto\">forma de perpetuar su legado<\/span><span data-contrast=\"auto\">.\u00a0<\/span><span data-contrast=\"auto\">Una<\/span><span data-contrast=\"auto\">\u00a0vez que la OSX regres<\/span><span data-contrast=\"auto\">e\u00a0<\/span><span data-contrast=\"auto\">a la actividad<\/span><span data-contrast=\"auto\">\u00a0habitual<\/span><span data-contrast=\"auto\">, no es asunto de echar a<\/span><span data-contrast=\"auto\">\u00a0<\/span><span data-contrast=\"auto\">la basura las grabaciones que realiza<\/span><span data-contrast=\"auto\">mos<\/span><span data-contrast=\"auto\">;\u00a0<\/span><span data-contrast=\"auto\">debemos perfeccionar lo que hecho\u00a0<\/span><span data-contrast=\"auto\">con\u00a0<\/span><span data-contrast=\"auto\">el auxilio de los\u00a0<\/span><span data-contrast=\"auto\">medios\u00a0<\/span><span data-contrast=\"auto\">electr\u00f3nicos<\/span><span data-contrast=\"auto\">.\u00a0<\/span><span data-contrast=\"auto\">Tocar ante el\u00a0<\/span><span data-contrast=\"auto\">p\u00fab<\/span><span data-contrast=\"auto\">l<\/span><span data-contrast=\"auto\">ico<\/span><span data-contrast=\"auto\">\u00a0<\/span><span data-contrast=\"auto\">y\u00a0<\/span><span data-contrast=\"auto\">ante el micr\u00f3fono<\/span><span data-contrast=\"auto\">\u00a0son dos experiencias muy di<\/span><span data-contrast=\"auto\">stintas\u00a0<\/span><span data-contrast=\"auto\">y en\u00a0<\/span><span data-contrast=\"auto\">el\u00a0<\/span><span data-contrast=\"auto\">futuro\u00a0<\/span><span data-contrast=\"auto\">habremos de\u00a0<\/span><span data-contrast=\"auto\">retomar<\/span><span data-contrast=\"auto\">\u00a0lo aprendido<\/span><span data-contrast=\"auto\">.<\/span><\/p>\n<p><b><i><span data-contrast=\"auto\">\u00bfC\u00f3mo contemplas el futuro inmediato para la OSX?<\/span><\/i><\/b><span data-ccp-props=\"{&quot;134233279&quot;:true,&quot;335559685&quot;:720}\"><br \/>\n<\/span><span data-contrast=\"auto\">Lo veo promisorio, con la debida continuidad en su labor de difusi\u00f3n<\/span><span data-contrast=\"auto\">. Tenemos mucho por hacer,\u00a0<\/span><span data-contrast=\"auto\">aunque\u00a0<\/span><span data-contrast=\"auto\">reconozco\u00a0<\/span><span data-contrast=\"auto\">que son preocupantes las noticias que nos llegan\u00a0<\/span><span data-contrast=\"auto\">desde Europa<\/span><span data-contrast=\"auto\">\u00a0y\u00a0<\/span><span data-contrast=\"auto\">Estados Unidos<\/span><span data-contrast=\"auto\">. N<\/span><span data-contrast=\"auto\">os<\/span><span data-contrast=\"auto\">\u00a0<\/span><span data-contrast=\"auto\">hablan del cierre de centros musicales y reducci\u00f3n de salarios a m\u00fasicos de orquestas importantes. En el mismo plano internacional, hay\u00a0<\/span><span data-contrast=\"auto\">magn\u00edficos\u00a0<\/span><span data-contrast=\"auto\">solistas que consideran dedic<\/span><span data-contrast=\"auto\">arse mejor a otras actividades.<\/span><span data-ccp-props=\"{&quot;134233279&quot;:true,&quot;335559685&quot;:720}\">\u00a0<\/span><\/p>\n<p><span data-contrast=\"auto\">Por lo que toca a la UV,\u00a0<\/span><span data-contrast=\"auto\">ha hecho un gran esfuerzo<\/span><span data-contrast=\"auto\">\u00a0para mantener nuestros ingresos y podemos considerarnos afortunados, lo tenemos todo a la mano y la congruencia debe comprometernos a responder de la mejor forma como lo hacen en la UNAM, en\u00a0<\/span><span data-contrast=\"auto\">Bellas\u00a0<\/span><span data-contrast=\"auto\">A<\/span><span data-contrast=\"auto\">rtes\u00a0<\/span><span data-contrast=\"auto\">con la Sinf\u00f3nica Nacional y la Orquesta de la \u00d3pera, en Monterrey<\/span><span data-contrast=\"auto\">, Guanajuato<\/span><span data-contrast=\"auto\">\u00a0y Guadalajara. Todos soportamos inconvenientes, pero confiamos en que esto debe pasar pronto y\u00a0<\/span><span data-contrast=\"auto\">juntos\u00a0<\/span><span data-contrast=\"auto\">vamos a\u00a0<\/span><span data-contrast=\"auto\">echar abajo los sem\u00e1foros sanitarios.<\/span><span data-ccp-props=\"{&quot;134233279&quot;:true,&quot;335559685&quot;:720,&quot;335559731&quot;:708}\">\u00a0<\/span><\/p>\n","protected":false},"excerpt":{"rendered":"<p>\u201cGrandes m\u00fasicos como Karajan inmortalizaron su trabajo mediante videos, labor que no debemos perder de vista\u201d <\/p>\n","protected":false},"author":1775,"featured_media":91984,"comment_status":"closed","ping_status":"closed","sticky":false,"template":"","format":"standard","meta":[],"categories":[13,61],"tags":[1165,737,1166,677,95,1167],"_links":{"self":[{"href":"https:\/\/www.uv.mx\/prensa\/wp-json\/wp\/v2\/posts\/91960"}],"collection":[{"href":"https:\/\/www.uv.mx\/prensa\/wp-json\/wp\/v2\/posts"}],"about":[{"href":"https:\/\/www.uv.mx\/prensa\/wp-json\/wp\/v2\/types\/post"}],"author":[{"embeddable":true,"href":"https:\/\/www.uv.mx\/prensa\/wp-json\/wp\/v2\/users\/1775"}],"replies":[{"embeddable":true,"href":"https:\/\/www.uv.mx\/prensa\/wp-json\/wp\/v2\/comments?post=91960"}],"version-history":[{"count":1,"href":"https:\/\/www.uv.mx\/prensa\/wp-json\/wp\/v2\/posts\/91960\/revisions"}],"predecessor-version":[{"id":92065,"href":"https:\/\/www.uv.mx\/prensa\/wp-json\/wp\/v2\/posts\/91960\/revisions\/92065"}],"wp:featuredmedia":[{"embeddable":true,"href":"https:\/\/www.uv.mx\/prensa\/wp-json\/wp\/v2\/media\/91984"}],"wp:attachment":[{"href":"https:\/\/www.uv.mx\/prensa\/wp-json\/wp\/v2\/media?parent=91960"}],"wp:term":[{"taxonomy":"category","embeddable":true,"href":"https:\/\/www.uv.mx\/prensa\/wp-json\/wp\/v2\/categories?post=91960"},{"taxonomy":"post_tag","embeddable":true,"href":"https:\/\/www.uv.mx\/prensa\/wp-json\/wp\/v2\/tags?post=91960"}],"curies":[{"name":"wp","href":"https:\/\/api.w.org\/{rel}","templated":true}]}}