{"id":92268,"date":"2021-01-17T08:00:10","date_gmt":"2021-01-17T14:00:10","guid":{"rendered":"https:\/\/www.uv.mx\/prensa\/?p=92268"},"modified":"2021-01-15T19:56:42","modified_gmt":"2021-01-16T01:56:42","slug":"casa-del-lago-uv-inicio-muestra-de-lecturas-dramatizadas","status":"publish","type":"post","link":"https:\/\/www.uv.mx\/prensa\/cultura\/casa-del-lago-uv-inicio-muestra-de-lecturas-dramatizadas\/","title":{"rendered":"Casa del Lago UV inici\u00f3 muestra de lecturas dramatizadas\u00a0"},"content":{"rendered":"<ul>\n<li data-leveltext=\"\uf0b7\" data-font=\"Symbol\" data-listid=\"1\" data-aria-posinset=\"1\" data-aria-level=\"1\"><i><span data-contrast=\"auto\">La obra que inaugur\u00f3 las actividades fue <\/span><\/i><span data-contrast=\"auto\">La gota y el mar<\/span><i><span data-contrast=\"auto\">, de Estefan\u00ed<\/span><\/i><i><span data-contrast=\"auto\">a Ahumada, ganadora del Premio Dramaturgia \u201cVicente Le\u00f1ero\u201d 2017<\/span><\/i><span data-ccp-props=\"{&quot;134233279&quot;:true,&quot;201341983&quot;:0,&quot;335559739&quot;:160,&quot;335559740&quot;:240}\">\u00a0<\/span><\/li>\n<li data-leveltext=\"\uf0b7\" data-font=\"Symbol\" data-listid=\"1\" data-aria-posinset=\"2\" data-aria-level=\"1\"><i><span data-contrast=\"auto\">El ciclo de lecturas <\/span><\/i><span data-contrast=\"auto\">Al pie del escenario <\/span><i><span data-contrast=\"auto\">concluir\u00e1 el 11 de febrero<\/span><\/i> <i><span data-contrast=\"auto\">y se <\/span><\/i><i><span data-contrast=\"auto\">transmitir\u00e1 en vivo <\/span><\/i><i><span data-contrast=\"auto\">por<\/span><\/i> <a href=\"https:\/\/www.facebook.com\/casadellagouv\"><i><span data-contrast=\"none\">https:\/\/www.facebook.com\/casa<\/span><\/i><i><span data-contrast=\"none\">d<\/span><\/i><i><span data-contrast=\"none\">ellagouv<\/span><\/i><\/a><span data-ccp-props=\"{&quot;134233279&quot;:true,&quot;201341983&quot;:0,&quot;335559739&quot;:160,&quot;335559740&quot;:240}\">\u00a0<\/span><\/li>\n<\/ul>\n<p><span data-ccp-props=\"{&quot;201341983&quot;:0,&quot;335559739&quot;:160,&quot;335559740&quot;:240}\">\u00a0<\/span><\/p>\n<div id=\"attachment_92269\" style=\"width: 732px\" class=\"wp-caption aligncenter\"><a href=\"https:\/\/www.uv.mx\/prensa\/files\/2021\/01\/140121-PAOLA-Al-pie-del-escenario-1.jpg\"><img aria-describedby=\"caption-attachment-92269\" decoding=\"async\" loading=\"lazy\" class=\"size-full wp-image-92269\" src=\"https:\/\/www.uv.mx\/prensa\/files\/2021\/01\/140121-PAOLA-Al-pie-del-escenario-1.jpg\" alt=\"\" width=\"722\" height=\"439\" srcset=\"https:\/\/www.uv.mx\/prensa\/files\/2021\/01\/140121-PAOLA-Al-pie-del-escenario-1.jpg 722w, https:\/\/www.uv.mx\/prensa\/files\/2021\/01\/140121-PAOLA-Al-pie-del-escenario-1-300x182.jpg 300w\" sizes=\"(max-width: 722px) 100vw, 722px\" \/><\/a><p id=\"caption-attachment-92269\" class=\"wp-caption-text\">Estefan\u00eda Ahumada en charla con Maliyel Beverido, en la Casa del Lago UV<\/p><\/div>\n<p><span data-ccp-props=\"{&quot;201341983&quot;:0,&quot;335559739&quot;:160,&quot;335559740&quot;:240}\">\u00a0<\/span><\/p>\n<p><b><i><span data-contrast=\"auto\">Paola Cort\u00e9s P\u00e9rez<\/span><\/i><\/b><span data-ccp-props=\"{&quot;201341983&quot;:0,&quot;335559739&quot;:160,&quot;335559740&quot;:240}\">\u00a0<\/span><\/p>\n<p><b><i><span data-contrast=\"auto\">1<\/span><\/i><\/b><b><i><span data-contrast=\"auto\">7<\/span><\/i><\/b><b><i><span data-contrast=\"auto\">\/01\/2021, Xalapa, <\/span><\/i><\/b><b><i><span data-contrast=\"auto\">Ver.-<\/span><\/i><\/b> <span data-contrast=\"auto\">El Centro Cultural Universitario <\/span><span data-contrast=\"auto\">Casa del Lago de la Universidad Veracruzana (UV) <\/span><span data-contrast=\"auto\">aloja <\/span><span data-contrast=\"auto\">la mu<\/span><span data-contrast=\"auto\">estra de lecturas dramatizadas <\/span><i><span data-contrast=\"auto\">Al pie del escenario<\/span><\/i><span data-contrast=\"auto\">, <\/span><span data-contrast=\"auto\">la<\/span><span data-contrast=\"auto\"> cual inici<\/span><span data-contrast=\"auto\">\u00f3<\/span><span data-contrast=\"auto\"> la noche del jueves 14 de enero con la obra <\/span><i><span data-contrast=\"auto\">La gota y el mar<\/span><\/i><span data-contrast=\"auto\">, de Estefan\u00ed<\/span><span data-contrast=\"auto\">a Ahumada <\/span><span data-contrast=\"auto\">Norato<\/span><span data-contrast=\"auto\">, <\/span><span data-contrast=\"auto\">egresada de la Facultad de Teatro <\/span><span data-contrast=\"auto\">y <\/span><span data-contrast=\"auto\">ganadora del Premio Dramatu<\/span><span data-contrast=\"auto\">r<\/span><span data-contrast=\"auto\">gia \u201cVicente Le\u00f1ero\u201d 2017<\/span><span data-contrast=\"auto\">.<\/span><span data-ccp-props=\"{&quot;201341983&quot;:0,&quot;335559739&quot;:160,&quot;335559740&quot;:240}\">\u00a0<\/span><\/p>\n<p><span data-contrast=\"auto\">La transmisi\u00f3n en vivo se realiz<\/span><span data-contrast=\"auto\">\u00f3<\/span><span data-contrast=\"auto\"> a trav\u00e9s de la p\u00e1gina de <\/span><i><span data-contrast=\"auto\">Facebook<\/span><\/i> <span data-contrast=\"auto\">como <\/span><a href=\"https:\/\/www.facebook.com\/casadellagouv\"><span data-contrast=\"none\">Casa del Lago UV<\/span><\/a><span data-contrast=\"auto\">, <\/span><span data-contrast=\"auto\">donde el p\u00fablico interesado en el ciclo podr\u00e1 dar seguimiento<\/span><span data-contrast=\"auto\"> cada jueves en punto de las 19:00 horas.<\/span><span data-ccp-props=\"{&quot;201341983&quot;:0,&quot;335559731&quot;:708,&quot;335559739&quot;:160,&quot;335559740&quot;:240}\">\u00a0<\/span><\/p>\n<p><span data-contrast=\"auto\">Maliyel<\/span> <span data-contrast=\"auto\">Beverido<\/span> <span data-contrast=\"auto\">Duhalt<\/span><span data-contrast=\"auto\">,<\/span> <span data-contrast=\"auto\">directora de la Casa del Lago, <\/span><span data-contrast=\"auto\">dijo que es la primera <\/span><span data-contrast=\"auto\">vez que se organiza <\/span><span data-contrast=\"auto\">una <\/span><span data-contrast=\"auto\">muestra de dramaturgia escrita por mujeres<\/span><span data-contrast=\"auto\">; a <\/span><span data-contrast=\"auto\">lo largo de cinco sem<\/span><span data-contrast=\"auto\">anas <\/span><span data-contrast=\"auto\">se dar\u00e1 lectura a obras <\/span><span data-contrast=\"auto\">de<\/span><span data-contrast=\"auto\"> mujeres que actualmente destacan en el \u00e1mbito teatral.<\/span><span data-ccp-props=\"{&quot;201341983&quot;:0,&quot;335559731&quot;:708,&quot;335559739&quot;:160,&quot;335559740&quot;:240}\">\u00a0<\/span><\/p>\n<p><span data-contrast=\"auto\">\u201cEste ciclo es iniciativa <\/span><span data-contrast=\"auto\">de Estefan\u00ed<\/span><span data-contrast=\"auto\">a<\/span><span data-contrast=\"auto\">,<\/span> <span data-contrast=\"auto\">en colaboraci\u00f3n con el Centro de Documentaci<\/span><span data-contrast=\"auto\">\u00f3<\/span><span data-contrast=\"auto\">n Teatral Candileja<\/span><span data-contrast=\"auto\">, A.C.;<\/span> <span data-contrast=\"auto\">representa una oportunidad <\/span><span data-contrast=\"auto\">de ver el trabajo de una nueva generaci\u00f3n de dramaturga<\/span><span data-contrast=\"auto\">s\u201d, expres\u00f3 <\/span><span data-contrast=\"auto\">Maliyel<\/span> <span data-contrast=\"auto\">Beverido<\/span><span data-contrast=\"auto\">.<\/span><span data-ccp-props=\"{&quot;201341983&quot;:0,&quot;335559731&quot;:708,&quot;335559739&quot;:160,&quot;335559740&quot;:240}\">\u00a0<\/span><\/p>\n<p><span data-contrast=\"auto\">Previo a la lectura de la obra, <\/span><span data-contrast=\"auto\">Beverido<\/span> <span data-contrast=\"auto\">Duhalt<\/span><span data-contrast=\"auto\"> sostuvo una charla introductoria<\/span><span data-contrast=\"auto\">, en la que Estefan\u00ed<\/span><span data-contrast=\"auto\">a Ahumada <\/span><span data-contrast=\"auto\">cont\u00f3 que el texto presentado surgi\u00f3 de la necesidad de cr<\/span><span data-contrast=\"auto\">ear y generar un discurso propio<\/span><span data-contrast=\"auto\">.<\/span><span data-ccp-props=\"{&quot;201341983&quot;:0,&quot;335559731&quot;:708,&quot;335559739&quot;:160,&quot;335559740&quot;:240}\">\u00a0<\/span><\/p>\n<p><span data-contrast=\"auto\">\u201cEn las narraciones siempre hemos tenido el discurso de otro, ahora nosotras<\/span><span data-contrast=\"auto\"> quer\u00edamos hablar de nuestras p\u00e9<\/span><span data-contrast=\"auto\">rdidas, inquietudes y experiencias de vida, <\/span><span data-contrast=\"auto\">pensamos que lo mejor era hacerlo nosotras; fue as\u00ed que surgi\u00f3 de una necesidad discursiva.\u201d<\/span><span data-ccp-props=\"{&quot;201341983&quot;:0,&quot;335559731&quot;:708,&quot;335559739&quot;:160,&quot;335559740&quot;:240}\">\u00a0<\/span><\/p>\n<p><span data-contrast=\"auto\">Adelant\u00f3 que ya concluy\u00f3 un segundo escrito<\/span><span data-contrast=\"auto\">, <\/span><span data-contrast=\"auto\">se trata de<\/span><span data-contrast=\"auto\"> un discurso personal sobre la experiencia <\/span><span data-contrast=\"auto\">\u2013<\/span><span data-contrast=\"auto\">como <\/span><span data-contrast=\"auto\">xalape\u00f1a<\/span><span data-contrast=\"auto\">\u2013<\/span> <span data-contrast=\"auto\">de vivir el sexenio de Javier Duarte de Ochoa, <\/span><span data-contrast=\"auto\">que tuvo su origen en las vivencias <\/span><span data-contrast=\"auto\">de periodistas <\/span><span data-contrast=\"auto\">e investigaciones realizadas.<\/span><span data-ccp-props=\"{&quot;201341983&quot;:0,&quot;335559731&quot;:708,&quot;335559739&quot;:160,&quot;335559740&quot;:240}\">\u00a0<\/span><\/p>\n<p><span data-contrast=\"auto\">Al preguntarle por <\/span><span data-contrast=\"auto\">las<\/span><span data-contrast=\"auto\"> dramaturgas o dramaturgos que la motiv<\/span><span data-contrast=\"auto\">an a escribir y actuar, Estefan\u00ed<\/span><span data-contrast=\"auto\">a <\/span><span data-contrast=\"auto\">respondi\u00f3: \u201cL<\/span><span data-contrast=\"auto\">o que m\u00e1s me gusta y me motiva de la dramaturgia, m<\/span><span data-contrast=\"auto\">\u00e1<\/span><span data-contrast=\"auto\">s all\u00e1 de un autor en espec\u00edfico, <\/span><span data-contrast=\"auto\">es crear en colectivo, pensar en nuestras inquietudes, experiencias, deseo creativo y materializarlo en el escenario<\/span><span data-contrast=\"auto\">\u201d<\/span><span data-contrast=\"auto\">.<\/span><span data-ccp-props=\"{&quot;201341983&quot;:0,&quot;335559731&quot;:708,&quot;335559739&quot;:160,&quot;335559740&quot;:240}\">\u00a0<\/span><\/p>\n<p><span data-contrast=\"auto\">La obra <\/span><i><span data-contrast=\"auto\">La gota y el mar<\/span><\/i><span data-contrast=\"auto\">, le\u00edda por el <\/span><span data-contrast=\"auto\">C<\/span><span data-contrast=\"auto\">olectivo <\/span><span data-contrast=\"auto\">La <\/span><span data-contrast=\"auto\">Maniobra, <\/span><span data-contrast=\"auto\">relata la historia de Marisol, una mujer <\/span><span data-contrast=\"auto\">solitaria y muy estructurada, cronometra su vida, enumera los minutos y las horas en los que ejecuta su d\u00eda a d\u00eda. Entre su rutina, tiene la costumbre de ver por la ventana a su vecino Marco. Los dos son personas tan estructuradas, incluso tienen una hora espec\u00edfica en la que se miran por la ventana, se <\/span><span data-contrast=\"auto\">gustan,<\/span><span data-contrast=\"auto\"> pero nunca se han hablado.<\/span><span data-ccp-props=\"{&quot;201341983&quot;:0,&quot;335559731&quot;:708,&quot;335559739&quot;:160,&quot;335559740&quot;:240}\">\u00a0<\/span><\/p>\n<p><span data-contrast=\"auto\">Un d\u00eda Marco desaparece, eso le quiebra la rutina a Marisol, as\u00ed que comienza a buscarlo; emprende un viaje para encontrar un reflejo de una persona a la que no conoce. As\u00ed, se va encontrando con personajes de la vida de Marco que le van diciendo c\u00f3mo era y c\u00f3mo decidi\u00f3 un d\u00eda levantarse y hacer todo al rev\u00e9s.<\/span><span data-ccp-props=\"{&quot;201341983&quot;:0,&quot;335559731&quot;:708,&quot;335559739&quot;:160,&quot;335559740&quot;:240}\">\u00a0<\/span><\/p>\n<p><span data-contrast=\"auto\">Las pr\u00f3ximas lecturas<\/span><span data-contrast=\"auto\"> son<\/span><span data-contrast=\"auto\">: <\/span><i><span data-contrast=\"auto\">Cero<\/span><\/i><span data-contrast=\"auto\">, <\/span><span data-contrast=\"auto\">de <\/span><span data-contrast=\"auto\">Ingrid Ceba, <\/span><span data-contrast=\"auto\">el 21 de enero y<\/span><span data-contrast=\"auto\"> su lectura estar\u00e1 a cargo del C<\/span><span data-contrast=\"auto\">olectivo La Maniobra; <\/span><i><span data-contrast=\"auto\">Genoveva<\/span><\/i><span data-contrast=\"auto\">, <\/span><span data-contrast=\"auto\">de Lucila Castillo<\/span><span data-contrast=\"auto\">, el 28 de enero<\/span><span data-contrast=\"auto\">,<\/span> <span data-contrast=\"auto\">por<\/span><span data-contrast=\"auto\"> Butaca R<\/span><span data-contrast=\"auto\">oja; <\/span><i><span data-contrast=\"auto\">Cherry<\/span><\/i><i><span data-contrast=\"auto\"> Sour y la Tra<\/span><\/i><i><span data-contrast=\"auto\">g<\/span><\/i><i><span data-contrast=\"auto\">edia del Pink<\/span><\/i> <i><span data-contrast=\"auto\">Flamingo<\/span><\/i><span data-contrast=\"auto\">, de Isabel Quiroz, ser\u00e1 el <\/span><span data-contrast=\"auto\">4 de febrero<\/span><span data-contrast=\"auto\">,<\/span><span data-contrast=\"auto\"> por <\/span><span data-contrast=\"auto\">Glam<\/span><span data-contrast=\"auto\"> &amp; Roll, y <\/span><i><span data-contrast=\"auto\">Aunque pens\u00e1ndolo bien<\/span><\/i><i><span data-contrast=\"auto\">, la culpa la tiene Crist\u00f3bal Col\u00f3n<\/span><\/i><span data-contrast=\"auto\">, de Ana Luc\u00eda Ram\u00edrez, cerrar\u00e1 el ciclo el 11 de febrero <\/span><span data-contrast=\"auto\">por \u00c1rea 51.<\/span><span data-ccp-props=\"{&quot;201341983&quot;:0,&quot;335559731&quot;:708,&quot;335559739&quot;:160,&quot;335559740&quot;:240}\">\u00a0<\/span><\/p>\n<p><span data-ccp-props=\"{&quot;201341983&quot;:0,&quot;335559739&quot;:160,&quot;335559740&quot;:240}\">\u00a0<\/span><\/p>\n<div id=\"attachment_92270\" style=\"width: 732px\" class=\"wp-caption aligncenter\"><a href=\"https:\/\/www.uv.mx\/prensa\/files\/2021\/01\/140121-PAOLA-Al-pie-del-escenario-2.jpg\"><img aria-describedby=\"caption-attachment-92270\" decoding=\"async\" loading=\"lazy\" class=\"size-full wp-image-92270\" src=\"https:\/\/www.uv.mx\/prensa\/files\/2021\/01\/140121-PAOLA-Al-pie-del-escenario-2.jpg\" alt=\"\" width=\"722\" height=\"437\" srcset=\"https:\/\/www.uv.mx\/prensa\/files\/2021\/01\/140121-PAOLA-Al-pie-del-escenario-2.jpg 722w, https:\/\/www.uv.mx\/prensa\/files\/2021\/01\/140121-PAOLA-Al-pie-del-escenario-2-300x182.jpg 300w\" sizes=\"(max-width: 722px) 100vw, 722px\" \/><\/a><p id=\"caption-attachment-92270\" class=\"wp-caption-text\">Lectura de la obra <em>La gota y el mar<\/em>, en la que participaron Estefan\u00eda Ahumada y Maribel Pulido<\/p><\/div>\n","protected":false},"excerpt":{"rendered":"<p>El ciclo de lecturas <em>Al pie del escenario<\/em> concluir\u00e1 el 11 de febrero y se transmitir\u00e1 en vivo por https:\/\/www.facebook.com\/casadellagouv\u00a0<\/p>\n","protected":false},"author":1869,"featured_media":92269,"comment_status":"closed","ping_status":"closed","sticky":false,"template":"","format":"standard","meta":[],"categories":[11],"tags":[],"_links":{"self":[{"href":"https:\/\/www.uv.mx\/prensa\/wp-json\/wp\/v2\/posts\/92268"}],"collection":[{"href":"https:\/\/www.uv.mx\/prensa\/wp-json\/wp\/v2\/posts"}],"about":[{"href":"https:\/\/www.uv.mx\/prensa\/wp-json\/wp\/v2\/types\/post"}],"author":[{"embeddable":true,"href":"https:\/\/www.uv.mx\/prensa\/wp-json\/wp\/v2\/users\/1869"}],"replies":[{"embeddable":true,"href":"https:\/\/www.uv.mx\/prensa\/wp-json\/wp\/v2\/comments?post=92268"}],"version-history":[{"count":1,"href":"https:\/\/www.uv.mx\/prensa\/wp-json\/wp\/v2\/posts\/92268\/revisions"}],"predecessor-version":[{"id":92272,"href":"https:\/\/www.uv.mx\/prensa\/wp-json\/wp\/v2\/posts\/92268\/revisions\/92272"}],"wp:featuredmedia":[{"embeddable":true,"href":"https:\/\/www.uv.mx\/prensa\/wp-json\/wp\/v2\/media\/92269"}],"wp:attachment":[{"href":"https:\/\/www.uv.mx\/prensa\/wp-json\/wp\/v2\/media?parent=92268"}],"wp:term":[{"taxonomy":"category","embeddable":true,"href":"https:\/\/www.uv.mx\/prensa\/wp-json\/wp\/v2\/categories?post=92268"},{"taxonomy":"post_tag","embeddable":true,"href":"https:\/\/www.uv.mx\/prensa\/wp-json\/wp\/v2\/tags?post=92268"}],"curies":[{"name":"wp","href":"https:\/\/api.w.org\/{rel}","templated":true}]}}