{"id":92274,"date":"2021-01-18T14:12:53","date_gmt":"2021-01-18T20:12:53","guid":{"rendered":"https:\/\/www.uv.mx\/prensa\/?p=92274"},"modified":"2021-01-20T14:29:40","modified_gmt":"2021-01-20T20:29:40","slug":"san-lorenzo-primera-urbe-en-mesoamerica-academicas","status":"publish","type":"post","link":"https:\/\/www.uv.mx\/prensa\/general\/san-lorenzo-primera-urbe-en-mesoamerica-academicas\/","title":{"rendered":"San Lorenzo, primera urbe en Mesoam\u00e9rica: acad\u00e9micas\u00a0"},"content":{"rendered":"<p><i><span data-contrast=\"none\">Las investigadoras <\/span><\/i><i><span data-contrast=\"none\">Virginia Arieta, de la UV, y Ann <\/span><\/i><i><span data-contrast=\"none\">Cyphers<\/span><\/i><i><span data-contrast=\"none\">, de la UNAM, <\/span><\/i><i><span data-contrast=\"none\">publicaron un libro que da cuenta de <\/span><\/i><i><span data-contrast=\"none\">15 a\u00f1os de investigaci\u00f3n en el sitio arqueol\u00f3gico olmeca<\/span><\/i><span data-ccp-props=\"{&quot;134233279&quot;:true}\">\u00a0<\/span><\/p>\n<p><span data-ccp-props=\"{}\">\u00a0<\/span><\/p>\n<div id=\"attachment_92275\" style=\"width: 491px\" class=\"wp-caption aligncenter\"><a href=\"https:\/\/www.uv.mx\/prensa\/files\/2021\/01\/140120-Libro-olmeca-1.jpg\"><img aria-describedby=\"caption-attachment-92275\" decoding=\"async\" loading=\"lazy\" class=\"size-full wp-image-92275\" src=\"https:\/\/www.uv.mx\/prensa\/files\/2021\/01\/140120-Libro-olmeca-1.jpg\" alt=\"\" width=\"481\" height=\"630\" srcset=\"https:\/\/www.uv.mx\/prensa\/files\/2021\/01\/140120-Libro-olmeca-1.jpg 481w, https:\/\/www.uv.mx\/prensa\/files\/2021\/01\/140120-Libro-olmeca-1-229x300.jpg 229w\" sizes=\"(max-width: 481px) 100vw, 481px\" \/><\/a><p id=\"caption-attachment-92275\" class=\"wp-caption-text\">Portada de <em>Din\u00e1mica y desarrollo de la poblaci\u00f3n olmeca de San Lorenzo<\/em><\/p><\/div>\n<p><span data-ccp-props=\"{}\">\u00a0<\/span><\/p>\n<p><b><i><span data-contrast=\"none\">Karina de la Paz Reyes D\u00edaz<\/span><\/i><\/b><span data-ccp-props=\"{}\">\u00a0<\/span><\/p>\n<p><b><i><span data-contrast=\"none\">1<\/span><\/i><\/b><b><i><span data-contrast=\"none\">8<\/span><\/i><\/b><b><i><span data-contrast=\"none\">\/01\/2021<\/span><\/i><\/b><b><i><span data-contrast=\"none\">, Xalapa, <\/span><\/i><\/b><b><i><span data-contrast=\"none\">Ver.-<\/span><\/i><\/b> <i><span data-contrast=\"none\">Din\u00e1mica y desarrollo de la poblaci\u00f3n olmeca de San Lorenzo<\/span><\/i><span data-contrast=\"none\">, <\/span><span data-contrast=\"none\">autor\u00eda de<\/span> <span data-contrast=\"none\">An<\/span><span data-contrast=\"none\">n<\/span> <span data-contrast=\"none\">Cyphers<\/span><span data-contrast=\"none\"> Tomic<\/span><span data-contrast=\"none\">,<\/span><span data-contrast=\"none\"> de la Universidad Aut\u00f3noma de M\u00e9xico (UNAM)<\/span><span data-contrast=\"none\">, <\/span><span data-contrast=\"none\">y Virginia Arieta <\/span><span data-contrast=\"none\">Baizabal<\/span><span data-contrast=\"none\">, de la Veracruzana (UV)<\/span><span data-contrast=\"none\">,<\/span><span data-contrast=\"none\"> es el libro que recientemente <\/span><span data-contrast=\"none\">fue publicado por la m\u00e1xima casa de estudios del pa\u00eds y <\/span><span data-contrast=\"none\">donde se presentan los resultados de una investigaci\u00f3n desarrollada desde 2005<\/span><span data-contrast=\"none\">.<\/span><span data-ccp-props=\"{}\">\u00a0<\/span><\/p>\n<p><span data-contrast=\"none\">En entrevista <\/span><span data-contrast=\"none\">para<\/span> <i><span data-contrast=\"none\">Universo<\/span><\/i><i><span data-contrast=\"none\">. S<\/span><\/i><i><span data-contrast=\"none\">istema de noticias de la UV<\/span><\/i><span data-contrast=\"none\">, las acad\u00e9micas<\/span><span data-contrast=\"none\"> del Instituto de Investigaciones Antropol\u00f3gicas (IIA) de la UNAM y del <a href=\"https:\/\/www.uv.mx\/ida\/\" target=\"_blank\" rel=\"noopener\">Instituto de Antropolog\u00eda <\/a><\/span><span data-contrast=\"none\">(IA) <\/span><span data-contrast=\"none\">de la UV<\/span> <span data-contrast=\"none\">aclararon que e<\/span><span data-contrast=\"none\">ste libro va m\u00e1s all\u00e1 de<\/span><span data-contrast=\"none\"> los monumentos olmecas<\/span><span data-contrast=\"none\">,<\/span> <span data-contrast=\"none\">porque justamente trata de la poblaci\u00f3n <\/span><span data-contrast=\"none\">que <\/span><span data-contrast=\"none\">los realizaba<\/span><span data-contrast=\"none\">.<\/span><span data-ccp-props=\"{}\">\u00a0<\/span><\/p>\n<p><span data-contrast=\"none\">Recordaron <\/span><span data-contrast=\"none\">que<\/span><span data-contrast=\"none\">,<\/span><span data-contrast=\"none\"> e<\/span><span data-contrast=\"none\">n sus inicios<\/span><span data-contrast=\"none\">,<\/span><span data-contrast=\"none\"> los arque<\/span><span data-contrast=\"none\">\u00f3<\/span><span data-contrast=\"none\">logos que estudiaban la cultura <\/span><span data-contrast=\"none\">o<\/span><span data-contrast=\"none\">lmeca mostra<\/span><span data-contrast=\"none\">ron<\/span><span data-contrast=\"none\"> gran inter\u00e9s por las enormes esculturas de basalto, mismas que <\/span><span data-contrast=\"none\">pueden<\/span><span data-contrast=\"none\"> observar<\/span><span data-contrast=\"none\">se <\/span><span data-contrast=\"none\">en el Museo de Antropolog\u00eda de Xalapa<\/span><span data-contrast=\"none\"> (MAX)<\/span><span data-contrast=\"none\"> de la UV<\/span><span data-contrast=\"none\">.<\/span><span data-ccp-props=\"{&quot;335559731&quot;:708}\">\u00a0<\/span><\/p>\n<p><span data-contrast=\"none\">Precisamente, <\/span><span data-contrast=\"none\">\u201c<\/span><span data-contrast=\"none\">e<\/span><span data-contrast=\"none\">ntre las muchas interrogantes relacionadas a estas piezas, <\/span><span data-contrast=\"none\">siempre estaba de forma impl\u00edcita o expl\u00edcita <\/span><span data-contrast=\"none\">la preocupaci\u00f3n por el<\/span><span data-contrast=\"none\"> n\u00famero de personas necesar<\/span><span data-contrast=\"none\">i<\/span><span data-contrast=\"none\">o para <\/span><span data-contrast=\"none\">moverlas <\/span><span data-contrast=\"none\">a trav\u00e9s de distancias considerables, desde los yacimientos hasta las capitales, <\/span><span data-contrast=\"none\">para maniobrar el traslado<\/span><span data-contrast=\"none\"> y la organizaci\u00f3n sociopol\u00edtica que se necesitaba para llevar a cabo este esfuerzo<\/span><span data-contrast=\"none\">\u201d<\/span><span data-contrast=\"none\">,<\/span><span data-contrast=\"none\"> cit\u00f3 la acad\u00e9mica del IIA de la UNAM<\/span><span data-contrast=\"none\">.<\/span><span data-ccp-props=\"{&quot;335559731&quot;:708}\">\u00a0<\/span><\/p>\n<p><span data-contrast=\"none\">Por ello, <\/span><span data-contrast=\"none\">\u201c<\/span><span data-contrast=\"none\">la<\/span><span data-contrast=\"none\"> obra<\/span><span data-contrast=\"none\"> en menci\u00f3n<\/span> <span data-contrast=\"none\">trata de una<\/span><span data-contrast=\"none\"> investigaci\u00f3n centrada en la demograf\u00eda olmeca de San Lorenzo y su organizaci\u00f3n espacial <\/span><span data-contrast=\"none\">muestra un panorama<\/span> <span data-contrast=\"none\">del que no se ten\u00eda conocimiento<\/span><span data-contrast=\"none\"> sobre esta sociedad<\/span><span data-contrast=\"none\">. <\/span><span data-contrast=\"none\">Incluso algunos de los resultados nos han sorprendido. La magnitud y complejidad de San Lorenzo no s\u00f3lo se muestra en el arte monumenta<\/span><span data-contrast=\"none\">l<\/span><span data-contrast=\"none\">, <\/span><span data-contrast=\"none\">tambi\u00e9n <\/span><span data-contrast=\"none\">en el comportamiento y din\u00e1mica de su poblaci\u00f3n<\/span><span data-contrast=\"none\">\u201d, a\u00f1adi\u00f3 <\/span><span data-contrast=\"none\">la acad\u00e9mica del IA de la UV.<\/span><span data-contrast=\"none\">\u00a0<\/span><span data-ccp-props=\"{&quot;335559731&quot;:708}\">\u00a0<\/span><\/p>\n<p><span data-contrast=\"none\">En opini\u00f3n de ambas, el <\/span><span data-contrast=\"none\">estudio de la din\u00e1mica y el desarrollo poblacional olmeca de San Lorenzo es importante por varias razones<\/span><span data-contrast=\"none\">.<\/span><span data-ccp-props=\"{}\">\u00a0<\/span><\/p>\n<p><span data-contrast=\"none\">Detallaron, e<\/span><span data-contrast=\"none\">n primer lugar, <\/span><span data-contrast=\"none\">que <\/span><span data-contrast=\"none\">lo<\/span><span data-contrast=\"none\">s<\/span><span data-contrast=\"none\"> estudios <\/span><span data-contrast=\"none\">arqueol\u00f3gicos en torno a la<\/span> <span data-contrast=\"none\">demograf\u00eda<\/span><span data-contrast=\"none\"> son sumamente complicados en tanto que el objet<\/span><span data-contrast=\"none\">o<\/span><span data-contrast=\"none\"> de estudio ya no existe<\/span><span data-contrast=\"none\"> (la poblaci\u00f3n). <\/span><span data-contrast=\"none\">Si a esto <\/span><span data-contrast=\"none\">se <\/span><span data-contrast=\"none\">sum<\/span><span data-contrast=\"none\">a<\/span><span data-contrast=\"none\"> que San Lorenzo es uno de los sitios m\u00e1s antiguos en Mesoam\u00e9rica, con un auge en el 1200 a<\/span><span data-contrast=\"none\">.<\/span><span data-contrast=\"none\">C. y que se ubica en el tr\u00f3pico veracruzano, donde las condiciones medio ambient<\/span><span data-contrast=\"none\">ale<\/span><span data-contrast=\"none\">s no favorecen la preservaci\u00f3n de restos \u00f3seos, el objetivo propu<\/span><span data-contrast=\"none\">esto<\/span><span data-contrast=\"none\"> represent<\/span><span data-contrast=\"none\">\u00f3<\/span><span data-contrast=\"none\"> un reto may\u00fasculo.<\/span><span data-ccp-props=\"{&quot;335559731&quot;:708}\">\u00a0<\/span><\/p>\n<p><span data-contrast=\"none\">No obstante, <\/span><span data-contrast=\"none\">reiteraron<\/span><span data-contrast=\"none\"> que<\/span><span data-contrast=\"none\"> conocer los eventos demogr\u00e1ficos es importante para comprender de manera integral el desarrollo de <\/span><span data-contrast=\"none\">cualquier<\/span><span data-contrast=\"none\"> sociedad<\/span><span data-contrast=\"none\">, en este caso la olmeca de San Lorenzo.<\/span><span data-ccp-props=\"{&quot;335559731&quot;:708}\">\u00a0<\/span><\/p>\n<p><span data-contrast=\"none\">\u201c<\/span><span data-contrast=\"none\">Por muchos a\u00f1os, los <\/span><span data-contrast=\"none\">arque\u00f3logos<\/span> <span data-contrast=\"none\">hab<\/span><span data-contrast=\"none\">\u00ed<\/span><span data-contrast=\"none\">an intentado <\/span><span data-contrast=\"none\">explicar fen\u00f3menos de la sociedad responsable de realizar y trasladar las majestuosas cabezas colosales, aplicar relleno para la construcci\u00f3n de arquitectura monumental e influir en una poblaci\u00f3n numerosa dentro y fuera de la costa del Golfo, entre otras cosas. Entonces, el estudio sobre la poblaci\u00f3n de San Lorenzo proporciona elementos clave que son relevantes para explicar los t\u00f3picos mencionados<\/span><span data-contrast=\"none\">\u201d, <\/span><span data-contrast=\"none\">dijo <\/span><span data-contrast=\"none\">Ann <\/span><span data-contrast=\"none\">Cyphers<\/span><span data-contrast=\"none\">.<\/span><span data-ccp-props=\"{&quot;335559731&quot;:708}\">\u00a0<\/span><\/p>\n<p><span data-contrast=\"none\">En segundo lugar,<\/span><span data-contrast=\"none\"> continuaron las arque\u00f3logas,<\/span><span data-contrast=\"none\"> e<\/span><span data-contrast=\"none\">l<\/span><span data-contrast=\"none\"> estudio es importante porque esclarece el tama\u00f1o de la primera capital olmeca y propone una estimaci\u00f3n del n\u00famero, tama\u00f1o y distribuci\u00f3n de las viviendas ubicadas en diversos sectores del sitio, as\u00ed como el c\u00e1lculo de la poblaci\u00f3n para varias etapas de ocupaci\u00f3n: 1800-1400 a<\/span><span data-contrast=\"none\">.<\/span><span data-contrast=\"none\">C<\/span><span data-contrast=\"none\">.<\/span><span data-contrast=\"none\">, 1400-1200 a<\/span><span data-contrast=\"none\">.<\/span><span data-contrast=\"none\">C<\/span><span data-contrast=\"none\">.<\/span><span data-contrast=\"none\"> y la fase de auge, 1200-1000 a<\/span><span data-contrast=\"none\">.<\/span><span data-contrast=\"none\">C.<\/span><span data-ccp-props=\"{}\">\u00a0<\/span><\/p>\n<p><span data-contrast=\"none\">Dicho<\/span><span data-contrast=\"none\">s<\/span><span data-contrast=\"none\"> resultados, en conjunto con <\/span><span data-contrast=\"none\">informaci\u00f3n derivada de otras <\/span><span data-contrast=\"none\">investigaciones desarrolladas por el Proyecto <\/span><span data-contrast=\"none\">Arqueol\u00f3gico<\/span> <span data-contrast=\"none\">San Lorenzo<\/span><span data-contrast=\"none\"> Tenochtitl\u00e1n<\/span><span data-contrast=\"none\"> que <\/span><span data-contrast=\"none\">fund\u00f3 y dirige <\/span><span data-contrast=\"none\">Cyphers<\/span><span data-contrast=\"none\"> desde 1990<\/span><span data-contrast=\"none\">, <\/span><span data-contrast=\"none\">proporcionan una visi\u00f3n m\u00e1s clara sobre uno de los sitios m\u00e1s importantes, por ser una de las capitales en <\/span><span data-contrast=\"none\">Mesoam\u00e9rica<\/span><span data-contrast=\"none\">.<\/span><span data-ccp-props=\"{&quot;335559731&quot;:708}\">\u00a0<\/span><\/p>\n<p><span data-contrast=\"none\">Un<\/span><span data-contrast=\"none\"> tercer<\/span><span data-contrast=\"none\"> planteamiento de las entrevistadas es que sus<\/span><span data-contrast=\"none\"> resultados<\/span><span data-contrast=\"none\"> de investigaci\u00f3n<\/span><span data-contrast=\"none\"> tienen un impacto <\/span><span data-contrast=\"none\">a mayor escala<\/span><span data-contrast=\"none\">: \u201cD<\/span><span data-contrast=\"none\">ebido a su antig\u00fcedad de casi <\/span><span data-contrast=\"none\">cuatro mil<\/span><span data-contrast=\"none\"> a\u00f1os, muestran que estamos ante la primera urbe en Mesoam\u00e9rica<\/span><span data-contrast=\"none\">. <\/span><span data-contrast=\"none\">Esto nos proporciona un recurso s\u00f3lido para investigar el fen\u00f3meno de surgimiento y desarrollo de los sistemas urbanos en Mesoam\u00e9rica<\/span><span data-contrast=\"none\">\u201d, destac\u00f3 la acad\u00e9mica de la UNAM.<\/span><span data-ccp-props=\"{&quot;335559731&quot;:708}\">\u00a0<\/span><\/p>\n<p><span data-ccp-props=\"{}\">\u00a0<\/span><\/p>\n<p><b><span data-contrast=\"none\">Tres lustros investigando <\/span><\/b><b><span data-contrast=\"none\">en capas de tierra<\/span><\/b><span data-ccp-props=\"{}\">\u00a0<\/span><\/p>\n<p><span data-contrast=\"none\">Virginia Arieta precis\u00f3 que e<\/span><span data-contrast=\"none\">sta investigaci\u00f3n inici\u00f3 en 2005 con una nueva etapa de reconocimiento y excavaciones en San Lorenzo.<\/span> <span data-contrast=\"none\">Para ello,<\/span> <span data-contrast=\"none\">Cyphers<\/span><span data-contrast=\"none\"> dise\u00f1\u00f3 una metodolog\u00eda <\/span><span data-contrast=\"none\">que permitiera<\/span><span data-contrast=\"none\"> investigar los resto<\/span><span data-contrast=\"none\">s<\/span><span data-contrast=\"none\"> arqueol\u00f3gicos profundamente enterrados, como son los pisos de las casas olmecas, implementando t\u00e9cnicas de otras disciplinas como las pruebas con barreno y los Sistemas de Informaci\u00f3n Geogr\u00e1fica (SIG<\/span><span data-contrast=\"none\">).<\/span><span data-ccp-props=\"{}\">\u00a0<\/span><\/p>\n<p><span data-contrast=\"none\">\u00c9stas<\/span> <span data-contrast=\"none\">\u201c<\/span><span data-contrast=\"none\">si bien actualmente representan una herramienta casi obligatoria en la investigaci\u00f3n arqueol\u00f3gica, en ese <\/span><span data-contrast=\"none\">entonces<\/span><span data-contrast=\"none\"> su aplicaci\u00f3n era novedosa. De la misma forma, las pruebas de barreno, aunque hab\u00edan sido utilizadas por algunos arque\u00f3logos por representar una t\u00e9cnica confiable y poco destructiva, el programa <\/span><span data-contrast=\"none\">en San Lorenzo representa el primer muestr<\/span><span data-contrast=\"none\">e<\/span><span data-contrast=\"none\">o sistem\u00e1tico e intensivo que cubre casi todo un sitio arqueol\u00f3gico en la costa del Golfo<\/span><span data-contrast=\"none\">\u201d, subray\u00f3 la acad\u00e9mica de la UV.<\/span><span data-contrast=\"none\">\u00a0<\/span><span data-ccp-props=\"{&quot;335559731&quot;:708}\">\u00a0<\/span><\/p>\n<p><span data-contrast=\"none\">Arieta <\/span><span data-contrast=\"none\">Baizabal<\/span><span data-contrast=\"none\"> explic\u00f3 tambi\u00e9n que l<\/span><span data-contrast=\"none\">os miles de datos estratigr\u00e1ficos que se obtuvieron <\/span><span data-contrast=\"none\">les <\/span><span data-contrast=\"none\">requirieron de un an\u00e1lisis muy puntual y varias revisiones minuciosas, as\u00ed como la elaboraci\u00f3n de estudios piloto<\/span><span data-contrast=\"none\"> y de tipo <\/span><span data-contrast=\"none\">etnoarqueol\u00f3gico<\/span> <span data-contrast=\"none\">de donde se obtuvieron coeficientes de la<\/span><span data-contrast=\"none\"> poblaci\u00f3n moderna asentada <\/span><span data-contrast=\"none\">muy cerca de<\/span><span data-contrast=\"none\">l sitio<\/span><span data-contrast=\"none\">.\u00a0<\/span><span data-ccp-props=\"{&quot;335559731&quot;:708}\">\u00a0<\/span><\/p>\n<p><span data-contrast=\"none\">\u201c<\/span><span data-contrast=\"none\">De hecho esta obra incluye la descripci\u00f3n precisa de lo<\/span><span data-contrast=\"none\">s<\/span><span data-contrast=\"none\"> pasos y ensayos que llevamos a cabo para derivar informaci\u00f3n confiable sobre la ubicaci\u00f3n, n\u00famero y tama\u00f1o de la viviendas olmecas, que fueron la base para el c\u00e1lculo de la poblaci\u00f3n<\/span><span data-contrast=\"none\">.<\/span><span data-contrast=\"none\">\u201d<\/span><span data-ccp-props=\"{&quot;335559731&quot;:708}\">\u00a0<\/span><\/p>\n<p><span data-contrast=\"none\">Detall\u00f3 que s<\/span><span data-contrast=\"none\">e inici\u00f3 con los datos relativos a la etapa de auge (1<\/span><span data-contrast=\"none\">2<\/span><span data-contrast=\"none\">00-1<\/span><span data-contrast=\"none\">0<\/span><span data-contrast=\"none\">00 a<\/span><span data-contrast=\"none\">.<\/span><span data-contrast=\"none\">C<\/span><span data-contrast=\"none\">.<\/span><span data-contrast=\"none\">) por ser los m\u00e1s consistentes<\/span><span data-contrast=\"none\">,<\/span><span data-contrast=\"none\"> una vez visto el resultado<\/span><span data-contrast=\"none\"> positivo<\/span><span data-contrast=\"none\"> continu<\/span><span data-contrast=\"none\">aron<\/span><span data-contrast=\"none\"> con <\/span><span data-contrast=\"none\">las estimaciones para<\/span><span data-contrast=\"none\"> las fases m\u00e1s tempranas<\/span><span data-contrast=\"none\">,<\/span><span data-contrast=\"none\"> a fin de obtener una visi\u00f3n global de la trayectoria y din\u00e1mica del asentamiento desde sus inicios hasta la conclusi\u00f3n de su etapa de apogeo.<\/span><span data-ccp-props=\"{&quot;335559731&quot;:708}\">\u00a0<\/span><\/p>\n<p><span data-contrast=\"none\">\u201c<\/span><span data-contrast=\"none\">Es decir, e<\/span><span data-contrast=\"none\">n esta obra pres<\/span><span data-contrast=\"none\">en<\/span><span data-contrast=\"none\">tamos <\/span><span data-contrast=\"none\">informaci\u00f3n del desarrollo poblacional de la primera capital olmeca del 1800 al 1000 a<\/span><span data-contrast=\"none\">.<\/span><span data-contrast=\"none\">C<\/span><span data-contrast=\"none\">.<\/span><span data-contrast=\"none\">, lo que nos ha tomado 15 a\u00f1os de trabajo<\/span><span data-contrast=\"none\">.<\/span><span data-contrast=\"none\">\u201d<\/span><span data-ccp-props=\"{&quot;335559731&quot;:708}\">\u00a0<\/span><\/p>\n<p><span data-ccp-props=\"{}\">\u00a0<\/span><\/p>\n<p><b><span data-contrast=\"none\">Conocer de poblaciones olmecas de tiempos de Covid-19<\/span><\/b><span data-ccp-props=\"{}\">\u00a0<\/span><\/p>\n<p><span data-contrast=\"none\">Al plantear<\/span> <span data-contrast=\"none\">a las acad\u00e9micas <\/span><span data-contrast=\"none\">la pregunta <\/span><span data-contrast=\"none\">\u00bfes de utilidad leerlo en estos tiempos de pandemia que vivimos?<\/span><span data-contrast=\"none\">, Ann <\/span><span data-contrast=\"none\">Cyphers<\/span> <span data-contrast=\"none\">expuso que si bien<\/span><span data-contrast=\"none\"> en primera instancia pareciera que <\/span><span data-contrast=\"none\">la<\/span><span data-contrast=\"none\"> obra no tiene relaci\u00f3n, <\/span><span data-contrast=\"none\">\u201c<\/span><span data-contrast=\"none\">en el fondo tiene una proximidad muy importante en tanto <\/span><span data-contrast=\"none\">que <\/span><span data-contrast=\"none\">somos <\/span><span data-contrast=\"none\">testigos del impacto<\/span><span data-contrast=\"none\"> que <\/span><span data-contrast=\"none\">escenarios <\/span><span data-contrast=\"none\">trascendentales<\/span> <span data-contrast=\"none\">ejerce<\/span><span data-contrast=\"none\">n<\/span><span data-contrast=\"none\"> sobre la sociedad de la que formamos parte<\/span><span data-contrast=\"none\">\u201d<\/span><span data-contrast=\"none\">.<\/span><span data-ccp-props=\"{}\">\u00a0<\/span><\/p>\n<p><span data-contrast=\"none\">Es m\u00e1s, para ella la pandemia \u201cn<\/span><span data-contrast=\"none\">os ha puesto a reflexionar, no s\u00f3lo por las repercusiones en el sistema de salud debido al abundante n\u00famer<\/span><span data-contrast=\"none\">o<\/span><span data-contrast=\"none\"> de contagios, los altos niveles de mortalidad y letalidad a nivel global, sino tambi\u00e9n porque sufrimos consecuencias a nivel econ\u00f3mico, educativo, social e incluso ambiental que <\/span><span data-contrast=\"none\">provocan<\/span> <span data-contrast=\"none\">(y provocar\u00e1<\/span><span data-contrast=\"none\">n<\/span><span data-contrast=\"none\">) <\/span><span data-contrast=\"none\">cambios en la estructura y din\u00e1mica de <\/span><span data-contrast=\"none\">nuestra poblaci\u00f3n<\/span><span data-contrast=\"none\">\u201d<\/span><span data-contrast=\"none\">.<\/span><span data-ccp-props=\"{&quot;335559731&quot;:708}\">\u00a0<\/span><\/p>\n<p><span data-contrast=\"none\">T<\/span><span data-contrast=\"none\">odas las tardes durante la conferencia de prensa sobre C<\/span><span data-contrast=\"none\">ovid<\/span><span data-contrast=\"none\">-19 de la Secretar\u00eda de Salud<\/span><span data-contrast=\"none\">, continu\u00f3,<\/span><span data-contrast=\"none\"> se proporcionan cifras y gr\u00e1ficas relativas a las variables demogr\u00e1ficas que est\u00e1n siendo alteradas. <\/span><span data-contrast=\"none\">\u201cTal<\/span><span data-contrast=\"none\"> balance cuantitativo en realidad est\u00e1 mostrando tendencias cualitativas que hablan del comportamiento de la poblaci\u00f3n mexicana, sus explicaciones e implicaciones<\/span><span data-contrast=\"none\">\u201d<\/span><span data-contrast=\"none\">.<\/span><span data-ccp-props=\"{&quot;335559731&quot;:708}\">\u00a0<\/span><\/p>\n<p><span data-contrast=\"none\">E<\/span><span data-contrast=\"none\">ntonces, <\/span><span data-contrast=\"none\">remarc\u00f3 la acad\u00e9mica de la UNAM, <\/span><span data-contrast=\"none\">\u201c<\/span><span data-contrast=\"none\">d<\/span><span data-contrast=\"none\">iferentes <\/span><span data-contrast=\"none\">circunstancias<\/span><span data-contrast=\"none\"> hacen que las poblaciones humanas cambien a trav\u00e9s del tiempo, en n\u00famero, <\/span><span data-contrast=\"none\">en <\/span><span data-contrast=\"none\">densidad, <\/span><span data-contrast=\"none\">en <\/span><span data-contrast=\"none\">distribuci\u00f3n espacial y esto, a su vez, tiene consecuencias sociales, econ\u00f3micas, pol\u00edticas, tecnol\u00f3gicas, entre otras<\/span><span data-contrast=\"none\">\u201d<\/span><span data-contrast=\"none\">.<\/span><span data-ccp-props=\"{&quot;335559731&quot;:708}\">\u00a0<\/span><\/p>\n<p><span data-contrast=\"none\">Es m\u00e1s, \u201ce<\/span><span data-contrast=\"none\">sto lo podemos ver a trav\u00e9s de la arqueolog\u00eda. E<\/span><span data-contrast=\"none\">l c\u00e1lculo <\/span><span data-contrast=\"none\">que realizamos sobre <\/span><span data-contrast=\"none\">la poblaci\u00f3n olmeca de San Lorenzo nos habla de <\/span><span data-contrast=\"none\">que hubo suces<\/span><span data-contrast=\"none\">os<\/span> <span data-contrast=\"none\">en ciertos momentos <\/span><span data-contrast=\"none\">que <\/span><span data-contrast=\"none\">tuvieron como consecuencia <\/span><span data-contrast=\"none\">cambios en su n\u00famero, densidad y distribuci\u00f3n<\/span><span data-contrast=\"none\">, que a su vez tuvieron implicaciones sociales, pol\u00edticas y de subsistencia<\/span><span data-contrast=\"none\">\u201d<\/span><span data-contrast=\"none\">.\u00a0<\/span><span data-ccp-props=\"{&quot;335559731&quot;:708}\">\u00a0<\/span><\/p>\n<p><span data-contrast=\"none\">Tanto Ann <\/span><span data-contrast=\"none\">Cyphers<\/span><span data-contrast=\"none\"> como Arieta <\/span><span data-contrast=\"none\">Baizabal<\/span><span data-contrast=\"none\"> i<\/span><span data-contrast=\"none\">nvita<\/span><span data-contrast=\"none\">ron<\/span><span data-contrast=\"none\"> a leer el libro<\/span><span data-contrast=\"none\">, <\/span><span data-contrast=\"none\">que estar\u00e1 disponible en el I<\/span><span data-contrast=\"none\">IA <\/span><span data-contrast=\"none\">de la UNAM<\/span><span data-contrast=\"none\">,<\/span><span data-contrast=\"none\"> a fin de conocer m\u00e1s sobre la sociedad que habit\u00f3 este sitio de gran importancia ubicado en el estado de Veracruz<\/span><span data-contrast=\"none\">;<\/span> <span data-contrast=\"none\">asimismo, <\/span><span data-contrast=\"none\">espera<\/span><span data-contrast=\"none\">n<\/span><span data-contrast=\"none\"> que genere una interesante discusi\u00f3n acad\u00e9mica.<\/span><span data-ccp-props=\"{}\">\u00a0<\/span><\/p>\n<p><span data-contrast=\"none\">Adem\u00e1s<\/span><span data-contrast=\"none\">, invitaron a quienes<\/span><span data-contrast=\"none\"> est<\/span><span data-contrast=\"none\">\u00e1<\/span><span data-contrast=\"none\">n <\/span><span data-contrast=\"none\">interesados en estos temas a estar <\/span><span data-contrast=\"none\">pendientes <\/span><span data-contrast=\"none\">de<\/span><span data-contrast=\"none\"> venideras presentaciones de la obra, en las que participara\u0301n <\/span><span data-contrast=\"none\">ellas<\/span><span data-contrast=\"none\">, como<\/span><span data-contrast=\"none\"> autoras<\/span><span data-contrast=\"none\">,<\/span><span data-contrast=\"none\"> y especialistas en la materia<\/span><span data-contrast=\"none\">.<\/span><span data-ccp-props=\"{&quot;335559731&quot;:708}\">\u00a0<\/span><\/p>\n<p><span data-ccp-props=\"{}\">\u00a0<\/span><\/p>\n<div id=\"attachment_92276\" style=\"width: 732px\" class=\"wp-caption aligncenter\"><a href=\"https:\/\/www.uv.mx\/prensa\/files\/2021\/01\/140120-Libro-olmeca-2.jpg\"><img aria-describedby=\"caption-attachment-92276\" decoding=\"async\" loading=\"lazy\" class=\"size-full wp-image-92276\" src=\"https:\/\/www.uv.mx\/prensa\/files\/2021\/01\/140120-Libro-olmeca-2.jpg\" alt=\"\" width=\"722\" height=\"481\" srcset=\"https:\/\/www.uv.mx\/prensa\/files\/2021\/01\/140120-Libro-olmeca-2.jpg 722w, https:\/\/www.uv.mx\/prensa\/files\/2021\/01\/140120-Libro-olmeca-2-300x200.jpg 300w\" sizes=\"(max-width: 722px) 100vw, 722px\" \/><\/a><p id=\"caption-attachment-92276\" class=\"wp-caption-text\">Ann Cyphers y Virginia Arieta<\/p><\/div>\n","protected":false},"excerpt":{"rendered":"<p>Las investigadoras Virginia Arieta, de la UV, y Ann Cyphers, de la UNAM, publicaron un libro que da cuenta de 15 a\u00f1os de investigaci\u00f3n en el sitio arqueol\u00f3gico olmeca\u00a0<\/p>\n","protected":false},"author":1869,"featured_media":92276,"comment_status":"closed","ping_status":"closed","sticky":false,"template":"","format":"standard","meta":[],"categories":[1],"tags":[],"_links":{"self":[{"href":"https:\/\/www.uv.mx\/prensa\/wp-json\/wp\/v2\/posts\/92274"}],"collection":[{"href":"https:\/\/www.uv.mx\/prensa\/wp-json\/wp\/v2\/posts"}],"about":[{"href":"https:\/\/www.uv.mx\/prensa\/wp-json\/wp\/v2\/types\/post"}],"author":[{"embeddable":true,"href":"https:\/\/www.uv.mx\/prensa\/wp-json\/wp\/v2\/users\/1869"}],"replies":[{"embeddable":true,"href":"https:\/\/www.uv.mx\/prensa\/wp-json\/wp\/v2\/comments?post=92274"}],"version-history":[{"count":1,"href":"https:\/\/www.uv.mx\/prensa\/wp-json\/wp\/v2\/posts\/92274\/revisions"}],"predecessor-version":[{"id":92360,"href":"https:\/\/www.uv.mx\/prensa\/wp-json\/wp\/v2\/posts\/92274\/revisions\/92360"}],"wp:featuredmedia":[{"embeddable":true,"href":"https:\/\/www.uv.mx\/prensa\/wp-json\/wp\/v2\/media\/92276"}],"wp:attachment":[{"href":"https:\/\/www.uv.mx\/prensa\/wp-json\/wp\/v2\/media?parent=92274"}],"wp:term":[{"taxonomy":"category","embeddable":true,"href":"https:\/\/www.uv.mx\/prensa\/wp-json\/wp\/v2\/categories?post=92274"},{"taxonomy":"post_tag","embeddable":true,"href":"https:\/\/www.uv.mx\/prensa\/wp-json\/wp\/v2\/tags?post=92274"}],"curies":[{"name":"wp","href":"https:\/\/api.w.org\/{rel}","templated":true}]}}