{"id":92279,"date":"2021-01-18T14:24:49","date_gmt":"2021-01-18T20:24:49","guid":{"rendered":"https:\/\/www.uv.mx\/prensa\/?p=92279"},"modified":"2021-01-20T13:58:44","modified_gmt":"2021-01-20T19:58:44","slug":"revista-balaju-abre-convocatoria-para-publicar","status":"publish","type":"post","link":"https:\/\/www.uv.mx\/prensa\/cultura\/revista-balaju-abre-convocatoria-para-publicar\/","title":{"rendered":"Revista <em>Balaj\u00fa<\/em> abre convocatoria para publicar\u00a0"},"content":{"rendered":"<ul>\n<li data-leveltext=\"\uf0b7\" data-font=\"Symbol\" data-listid=\"1\" data-aria-posinset=\"1\" data-aria-level=\"1\"><i><span data-contrast=\"auto\">La f<\/span><\/i><i><span data-contrast=\"auto\">echa <\/span><\/i><i><span data-contrast=\"auto\">l\u00edmite de entrega de propuestas es el<\/span><\/i><i><span data-contrast=\"auto\"> 28 de febrero<\/span><\/i><span data-ccp-props=\"{&quot;134233279&quot;:true,&quot;201341983&quot;:0,&quot;335559685&quot;:0,&quot;335559731&quot;:0,&quot;335559739&quot;:160,&quot;335559740&quot;:240}\">\u00a0<\/span><\/li>\n<\/ul>\n<p><span data-ccp-props=\"{&quot;201341983&quot;:0,&quot;335559739&quot;:160,&quot;335559740&quot;:240}\">\u00a0<\/span><\/p>\n<div id=\"attachment_92280\" style=\"width: 491px\" class=\"wp-caption aligncenter\"><a href=\"https:\/\/www.uv.mx\/prensa\/files\/2021\/01\/150121Balaju.jpg\"><img aria-describedby=\"caption-attachment-92280\" decoding=\"async\" loading=\"lazy\" class=\"size-full wp-image-92280\" src=\"https:\/\/www.uv.mx\/prensa\/files\/2021\/01\/150121Balaju.jpg\" alt=\"\" width=\"481\" height=\"680\" srcset=\"https:\/\/www.uv.mx\/prensa\/files\/2021\/01\/150121Balaju.jpg 481w, https:\/\/www.uv.mx\/prensa\/files\/2021\/01\/150121Balaju-212x300.jpg 212w\" sizes=\"(max-width: 481px) 100vw, 481px\" \/><\/a><p id=\"caption-attachment-92280\" class=\"wp-caption-text\">La revista difunde avances y resultados de investigaci\u00f3n en materia de cultura y comunicaci\u00f3n<\/p><\/div>\n<p><span data-ccp-props=\"{&quot;201341983&quot;:0,&quot;335559739&quot;:160,&quot;335559740&quot;:240}\">\u00a0<\/span><\/p>\n<p><span data-ccp-props=\"{&quot;201341983&quot;:0,&quot;335559739&quot;:160,&quot;335559740&quot;:240}\">\u00a0<\/span><\/p>\n<p><b><i><span data-contrast=\"auto\">Karina de la Paz Reyes D\u00edaz<\/span><\/i><\/b><span data-ccp-props=\"{&quot;201341983&quot;:0,&quot;335559739&quot;:160,&quot;335559740&quot;:240}\">\u00a0<\/span><\/p>\n<p><b><i><span data-contrast=\"auto\">1<\/span><\/i><\/b><b><i><span data-contrast=\"auto\">8<\/span><\/i><\/b><b><i><span data-contrast=\"auto\">\/01\/2021<\/span><\/i><\/b><b><i><span data-contrast=\"auto\">, Xalapa, <\/span><\/i><\/b><b><i><span data-contrast=\"auto\">Ver.-<\/span><\/i><\/b> <i><span data-contrast=\"auto\">Balaj\u00fa. Revista de <\/span><\/i><i><span data-contrast=\"auto\">c<\/span><\/i><i><span data-contrast=\"auto\">ultura <\/span><\/i><i><span data-contrast=\"auto\">y<\/span><\/i> <i><span data-contrast=\"auto\">c<\/span><\/i><i><span data-contrast=\"auto\">omunicaci\u00f3n<\/span><\/i><span data-contrast=\"auto\">, <\/span><span data-contrast=\"auto\">editada por el <a href=\"https:\/\/www.uv.mx\/cecc\/\" target=\"_blank\" rel=\"noopener\">Centro de Estudios de Cultura y Comunicaci\u00f3n<\/a>, <\/span><span data-contrast=\"auto\">de la<\/span><span data-contrast=\"auto\"> Universidad Veracruzana (UV)<\/span><span data-contrast=\"auto\">,<\/span><span data-contrast=\"auto\"> tiene abierta su <\/span><a href=\"https:\/\/scontent.fntr5-1.fna.fbcdn.net\/v\/t1.0-9\/136724999_423907015723136_1902273622941350314_o.jpg?_nc_cat=101&amp;ccb=2&amp;_nc_sid=730e14&amp;_nc_eui2=AeGt5d2kLzJjvW9LaIMUJ5qjz9Xgdq_HUOrP1eB2r8dQ6iJ6TKxZ1lqa5T5JFIMEDUI&amp;_nc_ohc=a50t5XSzty4AX-_ZJTk&amp;_nc_ht=scontent.fntr5-1.fna&amp;oh=dd170a934f51132add743a515631dbe5&amp;oe=60265F4D\"><span data-contrast=\"none\">convocatoria<\/span><\/a><span data-contrast=\"auto\"> para recibir de la comunidad acad\u00e9mica art\u00edculos, en<\/span><span data-contrast=\"auto\">sayos, avances de investigaci\u00f3n<\/span><span data-contrast=\"auto\"> y rese\u00f1as para su posible publicaci\u00f3n en el n\u00famero 14. La fecha l\u00edmite de entrega de <\/span><span data-contrast=\"auto\">propuestas es el 28 de febrero.<\/span><span data-ccp-props=\"{&quot;201341983&quot;:0,&quot;335559739&quot;:160,&quot;335559740&quot;:240}\">\u00a0<\/span><\/p>\n<p><span data-contrast=\"auto\">No obstante, <\/span><span data-contrast=\"auto\">al tratarse de una <\/span><span data-contrast=\"auto\">c<\/span><span data-contrast=\"auto\">onvocatoria<\/span><span data-contrast=\"auto\"> permanente<\/span><span data-contrast=\"auto\">, los t<\/span><span data-contrast=\"auto\">extos recibidos despu\u00e9s de esa fecha ser\u00e1n considerados para publicaci\u00f3n en n\u00fameros posteriores<\/span><span data-contrast=\"auto\">.<\/span><span data-ccp-props=\"{&quot;201341983&quot;:0,&quot;335559739&quot;:160,&quot;335559740&quot;:240}\">\u00a0<\/span><\/p>\n<p><i><span data-contrast=\"auto\">Balaj\u00fa<\/span><\/i> <span data-contrast=\"auto\">es una publicaci\u00f3n electr\u00f3nica semestral dedicada a la difusi\u00f3n de avances y resultados de investigaci\u00f3n de alto nivel. <\/span><span data-contrast=\"auto\">Tiene como objetivo divulgar las discusiones te\u00f3ricas y metodol\u00f3gicas, an\u00e1lisis de datos y resultados originales de investigaci\u00f3n, a fin de contribuir al debate acad\u00e9mico sobre cultura y comunicaci\u00f3n.<\/span><span data-ccp-props=\"{&quot;201341983&quot;:0,&quot;335559739&quot;:160,&quot;335559740&quot;:240}\">\u00a0<\/span><\/p>\n<p><span data-contrast=\"auto\">C<\/span><span data-contrast=\"auto\">abe citar que la revista c<\/span><span data-contrast=\"auto\">uenta <\/span><span data-contrast=\"auto\">con arbitraje estricto realizado por un comit\u00e9 de pares acad\u00e9micos<\/span><span data-contrast=\"auto\">,<\/span><span data-contrast=\"auto\"> a trav\u00e9s de dict\u00e1menes doble ciego y con un comit\u00e9 cient\u00edfico internacional; <\/span><span data-contrast=\"auto\">es <\/span><span data-contrast=\"auto\">de acceso gratuito<\/span><span data-contrast=\"auto\"> y la conforman las se<\/span><span data-contrast=\"auto\">cc<\/span><span data-contrast=\"auto\">iones: <\/span><span data-contrast=\"auto\">\u201c<\/span><span data-contrast=\"auto\">Navegaciones<\/span><span data-contrast=\"auto\">\u201d<\/span><span data-contrast=\"auto\">, art\u00edculos originales que sean resultado de investigaci\u00f3n acad\u00e9mica; <\/span><span data-contrast=\"auto\">\u201c<\/span><span data-contrast=\"auto\">Cupido me ense\u00f1\u00f3 a leer en los libros del <\/span><span data-contrast=\"auto\">paisaje\u201d, rese\u00f1as de libros recientes sobre los temas de inter\u00e9s de la revista, y \u201c<\/span><span data-contrast=\"auto\">Ariles<\/span><span data-contrast=\"auto\"> y m\u00e1s <\/span><span data-contrast=\"auto\">ariles<\/span><span data-contrast=\"auto\">\u201d, materiales para el estudio de la cultura y la comunicaci\u00f3n (tal es el caso de entrevistas, \u00edndices, entre otros).<\/span><span data-ccp-props=\"{&quot;201341983&quot;:0,&quot;335559739&quot;:160,&quot;335559740&quot;:240}\">\u00a0<\/span><\/p>\n<p><span data-contrast=\"auto\">Para <\/span><span data-contrast=\"auto\">conocer los lineamientos<\/span> <span data-contrast=\"auto\">de publicaci\u00f3n<\/span><span data-contrast=\"auto\"> consulte la<\/span><span data-contrast=\"auto\"> c<\/span><span data-contrast=\"auto\">onvocatoria en extenso<\/span><span data-contrast=\"auto\"> en<\/span> <a href=\"https:\/\/bit.ly\/38JW8Om\"><span data-contrast=\"none\">https:\/\/bit.ly\/38<\/span><span data-contrast=\"none\">J<\/span><span data-contrast=\"none\">W8Om<\/span><\/a><span data-contrast=\"auto\">.<\/span><span data-ccp-props=\"{&quot;201341983&quot;:0,&quot;335559731&quot;:708,&quot;335559739&quot;:160,&quot;335559740&quot;:240}\">\u00a0<\/span><\/p>\n<p><span data-contrast=\"auto\">Tambi\u00e9n puede consultar su sitio oficial, <\/span><a href=\"https:\/\/balaju.uv.mx\/index.php\/balaju\/index\"><span data-contrast=\"none\">https:\/\/balaju.uv.mx\/index.php\/balaj<\/span><span data-contrast=\"none\">u<\/span><span data-contrast=\"none\">\/index<\/span><\/a><span data-contrast=\"auto\">, en el que se detallan, por ejemplo, la comunidad acad\u00e9mica que conforma el <\/span><span data-contrast=\"auto\">e<\/span><span data-contrast=\"auto\">quipo editorial<\/span><span data-contrast=\"auto\">,<\/span><span data-contrast=\"auto\"> as\u00ed como <\/span><span data-contrast=\"auto\">quienes conforman <\/span><span data-contrast=\"auto\">el Comit\u00e9 <\/span><span data-contrast=\"auto\">C<\/span><span data-contrast=\"auto\">ient\u00edfico<\/span><span data-contrast=\"auto\"> y el C<\/span><span data-contrast=\"auto\">onsejo <\/span><span data-contrast=\"auto\">E<\/span><span data-contrast=\"auto\">ditorial \u2013<\/span><span data-contrast=\"auto\">ambos \u00f3rganos est\u00e1n integrados por especialistas de distintas universidades del pa\u00eds y el extranjero.<\/span><span data-ccp-props=\"{&quot;201341983&quot;:0,&quot;335559739&quot;:160,&quot;335559740&quot;:240}\">\u00a0<\/span><\/p>\n<p><span data-contrast=\"auto\">Ah\u00ed tambi\u00e9n puede leer el n\u00famero actual, que correspon<\/span><span data-contrast=\"auto\">de a agosto-diciembre de<\/span><span data-contrast=\"auto\"> 2019.<\/span><span data-ccp-props=\"{&quot;201341983&quot;:0,&quot;335559739&quot;:160,&quot;335559740&quot;:240}\">\u00a0<\/span><\/p>\n","protected":false},"excerpt":{"rendered":"<p>Es una publicaci\u00f3n electr\u00f3nica semestral, dedicada a la difusi\u00f3n de avances y resultados de investigaci\u00f3n en materia de cultura y comunicaci\u00f3n\u00a0<\/p>\n","protected":false},"author":1869,"featured_media":92281,"comment_status":"closed","ping_status":"closed","sticky":false,"template":"","format":"standard","meta":[],"categories":[11],"tags":[],"_links":{"self":[{"href":"https:\/\/www.uv.mx\/prensa\/wp-json\/wp\/v2\/posts\/92279"}],"collection":[{"href":"https:\/\/www.uv.mx\/prensa\/wp-json\/wp\/v2\/posts"}],"about":[{"href":"https:\/\/www.uv.mx\/prensa\/wp-json\/wp\/v2\/types\/post"}],"author":[{"embeddable":true,"href":"https:\/\/www.uv.mx\/prensa\/wp-json\/wp\/v2\/users\/1869"}],"replies":[{"embeddable":true,"href":"https:\/\/www.uv.mx\/prensa\/wp-json\/wp\/v2\/comments?post=92279"}],"version-history":[{"count":1,"href":"https:\/\/www.uv.mx\/prensa\/wp-json\/wp\/v2\/posts\/92279\/revisions"}],"predecessor-version":[{"id":92359,"href":"https:\/\/www.uv.mx\/prensa\/wp-json\/wp\/v2\/posts\/92279\/revisions\/92359"}],"wp:featuredmedia":[{"embeddable":true,"href":"https:\/\/www.uv.mx\/prensa\/wp-json\/wp\/v2\/media\/92281"}],"wp:attachment":[{"href":"https:\/\/www.uv.mx\/prensa\/wp-json\/wp\/v2\/media?parent=92279"}],"wp:term":[{"taxonomy":"category","embeddable":true,"href":"https:\/\/www.uv.mx\/prensa\/wp-json\/wp\/v2\/categories?post=92279"},{"taxonomy":"post_tag","embeddable":true,"href":"https:\/\/www.uv.mx\/prensa\/wp-json\/wp\/v2\/tags?post=92279"}],"curies":[{"name":"wp","href":"https:\/\/api.w.org\/{rel}","templated":true}]}}