{"id":92286,"date":"2021-01-18T15:30:30","date_gmt":"2021-01-18T21:30:30","guid":{"rendered":"https:\/\/www.uv.mx\/prensa\/?p=92286"},"modified":"2021-01-20T13:56:42","modified_gmt":"2021-01-20T19:56:42","slug":"estudiantes-uv-realizan-investigacion-en-ingenieria-de-software","status":"publish","type":"post","link":"https:\/\/www.uv.mx\/prensa\/banner\/estudiantes-uv-realizan-investigacion-en-ingenieria-de-software\/","title":{"rendered":"Estudiantes UV realizan investigaci\u00f3n en Ingenier\u00eda de <em>Software<\/em>"},"content":{"rendered":"<ul>\n<li data-leveltext=\"\uf0b7\" data-font=\"Symbol\" data-listid=\"6\" data-aria-posinset=\"1\" data-aria-level=\"1\"><i><span data-contrast=\"none\">L<\/span><\/i><i><span data-contrast=\"none\">os alumnos<\/span><\/i><i><span data-contrast=\"none\"> de la Licenciatura en Ingenier\u00eda de <\/span><\/i><span data-contrast=\"none\">Software<\/span> <i><span data-contrast=\"none\">presenta <\/span><\/i><i><span data-contrast=\"none\">avances de Experiencia <\/span><\/i><i><span data-contrast=\"none\">Recepcional<\/span><\/i><i><span data-contrast=\"none\"> y Proyecto Guiado<\/span><\/i><span data-ccp-props=\"{&quot;134233279&quot;:true}\">\u00a0<\/span><\/li>\n<\/ul>\n<p>&nbsp;<\/p>\n<div id=\"attachment_92287\" style=\"width: 1010px\" class=\"wp-caption aligncenter\"><a href=\"https:\/\/www.uv.mx\/prensa\/files\/2021\/01\/180121-Principales-Seminario-Ingenieria-Software.jpg\"><img aria-describedby=\"caption-attachment-92287\" decoding=\"async\" loading=\"lazy\" class=\"size-full wp-image-92287\" src=\"https:\/\/www.uv.mx\/prensa\/files\/2021\/01\/180121-Principales-Seminario-Ingenieria-Software.jpg\" alt=\"\" width=\"1000\" height=\"349\" srcset=\"https:\/\/www.uv.mx\/prensa\/files\/2021\/01\/180121-Principales-Seminario-Ingenieria-Software.jpg 1000w, https:\/\/www.uv.mx\/prensa\/files\/2021\/01\/180121-Principales-Seminario-Ingenieria-Software-300x105.jpg 300w, https:\/\/www.uv.mx\/prensa\/files\/2021\/01\/180121-Principales-Seminario-Ingenieria-Software-768x268.jpg 768w\" sizes=\"(max-width: 1000px) 100vw, 1000px\" \/><\/a><p id=\"caption-attachment-92287\" class=\"wp-caption-text\">El seminario incluye m\u00e1s de 20 participaciones de estudiantes<\/p><\/div>\n<p>&nbsp;<\/p>\n<p><b><i><span data-contrast=\"none\">Carlos Hugo Hermida Rosales<\/span><\/i><\/b><span data-ccp-props=\"{}\">\u00a0<\/span><\/p>\n<p><b><i><span data-contrast=\"none\">18\/01\/<\/span><\/i><\/b><b><i><span data-contrast=\"none\">202<\/span><\/i><\/b><b><i><span data-contrast=\"none\">1<\/span><\/i><\/b><b><i><span data-contrast=\"none\">,<\/span><\/i><\/b> <b><i><span data-contrast=\"none\">Xalapa, Ver.<\/span><\/i><\/b><b><i><span data-contrast=\"none\">&#8211;<\/span><\/i><\/b> <span data-contrast=\"none\">La <a href=\"https:\/\/www.uv.mx\/fei\/\" target=\"_blank\" rel=\"noopener\">Facultad de Estad\u00edstica <\/a><\/span><span data-contrast=\"none\">e<\/span><span data-contrast=\"none\"> Inform\u00e1tica<\/span><span data-contrast=\"none\"> (FEI)<\/span><span data-contrast=\"none\"> de <\/span><span data-contrast=\"none\">la Universidad Veracruzana (UV)<\/span><span data-contrast=\"none\"> inaugur\u00f3 e<\/span><span data-contrast=\"none\">ste lunes<\/span><span data-contrast=\"none\"> el <\/span><span data-contrast=\"none\">8<\/span><span data-contrast=\"none\">\u00ba <\/span><span data-contrast=\"none\">Seminario de Investigaci\u00f3n en Ingenier\u00eda de <\/span><i><span data-contrast=\"none\">Software<\/span><\/i><span data-contrast=\"none\">, <\/span><span data-contrast=\"none\">en el que <\/span><span data-contrast=\"none\">hasta el martes 19 <\/span><span data-contrast=\"none\">los alumnos de <\/span><span data-contrast=\"none\">esta entidad acad\u00e9mica<\/span><span data-contrast=\"none\"> presentar\u00e1n <\/span><span data-contrast=\"none\">lo<\/span><span data-contrast=\"none\">s avances <\/span><span data-contrast=\"none\">obtenidos en las clases <\/span><span data-contrast=\"none\">de Experiencia <\/span><span data-contrast=\"none\">Recepcional<\/span><span data-contrast=\"none\"> y Proyecto Guiado.<\/span><span data-ccp-props=\"{}\">\u00a0<\/span><\/p>\n<p><span data-contrast=\"none\">La inauguraci\u00f3n de es<\/span><span data-contrast=\"none\">te evento <\/span><span data-contrast=\"none\">que es organizado por <\/span><span data-contrast=\"none\">el c<\/span><span data-contrast=\"none\">uerpo <\/span><span data-contrast=\"none\">a<\/span><span data-contrast=\"none\">cad\u00e9mico <\/span><span data-contrast=\"none\">(CA) <\/span><span data-contrast=\"none\">Ingenier\u00eda y Tecnolog\u00eda de <\/span><i><span data-contrast=\"none\">Software<\/span><\/i><span data-contrast=\"none\">, <\/span><span data-contrast=\"none\">fue encabezada por <\/span><span data-contrast=\"none\">Carlos Alberto Ochoa Rivera, <\/span><span data-contrast=\"none\">director de la FEI, <\/span><span data-contrast=\"none\">acompa\u00f1ado por <\/span><span data-contrast=\"none\">Mar\u00eda Karen Cort\u00e9s Verd\u00edn, jefa de carrera de la Licenciatura en Ingenier\u00eda de <\/span><i><span data-contrast=\"none\">Software<\/span><\/i><span data-contrast=\"none\">, y Gerardo Padilla Z\u00e1rate, <\/span><span data-contrast=\"none\">conferencista invitado.<\/span><span data-ccp-props=\"{&quot;335559731&quot;:708}\">\u00a0<\/span><\/p>\n<p><span data-contrast=\"none\">Ochoa Rivera declar\u00f3 que para la FEI es fundamental continuar con<\/span><span data-contrast=\"none\"> este seminario<\/span><span data-contrast=\"none\"> que se realiza cada semestre<\/span> <span data-contrast=\"none\">y<\/span><span data-contrast=\"none\"> nutre la formaci\u00f3n de <\/span><span data-contrast=\"none\">sus <\/span><span data-contrast=\"none\">estudiantes<\/span><span data-contrast=\"none\">.<\/span><span data-ccp-props=\"{&quot;335559731&quot;:708}\">\u00a0<\/span><\/p>\n<p><span data-contrast=\"none\">\u201cDada la situaci\u00f3n de contingencia actual<\/span><span data-contrast=\"none\">,<\/span> <span data-contrast=\"none\">debemos remitirnos a herramientas <\/span><span data-contrast=\"none\">tecnol\u00f3gicas para continuar con actividades que se vean reflejadas en el bien<\/span><span data-contrast=\"none\">estar<\/span> <span data-contrast=\"none\">de <\/span><span data-contrast=\"none\">nuestros <\/span><span data-contrast=\"none\">alumnos<\/span><span data-contrast=\"none\">\u201d, <\/span><span data-contrast=\"none\">manifest\u00f3.\u00a0<\/span><span data-ccp-props=\"{&quot;335559731&quot;:708}\">\u00a0<\/span><\/p>\n<p><span data-contrast=\"none\">Afirm\u00f3<\/span><span data-contrast=\"none\"> que este seminario<\/span><span data-contrast=\"none\">,<\/span><span data-contrast=\"none\"> en <\/span><span data-contrast=\"none\">el<\/span><span data-contrast=\"none\"> que los estudiantes <\/span><span data-contrast=\"none\">evidencian<\/span><span data-contrast=\"none\"> el trabajo que llevan a cabo<\/span> <span data-contrast=\"none\">y s\u00f3<\/span><span data-contrast=\"none\">lo ten\u00eda <\/span><span data-contrast=\"none\">car\u00e1cter<\/span><span data-contrast=\"none\"> local<\/span><span data-contrast=\"none\">, ahora llega a un mayor n\u00famero de personas <\/span><span data-contrast=\"none\">gracias a s<\/span><span data-contrast=\"none\">u<\/span><span data-contrast=\"none\"> difusi\u00f3n a trav\u00e9s de las redes sociales.<\/span><span data-ccp-props=\"{&quot;335559731&quot;:708}\">\u00a0<\/span><\/p>\n<p><span data-contrast=\"none\">\u201cEsperamos que <\/span><span data-contrast=\"none\">este ejercicio <\/span><span data-contrast=\"none\">les fomente<\/span><span data-contrast=\"none\"> a divulgar sus investigaciones en art\u00edculos <\/span><span data-contrast=\"none\">que puedan ser presentados en foros nacionales e internacionales\u201d, <\/span><span data-contrast=\"none\">enunci\u00f3.<\/span><span data-contrast=\"none\">\u00a0<\/span><span data-ccp-props=\"{&quot;335559731&quot;:708}\">\u00a0<\/span><\/p>\n<p><span data-contrast=\"none\">Todas las exposiciones del <\/span><span data-contrast=\"none\">8\u00ba Seminario de Investigaci\u00f3n en Ingenier\u00eda de <\/span><i><span data-contrast=\"none\">Software<\/span><\/i><span data-contrast=\"none\"> se transmitir\u00e1n a trav\u00e9s de <\/span><a href=\"https:\/\/www.youtube.com\/channel\/UCrZe3jBBQy1cSqftSLmR7FA\"><i><span data-contrast=\"none\">You<\/span><\/i><i><span data-contrast=\"none\">T<\/span><\/i><i><span data-contrast=\"none\">ube<\/span><\/i><\/a> <span data-contrast=\"none\">hasta el martes 19<\/span><span data-contrast=\"none\">,<\/span> <span data-contrast=\"none\">de 9:00 a 18:00 horas. Las participaciones incluyen una gran diversidad de temas <\/span><span data-contrast=\"none\">c<\/span><span data-contrast=\"none\">omo el<\/span> <span data-contrast=\"none\">m<\/span><span data-contrast=\"none\">odelado de <\/span><span data-contrast=\"none\">c<\/span><span data-contrast=\"none\">iberseguridad<\/span><span data-contrast=\"none\">, <\/span><span data-contrast=\"none\">e<\/span><span data-contrast=\"none\">strategias para pruebas de aplicaciones <\/span><i><span data-contrast=\"none\">w<\/span><\/i><i><span data-contrast=\"none\">eb<\/span><\/i><span data-contrast=\"none\"> y <\/span><span data-contrast=\"none\">s<\/span><span data-contrast=\"none\">istemas de control de firmas digitales.<\/span><span data-ccp-props=\"{&quot;335559731&quot;:708}\">\u00a0<\/span><\/p>\n","protected":false},"excerpt":{"rendered":"<p>Las exposiciones del 8\u00ba Seminario de Investigaci\u00f3n en Ingenier\u00eda de <em>Software<\/em> se transmiten a trav\u00e9s de <em>YouTube<\/em>, hasta el martes 19 de enero, de 9:00 a 18:00 horas<\/p>\n","protected":false},"author":1508,"featured_media":92287,"comment_status":"closed","ping_status":"closed","sticky":false,"template":"","format":"standard","meta":[],"categories":[61],"tags":[],"_links":{"self":[{"href":"https:\/\/www.uv.mx\/prensa\/wp-json\/wp\/v2\/posts\/92286"}],"collection":[{"href":"https:\/\/www.uv.mx\/prensa\/wp-json\/wp\/v2\/posts"}],"about":[{"href":"https:\/\/www.uv.mx\/prensa\/wp-json\/wp\/v2\/types\/post"}],"author":[{"embeddable":true,"href":"https:\/\/www.uv.mx\/prensa\/wp-json\/wp\/v2\/users\/1508"}],"replies":[{"embeddable":true,"href":"https:\/\/www.uv.mx\/prensa\/wp-json\/wp\/v2\/comments?post=92286"}],"version-history":[{"count":1,"href":"https:\/\/www.uv.mx\/prensa\/wp-json\/wp\/v2\/posts\/92286\/revisions"}],"predecessor-version":[{"id":92357,"href":"https:\/\/www.uv.mx\/prensa\/wp-json\/wp\/v2\/posts\/92286\/revisions\/92357"}],"wp:featuredmedia":[{"embeddable":true,"href":"https:\/\/www.uv.mx\/prensa\/wp-json\/wp\/v2\/media\/92287"}],"wp:attachment":[{"href":"https:\/\/www.uv.mx\/prensa\/wp-json\/wp\/v2\/media?parent=92286"}],"wp:term":[{"taxonomy":"category","embeddable":true,"href":"https:\/\/www.uv.mx\/prensa\/wp-json\/wp\/v2\/categories?post=92286"},{"taxonomy":"post_tag","embeddable":true,"href":"https:\/\/www.uv.mx\/prensa\/wp-json\/wp\/v2\/tags?post=92286"}],"curies":[{"name":"wp","href":"https:\/\/api.w.org\/{rel}","templated":true}]}}