{"id":92406,"date":"2021-01-22T08:00:34","date_gmt":"2021-01-22T14:00:34","guid":{"rendered":"https:\/\/www.uv.mx\/prensa\/?p=92406"},"modified":"2021-01-22T10:11:58","modified_gmt":"2021-01-22T16:11:58","slug":"alumnos-de-fcas-realizaron-proyecto-en-apoyo-de-artesanos-veracruzanos","status":"publish","type":"post","link":"https:\/\/www.uv.mx\/prensa\/banner\/alumnos-de-fcas-realizaron-proyecto-en-apoyo-de-artesanos-veracruzanos\/","title":{"rendered":"Alumnos de FCAS realizaron proyecto en apoyo de artesanos veracruzanos\u00a0"},"content":{"rendered":"<ul>\n<li data-leveltext=\"\uf0b7\" data-font=\"Symbol\" data-listid=\"2\" data-aria-posinset=\"1\" data-aria-level=\"1\"><i><span data-contrast=\"auto\">Pertenecen al grupo Ret\u00f3rica<\/span><\/i><i><span data-contrast=\"auto\">,<\/span><\/i><i><span data-contrast=\"auto\"> de la <\/span><\/i><i><span data-contrast=\"auto\">L<\/span><\/i><i><span data-contrast=\"auto\">icenciatura <\/span><\/i><i><span data-contrast=\"auto\">en<\/span><\/i><i><span data-contrast=\"auto\"> Publicidad y Relaciones P\u00fablicas<\/span><\/i><span data-ccp-props=\"{&quot;134233279&quot;:true,&quot;201341983&quot;:0,&quot;335559739&quot;:160,&quot;335559740&quot;:240}\">\u00a0<\/span><\/li>\n<li data-leveltext=\"\uf0b7\" data-font=\"Symbol\" data-listid=\"2\" data-aria-posinset=\"2\" data-aria-level=\"1\"><i><span data-contrast=\"auto\">El proyecto se titula \u201c<\/span><\/i><i><span data-contrast=\"auto\">Tlamachtli<\/span><\/i><i><span data-contrast=\"auto\">.<\/span><\/i><i><span data-contrast=\"auto\"> De nuestras manos con amor\u201d<\/span><\/i><i><span data-contrast=\"auto\">; <\/span><\/i><i><span data-contrast=\"auto\">incluye 34 piezas de artesanos de la regi\u00f3n<\/span><\/i><span data-ccp-props=\"{&quot;134233279&quot;:true,&quot;201341983&quot;:0,&quot;335559739&quot;:160,&quot;335559740&quot;:240}\">\u00a0<\/span><\/li>\n<\/ul>\n<p><span data-ccp-props=\"{&quot;201341983&quot;:0,&quot;335559739&quot;:160,&quot;335559740&quot;:240}\">\u00a0<\/span><\/p>\n<div id=\"attachment_92408\" style=\"width: 732px\" class=\"wp-caption aligncenter\"><a href=\"https:\/\/www.uv.mx\/prensa\/files\/2021\/01\/200121-CATALOGO-FCAS-1.jpg\"><img aria-describedby=\"caption-attachment-92408\" decoding=\"async\" loading=\"lazy\" class=\"size-full wp-image-92408\" src=\"https:\/\/www.uv.mx\/prensa\/files\/2021\/01\/200121-CATALOGO-FCAS-1.jpg\" alt=\"\" width=\"722\" height=\"356\" srcset=\"https:\/\/www.uv.mx\/prensa\/files\/2021\/01\/200121-CATALOGO-FCAS-1.jpg 722w, https:\/\/www.uv.mx\/prensa\/files\/2021\/01\/200121-CATALOGO-FCAS-1-300x148.jpg 300w\" sizes=\"(max-width: 722px) 100vw, 722px\" \/><\/a><p id=\"caption-attachment-92408\" class=\"wp-caption-text\">Estudiantes de FCAS presentaron el proyecto \u201cTlamachtli. De nuestras manos con amor\u201d<\/p><\/div>\n<p><span data-ccp-props=\"{&quot;201341983&quot;:0,&quot;335559739&quot;:160,&quot;335559740&quot;:240}\">\u00a0<\/span><\/p>\n<p><span data-ccp-props=\"{&quot;201341983&quot;:0,&quot;335559739&quot;:160,&quot;335559740&quot;:240}\">\u00a0<\/span><\/p>\n<p><b><i><span data-contrast=\"auto\">Claudia Peralta V\u00e1zquez<\/span><\/i><\/b><span data-ccp-props=\"{&quot;201341983&quot;:0,&quot;335559739&quot;:160,&quot;335559740&quot;:240}\">\u00a0<\/span><\/p>\n<p><b><i><span data-contrast=\"auto\">2<\/span><\/i><\/b><b><i><span data-contrast=\"auto\">2<\/span><\/i><\/b><b><i><span data-contrast=\"auto\">\/01\/<\/span><\/i><\/b><b><i><span data-contrast=\"auto\">20<\/span><\/i><\/b><b><i><span data-contrast=\"auto\">21, Xalapa, Ver.- <\/span><\/i><\/b><span data-contrast=\"auto\">Como parte de la<\/span><span data-contrast=\"auto\"> experiencia <\/span><span data-contrast=\"auto\">educativa (EE)<\/span><span data-contrast=\"auto\"> Publicidad y Relaciones P\u00fablicas para <\/span><span data-contrast=\"auto\">S<\/span><span data-contrast=\"auto\">ectores <\/span><span data-contrast=\"auto\">A<\/span><span data-contrast=\"auto\">lternativos<\/span><span data-contrast=\"auto\">, <\/span><span data-contrast=\"auto\">estudiantes que <\/span><span data-contrast=\"auto\">conforman el grupo <\/span><span data-contrast=\"auto\">Ret\u00f3rica<\/span><span data-contrast=\"auto\">,<\/span><span data-contrast=\"auto\"> de<\/span><span data-contrast=\"auto\"> la licenciatura <\/span><span data-contrast=\"auto\">en<\/span><span data-contrast=\"auto\"> Publicidad <\/span><span data-contrast=\"auto\">y Relaciones P\u00fablicas<\/span><span data-contrast=\"auto\"> de la Universidad Veracruzana (UV), elaboraron un cat\u00e1logo virtual para <\/span><span data-contrast=\"auto\">promover la venta de<\/span><span data-contrast=\"auto\"> productos<\/span><span data-contrast=\"auto\"> cread<\/span><span data-contrast=\"auto\">o<\/span><span data-contrast=\"auto\">s por artesanos del <\/span><span data-contrast=\"auto\">e<\/span><span data-contrast=\"auto\">stado de Veracruz.<\/span><span data-ccp-props=\"{&quot;201341983&quot;:0,&quot;335559739&quot;:160,&quot;335559740&quot;:240}\">\u00a0<\/span><\/p>\n<p><span data-contrast=\"auto\">\u201c<\/span><span data-contrast=\"auto\">Tlamachtli<\/span><span data-contrast=\"auto\">. <\/span><span data-contrast=\"auto\">De nuestras manos con amor\u201d, es el t\u00edtulo de<\/span><span data-contrast=\"auto\">l<\/span><span data-contrast=\"auto\"> proyecto realizado en vinculaci\u00f3n con el DIF Estatal, a trav\u00e9s de Manos Veracruzanas, el cual fue presentado el martes 19 de enero por los <\/span><span data-contrast=\"auto\">alumnos de este programa educativo (PE)<\/span><span data-contrast=\"auto\">,<\/span><span data-contrast=\"auto\"> adscrito a la <\/span><span data-contrast=\"auto\"><a href=\"https:\/\/www.uv.mx\/fcas\/\" target=\"_blank\" rel=\"noopener\">Facultad de Ciencias Administrativas y Sociales<\/a> (FCAS)<\/span><span data-contrast=\"auto\">.<\/span><span data-ccp-props=\"{&quot;201341983&quot;:0,&quot;335559739&quot;:160,&quot;335559740&quot;:240}\">\u00a0<\/span><\/p>\n<p><span data-contrast=\"auto\">Mediante <\/span><i><span data-contrast=\"auto\">Google <\/span><\/i><i><span data-contrast=\"auto\">Meet<\/span><\/i> <span data-contrast=\"auto\">y en representaci\u00f3n de <\/span><span data-contrast=\"auto\">Ret\u00f3rica, Marcos Dom\u00ednguez <\/span><span data-contrast=\"auto\">agradeci\u00f3 el apoyo del organismo asistencial y de los productores, y <\/span><span data-contrast=\"auto\">precis\u00f3<\/span><span data-contrast=\"auto\"> que <\/span><span data-contrast=\"auto\">Tlamachtli<\/span><span data-contrast=\"auto\">, cuyo significado en n\u00e1huatl es \u201cartesan\u00eda\u201d, representa un homenaje a la regi\u00f3n veracruzana<\/span><span data-contrast=\"auto\">,<\/span><span data-contrast=\"auto\"> rica en diversidad y cultura art\u00edstica.<\/span><span data-ccp-props=\"{&quot;201341983&quot;:0,&quot;335559731&quot;:708,&quot;335559739&quot;:160,&quot;335559740&quot;:240}\">\u00a0<\/span><\/p>\n<p>&nbsp;<\/p>\n<div id=\"attachment_92409\" style=\"width: 732px\" class=\"wp-caption aligncenter\"><a href=\"https:\/\/www.uv.mx\/prensa\/files\/2021\/01\/200121-CATALOGO-FCAS-2.jpg\"><img aria-describedby=\"caption-attachment-92409\" decoding=\"async\" loading=\"lazy\" class=\"size-full wp-image-92409\" src=\"https:\/\/www.uv.mx\/prensa\/files\/2021\/01\/200121-CATALOGO-FCAS-2.jpg\" alt=\"\" width=\"722\" height=\"282\" srcset=\"https:\/\/www.uv.mx\/prensa\/files\/2021\/01\/200121-CATALOGO-FCAS-2.jpg 722w, https:\/\/www.uv.mx\/prensa\/files\/2021\/01\/200121-CATALOGO-FCAS-2-300x117.jpg 300w\" sizes=\"(max-width: 722px) 100vw, 722px\" \/><\/a><p id=\"caption-attachment-92409\" class=\"wp-caption-text\">Eric Abad Esp\u00edndola destac\u00f3 que este tipo de actividades reflejan el compromiso social que la UV tiene con su comunidad<\/p><\/div>\n<p>&nbsp;<\/p>\n<p><span data-contrast=\"auto\">El cat\u00e1logo<\/span><span data-contrast=\"auto\">,<\/span><span data-contrast=\"auto\"> integrado por<\/span><span data-contrast=\"auto\"> 34 piezas <\/span><span data-contrast=\"auto\">artesanales, muchas de ellas \u00fanicas<\/span><span data-contrast=\"auto\">, ser\u00e1 entregado al DIF Estatal completamente editable para que lo utilicen en futuros proyectos y puedan i<\/span><span data-contrast=\"auto\">nsertarle nuevos productos.<\/span><span data-ccp-props=\"{&quot;201341983&quot;:0,&quot;335559731&quot;:708,&quot;335559739&quot;:160,&quot;335559740&quot;:240}\">\u00a0<\/span><\/p>\n<p><span data-contrast=\"auto\">Coment\u00f3 que<\/span><span data-contrast=\"auto\"> generalmente <\/span><span data-contrast=\"auto\">los<\/span><span data-contrast=\"auto\"> publirrelacionistas <\/span><span data-contrast=\"auto\">se enfocan en la promoci\u00f3n de grandes marcas, <\/span><span data-contrast=\"auto\">cuando <\/span><span data-contrast=\"auto\">hay sectores<\/span><span data-contrast=\"auto\"> fuera del \u00e1rea convencional que requieren <\/span><span data-contrast=\"auto\">ser impulsados<\/span><span data-contrast=\"auto\">, en este caso <\/span><span data-contrast=\"auto\">organiza<\/span><span data-contrast=\"auto\">ciones no gubernamentales (ONG<\/span><span data-contrast=\"auto\">) como <\/span><span data-contrast=\"auto\">Manos Veracruzanas.<\/span><span data-ccp-props=\"{&quot;201341983&quot;:0,&quot;335559731&quot;:708,&quot;335559739&quot;:160,&quot;335559740&quot;:240}\">\u00a0<\/span><\/p>\n<p><span data-contrast=\"auto\">Adem\u00e1s, derivado de la pandemia por el <\/span><span data-contrast=\"auto\">SARS-CoV<\/span><span data-contrast=\"auto\">-2<\/span><span data-contrast=\"auto\">, el impacto social, <\/span><span data-contrast=\"auto\">pol\u00edtic<\/span><span data-contrast=\"auto\">o<\/span><span data-contrast=\"auto\">, econ\u00f3mic<\/span><span data-contrast=\"auto\">o<\/span><span data-contrast=\"auto\"> y cultural<\/span><span data-contrast=\"auto\"> ha sido cr\u00edtico<\/span><span data-contrast=\"auto\">, situaci\u00f3n por la cual<\/span><span data-contrast=\"auto\"> idearon esta iniciativa de respaldo al sector <\/span><span data-contrast=\"auto\">productivo y <\/span><span data-contrast=\"auto\">artesanal<\/span><span data-contrast=\"auto\">.<\/span><span data-ccp-props=\"{&quot;201341983&quot;:0,&quot;335559731&quot;:708,&quot;335559739&quot;:160,&quot;335559740&quot;:240}\">\u00a0<\/span><\/p>\n<p><span data-contrast=\"auto\">\u201c<\/span><span data-contrast=\"auto\">Se busc\u00f3 crear un espacio digital <\/span><span data-contrast=\"auto\">para <\/span><span data-contrast=\"auto\">mostrar la pasi\u00f3n, trabajo y fortaleza ante esta crisis<\/span><span data-contrast=\"auto\">, <\/span><span data-contrast=\"auto\">desde la parte de <\/span><span data-contrast=\"auto\">p<\/span><span data-contrast=\"auto\">ublicidad y <\/span><span data-contrast=\"auto\">r<\/span><span data-contrast=\"auto\">elaciones <\/span><span data-contrast=\"auto\">p<\/span><span data-contrast=\"auto\">\u00fablicas los alumnos pudimos <\/span><span data-contrast=\"auto\">ayudar<\/span><span data-contrast=\"auto\">.\u201d<\/span><span data-ccp-props=\"{&quot;201341983&quot;:0,&quot;335559731&quot;:708,&quot;335559739&quot;:160,&quot;335559740&quot;:240}\">\u00a0<\/span><\/p>\n<p>&nbsp;<\/p>\n<div id=\"attachment_92410\" style=\"width: 732px\" class=\"wp-caption aligncenter\"><a href=\"https:\/\/www.uv.mx\/prensa\/files\/2021\/01\/200121-CATALOGO-FCAS-3.jpg\"><img aria-describedby=\"caption-attachment-92410\" decoding=\"async\" loading=\"lazy\" class=\"size-full wp-image-92410\" src=\"https:\/\/www.uv.mx\/prensa\/files\/2021\/01\/200121-CATALOGO-FCAS-3.jpg\" alt=\"\" width=\"722\" height=\"286\" srcset=\"https:\/\/www.uv.mx\/prensa\/files\/2021\/01\/200121-CATALOGO-FCAS-3.jpg 722w, https:\/\/www.uv.mx\/prensa\/files\/2021\/01\/200121-CATALOGO-FCAS-3-300x119.jpg 300w\" sizes=\"(max-width: 722px) 100vw, 722px\" \/><\/a><p id=\"caption-attachment-92410\" class=\"wp-caption-text\">Armando Jes\u00fas M\u00e1rquez \u00c1lvarez, coordinador de Manos Veracruzanas, y Rebeca Quintanar Barcel\u00f3, directora del DIF Estatal<\/p><\/div>\n<p>&nbsp;<\/p>\n<p><span data-contrast=\"auto\">Despu\u00e9s de varios meses de planeaci\u00f3n<\/span><span data-contrast=\"auto\">,<\/span><span data-contrast=\"auto\"> el resultado es este cat\u00e1logo<\/span> <span data-contrast=\"auto\">que <\/span><span data-contrast=\"auto\">muestra art\u00edculos decorativos y juguetes a base de madera y barro, todos ellos etiquetados<\/span><span data-contrast=\"auto\">.<\/span><span data-ccp-props=\"{&quot;201341983&quot;:0,&quot;335559731&quot;:708,&quot;335559739&quot;:160,&quot;335559740&quot;:240}\">\u00a0<\/span><\/p>\n<p><span data-contrast=\"auto\">Su<\/span><span data-contrast=\"auto\"> dise\u00f1o est\u00e1 inspirado en la entidad veracruzana y en sus diferentes regiones, pues en<\/span><span data-contrast=\"auto\"> los relieves<\/span><span data-contrast=\"auto\"> se pueden apreciar <\/span><span data-contrast=\"auto\">jerogl\u00edficos olmecas y peque\u00f1as frases escondidas en n\u00e1huatl<\/span><span data-contrast=\"auto\">.<\/span><span data-ccp-props=\"{&quot;201341983&quot;:0,&quot;335559731&quot;:708,&quot;335559739&quot;:160,&quot;335559740&quot;:240}\">\u00a0<\/span><\/p>\n<p><span data-contrast=\"auto\">Adem\u00e1s de fotograf\u00edas de alta calidad, los<\/span><span data-contrast=\"auto\"> alumnos tambi\u00e9n emplearon los colores institucionales de Manos Veracruzanas: <\/span><span data-contrast=\"auto\">rojo, naranja, gri<\/span><span data-contrast=\"auto\">s y<\/span><span data-contrast=\"auto\"> amarillo<\/span><span data-contrast=\"auto\">; mientras que en la <\/span><span data-contrast=\"auto\">portada <\/span><span data-contrast=\"auto\">resaltaron a los <\/span><span data-contrast=\"auto\">actores clave del proyecto<\/span><span data-contrast=\"auto\">: los artesanos.<\/span><span data-ccp-props=\"{&quot;201341983&quot;:0,&quot;335559731&quot;:708,&quot;335559739&quot;:160,&quot;335559740&quot;:240}\">\u00a0<\/span><\/p>\n<p><span data-contrast=\"auto\">\u201cEs un c<\/span><span data-contrast=\"auto\">at\u00e1logo digital<\/span><span data-contrast=\"auto\"> que se publicar\u00e1 y estar\u00e1 al alcance de todos para que llegue <\/span><span data-contrast=\"auto\">a m\u00e1s personas,<\/span><span data-contrast=\"auto\"> inclu<\/span><span data-contrast=\"auto\">ye <\/span><span data-contrast=\"auto\">los datos de contacto<\/span><span data-contrast=\"auto\">.<\/span><span data-contrast=\"auto\">\u201d<\/span><span data-ccp-props=\"{&quot;201341983&quot;:0,&quot;335559731&quot;:708,&quot;335559739&quot;:160,&quot;335559740&quot;:240}\">\u00a0<\/span><\/p>\n<p>&nbsp;<\/p>\n<div id=\"attachment_92411\" style=\"width: 732px\" class=\"wp-caption aligncenter\"><a href=\"https:\/\/www.uv.mx\/prensa\/files\/2021\/01\/200121-CATALOGO-FCAS-4.jpg\"><img aria-describedby=\"caption-attachment-92411\" decoding=\"async\" loading=\"lazy\" class=\"size-full wp-image-92411\" src=\"https:\/\/www.uv.mx\/prensa\/files\/2021\/01\/200121-CATALOGO-FCAS-4.jpg\" alt=\"\" width=\"722\" height=\"359\" srcset=\"https:\/\/www.uv.mx\/prensa\/files\/2021\/01\/200121-CATALOGO-FCAS-4.jpg 722w, https:\/\/www.uv.mx\/prensa\/files\/2021\/01\/200121-CATALOGO-FCAS-4-300x149.jpg 300w\" sizes=\"(max-width: 722px) 100vw, 722px\" \/><\/a><p id=\"caption-attachment-92411\" class=\"wp-caption-text\">Hugo Garizurieta Bernab\u00e9, responsable de la EE Publicidad y Relaciones P\u00fablicas para Sectores Alternativos<\/p><\/div>\n<p>&nbsp;<\/p>\n<p><span data-contrast=\"auto\">En su intervenci\u00f3n, <\/span><span data-contrast=\"auto\">Eric Abad Esp\u00edndola, director de FCAS,<\/span><span data-contrast=\"auto\"> destac\u00f3 que este tipo de actividades reflejan <\/span><span data-contrast=\"auto\">el compromiso social que la UV \u2013<\/span><span data-contrast=\"auto\">como instituci\u00f3n de educaci\u00f3n superior p\u00fablica<\/span><span data-contrast=\"auto\">\u2013<\/span><span data-contrast=\"auto\"> tiene con su comunidad en <\/span><span data-contrast=\"auto\">un <\/span><span data-contrast=\"auto\">tema<\/span><span data-contrast=\"auto\"> tan<\/span><span data-contrast=\"auto\"> sensible <\/span><span data-contrast=\"auto\">relacionad<\/span><span data-contrast=\"auto\">a<\/span><span data-contrast=\"auto\"> con el <\/span><span data-contrast=\"auto\">arte<\/span><span data-contrast=\"auto\">.<\/span><span data-ccp-props=\"{&quot;201341983&quot;:0,&quot;335559731&quot;:708,&quot;335559739&quot;:160,&quot;335559740&quot;:240}\">\u00a0<\/span><\/p>\n<p><span data-contrast=\"auto\">De igual forma, <\/span><span data-contrast=\"auto\">tambi\u00e9n abre la reflexi\u00f3n hacia la posible intervenci\u00f3n del profesional de la <\/span><span data-contrast=\"auto\">P<\/span><span data-contrast=\"auto\">ublicidad y Relaciones P\u00fablicas en este campo emergente como apoyo para el desarrollo local, artesanal y econ\u00f3mico de la regi\u00f3n<\/span><span data-contrast=\"auto\">, subray\u00f3.<\/span><span data-ccp-props=\"{&quot;201341983&quot;:0,&quot;335559731&quot;:708,&quot;335559739&quot;:160,&quot;335559740&quot;:240}\">\u00a0<\/span><\/p>\n<p><span data-contrast=\"auto\">Rebeca Quintanar Barcel\u00f3, directora del DIF Estatal,<\/span><span data-contrast=\"auto\"> reconoci\u00f3 la iniciativa universitaria<\/span><span data-contrast=\"auto\"> y<\/span> <span data-contrast=\"auto\">pertinente <\/span><span data-contrast=\"auto\">con los cambios originados por la pandemia que obligan a reinventarse diariamente.<\/span><span data-ccp-props=\"{&quot;201341983&quot;:0,&quot;335559731&quot;:708,&quot;335559739&quot;:160,&quot;335559740&quot;:240}\">\u00a0<\/span><\/p>\n<p><span data-contrast=\"auto\">\u201c<\/span><span data-contrast=\"auto\">Se ha vuelto imperativo capacitarse y abrirse pas<\/span><span data-contrast=\"auto\">o<\/span><span data-contrast=\"auto\"> a trav\u00e9s de los nuevos canales digitales de comunicaci\u00f3n que cada d\u00eda crecen y se modifican<\/span><span data-contrast=\"auto\">.<\/span><span data-contrast=\"auto\">\u201d<\/span><span data-ccp-props=\"{&quot;201341983&quot;:0,&quot;335559731&quot;:708,&quot;335559739&quot;:160,&quot;335559740&quot;:240}\">\u00a0<\/span><\/p>\n<p>&nbsp;<\/p>\n<div id=\"attachment_92412\" style=\"width: 732px\" class=\"wp-caption aligncenter\"><a href=\"https:\/\/www.uv.mx\/prensa\/files\/2021\/01\/200121-CATALOGO-FCAS-5.jpg\"><img aria-describedby=\"caption-attachment-92412\" decoding=\"async\" loading=\"lazy\" class=\"size-full wp-image-92412\" src=\"https:\/\/www.uv.mx\/prensa\/files\/2021\/01\/200121-CATALOGO-FCAS-5.jpg\" alt=\"\" width=\"722\" height=\"357\" srcset=\"https:\/\/www.uv.mx\/prensa\/files\/2021\/01\/200121-CATALOGO-FCAS-5.jpg 722w, https:\/\/www.uv.mx\/prensa\/files\/2021\/01\/200121-CATALOGO-FCAS-5-300x148.jpg 300w\" sizes=\"(max-width: 722px) 100vw, 722px\" \/><\/a><p id=\"caption-attachment-92412\" class=\"wp-caption-text\">Fernando de Jes\u00fas Dom\u00ednguez Pozos, jefe de carrera del PE<\/p><\/div>\n<p>&nbsp;<\/p>\n<p><span data-contrast=\"auto\">En este tenor, reiter\u00f3 su agradecimiento a los estudiantes<\/span><span data-contrast=\"auto\">,<\/span><span data-contrast=\"auto\"> quienes enfocaron <\/span><span data-contrast=\"auto\">sus intereses en <\/span><span data-contrast=\"auto\">dicho<\/span><span data-contrast=\"auto\"> proyecto que tiene como <\/span><span data-contrast=\"auto\">prop\u00f3sito <\/span><span data-contrast=\"auto\">preservar e impulsar productos y servicios de tan importante rubro de la sociedad cultural<\/span><span data-contrast=\"auto\">,<\/span><span data-contrast=\"auto\"> con la realizaci\u00f3n de uno de los primeros cat\u00e1logos virtuales<\/span><span data-contrast=\"auto\">.<\/span><span data-ccp-props=\"{&quot;201341983&quot;:0,&quot;335559731&quot;:708,&quot;335559739&quot;:160,&quot;335559740&quot;:240}\">\u00a0<\/span><\/p>\n<p><span data-contrast=\"auto\">Enseguida, <\/span><span data-contrast=\"auto\">Hugo <\/span><span data-contrast=\"auto\">Garizurieta<\/span><span data-contrast=\"auto\"> Bernab\u00e9<\/span><span data-contrast=\"auto\">,<\/span><span data-contrast=\"auto\"> responsable de la <\/span><span data-contrast=\"auto\">EE<\/span><span data-contrast=\"auto\"> Publicidad y Relaciones P\u00fablicas para <\/span><span data-contrast=\"auto\">S<\/span><span data-contrast=\"auto\">ectores <\/span><span data-contrast=\"auto\">A<\/span><span data-contrast=\"auto\">lternativos<\/span><span data-contrast=\"auto\">, habl\u00f3 de la importancia de formar estudiantes con responsabilidad social<\/span><span data-contrast=\"auto\"> y de <\/span><span data-contrast=\"auto\">vincularlos<\/span><span data-contrast=\"auto\"> a la soluci\u00f3n de problem\u00e1ticas <\/span><span data-contrast=\"auto\">reales propia<\/span><span data-contrast=\"auto\">s de la<\/span><span data-contrast=\"auto\"> comunidad.<\/span><span data-ccp-props=\"{&quot;201341983&quot;:0,&quot;335559731&quot;:708,&quot;335559739&quot;:160,&quot;335559740&quot;:240}\">\u00a0<\/span><\/p>\n<p><span data-contrast=\"auto\">\u201cSu entusiasmo se vio reflejado y vieron m\u00e1s all\u00e1 de la sociedad<\/span><span data-contrast=\"auto\">, s<\/span><span data-contrast=\"auto\">iempre fueron muy solidarios con la pandemia y desde el inicio pensaron en este sector<\/span><span data-contrast=\"auto\">.\u201d<\/span><span data-ccp-props=\"{&quot;201341983&quot;:0,&quot;335559731&quot;:708,&quot;335559739&quot;:160,&quot;335559740&quot;:240}\">\u00a0<\/span><\/p>\n<p>&nbsp;<\/p>\n<div id=\"attachment_92413\" style=\"width: 732px\" class=\"wp-caption aligncenter\"><a href=\"https:\/\/www.uv.mx\/prensa\/files\/2021\/01\/200121-CATALOGO-FCAS-6.jpg\"><img aria-describedby=\"caption-attachment-92413\" decoding=\"async\" loading=\"lazy\" class=\"size-full wp-image-92413\" src=\"https:\/\/www.uv.mx\/prensa\/files\/2021\/01\/200121-CATALOGO-FCAS-6.jpg\" alt=\"\" width=\"722\" height=\"357\" srcset=\"https:\/\/www.uv.mx\/prensa\/files\/2021\/01\/200121-CATALOGO-FCAS-6.jpg 722w, https:\/\/www.uv.mx\/prensa\/files\/2021\/01\/200121-CATALOGO-FCAS-6-300x148.jpg 300w\" sizes=\"(max-width: 722px) 100vw, 722px\" \/><\/a><p id=\"caption-attachment-92413\" class=\"wp-caption-text\">El cat\u00e1logo est\u00e1 integrado por 34 piezas artesanales<\/p><\/div>\n<p>&nbsp;<\/p>\n<p><span data-contrast=\"auto\">En tanto, Fernando de Jes\u00fas Dom\u00ednguez Pozos, jefe de carrera del PE, felicit\u00f3 <\/span><span data-contrast=\"auto\">a los estudiantes <\/span><span data-contrast=\"auto\">por esta acci\u00f3n y recalc\u00f3 que el mensaje <\/span><span data-contrast=\"auto\">para los publirrelacionistas <\/span><span data-contrast=\"auto\">en<\/span><span data-contrast=\"auto\"> esta crisis sanitaria y econ\u00f3mica<\/span><span data-contrast=\"auto\">,<\/span><span data-contrast=\"auto\"> es la inserci\u00f3n y vinculaci\u00f3n con <\/span><span data-contrast=\"auto\">aquellos<\/span><span data-contrast=\"auto\"> grupos que requieren del trabajo de <\/span><span data-contrast=\"auto\">dicha<\/span><span data-contrast=\"auto\"> \u00e1rea.<\/span><span data-ccp-props=\"{&quot;201341983&quot;:0,&quot;335559731&quot;:708,&quot;335559739&quot;:160,&quot;335559740&quot;:240}\">\u00a0<\/span><\/p>\n<p><span data-contrast=\"auto\">\u201cEst\u00e1 en los objetivos de la carrera, estas estrategias de comunicaci\u00f3n desarrolladas a trav\u00e9s de medios digit<\/span><span data-contrast=\"auto\">ales son sumamente importantes.\u201d<\/span><span data-ccp-props=\"{&quot;201341983&quot;:0,&quot;335559731&quot;:708,&quot;335559739&quot;:160,&quot;335559740&quot;:240}\">\u00a0<\/span><\/p>\n<p><span data-contrast=\"auto\">A este reconocimiento se sum\u00f3 <\/span><span data-contrast=\"auto\">Armando Jes\u00fas M\u00e1rquez \u00c1lvarez, coordinador de Manos Veracruzanas<\/span><span data-contrast=\"auto\">, quien confi\u00f3 en que esta iniciativa trascender\u00e1 m\u00e1s all\u00e1 de la pr\u00e1ctica universitaria, pues es un aliciente para los artesanos que enfrentan actualmente una condici\u00f3n de incertidumbre econ\u00f3mica.<\/span><span data-ccp-props=\"{&quot;201341983&quot;:0,&quot;335559731&quot;:708,&quot;335559739&quot;:160,&quot;335559740&quot;:240}\">\u00a0<\/span><\/p>\n<p><span data-contrast=\"auto\">En el acto virtual<\/span><span data-contrast=\"auto\"> tambi\u00e9n estuvieron: <\/span><span data-contrast=\"auto\">Karina <\/span><span data-contrast=\"auto\">Culebro<\/span><span data-contrast=\"auto\"> Castillo y <\/span><span data-contrast=\"auto\">Patsy<\/span><span data-contrast=\"auto\"> Edith <\/span><span data-contrast=\"auto\">Xilotl<\/span><span data-contrast=\"auto\"> Melo<\/span><span data-contrast=\"auto\">,<\/span> <span data-contrast=\"auto\">s<\/span><span data-contrast=\"auto\">ecretaria <\/span><span data-contrast=\"auto\">y <\/span><span data-contrast=\"auto\">coordinadora de Vinculaci\u00f3n<\/span><span data-contrast=\"auto\"> de FCAS, respectivamente.<\/span><span data-ccp-props=\"{&quot;201341983&quot;:0,&quot;335559739&quot;:160,&quot;335559740&quot;:240}\">\u00a0<\/span><\/p>\n<p><span data-ccp-props=\"{&quot;201341983&quot;:0,&quot;335559739&quot;:160,&quot;335559740&quot;:240}\">\u00a0<\/span><\/p>\n<div id=\"attachment_92414\" style=\"width: 732px\" class=\"wp-caption aligncenter\"><a href=\"https:\/\/www.uv.mx\/prensa\/files\/2021\/01\/200121-CATALOGO-FCAS-7.jpg\"><img aria-describedby=\"caption-attachment-92414\" decoding=\"async\" loading=\"lazy\" class=\"size-full wp-image-92414\" src=\"https:\/\/www.uv.mx\/prensa\/files\/2021\/01\/200121-CATALOGO-FCAS-7.jpg\" alt=\"\" width=\"722\" height=\"357\" srcset=\"https:\/\/www.uv.mx\/prensa\/files\/2021\/01\/200121-CATALOGO-FCAS-7.jpg 722w, https:\/\/www.uv.mx\/prensa\/files\/2021\/01\/200121-CATALOGO-FCAS-7-300x148.jpg 300w\" sizes=\"(max-width: 722px) 100vw, 722px\" \/><\/a><p id=\"caption-attachment-92414\" class=\"wp-caption-text\">Muchas de las piezas del cat\u00e1logo son \u00fanicas, hechas a base de madera y barro<\/p><\/div>\n","protected":false},"excerpt":{"rendered":"<p>\u201cTlamachtli. De nuestras manos con amor\u201d es el t\u00edtulo del proyecto realizado en vinculaci\u00f3n con el DIF Estatal, a trav\u00e9s de Manos Veracruzanas\u00a0<\/p>\n","protected":false},"author":1869,"featured_media":92407,"comment_status":"closed","ping_status":"closed","sticky":false,"template":"","format":"standard","meta":[],"categories":[61],"tags":[],"_links":{"self":[{"href":"https:\/\/www.uv.mx\/prensa\/wp-json\/wp\/v2\/posts\/92406"}],"collection":[{"href":"https:\/\/www.uv.mx\/prensa\/wp-json\/wp\/v2\/posts"}],"about":[{"href":"https:\/\/www.uv.mx\/prensa\/wp-json\/wp\/v2\/types\/post"}],"author":[{"embeddable":true,"href":"https:\/\/www.uv.mx\/prensa\/wp-json\/wp\/v2\/users\/1869"}],"replies":[{"embeddable":true,"href":"https:\/\/www.uv.mx\/prensa\/wp-json\/wp\/v2\/comments?post=92406"}],"version-history":[{"count":1,"href":"https:\/\/www.uv.mx\/prensa\/wp-json\/wp\/v2\/posts\/92406\/revisions"}],"predecessor-version":[{"id":92437,"href":"https:\/\/www.uv.mx\/prensa\/wp-json\/wp\/v2\/posts\/92406\/revisions\/92437"}],"wp:featuredmedia":[{"embeddable":true,"href":"https:\/\/www.uv.mx\/prensa\/wp-json\/wp\/v2\/media\/92407"}],"wp:attachment":[{"href":"https:\/\/www.uv.mx\/prensa\/wp-json\/wp\/v2\/media?parent=92406"}],"wp:term":[{"taxonomy":"category","embeddable":true,"href":"https:\/\/www.uv.mx\/prensa\/wp-json\/wp\/v2\/categories?post=92406"},{"taxonomy":"post_tag","embeddable":true,"href":"https:\/\/www.uv.mx\/prensa\/wp-json\/wp\/v2\/tags?post=92406"}],"curies":[{"name":"wp","href":"https:\/\/api.w.org\/{rel}","templated":true}]}}