{"id":92741,"date":"2021-01-31T07:59:07","date_gmt":"2021-01-31T13:59:07","guid":{"rendered":"https:\/\/www.uv.mx\/prensa\/?p=92741"},"modified":"2021-11-08T08:45:42","modified_gmt":"2021-11-08T14:45:42","slug":"obra-de-jacobo-rauskin-presenta-al-poeta-como-un-actor-determinante","status":"publish","type":"post","link":"https:\/\/www.uv.mx\/prensa\/banner\/obra-de-jacobo-rauskin-presenta-al-poeta-como-un-actor-determinante\/","title":{"rendered":"Obra de Jacobo Rauskin presenta al poeta como un actor determinante"},"content":{"rendered":"<ul>\n<li data-leveltext=\"\uf0b7\" data-font=\"Symbol\" data-listid=\"5\" data-aria-posinset=\"1\" data-aria-level=\"1\"><i><span data-contrast=\"auto\">Publicad<\/span><\/i><i><span data-contrast=\"auto\">o<\/span><\/i><i><span data-contrast=\"auto\"> por la Editorial UV,\u00a0<\/span><\/i><span data-contrast=\"auto\">Se\u00f1ales en el Sur<\/span><i><span data-contrast=\"auto\"> fue presentad<\/span><\/i><i><span data-contrast=\"auto\">o<\/span><\/i><i><span data-contrast=\"auto\"> el 29 de enero dentro de la <\/span><\/i><i><span data-contrast=\"auto\">1era Feria Internacional del Libro Universitario Virtual<\/span><\/i><span data-ccp-props=\"{}\">\u00a0<\/span><\/li>\n<li data-leveltext=\"\uf0b7\" data-font=\"Symbol\" data-listid=\"5\" data-aria-posinset=\"2\" data-aria-level=\"1\"><i><span data-contrast=\"auto\">El volumen, asegur\u00f3 el autor,\u00a0recuerda mucho el entorno de la guerra civil paraguaya, un ambiente de tensi\u00f3n y exilio<\/span><\/i><span data-ccp-props=\"{}\">\u00a0<\/span><\/li>\n<\/ul>\n<p>&nbsp;<\/p>\n<div id=\"attachment_92744\" style=\"width: 732px\" class=\"wp-caption aligncenter\"><a href=\"https:\/\/www.uv.mx\/prensa\/files\/2021\/01\/310121-Jacobo-Rauskin-1.jpg\"><img aria-describedby=\"caption-attachment-92744\" decoding=\"async\" loading=\"lazy\" class=\"size-full wp-image-92744\" src=\"https:\/\/www.uv.mx\/prensa\/files\/2021\/01\/310121-Jacobo-Rauskin-1.jpg\" alt=\"\" width=\"722\" height=\"481\" srcset=\"https:\/\/www.uv.mx\/prensa\/files\/2021\/01\/310121-Jacobo-Rauskin-1.jpg 722w, https:\/\/www.uv.mx\/prensa\/files\/2021\/01\/310121-Jacobo-Rauskin-1-300x200.jpg 300w\" sizes=\"(max-width: 722px) 100vw, 722px\" \/><\/a><p id=\"caption-attachment-92744\" class=\"wp-caption-text\">Jacobo Rauskin<\/p><\/div>\n<p>&nbsp;<\/p>\n<p><b><i><span data-contrast=\"auto\">Carlos Hugo Hermida Rosales<\/span><\/i><\/b><span data-ccp-props=\"{}\">\u00a0<\/span><\/p>\n<p><span data-ccp-props=\"{}\">\u00a0<\/span><b><i><span data-contrast=\"auto\">31\/01<\/span><\/i><\/b><b><i><span data-contrast=\"auto\">\/202<\/span><\/i><\/b><b><i><span data-contrast=\"auto\">1<\/span><\/i><\/b><b><i><span data-contrast=\"auto\">,<\/span><\/i><\/b> <b><i><span data-contrast=\"auto\">Xalapa, Ver.-<\/span><\/i><\/b> <i><span data-contrast=\"auto\">Se\u00f1ales en el Sur<\/span><\/i><span data-contrast=\"auto\">, <\/span><span data-contrast=\"auto\">volumen\u00a0<\/span><span data-contrast=\"auto\">que abarca la obra po\u00e9tica de Jacobo <\/span><span data-contrast=\"auto\">R<\/span><span data-contrast=\"auto\">auski<\/span><span data-contrast=\"auto\">n<\/span><span data-contrast=\"auto\">, fue la primer<\/span><span data-contrast=\"auto\">a presentaci\u00f3n <\/span><span data-contrast=\"auto\">bajo<\/span><span data-contrast=\"auto\"> el sello de <\/span><span data-contrast=\"auto\">la <\/span><span data-contrast=\"auto\">E<\/span><span data-contrast=\"auto\">ditorial de la U<\/span><span data-contrast=\"auto\">niversidad Veracruzana (UV)<\/span><span data-contrast=\"auto\"> que tuvo lugar en<\/span><span data-contrast=\"auto\"> la <\/span><a href=\"https:\/\/filu.uv.mx\/\"><span data-contrast=\"none\">1era Feria Internacional del Libro Universitario Virtual<\/span><\/a><span data-contrast=\"auto\"> (FILU Virtual)<\/span><span data-contrast=\"auto\">, la tarde del viernes 29 de enero.<\/span><span data-ccp-props=\"{}\">\u00a0<\/span><\/p>\n<p><span data-contrast=\"auto\">Este evento cont\u00f3 con la presencia de<\/span><span data-contrast=\"auto\">l autor, acompa\u00f1ado de<\/span><span data-contrast=\"auto\">\u00a0<\/span><span data-contrast=\"auto\">\u00c9dgar Garc\u00eda Valencia<\/span><span data-contrast=\"auto\">, director de la Editorial de<\/span><span data-contrast=\"auto\"> la UV<\/span><span data-contrast=\"auto\">,\u00a0<\/span><span data-contrast=\"auto\">y del poeta\u00a0<\/span><span data-contrast=\"auto\">Roberto Arizmendi<\/span><span data-contrast=\"auto\">.<\/span><span data-ccp-props=\"{&quot;335559731&quot;:708}\">\u00a0<\/span><\/p>\n<p><span data-contrast=\"auto\">Garc\u00eda Valencia afirm\u00f3 que Jacobo <\/span><span data-contrast=\"auto\">Ra<\/span><span data-contrast=\"auto\">u<\/span><span data-contrast=\"auto\">skin<\/span><span data-contrast=\"auto\"> escribe poemas con una din\u00e1mica diferente, y que su poes\u00eda est\u00e1 muy en contacto con la sociedad, <\/span><span data-contrast=\"auto\">ya que contie<\/span><span data-contrast=\"auto\">n<\/span><span data-contrast=\"auto\">e<\/span><span data-contrast=\"auto\">\u00a0<\/span><span data-contrast=\"auto\">detalles significativos y elementales<\/span><span data-contrast=\"auto\">\u00a0sobre la misma<\/span><span data-contrast=\"auto\">.<\/span><span data-ccp-props=\"{&quot;335559731&quot;:708}\">\u00a0<\/span><\/p>\n<p><span data-contrast=\"auto\">Para\u00a0<\/span><span data-contrast=\"auto\">Roberto Arizmendi<\/span><span data-contrast=\"auto\">, <\/span><span data-contrast=\"auto\">Ra<\/span><span data-contrast=\"auto\">u<\/span><span data-contrast=\"auto\">skin<\/span><span data-contrast=\"auto\"> entiende que la poes\u00eda es una forma de vivir la vida y actuar sobre la realidad<\/span><span data-contrast=\"auto\">;\u00a0<\/span><span data-contrast=\"auto\">de<\/span><span data-contrast=\"auto\"> esta manera<\/span><span data-contrast=\"auto\">,<\/span><span data-contrast=\"auto\"> el poeta es <\/span><span data-contrast=\"auto\">un\u00a0<\/span><span data-contrast=\"auto\">actor determinante y no s<\/span><span data-contrast=\"auto\">\u00f3<\/span><span data-contrast=\"auto\">lo <\/span><span data-contrast=\"auto\">funge como\u00a0<\/span><span data-contrast=\"auto\">observador.<\/span><span data-ccp-props=\"{&quot;335559731&quot;:708}\">\u00a0<\/span><\/p>\n<p>&nbsp;<\/p>\n<div id=\"attachment_92742\" style=\"width: 732px\" class=\"wp-caption aligncenter\"><a href=\"https:\/\/www.uv.mx\/prensa\/files\/2021\/01\/310121-Jacobo-Rauskin-2.jpg\"><img aria-describedby=\"caption-attachment-92742\" decoding=\"async\" loading=\"lazy\" class=\"size-full wp-image-92742\" src=\"https:\/\/www.uv.mx\/prensa\/files\/2021\/01\/310121-Jacobo-Rauskin-2.jpg\" alt=\"\" width=\"722\" height=\"481\" srcset=\"https:\/\/www.uv.mx\/prensa\/files\/2021\/01\/310121-Jacobo-Rauskin-2.jpg 722w, https:\/\/www.uv.mx\/prensa\/files\/2021\/01\/310121-Jacobo-Rauskin-2-300x200.jpg 300w\" sizes=\"(max-width: 722px) 100vw, 722px\" \/><\/a><p id=\"caption-attachment-92742\" class=\"wp-caption-text\">\u00c9dgar Garc\u00eda Valencia<\/p><\/div>\n<p>&nbsp;<\/p>\n<p><span data-contrast=\"auto\">\u201cSi alguien en la historia no puede quedarse callado es el poeta, porque la poes\u00eda es voz, esencia<\/span><span data-contrast=\"auto\">,<\/span><span data-contrast=\"auto\"> juicio<\/span><span data-contrast=\"auto\">,<\/span><span data-contrast=\"auto\"> reflexi\u00f3n y b\u00fasqueda en medio de lo ordinario y cotidiano, sea que nos altere<\/span><span data-contrast=\"auto\"> o<\/span><span data-contrast=\"auto\"> nos exalte de alegr\u00eda\u201d<\/span><span data-contrast=\"auto\">, manifest\u00f3.<\/span><span data-ccp-props=\"{&quot;335559731&quot;:708}\">\u00a0<\/span><\/p>\n<p><span data-contrast=\"auto\">Jacobo <\/span><span data-contrast=\"auto\">Ra<\/span><span data-contrast=\"auto\">u<\/span><span data-contrast=\"auto\">skin<\/span><span data-contrast=\"auto\">\u00a0<\/span><span data-contrast=\"auto\">agradeci\u00f3 las palabras de <\/span><span data-contrast=\"auto\">los dos presentadores, al tiempo que adujo: <\/span><span data-contrast=\"auto\">los poetas constituyen un grupo <\/span><span data-contrast=\"auto\">a<\/span><span data-contrast=\"auto\">l que cualquier sociedad puede confiar el uso de la palabra<\/span><span data-contrast=\"auto\">:<\/span> <span data-contrast=\"auto\">\u201cLos poetas usan la palabra en funci\u00f3n de cosas, ideas y al<\/span><span data-contrast=\"auto\">go que la justifica\u201d.<\/span><span data-ccp-props=\"{&quot;335559731&quot;:708}\">\u00a0<\/span><\/p>\n<p><span data-contrast=\"auto\">Explic\u00f3 que <\/span><i><span data-contrast=\"auto\">Se\u00f1ales en el Sur<\/span><\/i><span data-contrast=\"auto\"> recuerda mucho el entorno de la guerra civil paraguaya, un ambiente de tensi\u00f3n y exilio.\u00a0<\/span><span data-ccp-props=\"{&quot;335559731&quot;:708}\">\u00a0<\/span><\/p>\n<p><span data-contrast=\"auto\">\u201c<\/span><span data-contrast=\"auto\">L<\/span><span data-contrast=\"auto\">os poetas puede<\/span><span data-contrast=\"auto\">n <\/span><span data-contrast=\"auto\">usar un idioma de todos y decir<\/span><span data-contrast=\"auto\">,<\/span><span data-contrast=\"auto\"> en un lenguaje que <\/span><span data-contrast=\"auto\">mucha <\/span><span data-contrast=\"auto\">gente puede comprender<\/span><span data-contrast=\"auto\">, una verdad que f<\/span><span data-contrast=\"auto\">uera de la poes\u00eda tiene sentido<\/span><span data-contrast=\"auto\">\u201d<\/span><span data-contrast=\"auto\">, concluy\u00f3.<\/span><span data-contrast=\"auto\">\u00a0<\/span><span data-ccp-props=\"{&quot;335559731&quot;:708}\">\u00a0<\/span><\/p>\n<p>&nbsp;<\/p>\n<div id=\"attachment_92745\" style=\"width: 733px\" class=\"wp-caption aligncenter\"><a href=\"https:\/\/www.uv.mx\/prensa\/files\/2021\/01\/310121-Jacobo-Rauskin-3.jpg\"><img aria-describedby=\"caption-attachment-92745\" decoding=\"async\" loading=\"lazy\" class=\"size-full wp-image-92745\" src=\"https:\/\/www.uv.mx\/prensa\/files\/2021\/01\/310121-Jacobo-Rauskin-3.jpg\" alt=\"\" width=\"723\" height=\"481\" srcset=\"https:\/\/www.uv.mx\/prensa\/files\/2021\/01\/310121-Jacobo-Rauskin-3.jpg 723w, https:\/\/www.uv.mx\/prensa\/files\/2021\/01\/310121-Jacobo-Rauskin-3-300x200.jpg 300w\" sizes=\"(max-width: 723px) 100vw, 723px\" \/><\/a><p id=\"caption-attachment-92745\" class=\"wp-caption-text\">Roberto Arizmendi<\/p><\/div>\n","protected":false},"excerpt":{"rendered":"<p>Su libro <em>Se\u00f1ales en el sur<\/em>, publicado por la Editorial UV, fue presentado en la Feria Internacional del Libro Universitario Virtual <\/p>\n","protected":false},"author":1508,"featured_media":92743,"comment_status":"closed","ping_status":"closed","sticky":false,"template":"","format":"standard","meta":[],"categories":[5128,61],"tags":[],"_links":{"self":[{"href":"https:\/\/www.uv.mx\/prensa\/wp-json\/wp\/v2\/posts\/92741"}],"collection":[{"href":"https:\/\/www.uv.mx\/prensa\/wp-json\/wp\/v2\/posts"}],"about":[{"href":"https:\/\/www.uv.mx\/prensa\/wp-json\/wp\/v2\/types\/post"}],"author":[{"embeddable":true,"href":"https:\/\/www.uv.mx\/prensa\/wp-json\/wp\/v2\/users\/1508"}],"replies":[{"embeddable":true,"href":"https:\/\/www.uv.mx\/prensa\/wp-json\/wp\/v2\/comments?post=92741"}],"version-history":[{"count":1,"href":"https:\/\/www.uv.mx\/prensa\/wp-json\/wp\/v2\/posts\/92741\/revisions"}],"predecessor-version":[{"id":92755,"href":"https:\/\/www.uv.mx\/prensa\/wp-json\/wp\/v2\/posts\/92741\/revisions\/92755"}],"wp:featuredmedia":[{"embeddable":true,"href":"https:\/\/www.uv.mx\/prensa\/wp-json\/wp\/v2\/media\/92743"}],"wp:attachment":[{"href":"https:\/\/www.uv.mx\/prensa\/wp-json\/wp\/v2\/media?parent=92741"}],"wp:term":[{"taxonomy":"category","embeddable":true,"href":"https:\/\/www.uv.mx\/prensa\/wp-json\/wp\/v2\/categories?post=92741"},{"taxonomy":"post_tag","embeddable":true,"href":"https:\/\/www.uv.mx\/prensa\/wp-json\/wp\/v2\/tags?post=92741"}],"curies":[{"name":"wp","href":"https:\/\/api.w.org\/{rel}","templated":true}]}}