{"id":92763,"date":"2021-02-02T16:14:42","date_gmt":"2021-02-02T22:14:42","guid":{"rendered":"https:\/\/www.uv.mx\/prensa\/?p=92763"},"modified":"2021-02-09T14:32:11","modified_gmt":"2021-02-09T20:32:11","slug":"manejo-de-la-tecnologia-maximo-reto-la-ensenanza-del-jazz","status":"publish","type":"post","link":"https:\/\/www.uv.mx\/prensa\/cultura\/manejo-de-la-tecnologia-maximo-reto-la-ensenanza-del-jazz\/","title":{"rendered":"Manejo\u00a0de la tecnolog\u00eda, m\u00e1ximo\u00a0reto\u00a0en la ense\u00f1anza del jazz\u00a0"},"content":{"rendered":"<ul>\n<li><i><span data-contrast=\"auto\">Ante recursos\u00a0<\/span><\/i><i><span data-contrast=\"auto\">tecnol\u00f3gicos en constante cambio<\/span><\/i><i><span data-contrast=\"auto\">,\u00a0<\/span><\/i><i><span data-contrast=\"auto\">los<\/span><\/i><i><span data-contrast=\"auto\">\u00a0<\/span><\/i><i><span data-contrast=\"auto\">acad\u00e9mico<\/span><\/i><i><span data-contrast=\"auto\">s<\/span><\/i><i><span data-contrast=\"auto\">\u00a0debe a<\/span><\/i><i><span data-contrast=\"auto\">daptar su sistema de ense\u00f1anza,\u00a0<\/span><\/i><i><span data-contrast=\"auto\">coincidieron especialistas durante el conversatorio \u201cLa ense\u00f1anza del jazz en tiempos de confinamiento\u201d<\/span><\/i><span data-ccp-props=\"{&quot;134233279&quot;:true}\">\u00a0<\/span><\/li>\n<\/ul>\n<p><span data-ccp-props=\"{&quot;134233279&quot;:true,&quot;335559685&quot;:720}\">\u00a0<\/span><\/p>\n<div id=\"attachment_92767\" style=\"width: 730px\" class=\"wp-caption aligncenter\"><a href=\"https:\/\/www.uv.mx\/prensa\/files\/2021\/02\/020221-Conversatorio-Jazz-1.jpg\"><img aria-describedby=\"caption-attachment-92767\" decoding=\"async\" loading=\"lazy\" class=\"size-full wp-image-92767\" src=\"https:\/\/www.uv.mx\/prensa\/files\/2021\/02\/020221-Conversatorio-Jazz-1.jpg\" alt=\"\" width=\"720\" height=\"411\" srcset=\"https:\/\/www.uv.mx\/prensa\/files\/2021\/02\/020221-Conversatorio-Jazz-1.jpg 720w, https:\/\/www.uv.mx\/prensa\/files\/2021\/02\/020221-Conversatorio-Jazz-1-300x171.jpg 300w\" sizes=\"(max-width: 720px) 100vw, 720px\" \/><\/a><p id=\"caption-attachment-92767\" class=\"wp-caption-text\">El periodista Xavier\u00a0Quirarte, moderador\u00a0del conversatorio<\/p><\/div>\n<p><span data-ccp-props=\"{&quot;134233279&quot;:true,&quot;335559685&quot;:720}\">\u00a0<\/span><\/p>\n<p><b><i><span data-contrast=\"auto\">Jorge V\u00e1zquez Pacheco<\/span><\/i><\/b><span data-ccp-props=\"{&quot;134233279&quot;:true,&quot;335559685&quot;:720}\">\u00a0<\/span><\/p>\n<p><b><i><span data-contrast=\"auto\">02<\/span><\/i><\/b><b><i><span data-contrast=\"auto\">\/<\/span><\/i><\/b><b><i><span data-contrast=\"auto\">0<\/span><\/i><\/b><b><i><span data-contrast=\"auto\">2<\/span><\/i><\/b><b><i><span data-contrast=\"auto\">\/202<\/span><\/i><\/b><b><i><span data-contrast=\"auto\">1<\/span><\/i><\/b><b><i><span data-contrast=\"auto\">,<\/span><\/i><\/b><b><i><span data-contrast=\"auto\">\u00a0<\/span><\/i><\/b><b><i><span data-contrast=\"auto\">Xalapa,\u00a0<\/span><\/i><\/b><b><i><span data-contrast=\"auto\">Ver<\/span><\/i><\/b><b><i><span data-contrast=\"auto\">.<\/span><\/i><\/b><b><span data-contrast=\"auto\">&#8211;<\/span><\/b><span data-contrast=\"auto\">\u00a0<\/span><span data-contrast=\"auto\">En\u00a0<\/span><span data-contrast=\"auto\">e<\/span><span data-contrast=\"auto\">l\u00a0<\/span><span data-contrast=\"auto\">conversatorio \u201c<\/span><span data-contrast=\"auto\">La\u00a0<\/span><span data-contrast=\"auto\">e<\/span><span data-contrast=\"auto\">nse\u00f1anza del\u00a0<\/span><span data-contrast=\"auto\">j<\/span><span data-contrast=\"auto\">azz en\u00a0<\/span><span data-contrast=\"auto\">t<\/span><span data-contrast=\"auto\">iempos de\u00a0<\/span><span data-contrast=\"auto\">c<\/span><span data-contrast=\"auto\">onfinamiento<\/span><span data-contrast=\"auto\">\u201d,\u00a0<\/span><span data-contrast=\"auto\">efectu<\/span><span data-contrast=\"auto\">ado<\/span><span data-contrast=\"auto\">\u00a0el s\u00e1bado 30 de enero v\u00eda\u00a0<\/span><i><span data-contrast=\"auto\">YouTube<\/span><\/i><span data-contrast=\"auto\">,<\/span><span data-contrast=\"auto\">\u00a0los participantes abordaron temas trascendentes como\u00a0<\/span><span data-contrast=\"auto\">recursos, metodolog\u00edas, programas y retos de la educ<\/span><span data-contrast=\"auto\">aci\u00f3n musical en la era digital<\/span><span data-contrast=\"auto\">.<\/span><span data-ccp-props=\"{&quot;134233279&quot;:true,&quot;335559685&quot;:720}\">\u00a0<\/span><\/p>\n<p><span data-contrast=\"auto\">M<\/span><span data-contrast=\"auto\">odera<\/span><span data-contrast=\"auto\">do<\/span><span data-contrast=\"auto\">s<\/span><span data-contrast=\"auto\"> por <\/span><span data-contrast=\"auto\">X<\/span><span data-contrast=\"auto\">avier <\/span><span data-contrast=\"auto\">Quirarte<\/span><span data-contrast=\"auto\">, p<\/span><span data-contrast=\"auto\">eriodista especializado en el jazz<\/span><span data-contrast=\"auto\">, participaron <\/span><span data-contrast=\"auto\">Javi<\/span><span data-contrast=\"auto\">er <\/span><span data-contrast=\"auto\">Flores <\/span><span data-contrast=\"auto\">M\u00e1vil<\/span><span data-contrast=\"auto\">, <\/span><span data-contrast=\"auto\">flautista y acad\u00e9mico en la <a href=\"https:\/\/www.uv.mx\/musica\/\" target=\"_blank\" rel=\"noopener\">Facultad de M\u00fasic<\/a><\/span><span data-contrast=\"auto\">a de la Universidad Veracruzana (UV),<\/span> <span data-contrast=\"auto\">B<\/span><span data-contrast=\"auto\">ernardo<\/span><span data-contrast=\"auto\"> Hern\u00e1ndez,<\/span> <span data-contrast=\"auto\">c<\/span><span data-contrast=\"auto\">omposito<\/span><span data-contrast=\"auto\">r<\/span><span data-contrast=\"auto\">,<\/span><span data-contrast=\"auto\"> a<\/span><span data-contrast=\"auto\">rreglista<\/span><span data-contrast=\"auto\"> y <\/span><span data-contrast=\"auto\">p<\/span><span data-contrast=\"auto\">rofesor <\/span><span data-contrast=\"auto\">en <\/span><span data-contrast=\"auto\">el <\/span><span data-contrast=\"auto\">Berklee<\/span> <span data-contrast=\"auto\">College<\/span> <span data-contrast=\"auto\">of<\/span> <span data-contrast=\"auto\">Music<\/span><span data-contrast=\"auto\">; <\/span><span data-contrast=\"auto\">V<\/span><span data-contrast=\"auto\">\u00edctor Mendoza, vibrafonista y p<\/span><span data-contrast=\"auto\">rofesor del <\/span><span data-contrast=\"auto\">Berklee<\/span> <span data-contrast=\"auto\">College<\/span> <span data-contrast=\"auto\">of<\/span> <span data-contrast=\"auto\">Music<\/span><span data-contrast=\"auto\"> Campus Valencia<\/span><span data-contrast=\"auto\">;<\/span><span data-contrast=\"auto\"> y<\/span> <span data-contrast=\"auto\">\u00d3<\/span><span data-contrast=\"auto\">scar <\/span><span data-contrast=\"auto\">Stagnaro<\/span><span data-contrast=\"auto\">, b<\/span><span data-contrast=\"auto\">ajista<\/span><span data-contrast=\"auto\"> y p<\/span><span data-contrast=\"auto\">rofesor del <\/span><span data-contrast=\"auto\">Berklee<\/span> <span data-contrast=\"auto\">College<\/span> <span data-contrast=\"auto\">of<\/span><span data-contrast=\"auto\"> Music<\/span><span data-contrast=\"auto\">, as\u00ed como director ejecutivo <\/span><span data-contrast=\"auto\">de <\/span><span data-contrast=\"auto\">Berklee<\/span><span data-contrast=\"auto\"> Latino<\/span><span data-contrast=\"auto\">.<\/span><span data-ccp-props=\"{&quot;134233279&quot;:true,&quot;335559685&quot;:720,&quot;335559731&quot;:708}\">\u00a0<\/span><\/p>\n<p><span data-contrast=\"auto\">El tema inicial fue\u00a0<\/span><span data-contrast=\"auto\">el cambio en\u00a0<\/span><span data-contrast=\"auto\">las circunstancias relacionadas con el cultivo de esta forma musical. V\u00edctor Mendoza indic\u00f3<\/span><span data-contrast=\"auto\">\u00a0<\/span><span data-contrast=\"auto\">que ha debido adaptar<\/span><span data-contrast=\"auto\">\u00a0su ense\u00f1anza a los recursos digitales\u00a0<\/span><span data-contrast=\"auto\">y las limitantes le han convertido en un maestro m\u00e1s consciente ante las sensibles modificaciones.\u00a0<\/span><span data-contrast=\"auto\">Bernardo Hern\u00e1ndez<\/span><span data-contrast=\"auto\">\u00a0<\/span><span data-contrast=\"auto\">dijo que\u00a0<\/span><span data-contrast=\"auto\">no ha resentido tanto en el aspecto de las clases te\u00f3ricas, aunque la adaptaci\u00f3n a las nuevas formas\u00a0<\/span><span data-contrast=\"auto\">y los programas relacionados con la ense\u00f1anza musical en\u00a0<\/span><span data-contrast=\"auto\">I<\/span><span data-contrast=\"auto\">nternet<\/span><span data-contrast=\"auto\">\u00a0ha comprometido a todos a un replanteamiento<\/span><span data-contrast=\"auto\">.<\/span><span data-ccp-props=\"{&quot;134233279&quot;:true,&quot;335559685&quot;:720,&quot;335559731&quot;:708}\">\u00a0<\/span><\/p>\n<p>&nbsp;<\/p>\n<div id=\"attachment_92768\" style=\"width: 730px\" class=\"wp-caption aligncenter\"><a href=\"https:\/\/www.uv.mx\/prensa\/files\/2021\/02\/020221-Conversatorio-Jazz-2.jpg\"><img aria-describedby=\"caption-attachment-92768\" decoding=\"async\" loading=\"lazy\" class=\"size-full wp-image-92768\" src=\"https:\/\/www.uv.mx\/prensa\/files\/2021\/02\/020221-Conversatorio-Jazz-2.jpg\" alt=\"\" width=\"720\" height=\"395\" srcset=\"https:\/\/www.uv.mx\/prensa\/files\/2021\/02\/020221-Conversatorio-Jazz-2.jpg 720w, https:\/\/www.uv.mx\/prensa\/files\/2021\/02\/020221-Conversatorio-Jazz-2-300x165.jpg 300w\" sizes=\"(max-width: 720px) 100vw, 720px\" \/><\/a><p id=\"caption-attachment-92768\" class=\"wp-caption-text\">Javier Flores\u00a0M\u00e1vil<\/p><\/div>\n<p>&nbsp;<\/p>\n<p><span data-contrast=\"auto\">\u201cLo m\u00e1s complicado ha sido el trabajo con los ensambles, ya que de una semana a\u00a0<\/span><span data-contrast=\"auto\">otra\u00a0<\/span><span data-contrast=\"auto\">nos vimos e<\/span><span data-contrast=\"auto\">n la necesidad de adaptar todo\u201d, coment\u00f3.<\/span><span data-ccp-props=\"{&quot;134233279&quot;:true,&quot;335559685&quot;:720,&quot;335559731&quot;:708}\">\u00a0<\/span><\/p>\n<p><span data-contrast=\"auto\">Stagnaro enunci\u00f3 que el mayor p<\/span><span data-contrast=\"auto\">roblema ha sido la adaptaci\u00f3n a recursos que ya exist\u00edan<\/span><span data-contrast=\"auto\">,<\/span><span data-contrast=\"auto\">\u00a0pero que nadie estaba acostumbrado a emplearlos de manera sistem\u00e1tica<\/span><span data-contrast=\"auto\">. \u201cAhora que lleg\u00f3 est<\/span><span data-contrast=\"auto\">a\u00a0<\/span><span data-contrast=\"auto\">adversidad,\u00a0<\/span><span data-contrast=\"auto\">m<\/span><span data-contrast=\"auto\">e ha tocado aprender<\/span><span data-contrast=\"auto\">\u00a0muchas cosas como el\u00a0<\/span><i><span data-contrast=\"auto\">Z<\/span><\/i><i><span data-contrast=\"auto\">oom<\/span><\/i><span data-contrast=\"auto\">\u00a0y replantear mis\u00a0<\/span><span data-contrast=\"auto\">clases v\u00eda\u00a0<\/span><span data-contrast=\"auto\">I<\/span><span data-contrast=\"auto\">nternet. En lo que respecta a los<\/span><span data-contrast=\"auto\">\u00a0alumnos en las clases grupales, si todos estudian, todos van a aprender<\/span><span data-contrast=\"auto\">\u201d.<\/span><span data-ccp-props=\"{&quot;134233279&quot;:true,&quot;335559685&quot;:720,&quot;335559731&quot;:708}\">\u00a0<\/span><\/p>\n<p><span data-contrast=\"auto\">Flores\u00a0<\/span><span data-contrast=\"auto\">M\u00e1vil<\/span><span data-contrast=\"auto\">\u00a0coment\u00f3 que\u00a0<\/span><span data-contrast=\"auto\">nadie ve\u00eda\u00a0<\/span><span data-contrast=\"auto\">a\u00a0<\/span><span data-contrast=\"auto\">la tecnolog\u00eda<\/span><span data-contrast=\"auto\">\u00a0<\/span><span data-contrast=\"auto\">como algo\u00a0<\/span><span data-contrast=\"auto\">imprescindible<\/span><span data-contrast=\"auto\">. \u201cTuvimos qu<\/span><span data-contrast=\"auto\">e<\/span><span data-contrast=\"auto\">\u00a0estudiar y conocer la<\/span><span data-contrast=\"auto\">s<\/span><span data-contrast=\"auto\">\u00a0herramientas necesarias para ad<\/span><span data-contrast=\"auto\">a<\/span><span data-contrast=\"auto\">ptarno<\/span><span data-contrast=\"auto\">s<\/span><span data-contrast=\"auto\">\u00a0a esta nueva modalidad<\/span><span data-contrast=\"auto\">,<\/span><span data-contrast=\"auto\">\u00a0que<\/span><span data-contrast=\"auto\">\u00a0<\/span><span data-contrast=\"auto\">ha sido compleja\u00a0<\/span><span data-contrast=\"auto\">para muchos<\/span><span data-contrast=\"auto\">,<\/span><span data-contrast=\"auto\">\u00a0<\/span><span data-contrast=\"auto\">porque no todos\u00a0<\/span><span data-contrast=\"auto\">los estudiantes\u00a0<\/span><span data-contrast=\"auto\">tienen los recursos para contar con dispositivos\u00a0<\/span><span data-contrast=\"auto\">d<\/span><span data-contrast=\"auto\">e \u00faltima generaci\u00f3n<\/span><span data-contrast=\"auto\">\u201d.<\/span><span data-ccp-props=\"{&quot;134233279&quot;:true,&quot;335559685&quot;:720,&quot;335559731&quot;:708}\">\u00a0<\/span><\/p>\n<p><span data-contrast=\"auto\">A\u00f1adi\u00f3 que los maestros han aprendido a se<\/span><span data-contrast=\"auto\">r m\u00e1s creativos y<\/span><span data-contrast=\"auto\">\u00a0a<\/span><span data-contrast=\"auto\">\u00a0poner a disposici\u00f3n de los estudiantes recursos inform\u00e1ticos gratuitos. En el trans<\/span><span data-contrast=\"auto\">curso del conversatorio, aport\u00f3 los enlaces para acceder a diversos recursos<\/span><span data-contrast=\"auto\">\u00a0<\/span><span data-contrast=\"auto\">digitales para grabaci\u00f3n y edici\u00f3n, notaci\u00f3n musical y dem\u00e1s.<\/span><span data-ccp-props=\"{&quot;134233279&quot;:true,&quot;335559685&quot;:720,&quot;335559731&quot;:708}\">\u00a0<\/span><\/p>\n<p><span data-contrast=\"auto\">M<\/span><span data-contrast=\"auto\">\u00e1s adelante\u00a0<\/span><span data-contrast=\"auto\">comentaron respecto\u00a0<\/span><span data-contrast=\"auto\">a los continuos avances en la tecnolog\u00eda y la necesidad de adaptarse a los mismos, la mayor o menor dedicaci\u00f3n de los alumnos ante las clases virtuales y el riesgo m\u00e1s acentuado de pe<\/span><span data-contrast=\"auto\">rder el control<\/span><span data-contrast=\"auto\">.<\/span><span data-ccp-props=\"{&quot;134233279&quot;:true,&quot;335559685&quot;:720,&quot;335559731&quot;:708}\">\u00a0<\/span><\/p>\n<p><span data-ccp-props=\"{&quot;134233279&quot;:true,&quot;335559685&quot;:720}\">\u00a0<\/span><\/p>\n<div id=\"attachment_92764\" style=\"width: 730px\" class=\"wp-caption aligncenter\"><a href=\"https:\/\/www.uv.mx\/prensa\/files\/2021\/02\/020221-Conversatorio-Jazz-3.jpg\"><img aria-describedby=\"caption-attachment-92764\" decoding=\"async\" loading=\"lazy\" class=\"size-full wp-image-92764\" src=\"https:\/\/www.uv.mx\/prensa\/files\/2021\/02\/020221-Conversatorio-Jazz-3.jpg\" alt=\"\" width=\"720\" height=\"396\" srcset=\"https:\/\/www.uv.mx\/prensa\/files\/2021\/02\/020221-Conversatorio-Jazz-3.jpg 720w, https:\/\/www.uv.mx\/prensa\/files\/2021\/02\/020221-Conversatorio-Jazz-3-300x165.jpg 300w\" sizes=\"(max-width: 720px) 100vw, 720px\" \/><\/a><p id=\"caption-attachment-92764\" class=\"wp-caption-text\">Participantes en el conversatorio \u201cLa ense\u00f1anza del jazz en tiempos de confinamiento\u201d<\/p><\/div>\n","protected":false},"excerpt":{"rendered":"<p>En ello coincidieron especialistas en el tema, durante el conversatorio \u201cLa ense\u00f1anza del jazz en tiempos de confinamiento\u201d\u00a0<\/p>\n","protected":false},"author":1869,"featured_media":92766,"comment_status":"closed","ping_status":"closed","sticky":false,"template":"","format":"standard","meta":[],"categories":[11,61],"tags":[],"_links":{"self":[{"href":"https:\/\/www.uv.mx\/prensa\/wp-json\/wp\/v2\/posts\/92763"}],"collection":[{"href":"https:\/\/www.uv.mx\/prensa\/wp-json\/wp\/v2\/posts"}],"about":[{"href":"https:\/\/www.uv.mx\/prensa\/wp-json\/wp\/v2\/types\/post"}],"author":[{"embeddable":true,"href":"https:\/\/www.uv.mx\/prensa\/wp-json\/wp\/v2\/users\/1869"}],"replies":[{"embeddable":true,"href":"https:\/\/www.uv.mx\/prensa\/wp-json\/wp\/v2\/comments?post=92763"}],"version-history":[{"count":2,"href":"https:\/\/www.uv.mx\/prensa\/wp-json\/wp\/v2\/posts\/92763\/revisions"}],"predecessor-version":[{"id":93102,"href":"https:\/\/www.uv.mx\/prensa\/wp-json\/wp\/v2\/posts\/92763\/revisions\/93102"}],"wp:featuredmedia":[{"embeddable":true,"href":"https:\/\/www.uv.mx\/prensa\/wp-json\/wp\/v2\/media\/92766"}],"wp:attachment":[{"href":"https:\/\/www.uv.mx\/prensa\/wp-json\/wp\/v2\/media?parent=92763"}],"wp:term":[{"taxonomy":"category","embeddable":true,"href":"https:\/\/www.uv.mx\/prensa\/wp-json\/wp\/v2\/categories?post=92763"},{"taxonomy":"post_tag","embeddable":true,"href":"https:\/\/www.uv.mx\/prensa\/wp-json\/wp\/v2\/tags?post=92763"}],"curies":[{"name":"wp","href":"https:\/\/api.w.org\/{rel}","templated":true}]}}