{"id":92800,"date":"2021-02-03T09:53:11","date_gmt":"2021-02-03T15:53:11","guid":{"rendered":"https:\/\/www.uv.mx\/prensa\/?p=92800"},"modified":"2021-02-09T14:25:14","modified_gmt":"2021-02-09T20:25:14","slug":"egresado-creo-capsulas-radiofonicas-para-difundir-saberes-comunitarios","status":"publish","type":"post","link":"https:\/\/www.uv.mx\/prensa\/banner\/egresado-creo-capsulas-radiofonicas-para-difundir-saberes-comunitarios\/","title":{"rendered":"Egresado cre\u00f3 c\u00e1psulas radiof\u00f3nicas para difundir saberes comunitarios"},"content":{"rendered":"<ul>\n<li data-leveltext=\"\uf0b7\" data-font=\"Symbol\" data-listid=\"1\" data-aria-posinset=\"1\" data-aria-level=\"1\"><i><span data-contrast=\"auto\">Santiago B<\/span><\/i><i><span data-contrast=\"auto\">autista, egresado de la\u00a0<\/span><\/i><i><span data-contrast=\"auto\">Maestr\u00eda en Educaci\u00f3n para la Interculturalidad y la Sustentabilidad<\/span><\/i><i><span data-contrast=\"auto\">,\u00a0<\/span><\/i><i><span data-contrast=\"auto\">realiz\u00f3 una investigaci\u00f3n en b\u00fasqueda de\u00a0<\/span><\/i><i><span data-contrast=\"auto\">alternativas pedag\u00f3gicas interculturales<\/span><\/i><span data-ccp-props=\"{&quot;134233279&quot;:true}\">\u00a0<\/span><\/li>\n<li data-leveltext=\"\uf0b7\" data-font=\"Symbol\" data-listid=\"1\" data-aria-posinset=\"2\" data-aria-level=\"1\"><i><span data-contrast=\"auto\">El t\u00e9rmino\u00a0<\/span><\/i><i><span data-contrast=\"auto\">tlaneltokilistli<\/span><\/i><i><span data-contrast=\"auto\">\u00a0alude a la palabra de los abuelos, mujeres, hombres, j\u00f3venes y\u00a0<\/span><\/i><i><span data-contrast=\"auto\">los ni\u00f1os<\/span><\/i><i><span data-contrast=\"auto\">, en apego al grupo de valores forjados desde su propia cultura comunitaria<\/span><\/i><span data-ccp-props=\"{&quot;134233279&quot;:true}\">\u00a0<\/span><\/li>\n<\/ul>\n<p><span data-ccp-props=\"{}\">\u00a0<\/span><\/p>\n<div id=\"attachment_92801\" style=\"width: 732px\" class=\"wp-caption aligncenter\"><a href=\"https:\/\/www.uv.mx\/prensa\/files\/2021\/02\/020221-Santiago-Bautista-100k.jpg\"><img aria-describedby=\"caption-attachment-92801\" decoding=\"async\" loading=\"lazy\" class=\"size-full wp-image-92801\" src=\"https:\/\/www.uv.mx\/prensa\/files\/2021\/02\/020221-Santiago-Bautista-100k.jpg\" alt=\"Santiago Bautista en su examen para obtener el grado de la MEIS \" width=\"722\" height=\"607\" srcset=\"https:\/\/www.uv.mx\/prensa\/files\/2021\/02\/020221-Santiago-Bautista-100k.jpg 722w, https:\/\/www.uv.mx\/prensa\/files\/2021\/02\/020221-Santiago-Bautista-100k-300x252.jpg 300w\" sizes=\"(max-width: 722px) 100vw, 722px\" \/><\/a><p id=\"caption-attachment-92801\" class=\"wp-caption-text\">Santiago Bautista en su examen para obtener el grado de la MEIS<\/p><\/div>\n<p>&nbsp;<\/p>\n<p><b><i><span data-contrast=\"auto\">Karina de la Paz Reyes D\u00edaz<\/span><\/i><\/b><span data-ccp-props=\"{}\">\u00a0<\/span><\/p>\n<p><b><i><span data-contrast=\"auto\">0<\/span><\/i><\/b><b><i><span data-contrast=\"auto\">3<\/span><\/i><\/b><b><i><span data-contrast=\"auto\">\/<\/span><\/i><\/b><b><i><span data-contrast=\"auto\">02\/2021, Xalapa,\u00a0<\/span><\/i><\/b><b><i><span data-contrast=\"auto\">Ver.-<\/span><\/i><\/b><b><i><span data-contrast=\"auto\">\u00a0<\/span><\/i><\/b><span data-contrast=\"auto\">Santiago Bautista Hern\u00e1ndez<\/span><span data-contrast=\"auto\">\u00a0desarroll\u00f3 la investigaci\u00f3n\u00a0<\/span><span data-contrast=\"auto\">\u201c<\/span><i><span data-contrast=\"auto\">Tlaneltokilistli<\/span><\/i><span data-contrast=\"auto\">: p<\/span><span data-contrast=\"auto\">unto de partida para la interculturalidad en la Escuela Primaria Biling\u00fce de la comunidad de\u00a0<\/span><span data-contrast=\"auto\">Xochioloco<\/span><span data-contrast=\"auto\">\u00a0en la Huasteca veracruzana<\/span><span data-contrast=\"auto\">\u201d, co<\/span><span data-contrast=\"auto\">mo estudiante de la<\/span><span data-contrast=\"auto\">\u00a0<\/span><span data-contrast=\"auto\">Maestr\u00eda en Educaci\u00f3n para la Interculturalidad y la\u00a0<\/span><span data-contrast=\"auto\">S<\/span><span data-contrast=\"auto\">ustentabilidad<\/span><span data-contrast=\"auto\">\u00a0(MEIS)<\/span><span data-contrast=\"auto\">, posgrado adscrito al <a href=\"https:\/\/www.uv.mx\/iie\/\" target=\"_blank\" rel=\"noopener\">Instituto de Investigaciones en Educaci\u00f3n<\/a>\u00a0<\/span><span data-contrast=\"auto\">(IIE) de la Universidad Veracruzana (UV).<\/span><span data-ccp-props=\"{}\">\u00a0<\/span><\/p>\n<p><span data-contrast=\"auto\">Para Santiago<\/span><span data-contrast=\"auto\">,<\/span><span data-contrast=\"auto\">\u00a0haber cursado la MEIS y desarrollado la investigaci\u00f3n en menci\u00f3n, lo<\/span><span data-contrast=\"auto\">\u00a0hizo\u00a0<\/span><span data-contrast=\"auto\">\u201c<\/span><span data-contrast=\"auto\">una persona con mucho m\u00e1s arraigo comunitario<\/span><span data-contrast=\"auto\">\u201d<\/span><span data-contrast=\"auto\">,<\/span><span data-contrast=\"auto\">\u00a0gracias a<\/span><span data-contrast=\"auto\">l p<\/span><span data-contrast=\"auto\">erfil<\/span><span data-contrast=\"auto\">\u00a0<\/span><span data-contrast=\"auto\">profesionalizante<\/span><span data-contrast=\"auto\">\u00a0del posgrado.<\/span><span data-ccp-props=\"{&quot;335559731&quot;:708}\">\u00a0<\/span><\/p>\n<p><span data-contrast=\"auto\">A<\/span><span data-contrast=\"auto\">dem\u00e1s<\/span><span data-contrast=\"auto\">,<\/span><span data-contrast=\"auto\">\u00a0<\/span><span data-contrast=\"auto\">le<\/span><span data-contrast=\"auto\">\u00a0ayud\u00f3 a\u00a0<\/span><span data-contrast=\"auto\">\u201c<\/span><span data-contrast=\"auto\">ser a<\/span><span data-contrast=\"auto\">lguien<\/span><span data-contrast=\"auto\">\u00a0m\u00e1s sensible, reflexiv<\/span><span data-contrast=\"auto\">o<\/span><span data-contrast=\"auto\">\u00a0y cr\u00edtic<\/span><span data-contrast=\"auto\">o<\/span><span data-contrast=\"auto\">\u00a0sobre los acontecimientos que sufren nuestros pueblos ind\u00edgenas en materia educativa, as\u00ed como en la b\u00fasqueda de alternativas pedag\u00f3gicas interculturales<\/span><span data-contrast=\"auto\">\u201d<\/span><span data-contrast=\"auto\">.<\/span><span data-ccp-props=\"{&quot;335559731&quot;:708}\">\u00a0<\/span><\/p>\n<p><span data-contrast=\"auto\">El examen de grado<\/span><span data-contrast=\"auto\">\u00a0del tambi\u00e9n e<\/span><span data-contrast=\"auto\">gresado de la Licenciatura en\u00a0<\/span><span data-contrast=\"auto\">Gesti\u00f3n Intercultural para el Desarrollo<\/span><span data-contrast=\"auto\">\u00a0de la Universidad Veracruzana Intercultural\u00a0<\/span><span data-contrast=\"auto\">(UVI), s<\/span><span data-contrast=\"auto\">ede Huasteca,<\/span><span data-contrast=\"auto\">\u00a0se desarroll\u00f3 el 28 de enero de manera virtual<\/span><span data-contrast=\"auto\">.<\/span><span data-ccp-props=\"{}\">\u00a0<\/span><\/p>\n<p><span data-contrast=\"auto\">L<\/span><span data-contrast=\"auto\">a\u00a0direccio\u0301n\u00a0<\/span><span data-contrast=\"auto\">de esta investigaci\u00f3n estuvo a cargo d<\/span><span data-contrast=\"auto\">e<\/span><span data-contrast=\"auto\">\u00a0Bruno Jean\u00a0<\/span><span data-contrast=\"auto\">Baronnet<\/span><span data-contrast=\"auto\">\u00a0James<\/span><span data-contrast=\"auto\">, adscrito\u00a0<\/span><span data-contrast=\"auto\">al IIE,<\/span><span data-contrast=\"auto\">\u00a0y la\u00a0<\/span><span data-contrast=\"auto\">codirecci\u00f3n<\/span><span data-contrast=\"auto\">\u00a0d<\/span><span data-contrast=\"auto\">e<\/span><span data-contrast=\"auto\">\u00a0<\/span><span data-contrast=\"auto\">Shantal<\/span><span data-contrast=\"auto\">\u00a0Meseguer\u00a0Galva\u0301n<\/span><span data-contrast=\"auto\">, adscrita a la UVI<\/span><span data-contrast=\"auto\">.\u00a0<\/span><span data-contrast=\"auto\">Mientras el\u00a0<\/span><span data-contrast=\"auto\">j<\/span><span data-contrast=\"auto\">urado<\/span><span data-contrast=\"auto\">\u00a0del ex<\/span><span data-contrast=\"auto\">amen de grado<\/span><span data-contrast=\"auto\">\u00a0estuvo conformado por<\/span><span data-contrast=\"auto\">\u00a0Gunther\u00a0<\/span><span data-contrast=\"auto\">Dietz<\/span><span data-contrast=\"auto\">,<\/span><span data-contrast=\"auto\">\u00a0<\/span><span data-contrast=\"auto\">Rafael Nava Vite<\/span><span data-contrast=\"auto\">,<\/span><span data-contrast=\"auto\">\u00a0<\/span><span data-contrast=\"auto\">Gialuanna<\/span><span data-contrast=\"auto\">\u00a0<\/span><span data-contrast=\"auto\">Enkra<\/span><span data-contrast=\"auto\">\u00a0Ayora\u00a0<\/span><span data-contrast=\"auto\">V\u00e1zquez<\/span><span data-contrast=\"auto\">,\u00a0<\/span><span data-contrast=\"auto\">del IIE, UVI y\u00a0<\/span><span data-contrast=\"auto\">Facultad de\u00a0Sociologi\u0301<\/span><span data-contrast=\"auto\">a, respectivamente<\/span><span data-contrast=\"auto\">; asisti\u00f3 tambi\u00e9n\u00a0<\/span><span data-contrast=\"auto\">el\u00a0<\/span><span data-contrast=\"auto\">j<\/span><span data-contrast=\"auto\">urado\u00a0<\/span><span data-contrast=\"auto\">s<\/span><span data-contrast=\"auto\">uplente<\/span><span data-contrast=\"auto\">:\u00a0<\/span><span data-contrast=\"auto\">Eliud<\/span><span data-contrast=\"auto\">\u00a0Torres\u00a0<\/span><span data-contrast=\"auto\">Vel\u00e1zquez<\/span><span data-contrast=\"auto\">,\u00a0<\/span><span data-contrast=\"auto\">p<\/span><span data-contrast=\"auto\">osdoctorante<\/span><span data-contrast=\"auto\">\u00a0<\/span><span data-contrast=\"auto\">del IIE, y\u00a0<\/span><span data-contrast=\"auto\">Edward\u00a0<\/span><span data-contrast=\"auto\">Trager<\/span><span data-contrast=\"auto\">, de la\u00a0<\/span><span data-contrast=\"auto\">Universidad de Michigan<\/span><span data-contrast=\"auto\">.<\/span><span data-ccp-props=\"{&quot;335559731&quot;:708}\">\u00a0<\/span><\/p>\n<p><span data-contrast=\"auto\">Bautista Hern\u00e1nde<\/span><span data-contrast=\"auto\">z, de<\/span><span data-contrast=\"auto\">\u00a033 a\u00f1os<\/span><span data-contrast=\"auto\">\u00a0<\/span><span data-contrast=\"auto\">de edad\u00a0<\/span><span data-contrast=\"auto\">y<\/span><span data-contrast=\"auto\">\u00a0o<\/span><span data-contrast=\"auto\">riginario<\/span><span data-contrast=\"auto\">\u00a0de<\/span><span data-contrast=\"auto\">\u00a0<\/span><span data-contrast=\"auto\">Cuachumo<\/span><span data-contrast=\"auto\">\u00a0Com\u00fan, Benito Ju\u00e1rez, Veracruz<\/span><span data-contrast=\"auto\">,<\/span><span data-contrast=\"auto\">\u00a0explic\u00f3 que<\/span><span data-contrast=\"auto\">\u00a0el\u00a0<\/span><i><span data-contrast=\"auto\">tlaneltokilistl<\/span><\/i><i><span data-contrast=\"auto\">i<\/span><\/i><span data-contrast=\"auto\">\u00a0en<\/span><span data-contrast=\"auto\">\u00a0la concepci\u00f3n religiosa<\/span><span data-contrast=\"auto\">\u00a0<\/span><span data-contrast=\"auto\">alude a la creencia o fe;<\/span><span data-contrast=\"auto\">\u00a0<\/span><span data-contrast=\"auto\">no obsta<\/span><span data-contrast=\"auto\">nte<\/span><span data-contrast=\"auto\">, en\u00a0<\/span><span data-contrast=\"auto\">su<\/span><span data-contrast=\"auto\">\u00a0investigaci\u00f3n no profundiz<\/span><span data-contrast=\"auto\">\u00f3<\/span><span data-contrast=\"auto\">\u00a0en este sentido<\/span><span data-contrast=\"auto\">\u00a0<\/span><span data-contrast=\"auto\">pues<\/span><span data-contrast=\"auto\">\u00a0opt<\/span><span data-contrast=\"auto\">\u00f3<\/span><span data-contrast=\"auto\">\u00a0<\/span><span data-contrast=\"auto\">por priorizar el uso del t\u00e9rmino desde las nociones que manejan tanto l<\/span><span data-contrast=\"auto\">o<\/span><span data-contrast=\"auto\">s ni\u00f1os como los adultos de la comunidad de\u00a0<\/span><span data-contrast=\"auto\">Xochioloco<\/span><span data-contrast=\"auto\">.<\/span><span data-ccp-props=\"{&quot;335559731&quot;:708}\">\u00a0<\/span><\/p>\n<p><span data-contrast=\"auto\">\u201c<\/span><span data-contrast=\"auto\">P<\/span><span data-contrast=\"auto\">ara ellos tiene sentido usar\u00a0<\/span><i><span data-contrast=\"auto\">tlaneltokilistli<\/span><\/i><span data-contrast=\"auto\">\u00a0desde los t\u00e9rminos:\u00a0<\/span><i><span data-contrast=\"auto\">xitlatlepanitah<\/span><\/i><span data-contrast=\"auto\">-respetar,\u00a0<\/span><i><span data-contrast=\"auto\">xitlakakih<\/span><\/i><span data-contrast=\"auto\">&#8211;<\/span><span data-contrast=\"auto\">obedecer,\u00a0<\/span><i><span data-contrast=\"auto\">xitlaneltokah<\/span><\/i><span data-contrast=\"auto\">-creer y\u00a0<\/span><i><span data-contrast=\"auto\">xiselih<\/span><\/i><span data-contrast=\"auto\">-aceptar, obedeciendo al grupo de valores forjados desde su propia cultura comunitaria<\/span><span data-contrast=\"auto\">\u201d,\u00a0<\/span><span data-contrast=\"auto\">cita en su trabajo\u00a0<\/span><span data-contrast=\"auto\">recepcional<\/span><span data-contrast=\"auto\">.<\/span><span data-ccp-props=\"{&quot;335559731&quot;:708}\">\u00a0<\/span><\/p>\n<p><span data-contrast=\"auto\">\u201c<\/span><i><span data-contrast=\"auto\">Tlaneltokilistli<\/span><\/i><span data-contrast=\"auto\">\u00a0alude a la palabra de l<\/span><span data-contrast=\"auto\">o<\/span><span data-contrast=\"auto\">s abuelos, mujere<\/span><span data-contrast=\"auto\">s, hombres, juventud y la ni\u00f1ez;<\/span><span data-contrast=\"auto\">\u00a0por ello se pretende dinamizar su contenido, generar c\u00e1psulas utilizando las nuevas herramientas que nos brinda la tecnolog\u00eda. Remar a contracorriente es ag<\/span><span data-contrast=\"auto\">rietar el sistema que est\u00e1 al ac<\/span><span data-contrast=\"auto\">echo<\/span><span data-contrast=\"auto\">\u00a0de\u00a0<\/span><span data-contrast=\"auto\">las visiones modernas<\/span><span data-contrast=\"auto\">\u00a0que crean los llamados conquistadores.<\/span><span data-ccp-props=\"{&quot;335559731&quot;:708}\">\u00a0<\/span><\/p>\n<p><span data-contrast=\"auto\">\u201d<\/span><span data-contrast=\"auto\">Por\u00a0ello, esta investigaci\u00f3n pone \u00e9nfasis en el\u00a0<\/span><i><span data-contrast=\"auto\">tlaneltokilistli<\/span><\/i><span data-contrast=\"auto\">,<\/span><span data-contrast=\"auto\">\u00a0porque son realidades que\u00a0<\/span><span data-contrast=\"auto\">moldean vidas a cada momento y co<\/span><span data-contrast=\"auto\">n base\u00a0<\/span><span data-contrast=\"auto\">en\u00a0<\/span><span data-contrast=\"auto\">los aprendizajes situados de cada persona de\u00a0<\/span><span data-contrast=\"auto\">Xochioloco<\/span><span data-contrast=\"auto\">, me parece que representa una forma de avanzar en un proceso de interculturalidad<\/span><span data-contrast=\"auto\">\u201d, plantea tambi\u00e9n en su trabajo.<\/span><span data-ccp-props=\"{&quot;335559731&quot;:708}\">\u00a0<\/span><\/p>\n<p><span data-contrast=\"auto\">Santiago<\/span><span data-contrast=\"auto\">, d<\/span><span data-contrast=\"auto\">esde el proceso de selecci\u00f3n para ingresar a la MEIS<\/span><span data-contrast=\"auto\">,\u00a0<\/span><span data-contrast=\"auto\">que curs<\/span><span data-contrast=\"auto\">\u00f3<\/span><span data-contrast=\"auto\">\u00a0entre 2017 y 2019,\u00a0<\/span><span data-contrast=\"auto\">comenz\u00f3\u00a0<\/span><span data-contrast=\"auto\">a asistir a\u00a0<\/span><span data-contrast=\"auto\">a<\/span><span data-contrast=\"auto\">sambleas en\u00a0<\/span><span data-contrast=\"auto\">Xochioloco<\/span><span data-contrast=\"auto\">.\u00a0<\/span><span data-contrast=\"auto\">Tales<\/span><span data-contrast=\"auto\">\u00a0interacciones con los habitantes de la comunidad fue<\/span><span data-contrast=\"auto\">ron<\/span><span data-contrast=\"auto\">\u00a0para propiciar la reflexi\u00f3n del conocimiento tradicional\u00a0<\/span><i><span data-contrast=\"auto\">tlaneltokilistli<\/span><\/i><span data-contrast=\"auto\">\u00a0y\u00a0<\/span><span data-contrast=\"auto\">\u201c<\/span><span data-contrast=\"auto\">mermar poco a poco la discriminaci\u00f3n de quien lo emplea para hacer la vida comunitaria<\/span><span data-contrast=\"auto\">\u201d.<\/span><span data-ccp-props=\"{&quot;335559731&quot;:708}\">\u00a0<\/span><\/p>\n<p><span data-contrast=\"auto\">Un motivo m\u00e1s\u00a0<\/span><span data-contrast=\"auto\">de haber elegido esa comunidad es familiar: \u201cM<\/span><span data-contrast=\"auto\">i abuelito tiene aproximadamente 55 a\u00f1os de estar sepultado en el cementerio comunitario, por ello me sent\u00ed en confianza para realizar el trabajo en\u00a0<\/span><span data-contrast=\"auto\">Xochioloco<\/span><span data-contrast=\"auto\">\u201d<\/span><span data-contrast=\"auto\">.<\/span><span data-ccp-props=\"{&quot;335559731&quot;:708}\">\u00a0<\/span><\/p>\n<p><span data-contrast=\"auto\">Para su investigaci\u00f3n\u00a0<\/span><span data-contrast=\"auto\">le fueron de utilidad los<\/span><span data-contrast=\"auto\">\u00a0conocimientos adquiridos en la UVI<\/span><span data-contrast=\"auto\">&#8211;<\/span><span data-contrast=\"auto\">Huasteca,\u00a0<\/span><span data-contrast=\"auto\">por ejemplo,\u00a0<\/span><span data-contrast=\"auto\">para preparar las negociaciones que implicar\u00eda<\/span><span data-contrast=\"auto\">\u00a0el<\/span><span data-contrast=\"auto\">\u00a0proceso,\u00a0<\/span><span data-contrast=\"auto\">de ah\u00ed que su<\/span><span data-contrast=\"auto\">\u00a0referente de profesionalizaci\u00f3n es la investigaci\u00f3n vinculada<\/span><span data-contrast=\"auto\">.<\/span><span data-ccp-props=\"{&quot;335559731&quot;:708}\">\u00a0<\/span><\/p>\n<p><span data-contrast=\"auto\">Decidi\u00f3\u00a0<\/span><span data-contrast=\"auto\">mostrar la<\/span><span data-contrast=\"auto\">\u00a0informaci\u00f3n\u00a0<\/span><span data-contrast=\"auto\">obtenida\u00a0<\/span><span data-contrast=\"auto\">a trav\u00e9s de c\u00e1psulas radiof\u00f3nicas\u00a0<\/span><span data-contrast=\"auto\">p<\/span><span data-contrast=\"auto\">orque de esta manera\u00a0<\/span><span data-contrast=\"auto\">quienes<\/span><span data-contrast=\"auto\">\u00a0habitan<\/span><span data-contrast=\"auto\">\u00a0<\/span><span data-contrast=\"auto\">Xochioloco<\/span><span data-contrast=\"auto\">\u00a0l<\/span><span data-contrast=\"auto\">a<\/span><span data-contrast=\"auto\">\u00a0pueden escuchar<\/span><span data-contrast=\"auto\">\u00a0y\u00a0<\/span><span data-contrast=\"auto\">reflexionar<\/span><span data-contrast=\"auto\">. En ellas,<\/span><span data-contrast=\"auto\">\u00a0ni\u00f1os<\/span><span data-contrast=\"auto\">\u00a0de quinto y sexto grado de la escuela\u00a0<\/span><span data-contrast=\"auto\">primaria\u00a0<\/span><span data-contrast=\"auto\">citada<\/span><span data-contrast=\"auto\">\u00a0<\/span><span data-contrast=\"auto\">hablan\u00a0<\/span><span data-contrast=\"auto\">sobre el\u00a0<\/span><i><span data-contrast=\"auto\">tlaneltokilistli<\/span><\/i><span data-contrast=\"auto\">; a<\/span><span data-contrast=\"auto\">dem\u00e1s<\/span><span data-contrast=\"auto\">,<\/span><span data-contrast=\"auto\">\u00a0contienen fondos sonoros de los tr\u00edos pertenecientes a\u00a0<\/span><span data-contrast=\"auto\">la propia\u00a0<\/span><span data-contrast=\"auto\">comunidad<\/span><span data-contrast=\"auto\">,\u00a0<\/span><span data-contrast=\"auto\">lo cual provoc\u00f3 gran contento\u00a0<\/span><span data-contrast=\"auto\">entre quienes participaron con su vo<\/span><span data-contrast=\"auto\">z<\/span><span data-contrast=\"auto\">\u00a0<\/span><span data-contrast=\"auto\">y con su<\/span><span data-contrast=\"auto\">\u00a0m\u00fasica, y\u00a0<\/span><span data-contrast=\"auto\">en\u00a0<\/span><span data-contrast=\"auto\">la poblaci\u00f3n en general.<\/span><span data-ccp-props=\"{&quot;335559731&quot;:708}\">\u00a0<\/span><\/p>\n<p><span data-contrast=\"auto\">Actualmente,<\/span><span data-contrast=\"auto\">\u00a0busca difundir<\/span><span data-contrast=\"auto\">\u00a0<\/span><span data-contrast=\"auto\">en\u00a0<\/span><span data-contrast=\"auto\">otras<\/span><span data-contrast=\"auto\">\u00a0radios comunitarias<\/span><span data-contrast=\"auto\">\u00a0<\/span><span data-contrast=\"auto\">las 38 c\u00e1psulas<\/span><span data-contrast=\"auto\">\u00a0<\/span><span data-contrast=\"auto\">elaboradas<\/span><span data-contrast=\"auto\">,<\/span><span data-contrast=\"auto\">\u00a0tal como\u00a0<\/span><span data-contrast=\"auto\">lo<\/span><span data-contrast=\"auto\">\u00a0hizo en\u00a0<\/span><span data-contrast=\"auto\">La Voz Campesin<\/span><span data-contrast=\"auto\">a<\/span><span data-contrast=\"auto\">, tambi\u00e9n\u00a0<\/span><span data-contrast=\"auto\">llamada Radio\u00a0<\/span><span data-contrast=\"auto\">Huayacocotla<\/span><span data-contrast=\"auto\">\u00a0o<\/span><span data-contrast=\"auto\">\u00a0\u201cRadio\u00a0<\/span><span data-contrast=\"auto\">Huaya<\/span><span data-contrast=\"auto\">\u201d<\/span><span data-contrast=\"auto\">. La pretensi\u00f3n de\u00a0<\/span><span data-contrast=\"auto\">Santiago es \u201c<\/span><span data-contrast=\"auto\">que las c\u00e1psulas lleguen a otros estados y pa\u00edses<\/span><span data-contrast=\"auto\">,<\/span><span data-contrast=\"auto\">\u00a0a un p\u00fablico multicultural<\/span><span data-contrast=\"auto\">,<\/span><span data-contrast=\"auto\">\u00a0para seguir reflexionando sobre el\u00a0<\/span><i><span data-contrast=\"auto\">tlaneltokilistli<\/span><\/i><span data-contrast=\"auto\">. Escucharlo en otras latitudes brindar\u00e1 en mejor an\u00e1lisis del t\u00e9rmino<\/span><span data-contrast=\"auto\">\u201d<\/span><span data-contrast=\"auto\">.<\/span><span data-ccp-props=\"{&quot;335559731&quot;:708}\">\u00a0<\/span><\/p>\n<p><span data-contrast=\"auto\">Para consultar esta investigaci\u00f3n\u00a0<\/span><span data-contrast=\"auto\">a detalle\u00a0<\/span><span data-contrast=\"auto\">y las que se han desarrollado por\u00a0<\/span><span data-contrast=\"auto\">estudiantes\u00a0<\/span><span data-contrast=\"auto\">de \u00e9<\/span><span data-contrast=\"auto\">sta y otras generaciones\u00a0<\/span><span data-contrast=\"auto\">de la MEIS, consulte su portal oficial:\u00a0<\/span><a href=\"http:\/\/www.uv.mx\/MEIS\"><span data-contrast=\"none\">www.uv.m<\/span><span data-contrast=\"none\">x<\/span><span data-contrast=\"none\">\/MEIS<\/span><\/a><span data-contrast=\"auto\">.<\/span><span data-ccp-props=\"{&quot;335559731&quot;:708}\">\u00a0<\/span><\/p>\n","protected":false},"excerpt":{"rendered":"<p>Santiago Bautista Hern\u00e1ndez se\u00f1al\u00f3 que cursar la Maestr\u00eda en Educaci\u00f3n para la Interculturalidad y la Sustentabilidad lo hizo \u201cuna persona con mucho m\u00e1s arraigo comunitario\u201d <\/p>\n","protected":false},"author":1775,"featured_media":92818,"comment_status":"closed","ping_status":"closed","sticky":false,"template":"","format":"standard","meta":[],"categories":[61],"tags":[1443,1442,139,848,80,575,140,83,1440,1441],"_links":{"self":[{"href":"https:\/\/www.uv.mx\/prensa\/wp-json\/wp\/v2\/posts\/92800"}],"collection":[{"href":"https:\/\/www.uv.mx\/prensa\/wp-json\/wp\/v2\/posts"}],"about":[{"href":"https:\/\/www.uv.mx\/prensa\/wp-json\/wp\/v2\/types\/post"}],"author":[{"embeddable":true,"href":"https:\/\/www.uv.mx\/prensa\/wp-json\/wp\/v2\/users\/1775"}],"replies":[{"embeddable":true,"href":"https:\/\/www.uv.mx\/prensa\/wp-json\/wp\/v2\/comments?post=92800"}],"version-history":[{"count":1,"href":"https:\/\/www.uv.mx\/prensa\/wp-json\/wp\/v2\/posts\/92800\/revisions"}],"predecessor-version":[{"id":93098,"href":"https:\/\/www.uv.mx\/prensa\/wp-json\/wp\/v2\/posts\/92800\/revisions\/93098"}],"wp:featuredmedia":[{"embeddable":true,"href":"https:\/\/www.uv.mx\/prensa\/wp-json\/wp\/v2\/media\/92818"}],"wp:attachment":[{"href":"https:\/\/www.uv.mx\/prensa\/wp-json\/wp\/v2\/media?parent=92800"}],"wp:term":[{"taxonomy":"category","embeddable":true,"href":"https:\/\/www.uv.mx\/prensa\/wp-json\/wp\/v2\/categories?post=92800"},{"taxonomy":"post_tag","embeddable":true,"href":"https:\/\/www.uv.mx\/prensa\/wp-json\/wp\/v2\/tags?post=92800"}],"curies":[{"name":"wp","href":"https:\/\/api.w.org\/{rel}","templated":true}]}}