{"id":92864,"date":"2021-02-04T21:13:47","date_gmt":"2021-02-05T03:13:47","guid":{"rendered":"https:\/\/www.uv.mx\/prensa\/?p=92864"},"modified":"2021-02-09T13:58:28","modified_gmt":"2021-02-09T19:58:28","slug":"ciees-acredito-dos-programas-educativos-de-las-facultades-de-ingenieria","status":"publish","type":"post","link":"https:\/\/www.uv.mx\/prensa\/regiones\/veracruz\/ciees-acredito-dos-programas-educativos-de-las-facultades-de-ingenieria\/","title":{"rendered":"CIEES acredit\u00f3 dos programas educativos de las facultades de Ingenier\u00eda"},"content":{"rendered":"<ul>\n<li data-leveltext=\"\uf0b7\" data-font=\"Symbol\" data-listid=\"2\" data-aria-posinset=\"1\" data-aria-level=\"1\"><i><span data-contrast=\"none\">Se trata de las <\/span><\/i><i><span data-contrast=\"none\">licenciaturas<\/span><\/i><i><span data-contrast=\"none\"> en Ingenier\u00eda Topogr\u00e1fica-Geod\u00e9sica e Ingenier\u00eda Industrial<\/span><\/i><span data-ccp-props=\"{&quot;201341983&quot;:0,&quot;335559739&quot;:200,&quot;335559740&quot;:240}\">\u00a0<\/span><\/li>\n<li data-leveltext=\"\uf0b7\" data-font=\"Symbol\" data-listid=\"2\" data-aria-posinset=\"2\" data-aria-level=\"1\"><i><span data-contrast=\"none\">La<\/span><\/i><i><span data-contrast=\"none\">s<\/span><\/i><i><span data-contrast=\"none\"> acreditaci<\/span><\/i><i><span data-contrast=\"none\">ones son <\/span><\/i><i><span data-contrast=\"none\">por <\/span><\/i><i><span data-contrast=\"none\">cinco <\/span><\/i><i><span data-contrast=\"none\">a\u00f1os y estar\u00e1<\/span><\/i><i><span data-contrast=\"none\">n<\/span><\/i> <i><span data-contrast=\"none\">vigentes hasta 2025<\/span><\/i><\/li>\n<li data-leveltext=\"\uf0b7\" data-font=\"Symbol\" data-listid=\"2\" data-aria-posinset=\"2\" data-aria-level=\"1\"><i><span data-contrast=\"none\">El reconocimiento por el CIEES avala la calidad de la plantilla docente y excelencia de los alumnos<\/span><\/i><span data-ccp-props=\"{&quot;201341983&quot;:0,&quot;335559739&quot;:200,&quot;335559740&quot;:240}\">\u00a0<\/span><\/li>\n<\/ul>\n<p>&nbsp;<\/p>\n<div id=\"attachment_92868\" style=\"width: 384px\" class=\"wp-caption aligncenter\"><a href=\"https:\/\/www.uv.mx\/prensa\/files\/2021\/02\/040221-CIEES-Ingenierias-veracruz-1.jpg\"><img aria-describedby=\"caption-attachment-92868\" decoding=\"async\" loading=\"lazy\" class=\"size-full wp-image-92868\" src=\"https:\/\/www.uv.mx\/prensa\/files\/2021\/02\/040221-CIEES-Ingenierias-veracruz-1.jpg\" alt=\"\" width=\"374\" height=\"481\" srcset=\"https:\/\/www.uv.mx\/prensa\/files\/2021\/02\/040221-CIEES-Ingenierias-veracruz-1.jpg 374w, https:\/\/www.uv.mx\/prensa\/files\/2021\/02\/040221-CIEES-Ingenierias-veracruz-1-233x300.jpg 233w\" sizes=\"(max-width: 374px) 100vw, 374px\" \/><\/a><p id=\"caption-attachment-92868\" class=\"wp-caption-text\">Jes\u00fas Mart\u00edn Santamar\u00eda L\u00f3pez, director de la FICH, destac\u00f3 que la acreditaci\u00f3n permitir\u00e1 mejores oportunidades laborales a los egresados<\/p><\/div>\n<p>&nbsp;<\/p>\n<p><b><i><span data-contrast=\"none\">Aracely Hern\u00e1ndez Rodr\u00edguez<\/span><\/i><\/b><span data-ccp-props=\"{&quot;201341983&quot;:0,&quot;335559739&quot;:200,&quot;335559740&quot;:240}\">\u00a0<\/span><\/p>\n<p><b><i><span data-contrast=\"none\">0<\/span><\/i><\/b><b><i><span data-contrast=\"none\">4<\/span><\/i><\/b><b><i><span data-contrast=\"none\">\/02\/2021,<\/span><\/i><\/b> <b><i><span data-contrast=\"none\">Veracruz,<\/span><\/i><\/b> <b><i><span data-contrast=\"none\">Ver.<\/span><\/i><\/b><b><i><span data-contrast=\"none\">&#8211; <\/span><\/i><\/b><span data-contrast=\"none\">Los Comit\u00e9s Interinstitucionales para la Evaluaci\u00f3n de la Educaci\u00f3n Superior, A.C. (CIEES) acreditaron por <\/span><span data-contrast=\"none\">cinco<\/span><span data-contrast=\"none\"> a\u00f1os m\u00e1s los <\/span><span data-contrast=\"none\">p<\/span><span data-contrast=\"none\">rogramas <\/span><span data-contrast=\"none\">e<\/span><span data-contrast=\"none\">ducativos (PE) <\/span><span data-contrast=\"none\">de Ingenier\u00eda <\/span><span data-contrast=\"none\">en Topogr\u00e1fica-Geod\u00e9sica de la Facultad de Ingenier\u00eda de la Construcci\u00f3n y el H\u00e1<\/span><span data-contrast=\"none\">bitat (FICH), e <\/span><span data-contrast=\"none\">Ingenier\u00eda Industrial de la <a href=\"https:\/\/www.uv.mx\/veracruz\/fimcn\/\" target=\"_blank\" rel=\"noopener\">Facultad de Ingenier\u00eda Mec\u00e1nica y Ciencias Navales<\/a> (FIMCN) de la Universidad Veracruzana (UV).<\/span><span data-ccp-props=\"{&quot;201341983&quot;:0,&quot;335559739&quot;:200,&quot;335559740&quot;:240}\">\u00a0<\/span><\/p>\n<p><span data-contrast=\"none\">Jes\u00fas Mart\u00edn Santamar\u00eda L\u00f3pez<\/span> <span data-contrast=\"none\">y Jorge del R\u00edo Montiel<\/span><span data-contrast=\"none\">, <\/span><span data-contrast=\"none\">directores <\/span><span data-contrast=\"none\">de la FICH <\/span><span data-contrast=\"none\">y <\/span><span data-contrast=\"none\">de la FIMCN, <\/span><span data-contrast=\"none\">respectivamente, <\/span><span data-contrast=\"none\">explicaron que el proceso de evaluaci\u00f3n se llev\u00f3 <\/span><span data-contrast=\"none\">a cabo en la modalidad virtual. <\/span><span data-contrast=\"none\">D<\/span><span data-contrast=\"none\">el 27 al 30 de <\/span><span data-contrast=\"none\">o<\/span><span data-contrast=\"none\">ctubre de 2020, <\/span><span data-contrast=\"none\">e<\/span><span data-contrast=\"none\">l <\/span><span data-contrast=\"none\">comit\u00e9 evaluador sost<\/span><span data-contrast=\"none\">uvo <\/span><span data-contrast=\"none\">videoconferencias <\/span><span data-contrast=\"none\">con <\/span><span data-contrast=\"none\">el comit\u00e9 local de los PE<\/span><span data-contrast=\"none\">,<\/span> <span data-contrast=\"none\">para presentar toda la informaci\u00f3n que se requer\u00eda y hacer las entrevistas.<\/span><span data-ccp-props=\"{&quot;201341983&quot;:0,&quot;335559731&quot;:708,&quot;335559739&quot;:200,&quot;335559740&quot;:240}\">\u00a0<\/span><\/p>\n<p><span data-contrast=\"none\">Santamar\u00eda L\u00f3pez dijo que la certificaci\u00f3n tendr\u00e1 <\/span><span data-contrast=\"none\">un gran impacto<\/span><span data-contrast=\"none\"> \u201cporque les permitir\u00e1 mejores oportunidades laborales para los alumnos y egresados que cursan este programa<\/span><span data-contrast=\"none\">, el cual<\/span><span data-contrast=\"none\"> es de alta calidad educativa\u201d.<\/span><span data-ccp-props=\"{&quot;201341983&quot;:0,&quot;335559731&quot;:708,&quot;335559739&quot;:200,&quot;335559740&quot;:240}\">\u00a0<\/span><\/p>\n<p><span data-contrast=\"none\">Mencion\u00f3 que la movilidad que se logra a trav\u00e9s de los convenios con otras instituciones<\/span><span data-contrast=\"none\"> y<\/span><span data-contrast=\"none\"> el acceso a becas especiales en acuerdos internacionales<\/span><span data-contrast=\"none\">,<\/span><span data-contrast=\"none\"> son de gran importancia para obtener acreditaciones internacionales de sus programas educativos.<\/span><span data-ccp-props=\"{&quot;201341983&quot;:0,&quot;335559731&quot;:708,&quot;335559739&quot;:200,&quot;335559740&quot;:240}\">\u00a0<\/span><\/p>\n<p><span data-contrast=\"none\">\u00a0\u201c<\/span><span data-contrast=\"none\">Fue muy alentador que el comit\u00e9 evaluador haya reconocido la comunicaci\u00f3n y sinergia en la operaci\u00f3n del <\/span><span data-contrast=\"none\">PE<\/span><span data-contrast=\"none\">; asimismo,<\/span><span data-contrast=\"none\"> es satisfactorio entrar en procesos de mejora continua para hacer m\u00e1s eficientes l<\/span><span data-contrast=\"none\">a<\/span><span data-contrast=\"none\">s operaci<\/span><span data-contrast=\"none\">ones<\/span><span data-contrast=\"none\">, pero lo mejor es lograr que el personal y el alumnado se sienta<\/span><span data-contrast=\"none\">n<\/span><span data-contrast=\"none\"> parte importante en la obtenci\u00f3n de la acreditaci\u00f3n de calidad\u201d, dijo Jes\u00fas <\/span><span data-contrast=\"none\">Mart\u00edn <\/span><span data-contrast=\"none\">Santa Mar\u00eda.<\/span><span data-ccp-props=\"{&quot;201341983&quot;:0,&quot;335559731&quot;:708,&quot;335559739&quot;:200,&quot;335559740&quot;:240}\">\u00a0<\/span><\/p>\n<p><span data-contrast=\"none\">Por su parte, Jorge del R\u00edo habl\u00f3 <\/span><span data-contrast=\"none\">de <\/span><span data-contrast=\"none\">los beneficios que esta acreditaci\u00f3n tiene para <\/span><span data-contrast=\"none\">el<\/span><span data-contrast=\"none\"> PE de Ingenier\u00eda Industrial<\/span><span data-contrast=\"none\">: <\/span><span data-contrast=\"none\">\u201c<\/span><span data-contrast=\"none\">Indudablemente, los beneficios son para <\/span><span data-contrast=\"none\">la <\/span><span data-contrast=\"none\">UV y toda la comunidad de<\/span> <span data-contrast=\"none\">l<\/span><span data-contrast=\"none\">a<\/span><span data-contrast=\"none\"> FIMCN. Estamos seguros que nuestras autoridades universitarias nos dar\u00e1n la confianza y recursos para mantener esta acreditaci\u00f3n y avanzar al siguiente nivel.<\/span><span data-contrast=\"none\"> L<\/span><span data-contrast=\"none\">os empleadores se ver\u00e1n beneficiados al contratar a profesionales que han cursado una carrera de calidad reconocida y nuestro cuerpo docente, administrativo, t\u00e9cnico y todo el personal nos sentiremos m\u00e1<\/span><span data-contrast=\"none\">s comprometidos con nuestra a<\/span><span data-contrast=\"none\">lma <\/span><span data-contrast=\"none\">m\u00e1<\/span><span data-contrast=\"none\">ter<\/span><span data-contrast=\"none\">\u201d<\/span><span data-contrast=\"none\">.<\/span><span data-ccp-props=\"{&quot;201341983&quot;:0,&quot;335559731&quot;:709,&quot;335559739&quot;:200,&quot;335559740&quot;:240}\">\u00a0<\/span><\/p>\n<p>&nbsp;<\/p>\n<div id=\"attachment_92869\" style=\"width: 732px\" class=\"wp-caption aligncenter\"><a href=\"https:\/\/www.uv.mx\/prensa\/files\/2021\/02\/040221-CIEES-Ingenierias-veracruz-2.jpg\"><img aria-describedby=\"caption-attachment-92869\" decoding=\"async\" loading=\"lazy\" class=\"size-full wp-image-92869\" src=\"https:\/\/www.uv.mx\/prensa\/files\/2021\/02\/040221-CIEES-Ingenierias-veracruz-2.jpg\" alt=\"\" width=\"722\" height=\"481\" srcset=\"https:\/\/www.uv.mx\/prensa\/files\/2021\/02\/040221-CIEES-Ingenierias-veracruz-2.jpg 722w, https:\/\/www.uv.mx\/prensa\/files\/2021\/02\/040221-CIEES-Ingenierias-veracruz-2-300x200.jpg 300w\" sizes=\"(max-width: 722px) 100vw, 722px\" \/><\/a><p id=\"caption-attachment-92869\" class=\"wp-caption-text\">Jorge del R\u00edo Montiel, director de la FIMCN, resalt\u00f3 que una gran fortaleza de esa entidad educativa es el cuerpo docente altamente calificado<\/p><\/div>\n<p>&nbsp;<\/p>\n<p><span data-contrast=\"none\">Dijo que las autoridades del organismo acreditador destacaron fortalezas del PE, entre ellas<\/span><span data-contrast=\"none\">:<\/span><span data-contrast=\"none\"> que los profesores de tiempo completo tienen estudios de posgrado disciplinares afines al \u00e1rea de desempe\u00f1<\/span><span data-contrast=\"none\">o docente;<\/span><span data-contrast=\"none\"> que existe un <\/span><span data-contrast=\"none\">s<\/span><span data-contrast=\"none\">istema <\/span><span data-contrast=\"none\">i<\/span><span data-contrast=\"none\">nstitucional de <\/span><span data-contrast=\"none\">t<\/span><span data-contrast=\"none\">utor\u00edas en el que participa<\/span><span data-contrast=\"none\"> el<\/span><span data-contrast=\"none\"> 80 por ciento de los profesores, atendiendo a todo el alumnado en diversas situaciones acad\u00e9micas que puedan presentarse a lo largo de su trayectoria.<\/span><span data-ccp-props=\"{&quot;201341983&quot;:0,&quot;335559731&quot;:708,&quot;335559739&quot;:200,&quot;335559740&quot;:240}\">\u00a0<\/span><\/p>\n<p><span data-contrast=\"none\">Asimismo, <\/span><span data-contrast=\"none\">que cuentan con el Programa de Apoyo a la Formaci\u00f3n Integral (PAFI) para reforzamiento de los estudiantes<\/span><span data-contrast=\"none\"> en sus experiencias educativas<\/span><span data-contrast=\"none\">, as\u00ed como el Programa Institucional de Movilidad Nacional e Internacional que beneficia a los estudiantes con intercambios y estancias acad\u00e9micas<\/span><span data-contrast=\"none\">;<\/span><span data-contrast=\"none\"> finalmente<\/span><span data-contrast=\"none\">,<\/span><span data-contrast=\"none\"> el PE cuenta con el <\/span><span data-contrast=\"none\">c<\/span><span data-contrast=\"none\">uerpo <\/span><span data-contrast=\"none\">a<\/span><span data-contrast=\"none\">cad\u00e9mico <\/span><span data-contrast=\"none\">en formaci\u00f3n <\/span><span data-contrast=\"none\">Innovaci\u00f3n en Sistemas de Gesti\u00f3n, que actualmente <\/span><span data-contrast=\"none\">trabaja<\/span><span data-contrast=\"none\"> para su consolidaci\u00f3n.<\/span><span data-ccp-props=\"{&quot;201341983&quot;:0,&quot;335559731&quot;:708,&quot;335559739&quot;:200,&quot;335559740&quot;:240}\">\u00a0<\/span><\/p>\n<p><span data-contrast=\"none\">\u201c<\/span><span data-contrast=\"none\">Tenemos un gran potencial en nuestra entidad educativa, nuestro recurso m\u00e1s valioso <\/span><span data-contrast=\"none\">es <\/span><span data-contrast=\"none\">el cuerpo docente altamente calificado y con las actitudes adecuadas para mantener el nivel de calidad de todos los PE y enfrentar nuevos retos, a<\/span><span data-contrast=\"none\">u<\/span><span data-contrast=\"none\">n en medio de la <\/span><span data-contrast=\"none\">contingencia<\/span><span data-contrast=\"none\"> sanitaria que vive nuestro pa\u00eds y el mundo entero.<\/span><span data-contrast=\"none\"> Respecto <\/span><span data-contrast=\"none\">al trabajo de preparaci\u00f3n que se hizo desde meses atr\u00e1s, me<\/span><span data-contrast=\"none\"> congratulo de que llego a una F<\/span><span data-contrast=\"none\">acultad que tiene un gran sentido de responsabilidad y que saben trabajar en equipos interdisciplinarios\u201d<\/span><span data-contrast=\"none\">,<\/span><span data-contrast=\"none\"> afirm\u00f3 <\/span><span data-contrast=\"none\">D<\/span><span data-contrast=\"none\">el R\u00edo<\/span><span data-contrast=\"none\"> Montiel<\/span><span data-contrast=\"none\">.<\/span><span data-ccp-props=\"{&quot;201341983&quot;:0,&quot;335559731&quot;:708,&quot;335559739&quot;:200,&quot;335559740&quot;:240}\">\u00a0<\/span><\/p>\n<p><span data-contrast=\"none\">Resalt\u00f3 la mejora <\/span><span data-contrast=\"none\">continua<\/span><span data-contrast=\"none\"> de la calidad <\/span><span data-contrast=\"none\">en<\/span><span data-contrast=\"none\"> la UV, principalmente en <\/span><span data-contrast=\"none\">los<\/span><span data-contrast=\"none\"> dos \u00faltimos periodos de gesti\u00f3n rectoral, alcanzando altos niveles de acreditaci\u00f3n en licenciatura y en posgrado.<\/span><span data-ccp-props=\"{&quot;201341983&quot;:0,&quot;335559731&quot;:708,&quot;335559739&quot;:200,&quot;335559740&quot;:240}\">\u00a0<\/span><\/p>\n<p><span data-contrast=\"none\">Para finalizar, ambos directores agradecieron el apoyo de las autoridades universitarias<\/span><span data-contrast=\"none\">,<\/span><span data-contrast=\"none\"> tanto de la regi\u00f3n como de la <\/span><span data-contrast=\"none\">R<\/span><span data-contrast=\"none\">ector\u00eda<\/span><span data-contrast=\"none\">,<\/span><span data-contrast=\"none\"> para <\/span><span data-contrast=\"none\">lograr estos<\/span><span data-contrast=\"none\"> reconocimientos que hace evidente el buen trabajo que se desarrolla al interior de las entidades.<\/span><span data-ccp-props=\"{&quot;201341983&quot;:0,&quot;335559731&quot;:708,&quot;335559739&quot;:200,&quot;335559740&quot;:240}\">\u00a0<\/span><\/p>\n<p>&nbsp;<\/p>\n<div id='gallery-1' class='gallery galleryid-92864 gallery-columns-2 gallery-size-full'><dl class='gallery-item'>\n\t\t\t<dt class='gallery-icon portrait'>\n\t\t\t\t<a href='https:\/\/www.uv.mx\/prensa\/files\/2021\/02\/040221-CIEES-Ingenierias-veracruz-3.jpg'><img width=\"280\" height=\"481\" src=\"https:\/\/www.uv.mx\/prensa\/files\/2021\/02\/040221-CIEES-Ingenierias-veracruz-3.jpg\" class=\"attachment-full size-full\" alt=\"\" decoding=\"async\" loading=\"lazy\" aria-describedby=\"gallery-1-92867\" srcset=\"https:\/\/www.uv.mx\/prensa\/files\/2021\/02\/040221-CIEES-Ingenierias-veracruz-3.jpg 280w, https:\/\/www.uv.mx\/prensa\/files\/2021\/02\/040221-CIEES-Ingenierias-veracruz-3-175x300.jpg 175w\" sizes=\"(max-width: 280px) 100vw, 280px\" \/><\/a>\n\t\t\t<\/dt>\n\t\t\t\t<dd class='wp-caption-text gallery-caption' id='gallery-1-92867'>\n\t\t\t\tAcreditaci\u00f3n del PE Ingenier\u00eda Industrial\n\t\t\t\t<\/dd><\/dl><dl class='gallery-item'>\n\t\t\t<dt class='gallery-icon portrait'>\n\t\t\t\t<a href='https:\/\/www.uv.mx\/prensa\/files\/2021\/02\/040221-CIEES-Ingenierias-veracruz-4.jpg'><img width=\"278\" height=\"481\" src=\"https:\/\/www.uv.mx\/prensa\/files\/2021\/02\/040221-CIEES-Ingenierias-veracruz-4.jpg\" class=\"attachment-full size-full\" alt=\"\" decoding=\"async\" loading=\"lazy\" aria-describedby=\"gallery-1-92866\" srcset=\"https:\/\/www.uv.mx\/prensa\/files\/2021\/02\/040221-CIEES-Ingenierias-veracruz-4.jpg 278w, https:\/\/www.uv.mx\/prensa\/files\/2021\/02\/040221-CIEES-Ingenierias-veracruz-4-173x300.jpg 173w\" sizes=\"(max-width: 278px) 100vw, 278px\" \/><\/a>\n\t\t\t<\/dt>\n\t\t\t\t<dd class='wp-caption-text gallery-caption' id='gallery-1-92866'>\n\t\t\t\tAcreditaci\u00f3n del PE Ingenier\u00eda Topogr\u00e1fica Geod\u00e9sica\n\t\t\t\t<\/dd><\/dl><br style=\"clear: both\" \/>\n\t\t<\/div>\n\n","protected":false},"excerpt":{"rendered":"<p>Se trata de las licenciaturas en Ingenier\u00eda Topogr\u00e1fica-Geod\u00e9sica e Ingenier\u00eda Industrial de la regi\u00f3n Veracruz<\/p>\n","protected":false},"author":1508,"featured_media":92865,"comment_status":"closed","ping_status":"closed","sticky":false,"template":"","format":"standard","meta":[],"categories":[61,55],"tags":[],"_links":{"self":[{"href":"https:\/\/www.uv.mx\/prensa\/wp-json\/wp\/v2\/posts\/92864"}],"collection":[{"href":"https:\/\/www.uv.mx\/prensa\/wp-json\/wp\/v2\/posts"}],"about":[{"href":"https:\/\/www.uv.mx\/prensa\/wp-json\/wp\/v2\/types\/post"}],"author":[{"embeddable":true,"href":"https:\/\/www.uv.mx\/prensa\/wp-json\/wp\/v2\/users\/1508"}],"replies":[{"embeddable":true,"href":"https:\/\/www.uv.mx\/prensa\/wp-json\/wp\/v2\/comments?post=92864"}],"version-history":[{"count":1,"href":"https:\/\/www.uv.mx\/prensa\/wp-json\/wp\/v2\/posts\/92864\/revisions"}],"predecessor-version":[{"id":93075,"href":"https:\/\/www.uv.mx\/prensa\/wp-json\/wp\/v2\/posts\/92864\/revisions\/93075"}],"wp:featuredmedia":[{"embeddable":true,"href":"https:\/\/www.uv.mx\/prensa\/wp-json\/wp\/v2\/media\/92865"}],"wp:attachment":[{"href":"https:\/\/www.uv.mx\/prensa\/wp-json\/wp\/v2\/media?parent=92864"}],"wp:term":[{"taxonomy":"category","embeddable":true,"href":"https:\/\/www.uv.mx\/prensa\/wp-json\/wp\/v2\/categories?post=92864"},{"taxonomy":"post_tag","embeddable":true,"href":"https:\/\/www.uv.mx\/prensa\/wp-json\/wp\/v2\/tags?post=92864"}],"curies":[{"name":"wp","href":"https:\/\/api.w.org\/{rel}","templated":true}]}}