{"id":92900,"date":"2021-02-05T15:30:13","date_gmt":"2021-02-05T21:30:13","guid":{"rendered":"https:\/\/www.uv.mx\/prensa\/?p=92900"},"modified":"2021-02-09T10:32:01","modified_gmt":"2021-02-09T16:32:01","slug":"uv-presento-plataformas-academicas-ecosistema-educativo-en-linea","status":"publish","type":"post","link":"https:\/\/www.uv.mx\/prensa\/banner\/uv-presento-plataformas-academicas-ecosistema-educativo-en-linea\/","title":{"rendered":"UV\u00a0present\u00f3\u00a0\u201cPlataformas\u00a0acad\u00e9micas\u201d,\u00a0ecosistema educativo\u00a0en l\u00ednea\u00a0\u00a0"},"content":{"rendered":"<p>&nbsp;<\/p>\n<ul>\n<li data-leveltext=\"\uf0b7\" data-font=\"Symbol\" data-listid=\"1\" data-aria-posinset=\"1\" data-aria-level=\"1\"><i><span data-contrast=\"auto\">La\u00a0<\/span><\/i><i><span data-contrast=\"auto\">r<\/span><\/i><i><span data-contrast=\"auto\">ectora<\/span><\/i><i><span data-contrast=\"auto\">, Sara Ladr\u00f3n de Guevara,<\/span><\/i><i><span data-contrast=\"auto\">\u00a0destac\u00f3 que es un referente m\u00e1s de que la instituci\u00f3n est\u00e1 consolidada y fortalecida en recursos virtuales<\/span><\/i><span data-ccp-props=\"{&quot;134233279&quot;:true,&quot;201341983&quot;:0,&quot;335559739&quot;:160,&quot;335559740&quot;:240}\">\u00a0<\/span><\/li>\n<\/ul>\n<p><span data-ccp-props=\"{&quot;201341983&quot;:0,&quot;335559739&quot;:160,&quot;335559740&quot;:240}\">\u00a0<\/span><\/p>\n<div id=\"attachment_92902\" style=\"width: 730px\" class=\"wp-caption aligncenter\"><a href=\"https:\/\/www.uv.mx\/prensa\/files\/2021\/02\/050221-KARINA-Plataforma-UV-1.jpg\"><img aria-describedby=\"caption-attachment-92902\" decoding=\"async\" loading=\"lazy\" class=\"size-full wp-image-92902\" src=\"https:\/\/www.uv.mx\/prensa\/files\/2021\/02\/050221-KARINA-Plataforma-UV-1.jpg\" alt=\"\" width=\"720\" height=\"227\" srcset=\"https:\/\/www.uv.mx\/prensa\/files\/2021\/02\/050221-KARINA-Plataforma-UV-1.jpg 720w, https:\/\/www.uv.mx\/prensa\/files\/2021\/02\/050221-KARINA-Plataforma-UV-1-300x95.jpg 300w\" sizes=\"(max-width: 720px) 100vw, 720px\" \/><\/a><p id=\"caption-attachment-92902\" class=\"wp-caption-text\">Se trata de un solo espacio que aglutina todos los materiales de apoyo acad\u00e9mico<\/p><\/div>\n<p><span data-ccp-props=\"{&quot;201341983&quot;:0,&quot;335559739&quot;:160,&quot;335559740&quot;:240}\">\u00a0<\/span><\/p>\n<p><b><i><span data-contrast=\"auto\">Karina de la Paz Reyes D\u00edaz<\/span><\/i><\/b><span data-ccp-props=\"{&quot;134233279&quot;:true,&quot;201341983&quot;:0,&quot;335559739&quot;:160,&quot;335559740&quot;:240}\">\u00a0<\/span><\/p>\n<p><b><i><span data-contrast=\"auto\">05\/02\/2021, Xalapa,\u00a0<\/span><\/i><\/b><b><i><span data-contrast=\"auto\">Ver.-<\/span><\/i><\/b><b><i><span data-contrast=\"auto\">\u00a0<\/span><\/i><\/b><span data-contrast=\"auto\">La Universidad Veracruzana (UV) desarroll\u00f3 un ecosistema de plataformas que incorpora herramientas de tecnolog\u00edas de la informaci\u00f3n para la gesti\u00f3n del conocimiento<\/span><span data-contrast=\"auto\">\u00a0<\/span><span data-contrast=\"auto\">con componentes de interactividad que permiten el intercambio de \u00e9ste. Se trata de<\/span><span data-contrast=\"auto\">\u00a0<\/span><span data-contrast=\"auto\">\u201c<\/span><span data-contrast=\"auto\">Plataformas de apoyo acad\u00e9mico y difusi\u00f3n del conocimiento<\/span><span data-contrast=\"auto\">\u201d (<\/span><a href=\"https:\/\/www.uv.mx\/plataformasacademicas\/\"><span data-contrast=\"none\">https:\/\/www.uv.mx\/plataformasaca<\/span><span data-contrast=\"none\">d<\/span><span data-contrast=\"none\">emicas\/<\/span><\/a><span data-contrast=\"auto\">)<\/span><span data-contrast=\"auto\">\u00a0<\/span><span data-contrast=\"auto\">que r<\/span><span data-contrast=\"auto\">e\u00fane a\u00a0<\/span><i><span data-contrast=\"auto\">Lienzos<\/span><\/i><span data-contrast=\"auto\">,\u00a0<\/span><i><span data-contrast=\"auto\">Eminus<\/span><\/i><span data-contrast=\"auto\">\u00a0y\u00a0<\/span><i><span data-contrast=\"auto\">Lumen<\/span><\/i><span data-contrast=\"auto\">.<\/span><span data-ccp-props=\"{&quot;134233279&quot;:true,&quot;201341983&quot;:0,&quot;335559739&quot;:160,&quot;335559740&quot;:240}\">\u00a0<\/span><\/p>\n<p><span data-contrast=\"auto\">I<\/span><span data-contrast=\"auto\">ntegrantes de la <a href=\"https:\/\/www.uv.mx\/dgti\/\" target=\"_blank\" rel=\"noopener\">Direcci\u00f3n General de Tecnolog\u00eda de Informaci\u00f3n<\/a> (DGTI)<\/span><span data-contrast=\"auto\">, entidad adscrita a la Secretar\u00eda de Desarrollo Institucional (SDI),<\/span><span data-contrast=\"auto\">\u00a0<\/span><span data-contrast=\"auto\">presentaron formalmente\u00a0<\/span><span data-contrast=\"auto\">e<\/span><span data-contrast=\"auto\">l sitio virtual en una reuni\u00f3n en la Sala de Juntas de Rector\u00eda,\u00a0<\/span><span data-contrast=\"auto\">enca<\/span><span data-contrast=\"auto\">bezada<\/span><span data-contrast=\"auto\">\u00a0por la rectora Sara Ladr\u00f3n de Guevara<\/span><span data-contrast=\"auto\">\u00a0y con enlace a las cinco regiones universitarias.<\/span><span data-ccp-props=\"{&quot;134233279&quot;:true,&quot;201341983&quot;:0,&quot;335559731&quot;:708,&quot;335559739&quot;:160,&quot;335559740&quot;:240}\">\u00a0<\/span><\/p>\n<p><span data-contrast=\"auto\">Ah\u00ed<\/span><span data-contrast=\"auto\">\u00a0<\/span><span data-contrast=\"auto\">se aglutin\u00f3<\/span><span data-contrast=\"auto\">\u00a0a\u00a0<\/span><i><span data-contrast=\"auto\">Eminus<\/span><\/i><span data-contrast=\"auto\">, h<\/span><span data-contrast=\"auto\">erramienta de colaboraci\u00f3n que integra un ambiente s\u00f3lido de apoyo al proceso de ense\u00f1anza-aprendizaje en sus distintas modalidades<\/span><span data-contrast=\"auto\">;\u00a0<\/span><i><span data-contrast=\"auto\">Lienzos<\/span><\/i><span data-contrast=\"auto\">,\u00a0<\/span><span data-contrast=\"auto\">para la elaboraci\u00f3n de recursos educativos para\u00a0<\/span><span data-contrast=\"auto\">apoyar las pr\u00e1cticas\u00a0<\/span><span data-contrast=\"auto\">docentes<\/span><span data-contrast=\"auto\">; as\u00ed como\u00a0<\/span><span data-contrast=\"auto\">a\u00a0<\/span><i><span data-contrast=\"auto\">Lumen<\/span><\/i><span data-contrast=\"auto\">,\u00a0<\/span><span data-contrast=\"auto\">r<\/span><span data-contrast=\"auto\">e<\/span><span data-contrast=\"auto\">positorio\u00a0<\/span><span data-contrast=\"auto\">d<\/span><span data-contrast=\"auto\">igital\u00a0<\/span><span data-contrast=\"auto\">u<\/span><span data-contrast=\"auto\">niversitario\u00a0<\/span><span data-contrast=\"auto\">para el registro, clasificaci\u00f3n y difusi\u00f3n de recursos digitales para la comunidad universitaria<\/span><span data-contrast=\"auto\">.<\/span><span data-ccp-props=\"{&quot;134233279&quot;:true,&quot;201341983&quot;:0,&quot;335559731&quot;:708,&quot;335559739&quot;:160,&quot;335559740&quot;:240}\">\u00a0<\/span><\/p>\n<p><span data-contrast=\"auto\">La Rectora destac\u00f3 que esto es un formato robusto\u00a0<\/span><span data-contrast=\"auto\">para\u00a0<\/span><span data-contrast=\"auto\">mostrar las plataformas y\u00a0<\/span><span data-contrast=\"auto\">darle<\/span><span data-contrast=\"auto\">\u00a0certeza a l<\/span><span data-contrast=\"auto\">o<\/span><span data-contrast=\"auto\">s\u00a0<\/span><span data-contrast=\"auto\">usuario<\/span><span data-contrast=\"auto\">s; adem\u00e1s de ser<\/span><span data-contrast=\"auto\">\u00a0un referente m\u00e1s de que la instituci\u00f3n est\u00e1 consolidada y fortalecida en recursos virtuales<\/span><span data-contrast=\"auto\">, y que contin\u00faa por ese camino.<\/span><span data-ccp-props=\"{&quot;134233279&quot;:true,&quot;201341983&quot;:0,&quot;335559739&quot;:160,&quot;335559740&quot;:240}\">\u00a0<\/span><\/p>\n<p><span data-contrast=\"auto\">Asimismo, reconoci\u00f3 a quienes apoyan a los dem\u00e1s para vivir este reto de la modalidad virtual y tener \u00e9xito en ello. \u201cMuchas felicidades a quienes participan, unos haciendo las herramientas, otros reconociendo c\u00f3mo pueden mejorar<\/span><span data-contrast=\"auto\">,<\/span><span data-contrast=\"auto\">\u00a0y mucho \u00e1nimo a todos los que usamos estas tecnolog\u00edas para comunicarnos, porque al fin y al cabo la educaci\u00f3n es un proceso humano y debemos mantener esa calidad humana en estas fr\u00edas tecnolog\u00edas que nos permiten segui<\/span><span data-contrast=\"auto\">r<\/span><span data-contrast=\"auto\">\u00a0comunic<\/span><span data-contrast=\"auto\">\u00e1<\/span><span data-contrast=\"auto\">ndo<\/span><span data-contrast=\"auto\">nos<\/span><span data-contrast=\"auto\">\u201d<\/span><span data-contrast=\"auto\">, a\u00f1adi\u00f3.<\/span><span data-ccp-props=\"{&quot;134233279&quot;:true,&quot;201341983&quot;:0,&quot;335559739&quot;:160,&quot;335559740&quot;:240}\">\u00a0<\/span><\/p>\n<p><span data-contrast=\"auto\">El titular de la SDI, Octavio Ochoa Contreras, destac\u00f3 que se trata de un trabajo que conjunta esfuerzos, as\u00ed como recursos que<\/span><span data-contrast=\"auto\">\u00a0ya estaban disponibles, y lo<\/span><span data-contrast=\"auto\">\u00a0desarrollaron en c<\/span><span data-contrast=\"auto\">oordinaci\u00f3n\u00a0<\/span><span data-contrast=\"auto\">con la Secretar\u00eda Acad\u00e9mica.<\/span><span data-ccp-props=\"{&quot;134233279&quot;:true,&quot;201341983&quot;:0,&quot;335559739&quot;:160,&quot;335559740&quot;:240}\">\u00a0<\/span><\/p>\n<p><span data-contrast=\"auto\">\u201cSer\u00e1 m\u00e1s f\u00e1cil acceder a estos recursos,\u00a0<\/span><span data-contrast=\"auto\">ahora<\/span><span data-contrast=\"auto\">\u00a0de una manera m\u00e1s did\u00e1ctica y m\u00e1s visible no s\u00f3lo para los universitarios (el principal objetivo)<\/span><span data-contrast=\"auto\">,<\/span><span data-contrast=\"auto\">\u00a0sino tambi\u00e9n para toda la sociedad\u201d, dijo Ocho<\/span><span data-contrast=\"auto\">a<\/span><span data-contrast=\"auto\">\u00a0Contreras.<\/span><span data-ccp-props=\"{&quot;134233279&quot;:true,&quot;201341983&quot;:0,&quot;335559739&quot;:160,&quot;335559740&quot;:240}\">\u00a0<\/span><\/p>\n<p>&nbsp;<\/p>\n<div id=\"attachment_92903\" style=\"width: 730px\" class=\"wp-caption aligncenter\"><a href=\"https:\/\/www.uv.mx\/prensa\/files\/2021\/02\/050221-KARINA-Plataforma-UV-2.jpg\"><img aria-describedby=\"caption-attachment-92903\" decoding=\"async\" loading=\"lazy\" class=\"size-full wp-image-92903\" src=\"https:\/\/www.uv.mx\/prensa\/files\/2021\/02\/050221-KARINA-Plataforma-UV-2.jpg\" alt=\"\" width=\"720\" height=\"481\" srcset=\"https:\/\/www.uv.mx\/prensa\/files\/2021\/02\/050221-KARINA-Plataforma-UV-2.jpg 720w, https:\/\/www.uv.mx\/prensa\/files\/2021\/02\/050221-KARINA-Plataforma-UV-2-300x200.jpg 300w\" sizes=\"(max-width: 720px) 100vw, 720px\" \/><\/a><p id=\"caption-attachment-92903\" class=\"wp-caption-text\">\u201cEs un referente m\u00e1s de que la instituci\u00f3n est\u00e1 consolidada y fortalecida en recursos virtuales\u201d, dijo la Rectora<\/p><\/div>\n<p>&nbsp;<\/p>\n<p><span data-contrast=\"auto\">Juan Carlos Jim\u00e9nez M\u00e1rquez<\/span><span data-contrast=\"auto\">, titular de la DGTI, remarc\u00f3 que la intenci\u00f3n es que la comunidad acad\u00e9mica encuentre de manera m\u00e1s r\u00e1pida y directa las plataformas citadas, pues \u201chac\u00eda falta que tuvieran en un solo espacio todos los materiales de apoyo, lo referente a dudas, c\u00f3mo realizar act<\/span><span data-contrast=\"auto\">ividades, ex\u00e1menes, entre otros<\/span><span data-contrast=\"auto\">\u201d<\/span><span data-contrast=\"auto\">.<\/span><span data-ccp-props=\"{&quot;134233279&quot;:true,&quot;201341983&quot;:0,&quot;335559739&quot;:160,&quot;335559740&quot;:240}\">\u00a0<\/span><\/p>\n<p><span data-contrast=\"auto\">El\u00a0<\/span><span data-contrast=\"auto\">sitio\u00a0<\/span><span data-contrast=\"auto\">fue mostrado a detalle por el director<\/span><span data-contrast=\"auto\">\u00a0de Desarrollo Inform\u00e1tico de Apoyo Acad\u00e9mico<\/span><span data-contrast=\"auto\">\u00a0de la DGTI,\u00a0<\/span><span data-contrast=\"auto\">Alejandro Colunga Moreno<\/span><span data-contrast=\"auto\">, quien<\/span><span data-contrast=\"auto\">\u00a0<\/span><span data-contrast=\"auto\">e<\/span><span data-contrast=\"auto\">xplic\u00f3 que adem\u00e1s de\u00a0<\/span><i><span data-contrast=\"auto\">Lienzos<\/span><\/i><span data-contrast=\"auto\">,\u00a0<\/span><i><span data-contrast=\"auto\">Eminus<\/span><\/i><span data-contrast=\"auto\">\u00a0y\u00a0<\/span><i><span data-contrast=\"auto\">Lumen<\/span><\/i><span data-contrast=\"auto\">,<\/span><span data-contrast=\"auto\">\u00a0c<\/span><span data-contrast=\"auto\">onformaron<\/span><span data-contrast=\"auto\">\u00a0<\/span><span data-contrast=\"auto\">el apartado\u00a0<\/span><span data-contrast=\"auto\">\u201c<\/span><span data-contrast=\"auto\">F<\/span><span data-contrast=\"auto\">undamentaci\u00f3n<\/span><span data-contrast=\"auto\">\u201d<\/span><span data-contrast=\"auto\">, con los documentos que justifican la creaci\u00f3n de<\/span><span data-contrast=\"auto\">\u00a0<\/span><span data-contrast=\"auto\">cada una de\u00a0<\/span><span data-contrast=\"auto\">estas plataformas<\/span><span data-contrast=\"auto\">; ello con el<\/span><span data-contrast=\"auto\">\u00a0apoyo con Secretar\u00eda Acad\u00e9mica.<\/span><span data-ccp-props=\"{&quot;134233279&quot;:true,&quot;201341983&quot;:0,&quot;335559739&quot;:160,&quot;335559740&quot;:240}\">\u00a0<\/span><\/p>\n<p><span data-contrast=\"auto\">Adem\u00e1s, en colaboraci\u00f3n con la Direcci\u00f3n<\/span><span data-contrast=\"auto\">\u00a0General de Desarrollo Acad\u00e9mico<\/span><span data-contrast=\"auto\">\u00a0e Innovaci\u00f3n Educativa crearon la opci\u00f3n\u00a0<\/span><span data-contrast=\"auto\">\u201c<\/span><span data-contrast=\"auto\">Formaci\u00f3n acad\u00e9mica<\/span><span data-contrast=\"auto\">\u201d<\/span><span data-contrast=\"auto\">\u00a0para a<\/span><span data-contrast=\"auto\">cceder directamente a la oferta,\u00a0<\/span><span data-contrast=\"auto\">sobre todo en el rubro de innovaci\u00f3n y las solicitudes de las entidades acad\u00e9micas para cursos de capacitaci\u00f3n.<\/span><span data-ccp-props=\"{&quot;134233279&quot;:true,&quot;201341983&quot;:0,&quot;335559731&quot;:708,&quot;335559739&quot;:160,&quot;335559740&quot;:240}\">\u00a0<\/span><\/p>\n<p><span data-contrast=\"auto\">A<\/span><span data-contrast=\"auto\">lejandro Colunga<\/span><span data-contrast=\"auto\">\u00a0precis\u00f3\u00a0que\u00a0en el caso de\u00a0<\/span><i><span data-contrast=\"auto\">Lienzos<\/span><\/i><span data-contrast=\"auto\">, actualmente es utilizada por 453 acad\u00e9micos de 106 entidades y dependencias, con un total de mil 46 proyectos creados; en lo que se refiere a\u00a0<\/span><i><span data-contrast=\"auto\">Lumen<\/span><\/i><span data-contrast=\"auto\">, a la fecha 28 dependencia<\/span><span data-contrast=\"auto\">s incorporan recursos digitales<\/span><span data-contrast=\"auto\">\u00a0y de un a\u00f1o a la fecha hay mil 12 recursos educativos nuev<\/span><span data-contrast=\"auto\">os, con 26 mil 727 visitas.<\/span><span data-ccp-props=\"{&quot;134233279&quot;:true,&quot;201341983&quot;:0,&quot;335559739&quot;:160,&quot;335559740&quot;:240}\">\u00a0<\/span><\/p>\n<p><span data-contrast=\"auto\">Como parte de la reuni\u00f3n, Juan Carlos Jim\u00e9nez present\u00f3 el reporte de estad\u00edsticas del periodo\u00a0<\/span><span data-contrast=\"auto\">de contingencias;<\/span><span data-contrast=\"auto\">\u00a0por ejemplo, del 23 de marzo de<\/span><span data-contrast=\"auto\">\u00a02020 al 31 de enero de<\/span><span data-contrast=\"auto\">\u00a02021, se tienen registrados\u00a0<\/span><span data-contrast=\"auto\">seis<\/span><span data-contrast=\"auto\">\u00a0millones 138 mil\u00a0<\/span><span data-contrast=\"auto\">468 ingresos a\u00a0<\/span><i><span data-contrast=\"auto\">Eminus<\/span><\/i><span data-contrast=\"auto\">;\u00a0<\/span><span data-contrast=\"auto\">dos<\/span><span data-contrast=\"auto\">\u00a0millones, 550 mil 937 acce<\/span><span data-contrast=\"auto\">sos al Sal\u00f3n virtual de<\/span><span data-contrast=\"auto\">\u00a0<\/span><i><span data-contrast=\"auto\">Eminus<\/span><\/i><span data-contrast=\"auto\">\u00a0y 110 mil 311 sesiones de videoconferencias en\u00a0<\/span><i><span data-contrast=\"auto\">Zoom<\/span><\/i><span data-contrast=\"auto\">.<\/span><span data-ccp-props=\"{&quot;134233279&quot;:true,&quot;201341983&quot;:0,&quot;335559739&quot;:160,&quot;335559740&quot;:240}\">\u00a0<\/span><\/p>\n<p><span data-contrast=\"auto\">A partir del lunes 8 de febrero iniciar\u00e1 formalmente una campa\u00f1a de difusi\u00f3n del sitio a trav\u00e9s de la Direcci\u00f3n General de Comunicaci\u00f3n Universitaria (DGCU).<\/span><span data-ccp-props=\"{&quot;134233279&quot;:true,&quot;201341983&quot;:0,&quot;335559739&quot;:160,&quot;335559740&quot;:240}\">\u00a0<\/span><\/p>\n<p><span data-contrast=\"auto\">En la reuni\u00f3n estuvieron presentes la secretaria Acad\u00e9mica, Magdalena Hern\u00e1ndez Alarc\u00f3n; el secretario de Administraci\u00f3n y Finanzas, Salvador Tapia\u00a0Spinoso, y el director general de Comunicaci\u00f3n Universitaria, Raciel\u00a0Dam\u00f3n\u00a0Mart\u00ednez G\u00f3mez.<\/span><span data-ccp-props=\"{&quot;134233279&quot;:true,&quot;201341983&quot;:0,&quot;335559739&quot;:160,&quot;335559740&quot;:240}\">\u00a0<\/span><\/p>\n<p><span data-contrast=\"auto\">V\u00eda\u00a0<\/span><span data-contrast=\"auto\">remota estuvieron presentes<\/span><span data-contrast=\"auto\">\u00a0<\/span><span data-contrast=\"auto\">los vicerrectores Jos\u00e9 Luis Alan\u00eds M\u00e9ndez, de la regi\u00f3n Poza Rica-Tuxpan; Jos\u00e9 Eduar<\/span><span data-contrast=\"auto\">do Mart\u00ednez Canales, de Orizaba-<\/span><span data-contrast=\"auto\">C\u00f3rdoba; Alfonso Gerardo P\u00e9rez Morales, de Veracruz, y Carlos Lamothe Zavale<\/span><span data-contrast=\"auto\">ta, de Coatzacoalcos-Minatitl\u00e1n;<\/span><span data-contrast=\"auto\">\u00a0<\/span><span data-contrast=\"auto\">as\u00ed como\u00a0<\/span><span data-contrast=\"auto\">directores generales de \u00e1re<\/span><span data-contrast=\"auto\">as acad\u00e9micas, de investigaci\u00f3n y<\/span><span data-contrast=\"auto\">\u00a0administraci\u00f3n<\/span><span data-contrast=\"auto\">\u00a0y \u00e1reas operativas.<\/span><span data-ccp-props=\"{&quot;134233279&quot;:true,&quot;201341983&quot;:0,&quot;335559739&quot;:160,&quot;335559740&quot;:240}\">\u00a0<\/span><\/p>\n<p><span data-ccp-props=\"{&quot;134233279&quot;:true,&quot;201341983&quot;:0,&quot;335559739&quot;:160,&quot;335559740&quot;:240}\">\u00a0<\/span><\/p>\n<div id=\"attachment_92904\" style=\"width: 730px\" class=\"wp-caption aligncenter\"><a href=\"https:\/\/www.uv.mx\/prensa\/files\/2021\/02\/050221-KARINA-Plataforma-UV-3.jpg\"><img aria-describedby=\"caption-attachment-92904\" decoding=\"async\" loading=\"lazy\" class=\"size-full wp-image-92904\" src=\"https:\/\/www.uv.mx\/prensa\/files\/2021\/02\/050221-KARINA-Plataforma-UV-3.jpg\" alt=\"\" width=\"720\" height=\"481\" srcset=\"https:\/\/www.uv.mx\/prensa\/files\/2021\/02\/050221-KARINA-Plataforma-UV-3.jpg 720w, https:\/\/www.uv.mx\/prensa\/files\/2021\/02\/050221-KARINA-Plataforma-UV-3-300x200.jpg 300w\" sizes=\"(max-width: 720px) 100vw, 720px\" \/><\/a><p id=\"caption-attachment-92904\" class=\"wp-caption-text\">Autoridades de la UV iniciar\u00e1n una campa\u00f1a de difusi\u00f3n del portal a partir del 8 de febrero<\/p><\/div>\n","protected":false},"excerpt":{"rendered":"<p>Juan Carlos Jim\u00e9nez M\u00e1rquez,\u00a0director general de Tecnolog\u00eda de Informaci\u00f3n, remarc\u00f3 que la intenci\u00f3n es que la comunidad acad\u00e9mica encuentre,\u00a0de manera m\u00e1s r\u00e1pida y directa,\u00a0las plataformas\u00a0con que\u00a0cuenta la UV\u00a0<\/p>\n","protected":false},"author":1869,"featured_media":92901,"comment_status":"closed","ping_status":"closed","sticky":false,"template":"","format":"standard","meta":[],"categories":[61],"tags":[],"_links":{"self":[{"href":"https:\/\/www.uv.mx\/prensa\/wp-json\/wp\/v2\/posts\/92900"}],"collection":[{"href":"https:\/\/www.uv.mx\/prensa\/wp-json\/wp\/v2\/posts"}],"about":[{"href":"https:\/\/www.uv.mx\/prensa\/wp-json\/wp\/v2\/types\/post"}],"author":[{"embeddable":true,"href":"https:\/\/www.uv.mx\/prensa\/wp-json\/wp\/v2\/users\/1869"}],"replies":[{"embeddable":true,"href":"https:\/\/www.uv.mx\/prensa\/wp-json\/wp\/v2\/comments?post=92900"}],"version-history":[{"count":1,"href":"https:\/\/www.uv.mx\/prensa\/wp-json\/wp\/v2\/posts\/92900\/revisions"}],"predecessor-version":[{"id":93051,"href":"https:\/\/www.uv.mx\/prensa\/wp-json\/wp\/v2\/posts\/92900\/revisions\/93051"}],"wp:featuredmedia":[{"embeddable":true,"href":"https:\/\/www.uv.mx\/prensa\/wp-json\/wp\/v2\/media\/92901"}],"wp:attachment":[{"href":"https:\/\/www.uv.mx\/prensa\/wp-json\/wp\/v2\/media?parent=92900"}],"wp:term":[{"taxonomy":"category","embeddable":true,"href":"https:\/\/www.uv.mx\/prensa\/wp-json\/wp\/v2\/categories?post=92900"},{"taxonomy":"post_tag","embeddable":true,"href":"https:\/\/www.uv.mx\/prensa\/wp-json\/wp\/v2\/tags?post=92900"}],"curies":[{"name":"wp","href":"https:\/\/api.w.org\/{rel}","templated":true}]}}