{"id":93279,"date":"2021-02-16T08:00:42","date_gmt":"2021-02-16T14:00:42","guid":{"rendered":"https:\/\/www.uv.mx\/prensa\/?p=93279"},"modified":"2021-02-19T11:46:35","modified_gmt":"2021-02-19T17:46:35","slug":"convocatoria-para-realizar-movilidad-virtual-cierra-el-28-de-febrero","status":"publish","type":"post","link":"https:\/\/www.uv.mx\/prensa\/banner\/convocatoria-para-realizar-movilidad-virtual-cierra-el-28-de-febrero\/","title":{"rendered":"Convocatoria para realizar movilidad virtual cierra el 28 de febrero"},"content":{"rendered":"<style type=\"text\/css\">  blockquote p { color: #28519b; font-family: helvetica; font-size: 1.4em; }<br \/><\/style>\n<ul>\n<li data-leveltext=\"\u25cf\" data-font=\"\" data-listid=\"1\" data-aria-posinset=\"1\" data-aria-level=\"1\"><i><span data-contrast=\"auto\">El documento oficial y sus requisitos completos se pueden consultar en <\/span><\/i><a href=\"https:\/\/www.uv.mx\/movilidad\/files\/2021\/01\/promuv-otono-2021.pdf\"><i><span data-contrast=\"none\">www.uv.mx\/movilidad\/files\/2021\/01\/promuv-otono-2021.pdf<\/span><\/i><\/a><span data-ccp-props=\"{&quot;201341983&quot;:0,&quot;335559740&quot;:240}\">\u00a0<\/span><\/li>\n<li data-leveltext=\"\u25cf\" data-font=\"\" data-listid=\"1\" data-aria-posinset=\"2\" data-aria-level=\"1\"><i><span data-contrast=\"auto\">Los interesados pueden solicitar mayor informaci\u00f3n escribiendo al correo<\/span><\/i> <i><span data-contrast=\"auto\">promuvinternacional@uv<\/span><\/i><i><span data-contrast=\"auto\">.mx<\/span><\/i><span data-ccp-props=\"{&quot;201341983&quot;:0,&quot;335559740&quot;:240}\">\u00a0<\/span><\/li>\n<\/ul>\n<div id=\"attachment_93424\" style=\"width: 845px\" class=\"wp-caption aligncenter\"><a href=\"https:\/\/www.uv.mx\/prensa\/files\/2021\/02\/190221-Promuv-2021.jpg\"><img aria-describedby=\"caption-attachment-93424\" decoding=\"async\" loading=\"lazy\" class=\"wp-image-93424 size-full\" src=\"https:\/\/www.uv.mx\/prensa\/files\/2021\/02\/190221-Promuv-2021.jpg\" alt=\"\" width=\"835\" height=\"481\" srcset=\"https:\/\/www.uv.mx\/prensa\/files\/2021\/02\/190221-Promuv-2021.jpg 835w, https:\/\/www.uv.mx\/prensa\/files\/2021\/02\/190221-Promuv-2021-300x173.jpg 300w, https:\/\/www.uv.mx\/prensa\/files\/2021\/02\/190221-Promuv-2021-768x442.jpg 768w\" sizes=\"(max-width: 835px) 100vw, 835px\" \/><\/a><p id=\"caption-attachment-93424\" class=\"wp-caption-text\"><span data-contrast=\"auto\">La convocatoria completa se puede consultar en <\/span><a href=\"https:\/\/www.uv.mx\/movilidad\/files\/2021\/01\/promuv-otono-2021.pdf\" target=\"_blank\" rel=\"noopener\"><span data-contrast=\"none\">www.uv.mx\/movilidad\/files\/2021\/01\/promuv-otono-2021.pdf<\/span><\/a><span data-ccp-props=\"{&quot;201341983&quot;:0,&quot;335559740&quot;:240}\">\u00a0<\/span><\/p><\/div>\n<p>&nbsp;<\/p>\n<blockquote><p><span class=\"TextRun Highlight SCXW155751596 BCX2\" lang=\"ES\" xml:lang=\"ES\" data-contrast=\"auto\"><span class=\"NormalTextRun SCXW155751596 BCX2\">La convocatoria est\u00e1 dise\u00f1ada para la realizaci\u00f3n de <\/span><\/span><span class=\"TextRun Highlight SCXW155751596 BCX2\" lang=\"ES\" xml:lang=\"ES\" data-contrast=\"auto\"><span class=\"NormalTextRun SCXW155751596 BCX2\">i<\/span><\/span><span class=\"TextRun Highlight SCXW155751596 BCX2\" lang=\"ES\" xml:lang=\"ES\" data-contrast=\"auto\"><span class=\"NormalTextRun SCXW155751596 BCX2\">ntercambios virtuales desde dos semanas hasta seis meses en universidades extranjeras<\/span><\/span><span class=\"TextRun Highlight SCXW155751596 BCX2\" lang=\"ES\" xml:lang=\"ES\" data-contrast=\"auto\"><span class=\"NormalTextRun SCXW155751596 BCX2\">,<\/span><\/span><span class=\"TextRun Highlight SCXW155751596 BCX2\" lang=\"ES\" xml:lang=\"ES\" data-contrast=\"auto\"><span class=\"NormalTextRun SCXW155751596 BCX2\"> y para cursar hasta dos experiencias educativas virtuales, recibiendo cr\u00e9ditos acad\u00e9micos que fortalezcan las competencias profesionales de los participantes<\/span><\/span><\/p><\/blockquote>\n<p>&nbsp;<\/p>\n<p><b><i><span data-contrast=\"auto\">David Sandoval Rodr\u00edguez<\/span><\/i><\/b><span data-ccp-props=\"{&quot;201341983&quot;:0,&quot;335559740&quot;:240}\">\u00a0<\/span><\/p>\n<p><b><i><span data-contrast=\"auto\">16\/02\/<\/span><\/i><\/b><b><i><span data-contrast=\"auto\">20<\/span><\/i><\/b><b><i><span data-contrast=\"auto\">21<\/span><\/i><\/b><b><i><span data-contrast=\"auto\">,<\/span><\/i><\/b><b><i><span data-contrast=\"auto\"> Xalapa, Ver.-<\/span><\/i><\/b><span data-contrast=\"auto\"> La <a href=\"https:\/\/www.uv.mx\/\" target=\"_blank\" rel=\"noopener\">Universidad Veracruzana<\/a> (UV) invita a sus estudiantes que <\/span><span data-contrast=\"auto\">deseen realizar<\/span><span data-contrast=\"auto\"> una experiencia de movilidad virtual a atender la convocatoria oficial emitida por la Direcci\u00f3n General de Relaciones Internacionales (DGRI)<\/span><span data-contrast=\"auto\">,<\/span><span data-contrast=\"auto\"> a trav\u00e9s de su Coordinaci\u00f3n de Movilidad Estudiantil y Acad\u00e9mica (CMOV).<\/span><span data-ccp-props=\"{&quot;201341983&quot;:0,&quot;335559740&quot;:240}\">\u00a0<\/span><\/p>\n<p><span data-contrast=\"auto\">El Programa de Movilidad Estudiantil por Objetivos (<\/span><i><span data-contrast=\"auto\">Promuv<\/span><\/i><span data-contrast=\"auto\">xObjetivos) convoca a estudiantes de licenciatura, t\u00e9cnico superior universitario y posgrado (<\/span><span data-contrast=\"auto\">e<\/span><span data-contrast=\"auto\">scolarizado y Sistema de Ense\u00f1anza Abierta), para realizar estancias acad\u00e9micas en organismos e instituciones internacionales de forma virtual para el periodo agosto-diciembre 2021.<\/span><span data-ccp-props=\"{&quot;201341983&quot;:0,&quot;335559731&quot;:720,&quot;335559740&quot;:240}\">\u00a0<\/span><\/p>\n<p><span data-contrast=\"auto\">Este programa tiene la finalidad de atender las necesidades de formaci\u00f3n, cooperaci\u00f3n e innovaci\u00f3n de la comunidad estudiantil mediante intercambios virtuales en espacios educativos diversos fuera de M\u00e9xico.<\/span><span data-ccp-props=\"{&quot;201341983&quot;:0,&quot;335559731&quot;:720,&quot;335559740&quot;:240}\">\u00a0<\/span><\/p>\n<p><span data-contrast=\"auto\">La convocatoria est\u00e1 dise\u00f1ada para la realizaci\u00f3n de <\/span><span data-contrast=\"auto\">i<\/span><span data-contrast=\"auto\">ntercambios virtuales desde dos semanas hasta seis meses en universidades extranjeras<\/span><span data-contrast=\"auto\">,<\/span><span data-contrast=\"auto\"> y para cursar hasta dos experiencias educativas virtuales, recibiendo cr\u00e9ditos acad\u00e9micos que fortalezcan las competencias profesionales de los participantes.<\/span><span data-ccp-props=\"{&quot;201341983&quot;:0,&quot;335559731&quot;:720,&quot;335559740&quot;:240}\">\u00a0<\/span><\/p>\n<p><span data-contrast=\"auto\">Las instituciones en las que podr\u00e1n participar ser\u00e1n las especificadas por la DGRI ya que existe convenio vigente y la confirmaci\u00f3n de las mismas para recibir estudiantes para el periodo que se indica.<\/span><span data-ccp-props=\"{&quot;201341983&quot;:0,&quot;335559731&quot;:720,&quot;335559740&quot;:240}\">\u00a0<\/span><\/p>\n<p><span data-contrast=\"auto\">Los intercambios deben cumplir con los siguientes requisitos: la universi<\/span><span data-contrast=\"auto\">dad destino y las e<\/span><span data-contrast=\"auto\">xperiencias <\/span><span data-contrast=\"auto\">e<\/span><span data-contrast=\"auto\">ducativas propuestas por el <\/span><span data-contrast=\"auto\">estudiante deben estar avaladas por el Consejo T\u00e9cnico, previo an\u00e1lisis del estudiante en conjunto con su tutor y coordinador de programa.<\/span><span data-ccp-props=\"{&quot;201341983&quot;:0,&quot;335559731&quot;:720,&quot;335559740&quot;:240}\">\u00a0<\/span><\/p>\n<p><span data-contrast=\"auto\">Las estancias se deben llevar a cabo dentro del periodo <\/span><span data-contrast=\"auto\">a<\/span><span data-contrast=\"auto\">gosto-<\/span><span data-contrast=\"auto\">d<\/span><span data-contrast=\"auto\">iciembre 2021 sin excepci\u00f3n; los postulantes no podr\u00e1n participar por un n\u00famero mayor a dos experiencias virtuales<\/span><span data-contrast=\"auto\">.<\/span><span data-ccp-props=\"{&quot;201341983&quot;:0,&quot;335559731&quot;:720,&quot;335559740&quot;:240}\">\u00a0<\/span><\/p>\n<p><span data-contrast=\"auto\">Los requisitos de elegibilidad son: estar inscrito a un <\/span><span data-contrast=\"auto\">p<\/span><span data-contrast=\"auto\">rograma <\/span><span data-contrast=\"auto\">e<\/span><span data-contrast=\"auto\">ducativo de licenciatura, t\u00e9cnico superior universitario o posgrado al\u00a0 momento de realizar la solicitud; tener promedio m\u00ednimo de 8.5 para\u00a0 licenciatura y de 80 para posgrado al momento de realizar la solicitud; asimismo, se debe contar con acreditaci\u00f3n del nivel m\u00ednimo de idioma de la instituci\u00f3n destino.<\/span><span data-ccp-props=\"{&quot;201341983&quot;:0,&quot;335559731&quot;:720,&quot;335559740&quot;:240}\">\u00a0<\/span><\/p>\n<p><span data-contrast=\"auto\">El cierre de la convocatoria es el domingo 28 de febrero a las 20:00 horas y la publicaci\u00f3n de resultados ser\u00e1 el mi\u00e9rcoles 3 de marzo a la misma hora.<\/span><span data-ccp-props=\"{&quot;201341983&quot;:0,&quot;335559731&quot;:720,&quot;335559740&quot;:240}\">\u00a0<\/span><\/p>\n<p><span data-contrast=\"auto\">Los documentos a entregar por los aspirantes son: el acuerdo de intercambio, <\/span><span data-contrast=\"auto\">curr\u00edculum vitae<\/span><span data-contrast=\"auto\">, carta de motivos y certificado de idioma, solamente para las instituciones que as\u00ed lo requieren.<\/span><span data-ccp-props=\"{&quot;201341983&quot;:0,&quot;335559740&quot;:240}\">\u00a0<\/span><\/p>\n<p><span data-contrast=\"auto\">Las universidades socias se reservan el derecho de admisi\u00f3n y en caso de que alguna postulaci\u00f3n sea rechazada por la instituci\u00f3n receptora, la UV no se har\u00e1 responsable de esta decisi\u00f3n.<\/span><span data-ccp-props=\"{&quot;201341983&quot;:0,&quot;335559731&quot;:720,&quot;335559740&quot;:240}\">\u00a0<\/span><\/p>\n<p><span data-contrast=\"auto\">Cabe se\u00f1alar que esta modalidad virtual de <\/span><i><span data-contrast=\"auto\">Promuv<\/span><\/i><span data-contrast=\"auto\"> ha tenido una buena respuesta por parte de la comunidad universitaria, registrando un cupo lleno de todos los espacios ofrecidos en las cuatro ediciones realizadas el a\u00f1o pasado.<\/span><span data-ccp-props=\"{&quot;201341983&quot;:0,&quot;335559731&quot;:720,&quot;335559740&quot;:240}\">\u00a0<\/span><\/p>\n<p><span data-contrast=\"auto\">Para mayores informes se puede escribir al correo electr\u00f3nico <\/span><a href=\"mailto:promuvinternacional@uv.mx\"><span data-contrast=\"none\">promuvinternacional@uv.mx<\/span><\/a><span data-contrast=\"auto\">.<\/span><span data-ccp-props=\"{&quot;201341983&quot;:0,&quot;335559740&quot;:240}\">\u00a0<\/span><\/p>\n","protected":false},"excerpt":{"rendered":"<p>Las estancias se deben llevar a cabo dentro del periodo agosto-diciembre 2021; los postulantes no podr\u00e1n participar por un n\u00famero mayor a dos experiencias virtuales<\/p>\n","protected":false},"author":1508,"featured_media":93310,"comment_status":"closed","ping_status":"closed","sticky":false,"template":"","format":"standard","meta":[],"categories":[61],"tags":[],"_links":{"self":[{"href":"https:\/\/www.uv.mx\/prensa\/wp-json\/wp\/v2\/posts\/93279"}],"collection":[{"href":"https:\/\/www.uv.mx\/prensa\/wp-json\/wp\/v2\/posts"}],"about":[{"href":"https:\/\/www.uv.mx\/prensa\/wp-json\/wp\/v2\/types\/post"}],"author":[{"embeddable":true,"href":"https:\/\/www.uv.mx\/prensa\/wp-json\/wp\/v2\/users\/1508"}],"replies":[{"embeddable":true,"href":"https:\/\/www.uv.mx\/prensa\/wp-json\/wp\/v2\/comments?post=93279"}],"version-history":[{"count":2,"href":"https:\/\/www.uv.mx\/prensa\/wp-json\/wp\/v2\/posts\/93279\/revisions"}],"predecessor-version":[{"id":93445,"href":"https:\/\/www.uv.mx\/prensa\/wp-json\/wp\/v2\/posts\/93279\/revisions\/93445"}],"wp:featuredmedia":[{"embeddable":true,"href":"https:\/\/www.uv.mx\/prensa\/wp-json\/wp\/v2\/media\/93310"}],"wp:attachment":[{"href":"https:\/\/www.uv.mx\/prensa\/wp-json\/wp\/v2\/media?parent=93279"}],"wp:term":[{"taxonomy":"category","embeddable":true,"href":"https:\/\/www.uv.mx\/prensa\/wp-json\/wp\/v2\/categories?post=93279"},{"taxonomy":"post_tag","embeddable":true,"href":"https:\/\/www.uv.mx\/prensa\/wp-json\/wp\/v2\/tags?post=93279"}],"curies":[{"name":"wp","href":"https:\/\/api.w.org\/{rel}","templated":true}]}}