{"id":93359,"date":"2021-02-18T10:27:31","date_gmt":"2021-02-18T16:27:31","guid":{"rendered":"https:\/\/www.uv.mx\/prensa\/?p=93359"},"modified":"2021-02-19T11:36:21","modified_gmt":"2021-02-19T17:36:21","slug":"inventores-mexicanos-deben-buscar-exclusividad-en-otros-paises","status":"publish","type":"post","link":"https:\/\/www.uv.mx\/prensa\/banner\/inventores-mexicanos-deben-buscar-exclusividad-en-otros-paises\/","title":{"rendered":"Inventores mexicanos deben buscar exclusividad en otros pa\u00edses"},"content":{"rendered":"<style type=\"text\/css\">\n  blockquote p { color: #28519b; font-family: helvetica; font-size: 1.4em; }<br \/><\/style>\n<ul>\n<li data-leveltext=\"\uf0b7\" data-font=\"Symbol\" data-listid=\"2\" data-aria-posinset=\"1\" data-aria-level=\"1\"><i><span data-contrast=\"auto\">Esto, s<\/span><\/i><i><span data-contrast=\"auto\">iempre y cuando consideren que su invento tendr\u00e1 un impacto y \u00e9xito comercial en otras naciones<\/span><\/i><span data-ccp-props=\"{&quot;134233279&quot;:true,&quot;201341983&quot;:0,&quot;335559739&quot;:160,&quot;335559740&quot;:240}\">\u00a0<\/span><\/li>\n<li data-leveltext=\"\uf0b7\" data-font=\"Symbol\" data-listid=\"1\" data-aria-posinset=\"2\" data-aria-level=\"1\"><i><span data-contrast=\"auto\">Emelia<\/span><\/i><i><span data-contrast=\"auto\">\u00a0Hern\u00e1ndez Priego, subdirectora\u00a0<\/span><\/i><i><span data-contrast=\"auto\">d<\/span><\/i><i><span data-contrast=\"auto\">ivisional de Examen de Fondo<\/span><\/i><i><span data-contrast=\"auto\">\u00a0<\/span><\/i><i><span data-contrast=\"auto\">del Instituto Mexi<\/span><\/i><i><span data-contrast=\"auto\">cano de la Propiedad Industrial<\/span><\/i><i><span data-contrast=\"auto\">,<\/span><\/i><i><span data-contrast=\"auto\">\u00a0<\/span><\/i><i><span data-contrast=\"auto\">i<\/span><\/i><i><span data-contrast=\"auto\">mparti\u00f3 la ponencia\u00a0<\/span><\/i><i><span data-contrast=\"auto\">\u201cLas patentes<\/span><\/i><i><span data-contrast=\"auto\">, p<\/span><\/i><i><span data-contrast=\"auto\">rotecci\u00f3n para la innovaci\u00f3n\u201d, en el marco del D\u00eda del Inventor, celebrado por la UV<\/span><\/i><span data-ccp-props=\"{&quot;134233279&quot;:true,&quot;201341983&quot;:0,&quot;335559739&quot;:160,&quot;335559740&quot;:240}\">\u00a0<\/span><\/li>\n<\/ul>\n<p><span data-ccp-props=\"{&quot;201341983&quot;:0,&quot;335559739&quot;:160,&quot;335559740&quot;:240}\">\u00a0<\/span><\/p>\n<div id=\"attachment_93360\" style=\"width: 732px\" class=\"wp-caption aligncenter\"><a href=\"https:\/\/www.uv.mx\/prensa\/files\/2021\/02\/170221-PATENTES-1-100k.jpg\"><img aria-describedby=\"caption-attachment-93360\" decoding=\"async\" loading=\"lazy\" class=\"size-full wp-image-93360\" src=\"https:\/\/www.uv.mx\/prensa\/files\/2021\/02\/170221-PATENTES-1-100k.jpg\" alt=\"Emelia Hern\u00e1ndez Priego dict\u00f3 la ponencia \u201cLas patentes, protecci\u00f3n para la innovaci\u00f3n\u201d \" width=\"722\" height=\"500\" srcset=\"https:\/\/www.uv.mx\/prensa\/files\/2021\/02\/170221-PATENTES-1-100k.jpg 722w, https:\/\/www.uv.mx\/prensa\/files\/2021\/02\/170221-PATENTES-1-100k-300x208.jpg 300w\" sizes=\"(max-width: 722px) 100vw, 722px\" \/><\/a><p id=\"caption-attachment-93360\" class=\"wp-caption-text\">Emelia Hern\u00e1ndez Priego dict\u00f3 la ponencia \u201cLas patentes, protecci\u00f3n para la innovaci\u00f3n\u201d<\/p><\/div>\n<p>&nbsp;<\/p>\n<blockquote><p><span data-contrast=\"auto\">Con una patente se pueden proteger nuevos aparatos, herramientas y dispositivos para obtener y fabricar un producto, m\u00e9todos, procesos y procedimientos de obtenci\u00f3n o fabricaci\u00f3n, compuestos qu\u00edmicos, farmac\u00e9uticos y biotecnol\u00f3gicos<\/span><span data-ccp-props=\"{&quot;201341983&quot;:0,&quot;335559739&quot;:160,&quot;335559740&quot;:240}\">\u00a0<\/span><\/p><\/blockquote>\n<p><span data-ccp-props=\"{&quot;201341983&quot;:0,&quot;335559739&quot;:160,&quot;335559740&quot;:240}\">\u00a0<\/span><\/p>\n<p><b><i><span data-contrast=\"auto\">Claudia Peralta V\u00e1zquez<\/span><\/i><\/b><span data-ccp-props=\"{&quot;201341983&quot;:0,&quot;335559739&quot;:160,&quot;335559740&quot;:240}\">\u00a0<\/span><\/p>\n<p><b><i><span data-contrast=\"auto\">1<\/span><\/i><\/b><b><i><span data-contrast=\"auto\">8<\/span><\/i><\/b><b><i><span data-contrast=\"auto\">\/02\/<\/span><\/i><\/b><b><i><span data-contrast=\"auto\">20<\/span><\/i><\/b><b><i><span data-contrast=\"auto\">21, Xalapa,\u00a0Ver.-\u00a0<\/span><\/i><\/b><span data-contrast=\"auto\">Cuando un creador mexicano presenta una solicitud de patente ante el Instituto Mexicano de la Propiedad Industrial (IMPI) y considera que su invenci\u00f3n tendr\u00e1 un impacto y \u00e9xito comercial en otros pa\u00edses, debe buscar e<\/span><span data-contrast=\"auto\">l<\/span><span data-contrast=\"auto\">\u00a0derecho de exclusividad a nivel internacional<\/span><span data-contrast=\"auto\">, opin\u00f3\u00a0<\/span><span data-contrast=\"auto\">Emelia<\/span><span data-contrast=\"auto\">\u00a0Hern\u00e1ndez Priego, subdirectora<\/span><span data-contrast=\"auto\">\u00a0d<\/span><span data-contrast=\"auto\">ivisional de Examen de Fondo<\/span><span data-contrast=\"auto\">,<\/span><span data-contrast=\"auto\">\u00a0<\/span><span data-contrast=\"auto\">\u00e1reas Biotecnolog\u00eda, Farmac\u00e9utica y Qu\u00edmica<\/span><span data-contrast=\"auto\">\u00a0de<\/span><span data-contrast=\"auto\">\u00a0ese organismo p\u00fablico<\/span><span data-contrast=\"auto\">.<\/span><span data-ccp-props=\"{&quot;201341983&quot;:0,&quot;335559739&quot;:160,&quot;335559740&quot;:240}\">\u00a0<\/span><\/p>\n<p><span data-contrast=\"auto\">La funcionaria dict\u00f3\u00a0<\/span><span data-contrast=\"auto\">el<\/span><span data-contrast=\"auto\">\u00a017 de febrero la ponencia \u201cLas patentes<\/span><span data-contrast=\"auto\">, p<\/span><span data-contrast=\"auto\">rotecci\u00f3n para la innovaci\u00f3n\u201d, en el marco de la celebraci\u00f3n\u00a0<\/span><span data-contrast=\"auto\">d<\/span><span data-contrast=\"auto\">el D\u00eda del Inventor, organizada por la Universidad Veracruzana (UV), a trav\u00e9s de la Oficina de Transferencia de Tecnolog\u00eda (OTT) y el\u202fDepartamento de Desarrollo Emprendedor e Innovaci\u00f3n (Emprende UV) de la <a href=\"https:\/\/www.uv.mx\/vinculacion\/tag\/direccion-general-de-vinculacion\/\" target=\"_blank\" rel=\"noopener\">Direcci\u00f3n General de Vinculaci\u00f3n<\/a> (DGV).<\/span><span data-ccp-props=\"{&quot;201341983&quot;:0,&quot;335559731&quot;:708,&quot;335559739&quot;:160,&quot;335559740&quot;:240}\">\u00a0<\/span><\/p>\n<p><span data-contrast=\"auto\">Durante la transmisi\u00f3n\u00a0<\/span><span data-contrast=\"auto\">en vivo\u00a0<\/span><span data-contrast=\"auto\">a trav\u00e9s de\u00a0<\/span><i><span data-contrast=\"auto\">Zoom<\/span><\/i><span data-contrast=\"auto\">, destac\u00f3 que<\/span><span data-contrast=\"auto\">,<\/span><span data-contrast=\"auto\">\u00a0para ello,\u00a0<\/span><span data-contrast=\"auto\">el derecho de prioridad permite al inventor presentar la solicitud de patente en un a\u00f1o como m\u00e1ximo en otras naciones, basado en la primera solicitud hecha en M\u00e9xico.<\/span><span data-ccp-props=\"{&quot;201341983&quot;:0,&quot;335559731&quot;:708,&quot;335559739&quot;:160,&quot;335559740&quot;:240}\">\u00a0<\/span><\/p>\n<p><span data-contrast=\"auto\">\u201cSin embargo, para que le reconozcan el derecho de prioridad en otras oficinas deber\u00e1 cumplir con cier<\/span><span data-contrast=\"auto\">tas normas en cada legislaci\u00f3n.\u201d<\/span><span data-ccp-props=\"{&quot;201341983&quot;:0,&quot;335559739&quot;:160,&quot;335559740&quot;:240}\">\u00a0<\/span><\/p>\n<p><span data-contrast=\"auto\">Ante estudiantes, acad\u00e9micos y autoridades universitarias, explic\u00f3 que<\/span><span data-contrast=\"auto\">\u00a0<\/span><span data-contrast=\"auto\">el\u00a0<\/span><span data-contrast=\"auto\">derecho de patente es un documento t\u00e9cnico, cient\u00edfico\u00a0<\/span><span data-contrast=\"auto\">y\u00a0<\/span><span data-contrast=\"auto\">legal\u00a0<\/span><span data-contrast=\"auto\">que se otorga\u00a0<\/span><span data-contrast=\"auto\">al\u00a0<\/span><span data-contrast=\"auto\">creador<\/span><span data-contrast=\"auto\">\u00a0para producir o usar su invento de forma exclusiva<\/span><span data-contrast=\"auto\">.\u00a0<\/span><span data-ccp-props=\"{&quot;201341983&quot;:0,&quot;335559739&quot;:160,&quot;335559740&quot;:240}\">\u00a0<\/span><\/p>\n<p><span data-contrast=\"auto\">Se trata de un\u00a0<\/span><span data-contrast=\"auto\">derecho para prohibir a un tercero explotarlo<\/span><span data-contrast=\"auto\">\u00a0con<\/span><span data-contrast=\"auto\">\u00a0prop\u00f3sitos industriales y comerciales.<\/span><span data-ccp-props=\"{&quot;201341983&quot;:0,&quot;335559731&quot;:708,&quot;335559739&quot;:160,&quot;335559740&quot;:240}\">\u00a0<\/span><\/p>\n<p><span data-contrast=\"auto\">\u201c<\/span><span data-contrast=\"auto\">La patente es un derecho exclusivo que dura\u00a0<\/span><span data-contrast=\"auto\">20<\/span><span data-contrast=\"auto\">\u00a0a\u00f1os para el titular, y un monopolio que el Estado le otorga al inventor o al titular a cambio de q<\/span><span data-contrast=\"auto\">ue\u00a0<\/span><span data-contrast=\"auto\">diga c\u00f3mo hacer esa invenci\u00f3n<\/span><span data-contrast=\"auto\">,<\/span><span data-contrast=\"auto\">\u00a0para que al t\u00e9rmino de su vigencia pase al dominio p\u00fablico y cualquier persona sea capaz de repetir e<\/span><span data-contrast=\"auto\">l proceso.\u201d<\/span><span data-ccp-props=\"{&quot;201341983&quot;:0,&quot;335559731&quot;:708,&quot;335559739&quot;:160,&quot;335559740&quot;:240}\">\u00a0<\/span><\/p>\n<p><span data-contrast=\"auto\">P<\/span><span data-contrast=\"auto\">ara solicitar el registro de<\/span><span data-contrast=\"auto\">\u00a0una<\/span><span data-contrast=\"auto\">\u00a0patente, primero se debe tener la seguridad de contar con una invenci\u00f3n que solucionar\u00e1 un problema t\u00e9cnico<\/span><span data-contrast=\"auto\">.<\/span><span data-ccp-props=\"{&quot;201341983&quot;:0,&quot;335559731&quot;:708,&quot;335559739&quot;:160,&quot;335559740&quot;:240}\">\u00a0<\/span><\/p>\n<p><span data-contrast=\"auto\">Los requisitos de patentabilidad son<\/span><span data-contrast=\"auto\">\u00a0los siguientes<\/span><span data-contrast=\"auto\">: novedad, actividad inventiva, aplicaci\u00f3n industrial,\u00a0<\/span><span data-contrast=\"auto\">y\u00a0<\/span><span data-contrast=\"auto\">una descripci\u00f3n clara y completa para guiar a un t\u00e9cnico en la materia a su realizaci\u00f3n, reivindicaciones claras, concisas y soportadas en la descripci\u00f3n.<\/span><span data-ccp-props=\"{&quot;201341983&quot;:0,&quot;335559731&quot;:708,&quot;335559739&quot;:160,&quot;335559740&quot;:240}\">\u00a0<\/span><\/p>\n<p><span data-contrast=\"auto\">La novedad\u00a0<\/span><span data-contrast=\"auto\">consiste en establecer que se trata de la\u00a0<\/span><span data-contrast=\"auto\">primera invenci\u00f3n a nivel mundial a realizarse<\/span><span data-contrast=\"auto\">, y que<\/span><span data-contrast=\"auto\">\u00a0de manera diferente\u00a0<\/span><span data-contrast=\"auto\">soluciona un problema t\u00e9cnico.<\/span><\/p>\n<div id=\"attachment_93361\" style=\"width: 732px\" class=\"wp-caption aligncenter\"><a href=\"https:\/\/www.uv.mx\/prensa\/files\/2021\/02\/170221-PATENTES-2-100k.jpg\"><img aria-describedby=\"caption-attachment-93361\" decoding=\"async\" loading=\"lazy\" class=\"size-full wp-image-93361\" src=\"https:\/\/www.uv.mx\/prensa\/files\/2021\/02\/170221-PATENTES-2-100k.jpg\" alt=\"En el marco de la celebraci\u00f3n por el D\u00eda del Inventor, la funcionaria del IMPI habl\u00f3 acerca de los productos patentables \" width=\"722\" height=\"504\" srcset=\"https:\/\/www.uv.mx\/prensa\/files\/2021\/02\/170221-PATENTES-2-100k.jpg 722w, https:\/\/www.uv.mx\/prensa\/files\/2021\/02\/170221-PATENTES-2-100k-300x209.jpg 300w\" sizes=\"(max-width: 722px) 100vw, 722px\" \/><\/a><p id=\"caption-attachment-93361\" class=\"wp-caption-text\">En el marco de la celebraci\u00f3n por el D\u00eda del Inventor, la funcionaria del IMPI habl\u00f3 acerca de los productos patentables<\/p><\/div>\n<p><span data-contrast=\"auto\">Asimismo, la<\/span><span data-contrast=\"auto\">\u00a0actividad inventiva es el requisito m\u00e1s complicado de evaluar<\/span><span data-contrast=\"auto\">,<\/span><span data-contrast=\"auto\">\u00a0pero el m\u00e1s interesante para un examinador.<\/span><span data-ccp-props=\"{&quot;201341983&quot;:0,&quot;335559731&quot;:708,&quot;335559739&quot;:160,&quot;335559740&quot;:240}\">\u00a0<\/span><\/p>\n<p><span data-contrast=\"auto\">Se considera que una invenci\u00f3n es susceptible de aplicaci\u00f3n industrial cuando su objeto puede ser fabricado o utilizado en cualquier clase de industria.<\/span><span data-ccp-props=\"{&quot;201341983&quot;:0,&quot;335559731&quot;:708,&quot;335559739&quot;:160,&quot;335559740&quot;:240}\">\u00a0<\/span><\/p>\n<p><span data-contrast=\"auto\">Adem\u00e1s,<\/span><span data-contrast=\"auto\">\u00a0la solicitud de patente debe describir la invenci\u00f3n de manera suficientemente clara y completa como para que pueda ser llevada a cabo por un experto en la materia.<\/span><span data-ccp-props=\"{&quot;201341983&quot;:0,&quot;335559731&quot;:708,&quot;335559739&quot;:160,&quot;335559740&quot;:240}\">\u00a0<\/span><\/p>\n<p><span data-contrast=\"auto\">Lo<\/span><span data-contrast=\"auto\">\u00a0ideal es realizar una b\u00fasqueda de anterioridades<\/span><span data-contrast=\"auto\">\u00a0con tal de comprobar que el proceso o invenci\u00f3n es\u00a0<\/span><span data-contrast=\"auto\">\u00fanico y\u00a0<\/span><span data-contrast=\"auto\">novedoso<\/span><span data-contrast=\"auto\">.<\/span><span data-contrast=\"auto\">\u00a0<\/span><span data-contrast=\"auto\">Para ello, existen bases de datos libres como: la Oficina Europea de Patentes, la Organizaci\u00f3n Mundial de la Propiedad Industrial (OMPI), y oficinas nacionales de patentes norteamericanas, alemanas, japonesas y chinas.<\/span><span data-ccp-props=\"{&quot;201341983&quot;:0,&quot;335559731&quot;:708,&quot;335559739&quot;:160,&quot;335559740&quot;:240}\">\u00a0<\/span><\/p>\n<p><span data-contrast=\"auto\">La ventaja, subray\u00f3, es que esas bases de datos ya cuentan con traductores, por lo cual es m\u00e1s f\u00e1<\/span><span data-contrast=\"auto\">cil llevar a cabo ese registro.<\/span><span data-ccp-props=\"{&quot;201341983&quot;:0,&quot;335559731&quot;:708,&quot;335559739&quot;:160,&quot;335559740&quot;:240}\">\u00a0<\/span><\/p>\n<p><span data-contrast=\"auto\">Precis\u00f3 que, actualmente,\u00a0<\/span><span data-contrast=\"auto\">los inventores chinos son los que m\u00e1s<\/span><span data-contrast=\"auto\">\u00a0n\u00famero de\u00a0<\/span><span data-contrast=\"auto\">solicitudes de patente presentan ante la OMPI, as\u00ed como en\u00a0<\/span><span data-contrast=\"auto\">muchos otros pa\u00edses.<\/span><span data-ccp-props=\"{&quot;201341983&quot;:0,&quot;335559731&quot;:708,&quot;335559739&quot;:160,&quot;335559740&quot;:240}\">\u00a0<\/span><\/p>\n<p><span data-contrast=\"auto\">Hern\u00e1ndez Priego tambi\u00e9n se refiri\u00f3 a<\/span><span data-contrast=\"auto\">\u00a0los registros sanitarios\u00a0<\/span><span data-contrast=\"auto\">de<\/span><span data-contrast=\"auto\">\u00a0las<\/span><span data-contrast=\"auto\">\u00a0vacunas\u00a0<\/span><span data-contrast=\"auto\">creadas\u00a0<\/span><span data-contrast=\"auto\">para reducir y\u00a0<\/span><span data-contrast=\"auto\">eliminar los contagios por Covid-<\/span><span data-contrast=\"auto\">19, que hasta el momento ha<\/span><span data-contrast=\"auto\">n<\/span><span data-contrast=\"auto\">\u00a0sido otorgados por las autoridades de salud<\/span><span data-contrast=\"auto\">.<\/span><span data-ccp-props=\"{&quot;201341983&quot;:0,&quot;335559739&quot;:160,&quot;335559740&quot;:240}\">\u00a0<\/span><\/p>\n<p><span data-contrast=\"auto\">\u00a0<\/span><span data-contrast=\"auto\">Coment\u00f3 que los ensayos en fase tres no necesitan estar en una solicitud de patente, pues en el caso de las vacunas todav\u00eda no la<\/span><span data-contrast=\"auto\">s podemos ver, no son visibles.<\/span><span data-ccp-props=\"{&quot;201341983&quot;:0,&quot;335559739&quot;:160,&quot;335559740&quot;:240}\">\u00a0<\/span><\/p>\n<p><span data-contrast=\"auto\">\u201cHoy por hoy la tecnolog\u00eda usada para las vacunas ha sido p\u00fablica porque nos est\u00e1n informando todos los d\u00edas, pero seguramente las solicitudes de patente ya est\u00e1n en\u00a0<\/span><span data-contrast=\"auto\">tr\u00e1mite<\/span><span data-contrast=\"auto\">, pero no las podem<\/span><span data-contrast=\"auto\">os ver porque no son p\u00fablicas a\u00fa<\/span><span data-contrast=\"auto\">n<\/span><span data-contrast=\"auto\">.\u201d<\/span><span data-ccp-props=\"{&quot;201341983&quot;:0,&quot;335559731&quot;:708,&quot;335559739&quot;:160,&quot;335559740&quot;:240}\">\u00a0<\/span><\/p>\n<p><span data-contrast=\"auto\">Una vez que una<\/span><span data-contrast=\"auto\">\u00a0solicitud de patente ingresa a una oficina\u00a0<\/span><span data-contrast=\"auto\">permanece en estado de<\/span><span data-contrast=\"auto\">\u00a0secrec\u00eda durante 18 meses, periodo en el cual debe pasar por diversas etapas de tr\u00e1mite<\/span><span data-contrast=\"auto\">.<\/span><span data-ccp-props=\"{&quot;201341983&quot;:0,&quot;335559731&quot;:708,&quot;335559739&quot;:160,&quot;335559740&quot;:240}\">\u00a0<\/span><\/p>\n<p><span data-contrast=\"auto\">C<\/span><span data-contrast=\"auto\">abe se\u00f1alar que\u00a0<\/span><span data-contrast=\"auto\">con una<\/span><span data-contrast=\"auto\">\u00a0patente se puede<\/span><span data-contrast=\"auto\">n<\/span><span data-contrast=\"auto\">\u00a0proteger nuevos aparatos, herramientas y dispositivos para obtener y fabricar un producto, m\u00e9todos, procesos y procedimientos de obtenci\u00f3n o fabricaci\u00f3n, compuestos qu\u00edmico<\/span><span data-contrast=\"auto\">s,<\/span><span data-contrast=\"auto\">\u00a0farmac\u00e9uticos y biotecnol\u00f3gicos<\/span><span data-contrast=\"auto\">.<\/span><span data-ccp-props=\"{&quot;201341983&quot;:0,&quot;335559731&quot;:708,&quot;335559739&quot;:160,&quot;335559740&quot;:240}\">\u00a0<\/span><\/p>\n<p><span data-contrast=\"auto\">No son patentables las invenciones que carecen de car\u00e1cter t\u00e9cnico como: descubrimientos, teor\u00edas, obras art\u00edsticas, reglas de juego, programas de c\u00f3mputo<\/span><span data-contrast=\"auto\">\u00a0o\u00a0<\/span><i><span data-contrast=\"auto\">software<\/span><\/i><i><span data-contrast=\"auto\">s<\/span><\/i><span data-contrast=\"auto\">.<\/span><span data-ccp-props=\"{&quot;201341983&quot;:0,&quot;335559731&quot;:708,&quot;335559739&quot;:160,&quot;335559740&quot;:240}\">\u00a0<\/span><\/p>\n<p><span data-contrast=\"auto\">Tambi\u00e9n<\/span><span data-contrast=\"auto\">,<\/span><span data-contrast=\"auto\">\u00a0est\u00e1n excluidos los m\u00e9todos de tratamiento quir\u00fargico, terap\u00e9utico y los m\u00e9todos de dia<\/span><span data-contrast=\"auto\">gn\u00f3stico, as\u00ed como invenciones contrarias a la moral y a las buenas costumbres<\/span><span data-contrast=\"auto\">.<\/span><span data-ccp-props=\"{&quot;201341983&quot;:0,&quot;335559731&quot;:708,&quot;335559739&quot;:160,&quot;335559740&quot;:240}\">\u00a0<\/span><\/p>\n<p><span data-contrast=\"auto\">Ah\u00ed entran\u00a0<\/span><span data-contrast=\"auto\">los procedimientos de clonaci\u00f3n de seres humanos, de modificaci\u00f3n de la identidad gen\u00e9tica germinal del ser humano, y utilizaci\u00f3n de embriones humanos con fines industriales y comerciales, as\u00ed como\u00a0<\/span><span data-contrast=\"auto\">razas, animales o variedades vegetales<\/span><span data-contrast=\"auto\">.<\/span><span data-ccp-props=\"{&quot;201341983&quot;:0,&quot;335559731&quot;:708,&quot;335559739&quot;:160,&quot;335559740&quot;:240}\">\u00a0<\/span><\/p>\n","protected":false},"excerpt":{"rendered":"<p>Se considera que una invenci\u00f3n es susceptible de aplicaci\u00f3n industrial cuando su objeto puede ser fabricado o utilizado en cualquier clase de industria <\/p>\n","protected":false},"author":1775,"featured_media":93362,"comment_status":"closed","ping_status":"closed","sticky":false,"template":"","format":"standard","meta":[],"categories":[61],"tags":[1565,1567,118,1564,1566],"_links":{"self":[{"href":"https:\/\/www.uv.mx\/prensa\/wp-json\/wp\/v2\/posts\/93359"}],"collection":[{"href":"https:\/\/www.uv.mx\/prensa\/wp-json\/wp\/v2\/posts"}],"about":[{"href":"https:\/\/www.uv.mx\/prensa\/wp-json\/wp\/v2\/types\/post"}],"author":[{"embeddable":true,"href":"https:\/\/www.uv.mx\/prensa\/wp-json\/wp\/v2\/users\/1775"}],"replies":[{"embeddable":true,"href":"https:\/\/www.uv.mx\/prensa\/wp-json\/wp\/v2\/comments?post=93359"}],"version-history":[{"count":1,"href":"https:\/\/www.uv.mx\/prensa\/wp-json\/wp\/v2\/posts\/93359\/revisions"}],"predecessor-version":[{"id":93439,"href":"https:\/\/www.uv.mx\/prensa\/wp-json\/wp\/v2\/posts\/93359\/revisions\/93439"}],"wp:featuredmedia":[{"embeddable":true,"href":"https:\/\/www.uv.mx\/prensa\/wp-json\/wp\/v2\/media\/93362"}],"wp:attachment":[{"href":"https:\/\/www.uv.mx\/prensa\/wp-json\/wp\/v2\/media?parent=93359"}],"wp:term":[{"taxonomy":"category","embeddable":true,"href":"https:\/\/www.uv.mx\/prensa\/wp-json\/wp\/v2\/categories?post=93359"},{"taxonomy":"post_tag","embeddable":true,"href":"https:\/\/www.uv.mx\/prensa\/wp-json\/wp\/v2\/tags?post=93359"}],"curies":[{"name":"wp","href":"https:\/\/api.w.org\/{rel}","templated":true}]}}