{"id":93500,"date":"2021-02-22T08:00:06","date_gmt":"2021-02-22T14:00:06","guid":{"rendered":"https:\/\/www.uv.mx\/prensa\/?p=93500"},"modified":"2021-11-08T08:45:41","modified_gmt":"2021-11-08T14:45:41","slug":"filu-virtual-ofrece-presentaciones-editoriales-artisticas-y-academicas","status":"publish","type":"post","link":"https:\/\/www.uv.mx\/prensa\/banner\/filu-virtual-ofrece-presentaciones-editoriales-artisticas-y-academicas\/","title":{"rendered":"FILU virtual\u00a0ofrece\u00a0presentaciones\u00a0editoriales, art\u00edsticas\u00a0y\u00a0acad\u00e9micas\u00a0"},"content":{"rendered":"<ul>\n<li data-leveltext=\"\uf0b7\" data-font=\"Symbol\" data-listid=\"8\" data-aria-posinset=\"1\" data-aria-level=\"1\"><i><span data-contrast=\"auto\">L<\/span><\/i><i><span data-contrast=\"auto\">as actividades pueden seguirse a trav\u00e9s de<\/span><\/i><i><span data-contrast=\"auto\">\u00a0<\/span><\/i><a href=\"http:\/\/www.facebook.com\/FILU.UniversidadVeracruzana\"><i><span data-contrast=\"none\">www.facebook.com\/FILU.UniversidadVeracruzana<\/span><\/i><\/a><span data-ccp-props=\"{&quot;201341983&quot;:0,&quot;335559739&quot;:0,&quot;335559740&quot;:240}\">\u00a0<\/span><\/li>\n<\/ul>\n<p><span data-ccp-props=\"{&quot;201341983&quot;:0,&quot;335559739&quot;:0,&quot;335559740&quot;:240}\">\u00a0<\/span><\/p>\n<div id=\"attachment_93506\" style=\"width: 730px\" class=\"wp-caption aligncenter\"><a href=\"https:\/\/www.uv.mx\/prensa\/files\/2021\/02\/220221-FILU-continua-1.jpg\"><img aria-describedby=\"caption-attachment-93506\" decoding=\"async\" loading=\"lazy\" class=\"size-full wp-image-93506\" src=\"https:\/\/www.uv.mx\/prensa\/files\/2021\/02\/220221-FILU-continua-1.jpg\" alt=\"\" width=\"720\" height=\"315\" srcset=\"https:\/\/www.uv.mx\/prensa\/files\/2021\/02\/220221-FILU-continua-1.jpg 720w, https:\/\/www.uv.mx\/prensa\/files\/2021\/02\/220221-FILU-continua-1-300x131.jpg 300w\" sizes=\"(max-width: 720px) 100vw, 720px\" \/><\/a><p id=\"caption-attachment-93506\" class=\"wp-caption-text\">En FILU se podr\u00e1 conocer c\u00f3mo procesar plantas medicinales para ser utilizadas en tiempos de contingencia<\/p><\/div>\n<p>&nbsp;<\/p>\n<p><b><i><span data-contrast=\"auto\">Jos\u00e9 Luis\u00a0<\/span><\/i><\/b><b><i><span data-contrast=\"auto\">Couttolenc<\/span><\/i><\/b><b><i><span data-contrast=\"auto\">\u00a0Soto<\/span><\/i><\/b><span data-ccp-props=\"{&quot;201341983&quot;:0,&quot;335559739&quot;:0,&quot;335559740&quot;:240}\">\u00a0<\/span><\/p>\n<p><b><i><span data-contrast=\"auto\">22<\/span><\/i><\/b><b><i><span data-contrast=\"auto\">\/<\/span><\/i><\/b><b><i><span data-contrast=\"auto\">0<\/span><\/i><\/b><b><i><span data-contrast=\"auto\">2<\/span><\/i><\/b><b><i><span data-contrast=\"auto\">\/202<\/span><\/i><\/b><b><i><span data-contrast=\"auto\">1<\/span><\/i><\/b><b><i><span data-contrast=\"auto\">, Xalapa,\u00a0<\/span><\/i><\/b><b><i><span data-contrast=\"auto\">Ver.-<\/span><\/i><\/b><span data-contrast=\"auto\">\u00a0La <a href=\"https:\/\/filu.uv.mx\/\">Feria Internacional del Libro Universitario<\/a> (FILU)\u00a0<\/span><span data-contrast=\"auto\">V<\/span><span data-contrast=\"auto\">irtual 2021 contin\u00faa con sus actividades que comprenden presentaciones de libros, conferencias, conversatorios, foros, mesas redondas, talleres, c\u00e1psulas informativas y presentaciones art\u00edsticas.<\/span><span data-ccp-props=\"{&quot;201341983&quot;:0,&quot;335559739&quot;:0,&quot;335559740&quot;:240}\">\u00a0<\/span><\/p>\n<p><span data-contrast=\"auto\">Para el mi\u00e9rcoles 24 de febrero<\/span><span data-contrast=\"auto\">,<\/span><span data-contrast=\"auto\">\u00a0a las 17:00 horas,\u00a0<\/span><span data-contrast=\"auto\">est\u00e1<\/span><span data-contrast=\"auto\">\u00a0prevista la transmisi\u00f3n de la c\u00e1psula \u201cPlantas medicinales para la contingencia\u201d, en la que Tere Leal y Rossana Castellanos, de la Coordinaci\u00f3n Universitaria para la Sustentabilidad (<\/span><i><span data-contrast=\"auto\">CoSustenta<\/span><\/i><span data-contrast=\"auto\">), presentar\u00e1n ejemplares de plantas medicinales y formas pr\u00e1cticas de procesarlas para su utilizaci\u00f3n en tiempos de contingencia;\u00a0<\/span><span data-contrast=\"auto\">adem\u00e1s, mostrar\u00e1n<\/span><span data-contrast=\"auto\">\u00a0una propuesta para fortalecer las defensas, un t\u00f3nico<\/span><span data-contrast=\"auto\">\u00a0pulmonar y un\u00a0<\/span><span data-contrast=\"auto\">desinflamatorio<\/span><span data-contrast=\"auto\">.<\/span><span data-ccp-props=\"{&quot;201341983&quot;:0,&quot;335559739&quot;:0,&quot;335559740&quot;:240}\">\u00a0<\/span><\/p>\n<p>&nbsp;<\/p>\n<div id=\"attachment_93507\" style=\"width: 730px\" class=\"wp-caption aligncenter\"><a href=\"https:\/\/www.uv.mx\/prensa\/files\/2021\/02\/220221-FILU-continua-2.jpg\"><img aria-describedby=\"caption-attachment-93507\" decoding=\"async\" loading=\"lazy\" class=\"size-full wp-image-93507\" src=\"https:\/\/www.uv.mx\/prensa\/files\/2021\/02\/220221-FILU-continua-2.jpg\" alt=\"\" width=\"720\" height=\"315\" srcset=\"https:\/\/www.uv.mx\/prensa\/files\/2021\/02\/220221-FILU-continua-2.jpg 720w, https:\/\/www.uv.mx\/prensa\/files\/2021\/02\/220221-FILU-continua-2-300x131.jpg 300w\" sizes=\"(max-width: 720px) 100vw, 720px\" \/><\/a><p id=\"caption-attachment-93507\" class=\"wp-caption-text\">El libro\u00a0Ensayos reunidos. 1984-1998,\u00a0de Christopher Dom\u00ednguez Michael, ser\u00e1 presentado el 24 de febrero<\/p><\/div>\n<p>&nbsp;<\/p>\n<p><span data-contrast=\"auto\">A las 18:00 horas se presentar\u00e1 el libro\u00a0<\/span><i><span data-contrast=\"auto\">Ensayos reunidos. 1984-1998<\/span><\/i><span data-contrast=\"auto\">,<\/span><span data-contrast=\"auto\">\u00a0<\/span><span data-contrast=\"auto\">de Christopher Dom\u00ednguez Michael<\/span><span data-contrast=\"auto\">, que ofrece los hoy inaccesibles pr\u00f3logos a la antolog\u00eda de la narrativa mexicana del siglo XX, dedicados a la lectura e interpretaci\u00f3n de los \u00faltimos autores porfirianos, hasta culminar con los novelistas y cuentistas debutantes hacia 1990.<\/span><span data-ccp-props=\"{&quot;201341983&quot;:0,&quot;335559739&quot;:0,&quot;335559740&quot;:240}\">\u00a0<\/span><\/p>\n<p><span data-contrast=\"auto\">Posteriormente, a las 19:30 horas se proyectar\u00e1 el video clip\u00a0<\/span><i><span data-contrast=\"auto\">Im\u00e1genes que me cuento<\/span><\/i><i><span data-contrast=\"auto\">. La tarde en Lisboa<\/span><\/i><span data-contrast=\"auto\">,\u00a0<\/span><span data-contrast=\"auto\">de Ricardo Benet, titular del Departamento de Cinematograf\u00eda de la UV, quien hace apuntes de viaje al final de un oto\u00f1o en Lisboa, capital de Portugal. Se podr\u00e1 escuchar el poema\u00a0<\/span><span data-contrast=\"auto\">\u201cNo centro da\u00a0<\/span><span data-contrast=\"auto\">cidade<\/span><span data-contrast=\"auto\">,\u00a0<\/span><span data-contrast=\"auto\">um<\/span><span data-contrast=\"auto\">\u00a0grito\u201d,\u00a0<\/span><span data-contrast=\"auto\">de Al\u00a0<\/span><span data-contrast=\"auto\">Berto<\/span><span data-contrast=\"auto\">\u00a0(Alberto Raposo\u00a0<\/span><span data-contrast=\"auto\">Pidwell<\/span><span data-contrast=\"auto\">\u00a0Tavares)<\/span><span data-contrast=\"auto\">,<\/span><span data-contrast=\"auto\">\u00a0que fue elegido por Benet por su sonoridad en portugu\u00e9s (sin intentar su traducci\u00f3n, s\u00f3lo con la cercan\u00eda b\u00e1sica de otra lengua romance<\/span><span data-contrast=\"auto\">)<\/span><span data-contrast=\"auto\">.<\/span><span data-ccp-props=\"{&quot;201341983&quot;:0,&quot;335559739&quot;:0,&quot;335559740&quot;:240}\">\u00a0<\/span><\/p>\n<p>&nbsp;<\/p>\n<div id=\"attachment_93508\" style=\"width: 730px\" class=\"wp-caption aligncenter\"><a href=\"https:\/\/www.uv.mx\/prensa\/files\/2021\/02\/220221-FILU-continua-3.jpg\"><img aria-describedby=\"caption-attachment-93508\" decoding=\"async\" loading=\"lazy\" class=\"size-full wp-image-93508\" src=\"https:\/\/www.uv.mx\/prensa\/files\/2021\/02\/220221-FILU-continua-3.jpg\" alt=\"\" width=\"720\" height=\"315\" srcset=\"https:\/\/www.uv.mx\/prensa\/files\/2021\/02\/220221-FILU-continua-3.jpg 720w, https:\/\/www.uv.mx\/prensa\/files\/2021\/02\/220221-FILU-continua-3-300x131.jpg 300w\" sizes=\"(max-width: 720px) 100vw, 720px\" \/><\/a><p id=\"caption-attachment-93508\" class=\"wp-caption-text\">La proyecci\u00f3n del video clip\u00a0Im\u00e1genes que me cuento. La tarde en Lisboa,\u00a0de Ricardo Benet, forma parte de las actividades de la FILU<\/p><\/div>\n<p>&nbsp;<\/p>\n<p><span data-contrast=\"auto\">Una hora despu\u00e9s, a las 20:30,\u00a0<\/span><span data-contrast=\"auto\">e<\/span><span data-contrast=\"auto\">l Mariachi Universitario que dirige Iv\u00e1n Velasco\u00a0<\/span><span data-contrast=\"auto\">interpretar\u00e1 un popurr\u00ed rom\u00e1ntico.<\/span><span data-ccp-props=\"{&quot;134233117&quot;:true,&quot;134233118&quot;:true,&quot;201341983&quot;:0,&quot;335559740&quot;:240}\">\u00a0<\/span><\/p>\n<p><span data-contrast=\"auto\">E<\/span><span data-contrast=\"auto\">l jueves 25 a las 19:00 horas ser\u00e1 la presentaci\u00f3n de la revista\u00a0<\/span><i><span data-contrast=\"auto\">La Palabra y el Hombre<\/span><\/i><span data-contrast=\"auto\">,\u00a0<\/span><span data-contrast=\"auto\">cuyo<\/span><span data-contrast=\"auto\">\u00a0n\u00famero est\u00e1 dedicado a China<\/span><span data-contrast=\"auto\">.<\/span><span data-ccp-props=\"{&quot;134233117&quot;:true,&quot;134233118&quot;:true,&quot;201341983&quot;:0,&quot;335559740&quot;:240}\">\u00a0<\/span><\/p>\n<p><span data-contrast=\"auto\">El viernes 26 a las 17:00 horas se presentar\u00e1 el libro\u00a0<\/span><i><span data-contrast=\"auto\">Estrella de dos puntas<\/span><\/i><span data-contrast=\"auto\">,\u00a0<\/span><span data-contrast=\"auto\">en el que\u00a0<\/span><span data-contrast=\"auto\">la ensayista, narradora y poeta\u00a0<\/span><a href=\"https:\/\/www.uv.mx\/prensa\/entrevista\/dialogo-es-lo-unico-que-nos-puede-salvar-como-sociedad-malva-flores\/\"><span data-contrast=\"none\">Malva Flores aborda la relaci\u00f3n entre Carlos Fuentes y Octavio Paz<\/span><\/a><span data-contrast=\"auto\">,\u00a0<\/span><span data-contrast=\"auto\">los<\/span><span data-contrast=\"auto\">\u00a0escritores mexicanos m\u00e1s importantes del siglo XX. La informaci\u00f3n recopilada en esta obra est\u00e1 recreada a trav\u00e9s de an\u00e9cdotas de testigos de primera mano, correspondencia in\u00e9dita, expedientes oficiales e informaci\u00f3n desclasifi<\/span><span data-contrast=\"auto\">cada que abarca m\u00e1s de 50 a\u00f1os.<\/span><span data-ccp-props=\"{&quot;134233117&quot;:true,&quot;134233118&quot;:true,&quot;201341983&quot;:0,&quot;335559740&quot;:240}\">\u00a0<\/span><\/p>\n<p><span data-contrast=\"auto\">Las actividades de la FILU virtual 2021 pueden seguirse a trav\u00e9s de la p\u00e1gina<\/span><span data-contrast=\"auto\">\u00a0<\/span><a href=\"https:\/\/www.facebook.com\/FILU.UniversidadVeracruzana\"><span data-contrast=\"none\">www.facebook.com\/FILU.UniversidadVeracruzana<\/span><span data-contrast=\"none\">.<\/span><\/a><span data-ccp-props=\"{&quot;134233117&quot;:true,&quot;134233118&quot;:true,&quot;201341983&quot;:0,&quot;335559740&quot;:240}\">\u00a0<\/span><\/p>\n<p><span data-ccp-props=\"{&quot;134233117&quot;:true,&quot;134233118&quot;:true,&quot;201341983&quot;:0,&quot;335559740&quot;:240}\">\u00a0<\/span><\/p>\n<div id=\"attachment_93509\" style=\"width: 730px\" class=\"wp-caption aligncenter\"><a href=\"https:\/\/www.uv.mx\/prensa\/files\/2021\/02\/220221-FILU-continua-4.jpg\"><img aria-describedby=\"caption-attachment-93509\" decoding=\"async\" loading=\"lazy\" class=\"size-full wp-image-93509\" src=\"https:\/\/www.uv.mx\/prensa\/files\/2021\/02\/220221-FILU-continua-4.jpg\" alt=\"\" width=\"720\" height=\"315\" srcset=\"https:\/\/www.uv.mx\/prensa\/files\/2021\/02\/220221-FILU-continua-4.jpg 720w, https:\/\/www.uv.mx\/prensa\/files\/2021\/02\/220221-FILU-continua-4-300x131.jpg 300w\" sizes=\"(max-width: 720px) 100vw, 720px\" \/><\/a><p id=\"caption-attachment-93509\" class=\"wp-caption-text\">La m\u00fasica tambi\u00e9n estar\u00e1 presente con la participaci\u00f3n del Mariachi Universitario<\/p><\/div>\n<p>&nbsp;<\/p>\n<p>&nbsp;<\/p>\n","protected":false},"excerpt":{"rendered":"<p>Las actividades pueden seguirse a trav\u00e9s de\u00a0www.facebook.com\/FILU.UniversidadVeracruzana\u00a0<\/p>\n","protected":false},"author":1869,"featured_media":93510,"comment_status":"closed","ping_status":"closed","sticky":false,"template":"","format":"standard","meta":[],"categories":[5128,61],"tags":[],"_links":{"self":[{"href":"https:\/\/www.uv.mx\/prensa\/wp-json\/wp\/v2\/posts\/93500"}],"collection":[{"href":"https:\/\/www.uv.mx\/prensa\/wp-json\/wp\/v2\/posts"}],"about":[{"href":"https:\/\/www.uv.mx\/prensa\/wp-json\/wp\/v2\/types\/post"}],"author":[{"embeddable":true,"href":"https:\/\/www.uv.mx\/prensa\/wp-json\/wp\/v2\/users\/1869"}],"replies":[{"embeddable":true,"href":"https:\/\/www.uv.mx\/prensa\/wp-json\/wp\/v2\/comments?post=93500"}],"version-history":[{"count":1,"href":"https:\/\/www.uv.mx\/prensa\/wp-json\/wp\/v2\/posts\/93500\/revisions"}],"predecessor-version":[{"id":93557,"href":"https:\/\/www.uv.mx\/prensa\/wp-json\/wp\/v2\/posts\/93500\/revisions\/93557"}],"wp:featuredmedia":[{"embeddable":true,"href":"https:\/\/www.uv.mx\/prensa\/wp-json\/wp\/v2\/media\/93510"}],"wp:attachment":[{"href":"https:\/\/www.uv.mx\/prensa\/wp-json\/wp\/v2\/media?parent=93500"}],"wp:term":[{"taxonomy":"category","embeddable":true,"href":"https:\/\/www.uv.mx\/prensa\/wp-json\/wp\/v2\/categories?post=93500"},{"taxonomy":"post_tag","embeddable":true,"href":"https:\/\/www.uv.mx\/prensa\/wp-json\/wp\/v2\/tags?post=93500"}],"curies":[{"name":"wp","href":"https:\/\/api.w.org\/{rel}","templated":true}]}}