{"id":93516,"date":"2021-02-20T08:00:07","date_gmt":"2021-02-20T14:00:07","guid":{"rendered":"https:\/\/www.uv.mx\/prensa\/?p=93516"},"modified":"2021-02-20T10:39:26","modified_gmt":"2021-02-20T16:39:26","slug":"cess-realizara-foro-multidisciplinario-sobre-covid-19","status":"publish","type":"post","link":"https:\/\/www.uv.mx\/prensa\/eventos\/cess-realizara-foro-multidisciplinario-sobre-covid-19\/","title":{"rendered":"CESS\u00a0realizar\u00e1\u00a0Foro\u00a0Multidisciplinario\u00a0sobre\u00a0Covid-19\u00a0"},"content":{"rendered":"<p>&nbsp;<\/p>\n<div id=\"attachment_93518\" style=\"width: 414px\" class=\"wp-caption aligncenter\"><a href=\"https:\/\/www.uv.mx\/prensa\/files\/2021\/02\/200221-CESS-1.jpg\"><img aria-describedby=\"caption-attachment-93518\" decoding=\"async\" loading=\"lazy\" class=\"size-full wp-image-93518\" src=\"https:\/\/www.uv.mx\/prensa\/files\/2021\/02\/200221-CESS-1.jpg\" alt=\"\" width=\"404\" height=\"481\" srcset=\"https:\/\/www.uv.mx\/prensa\/files\/2021\/02\/200221-CESS-1.jpg 404w, https:\/\/www.uv.mx\/prensa\/files\/2021\/02\/200221-CESS-1-252x300.jpg 252w\" sizes=\"(max-width: 404px) 100vw, 404px\" \/><\/a><p id=\"caption-attachment-93518\" class=\"wp-caption-text\">El CESS\u202fllevar\u00e1 a cabo el 2do Foro Multidisciplinario \u201cCovid-19. Una mirada desde la transdisciplina\u201d<\/p><\/div>\n<p><span data-ccp-props=\"{}\">\u00a0<\/span><\/p>\n<p><b><i><span data-contrast=\"none\">20<\/span><\/i><\/b><b><i><span data-contrast=\"none\">\/02\/2021,\u00a0<\/span><\/i><\/b><b><i><span data-contrast=\"none\">Boca del R<\/span><\/i><\/b><b><i><span data-contrast=\"none\">\u00ed<\/span><\/i><\/b><b><i><span data-contrast=\"none\">o<\/span><\/i><\/b><b><i><span data-contrast=\"none\">, Ver.-<\/span><\/i><\/b><span data-contrast=\"none\">\u00a0<\/span><span data-contrast=\"none\">La Universidad Veracruzana\u00a0<\/span><span data-contrast=\"none\">(UV),\u00a0<\/span><span data-contrast=\"none\">a trav<\/span><span data-contrast=\"none\">\u00e9<\/span><span data-contrast=\"none\">s del Centro de Estudios y Servicios en Salud (CESS)<\/span><span data-contrast=\"none\">,<\/span><span data-contrast=\"none\">\u00a0<\/span><span data-contrast=\"none\">llevar<\/span><span data-contrast=\"none\">\u00e1\u00a0<\/span><span data-contrast=\"none\">a cab<\/span><span data-contrast=\"none\">o los\u00a0<\/span><span data-contrast=\"none\">d<\/span><span data-contrast=\"none\">\u00ed<\/span><span data-contrast=\"none\">as<\/span><span data-contrast=\"none\">\u00a026 y 27 de febrero\u00a0<\/span><span data-contrast=\"none\">el<\/span><span data-contrast=\"none\">\u00a0<\/span><span data-contrast=\"none\">2do Foro\u00a0<\/span><span data-contrast=\"none\">Multidisciplinario<\/span><span data-contrast=\"none\">\u00a0<\/span><span data-contrast=\"none\">\u201c<\/span><span data-contrast=\"none\">Covid<\/span><span data-contrast=\"none\">&#8211;<\/span><span data-contrast=\"none\">19<\/span><span data-contrast=\"none\">.<\/span><span data-contrast=\"none\">\u00a0Una mirada desde la\u00a0<\/span><span data-contrast=\"none\">transdisciplina<\/span><span data-contrast=\"none\">\u201d<\/span><span data-contrast=\"none\">.<\/span><span data-ccp-props=\"{}\">\u00a0<\/span><\/p>\n<p><span data-contrast=\"none\">Antonia Barranca Enr<\/span><span data-contrast=\"none\">\u00ed<\/span><span data-contrast=\"none\">quez,<\/span><span data-contrast=\"none\">\u00a0<\/span><span data-contrast=\"none\">c<\/span><span data-contrast=\"none\">oordinadora\u00a0<\/span><span data-contrast=\"none\">general del CESS<\/span><span data-contrast=\"none\">,<\/span><span data-contrast=\"none\">\u00a0inform<\/span><span data-contrast=\"none\">\u00f3\u00a0<\/span><span data-contrast=\"none\">que el evento busca\u00a0<\/span><span data-contrast=\"none\">difundir el trabajo de acad<\/span><span data-contrast=\"none\">\u00e9<\/span><span data-contrast=\"none\">micos y estudiantes, a trav<\/span><span data-contrast=\"none\">\u00e9<\/span><span data-contrast=\"none\">s de sus experiencias profes<\/span><span data-contrast=\"none\">ionales desde la docencia y la\u00a0<\/span><span data-contrast=\"none\">investigaci<\/span><span data-contrast=\"none\">\u00f3<\/span><span data-contrast=\"none\">n<\/span><span data-contrast=\"none\">.<\/span><span data-ccp-props=\"{&quot;335559731&quot;:708}\">\u00a0<\/span><\/p>\n<p><span data-contrast=\"none\">Mencion<\/span><span data-contrast=\"none\">\u00f3\u00a0<\/span><span data-contrast=\"none\">que una de las particularidades del foro es la participaci<\/span><span data-contrast=\"none\">\u00f3<\/span><span data-contrast=\"none\">n de ponentes que fueron prestadores del servicio social en las distintas\u00a0<\/span><span data-contrast=\"none\">\u00e1<\/span><span data-contrast=\"none\">reas de\u00a0<\/span><span data-contrast=\"none\">servicio del\u00a0<\/span><span data-contrast=\"none\">CESS<\/span><span data-contrast=\"none\">\u00a0y que actualmente son destacados profesionistas en sus disciplinas.<\/span><span data-ccp-props=\"{&quot;335559731&quot;:708}\">\u00a0<\/span><\/p>\n<p><span data-contrast=\"none\">Dentro del programa\u00a0<\/span><span data-contrast=\"none\">destacan<\/span><span data-contrast=\"none\">\u00a0las participaciones de\u00a0<\/span><span data-contrast=\"none\">Marisol Manr<\/span><span data-contrast=\"none\">\u00ed<\/span><span data-contrast=\"none\">quez<\/span><span data-contrast=\"none\">\u00a0Reyes, encargada del\u00a0<\/span><span data-contrast=\"none\">\u00e1<\/span><span data-contrast=\"none\">rea de pacientes\u00a0<\/span><span data-contrast=\"none\">Covid<\/span><span data-contrast=\"none\">\u00a0<\/span><span data-contrast=\"none\">del H<\/span><span data-contrast=\"none\">ospital\u00a0<\/span><span data-contrast=\"none\">G<\/span><span data-contrast=\"none\">eneral de Veracruz<\/span><span data-contrast=\"none\">\u00a0<\/span><span data-contrast=\"none\">(HGV); Alejandro<\/span><span data-contrast=\"none\">\u00a0Quint\u00ed<\/span><span data-contrast=\"none\">n\u00a0<\/span><span data-contrast=\"none\">Barrat<\/span><span data-contrast=\"none\">\u00a0<\/span><span data-contrast=\"none\">Hern<\/span><span data-contrast=\"none\">\u00e1<\/span><span data-contrast=\"none\">ndez<\/span><span data-contrast=\"none\">, presidente de la\u00a0<\/span><span data-contrast=\"none\">Asociaci<\/span><span data-contrast=\"none\">\u00f3<\/span><span data-contrast=\"none\">n Mexicana de Medicina Interna<\/span><span data-contrast=\"none\">;<\/span><span data-contrast=\"none\">\u00a0Milka Joach\u00ed<\/span><span data-contrast=\"none\">n Vidal<\/span><span data-contrast=\"none\">, especialista en\u00a0<\/span><span data-contrast=\"none\">rehabilitaci<\/span><span data-contrast=\"none\">\u00f3<\/span><span data-contrast=\"none\">n\u00a0<\/span><span data-contrast=\"none\">bucal y coordinadora cl<\/span><span data-contrast=\"none\">\u00ed<\/span><span data-contrast=\"none\">nica en Barcelona<\/span><span data-contrast=\"none\">,<\/span><span data-contrast=\"none\">\u00a0Espa<\/span><span data-contrast=\"none\">\u00f1<\/span><span data-contrast=\"none\">a<\/span><span data-contrast=\"none\">,<\/span><span data-contrast=\"none\">\u00a0y\u00a0<\/span><span data-contrast=\"none\">Ana Laura Mendoza\u00a0<\/span><span data-contrast=\"none\">L<\/span><span data-contrast=\"none\">\u00f3<\/span><span data-contrast=\"none\">pez<\/span><span data-contrast=\"none\">,\u00a0<\/span><span data-contrast=\"none\">c<\/span><span data-contrast=\"none\">irujano\u00a0<\/span><span data-contrast=\"none\">d<\/span><span data-contrast=\"none\">entista especialista en periodoncia d<\/span><span data-contrast=\"none\">el<\/span><span data-contrast=\"none\">\u00a0Hospital Militar de Veracruz<\/span><span data-contrast=\"none\">.<\/span><span data-ccp-props=\"{&quot;335559731&quot;:708}\">\u00a0<\/span><\/p>\n<p><span data-contrast=\"none\">\u201c<\/span><span data-contrast=\"none\">Este foro naci<\/span><span data-contrast=\"none\">\u00f3\u00a0<\/span><span data-contrast=\"none\">en\u00a0<\/span><span data-contrast=\"none\">el<\/span><span data-contrast=\"none\">\u00a0<\/span><span data-contrast=\"none\">\u00e1<\/span><span data-contrast=\"none\">rea de Odontolog\u00ed<\/span><span data-contrast=\"none\">a del\u00a0<\/span><span data-contrast=\"none\">CESS<\/span><span data-contrast=\"none\">,<\/span><span data-contrast=\"none\">\u00a0como una forma de reconocimiento y vinculaci<\/span><span data-contrast=\"none\">\u00f3<\/span><span data-contrast=\"none\">n con los egresados de<\/span><span data-contrast=\"none\">\u00a0dicha<\/span><span data-contrast=\"none\">\u00a0<\/span><span data-contrast=\"none\">\u00e1<\/span><span data-contrast=\"none\">rea\u00a0<\/span><span data-contrast=\"none\">y para motivar a los estudiantes pr<\/span><span data-contrast=\"none\">\u00f3<\/span><span data-contrast=\"none\">ximos\u00a0<\/span><span data-contrast=\"none\">a insertarse en el medio laboral<\/span><span data-contrast=\"none\">;<\/span><span data-contrast=\"none\">\u00a0<\/span><span data-contrast=\"none\">n<\/span><span data-contrast=\"none\">o obstante<\/span><span data-contrast=\"none\">,<\/span><span data-contrast=\"none\">\u00a0la necesidad de promover\u00a0<\/span><span data-contrast=\"none\">e<\/span><span data-contrast=\"none\">l trabajo multidisciplinario, en pa<\/span><span data-contrast=\"none\">rticular en salud, hizo que el f<\/span><span data-contrast=\"none\">oro se ampliara al reconocimiento de otra<\/span><span data-contrast=\"none\">s disciplinas<\/span><span data-contrast=\"none\">,<\/span><span data-contrast=\"none\">\u00a0pero siguiendo la idea inicial de la vinculaci<\/span><span data-contrast=\"none\">\u00f3<\/span><span data-contrast=\"none\">n con los e<\/span><span data-contrast=\"none\">gresados del CESS y de todas las\u00a0<\/span><span data-contrast=\"none\">\u00e1<\/span><span data-contrast=\"none\">reas disciplinares<\/span><span data-contrast=\"none\">\u201d<\/span><span data-contrast=\"none\">, puntualiz<\/span><span data-contrast=\"none\">\u00f3\u00a0<\/span><span data-contrast=\"none\">Barranca Enr<\/span><span data-contrast=\"none\">\u00ed<\/span><span data-contrast=\"none\">quez.<\/span><span data-ccp-props=\"{}\">\u00a0<\/span><\/p>\n<p><span data-ccp-props=\"{}\">\u00a0<\/span><\/p>\n<div id=\"attachment_93517\" style=\"width: 378px\" class=\"wp-caption aligncenter\"><a href=\"https:\/\/www.uv.mx\/prensa\/files\/2021\/02\/200221-CESS-2.jpg\"><img aria-describedby=\"caption-attachment-93517\" decoding=\"async\" loading=\"lazy\" class=\"size-full wp-image-93517\" src=\"https:\/\/www.uv.mx\/prensa\/files\/2021\/02\/200221-CESS-2.jpg\" alt=\"\" width=\"368\" height=\"481\" srcset=\"https:\/\/www.uv.mx\/prensa\/files\/2021\/02\/200221-CESS-2.jpg 368w, https:\/\/www.uv.mx\/prensa\/files\/2021\/02\/200221-CESS-2-230x300.jpg 230w\" sizes=\"(max-width: 368px) 100vw, 368px\" \/><\/a><p id=\"caption-attachment-93517\" class=\"wp-caption-text\">Antonia Barranca Enr\u00edquez, coordinadora general del CESS<\/p><\/div>\n","protected":false},"excerpt":{"rendered":"<p>El objetivo es\u00a0difundir el trabajo de acad\u00e9micos y estudiantes, a trav\u00e9s de sus experiencias profesionales desde la docencia y la investigaci\u00f3n\u00a0<\/p>\n","protected":false},"author":1869,"featured_media":93518,"comment_status":"closed","ping_status":"closed","sticky":false,"template":"","format":"standard","meta":[],"categories":[47,55],"tags":[],"_links":{"self":[{"href":"https:\/\/www.uv.mx\/prensa\/wp-json\/wp\/v2\/posts\/93516"}],"collection":[{"href":"https:\/\/www.uv.mx\/prensa\/wp-json\/wp\/v2\/posts"}],"about":[{"href":"https:\/\/www.uv.mx\/prensa\/wp-json\/wp\/v2\/types\/post"}],"author":[{"embeddable":true,"href":"https:\/\/www.uv.mx\/prensa\/wp-json\/wp\/v2\/users\/1869"}],"replies":[{"embeddable":true,"href":"https:\/\/www.uv.mx\/prensa\/wp-json\/wp\/v2\/comments?post=93516"}],"version-history":[{"count":1,"href":"https:\/\/www.uv.mx\/prensa\/wp-json\/wp\/v2\/posts\/93516\/revisions"}],"predecessor-version":[{"id":93527,"href":"https:\/\/www.uv.mx\/prensa\/wp-json\/wp\/v2\/posts\/93516\/revisions\/93527"}],"wp:featuredmedia":[{"embeddable":true,"href":"https:\/\/www.uv.mx\/prensa\/wp-json\/wp\/v2\/media\/93518"}],"wp:attachment":[{"href":"https:\/\/www.uv.mx\/prensa\/wp-json\/wp\/v2\/media?parent=93516"}],"wp:term":[{"taxonomy":"category","embeddable":true,"href":"https:\/\/www.uv.mx\/prensa\/wp-json\/wp\/v2\/categories?post=93516"},{"taxonomy":"post_tag","embeddable":true,"href":"https:\/\/www.uv.mx\/prensa\/wp-json\/wp\/v2\/tags?post=93516"}],"curies":[{"name":"wp","href":"https:\/\/api.w.org\/{rel}","templated":true}]}}