{"id":93559,"date":"2021-02-22T15:14:01","date_gmt":"2021-02-22T21:14:01","guid":{"rendered":"https:\/\/www.uv.mx\/prensa\/?p=93559"},"modified":"2021-02-24T20:01:30","modified_gmt":"2021-02-25T02:01:30","slug":"uv-lidera-tecnologia-para-la-ensenanza-oferta-educativa-2021-cuenta-con-modalidad-virtual","status":"publish","type":"post","link":"https:\/\/www.uv.mx\/prensa\/banner\/uv-lidera-tecnologia-para-la-ensenanza-oferta-educativa-2021-cuenta-con-modalidad-virtual\/","title":{"rendered":"UV lidera tecnolog\u00eda para la ense\u00f1anza; oferta educativa 2021 cuenta con modalidad virtual\u00a0"},"content":{"rendered":"<ul>\n<li data-leveltext=\"\u25cf\" data-font=\"\" data-listid=\"1\" data-aria-posinset=\"1\" data-aria-level=\"1\"><i><span data-contrast=\"auto\">En la reuni\u00f3n del Consejo Consultivo para la Consolidaci\u00f3n de la Educaci\u00f3n en L\u00ednea (CCCEL)<\/span><\/i><i><span data-contrast=\"auto\">\u00a0la<\/span><\/i><i><span data-contrast=\"auto\">\u00a0Rectora destac\u00f3 el incremento de la oferta educativa en l\u00ednea<\/span><\/i><span data-ccp-props=\"{&quot;201341983&quot;:0,&quot;335559740&quot;:276}\">\u00a0<\/span><\/li>\n<\/ul>\n<p><span data-ccp-props=\"{&quot;201341983&quot;:0,&quot;335559740&quot;:276}\">\u00a0<\/span><\/p>\n<div id=\"attachment_93562\" style=\"width: 730px\" class=\"wp-caption aligncenter\"><a href=\"https:\/\/www.uv.mx\/prensa\/files\/2021\/02\/DSC_3929.jpg\"><img aria-describedby=\"caption-attachment-93562\" decoding=\"async\" loading=\"lazy\" class=\"size-full wp-image-93562\" src=\"https:\/\/www.uv.mx\/prensa\/files\/2021\/02\/DSC_3929.jpg\" alt=\"\" width=\"720\" height=\"481\" srcset=\"https:\/\/www.uv.mx\/prensa\/files\/2021\/02\/DSC_3929.jpg 720w, https:\/\/www.uv.mx\/prensa\/files\/2021\/02\/DSC_3929-300x200.jpg 300w\" sizes=\"(max-width: 720px) 100vw, 720px\" \/><\/a><p id=\"caption-attachment-93562\" class=\"wp-caption-text\">La rectora\u00a0Sara Ladr\u00f3n de Guevara\u00a0destac\u00f3 el liderazgo de la UV\u00a0en el uso de las tecnolog\u00edas aplicadas a la ense\u00f1anza<\/p><\/div>\n<p><span data-ccp-props=\"{&quot;201341983&quot;:0,&quot;335559740&quot;:276}\">\u00a0<\/span><\/p>\n<p><b><i><span data-contrast=\"auto\">David Sandoval Rodr\u00edguez<\/span><\/i><\/b><span data-ccp-props=\"{&quot;201341983&quot;:0,&quot;335559740&quot;:276}\">\u00a0<\/span><\/p>\n<p><b><i><span data-contrast=\"auto\">22\/02\/<\/span><\/i><\/b><b><i><span data-contrast=\"auto\">20<\/span><\/i><\/b><b><i><span data-contrast=\"auto\">21<\/span><\/i><\/b><b><i><span data-contrast=\"auto\">,<\/span><\/i><\/b><b><i><span data-contrast=\"auto\">\u00a0Xalapa, Ver.-<\/span><\/i><\/b><span data-contrast=\"auto\">\u00a0La <a href=\"https:\/\/www.uv.mx\/\" target=\"_blank\" rel=\"noopener\">Universidad Veracruzana<\/a> (UV) es l\u00edder en el uso de las tecnolog\u00edas aplic<\/span><span data-contrast=\"auto\">adas a la ense\u00f1anza a nivel nacional, afirm\u00f3 la rectora Sara Ladr\u00f3n de Guevara<\/span><span data-contrast=\"auto\">\u00a0<\/span><span data-contrast=\"auto\">al presidir la reuni\u00f3n de la tercera sesi\u00f3n ordinaria del Consejo Consultivo para la Consolidaci\u00f3n de la Educaci\u00f3n en L\u00ednea (CCCEL) de la m\u00e1xima casa de estudio<\/span><span data-contrast=\"auto\">s de Veracruz<\/span><span data-contrast=\"auto\">.<\/span><span data-ccp-props=\"{&quot;201341983&quot;:0,&quot;335559740&quot;:276}\">\u00a0<\/span><\/p>\n<p><span data-contrast=\"auto\">En sesi\u00f3n cel<\/span><span data-contrast=\"auto\">ebrada en la sala de juntas de la Rector\u00eda y por videoconferencia<\/span><span data-contrast=\"auto\">,<\/span><span data-contrast=\"auto\">\u00a0con el qu\u00f3rum compuesto por los vocales y el asesor legal, la Rectora destac\u00f3 que la instituci\u00f3n ha incrementado sus programas educativos de la modalidad en l\u00ednea.<\/span><span data-ccp-props=\"{&quot;201341983&quot;:0,&quot;335559740&quot;:276}\">\u00a0<\/span><\/p>\n<p><span data-contrast=\"auto\">\u201cDespu\u00e9s de esta pandemia<\/span><span data-contrast=\"auto\">\u00a0<\/span><span data-contrast=\"auto\">las universidades van a ver modificadas sus maneras de hacer y la Universidad Veracruzana no se qued\u00f3 atr\u00e1s, muy por el contrario, est\u00e1 liderando en el uso de las tecnolog\u00edas a nivel nacional y la prueba es nuestra convocatoria de ingreso 2021<\/span><span data-contrast=\"auto\">,<\/span><span data-contrast=\"auto\">\u00a0publicada e<\/span><span data-contrast=\"auto\">l 18 de febrero. Me<\/span><span data-contrast=\"auto\">\u00a0da mucho gusto que sea en todas las \u00e1reas acad\u00e9micas y en todas las regiones, ofreciendo por primera vez una serie de Programas Educativos en modalidad virtual\u201d.<\/span><span data-ccp-props=\"{&quot;201341983&quot;:0,&quot;335559731&quot;:720,&quot;335559740&quot;:276}\">\u00a0<\/span><\/p>\n<p><span data-contrast=\"auto\">Reconoci\u00f3 que este logro parte de \u201cun camino que hemos asumi<\/span><span data-contrast=\"auto\">do juntos, no podemos los acad\u00e9micos solos, sino con la suma de esfuerzos que permiten ofrecer un producto de calidad y hacer de la Universidad Veracruzana una instituci\u00f3n innovadora y pertinente\u201d.<\/span><span data-ccp-props=\"{&quot;201341983&quot;:0,&quot;335559731&quot;:720,&quot;335559740&quot;:276}\">\u00a0<\/span><\/p>\n<p><span data-contrast=\"auto\">Por tal raz\u00f3n agradeci\u00f3 a todos los asistentes a la reuni\u00f3<\/span><span data-contrast=\"auto\">n por el esfuerzo realizado para poder emitir la convocatoria de ingreso 2021,\u00a0<\/span><span data-contrast=\"auto\">\u201cuna convocatoria que es absolutamente innovadora porque por primera vez en la Universidad Veracruzana tenemos una divisi\u00f3n entre los programas escolarizados y la modalidad virt<\/span><span data-contrast=\"auto\">ual con una oferta interesante, atractiva y en todas las \u00e1reas acad\u00e9micas, eso es realmente aprovechar las ense\u00f1anzas que nos trajo la pandemia, por un lado, y aprovechar la experiencia que se ven\u00eda teniendo en la Universidad y, finalmente, aterrizar los l<\/span><span data-contrast=\"auto\">ogros obtenidos\u201d.<\/span><span data-ccp-props=\"{&quot;201341983&quot;:0,&quot;335559731&quot;:720,&quot;335559740&quot;:276}\">\u00a0<\/span><\/p>\n<p><span data-contrast=\"auto\">Ladr\u00f3n de Guevara record\u00f3 que a partir de la experiencia generada al interior de la Universidad \u201cahora tenemos un camino bien trazado, un acompa\u00f1amiento y un saber-hacer que hemos aprovechado; es una ruptura con respecto a lo que ven\u00edamos<\/span><span data-contrast=\"auto\">\u00a0haciendo y al mismo tiempo es una consolidaci\u00f3n de la Universidad Veracruzana en un escenario que a nivel mundial se torna distinto para todas las universidades que ver\u00e1n modificadas sus maneras de hacer\u201d.<\/span><span data-ccp-props=\"{&quot;201341983&quot;:0,&quot;335559731&quot;:720,&quot;335559740&quot;:276}\">\u00a0<\/span><\/p>\n<p>&nbsp;<\/p>\n<div id=\"attachment_93560\" style=\"width: 730px\" class=\"wp-caption aligncenter\"><a href=\"https:\/\/www.uv.mx\/prensa\/files\/2021\/02\/220221-DAVID-reunion-del-CCCEL-2.jpg\"><img aria-describedby=\"caption-attachment-93560\" decoding=\"async\" loading=\"lazy\" class=\"size-full wp-image-93560\" src=\"https:\/\/www.uv.mx\/prensa\/files\/2021\/02\/220221-DAVID-reunion-del-CCCEL-2.jpg\" alt=\"\" width=\"720\" height=\"481\" srcset=\"https:\/\/www.uv.mx\/prensa\/files\/2021\/02\/220221-DAVID-reunion-del-CCCEL-2.jpg 720w, https:\/\/www.uv.mx\/prensa\/files\/2021\/02\/220221-DAVID-reunion-del-CCCEL-2-300x200.jpg 300w\" sizes=\"(max-width: 720px) 100vw, 720px\" \/><\/a><p id=\"caption-attachment-93560\" class=\"wp-caption-text\">Se realiz\u00f3 la tercera sesi\u00f3n ordinaria del Consejo Consultivo para la Consolidaci\u00f3n de la Educaci\u00f3n en L\u00ednea de la UV<\/p><\/div>\n<p>&nbsp;<\/p>\n<p><span data-contrast=\"auto\">En la sesi\u00f3n, Magdalena Hern\u00e1ndez Alarc\u00f3n, secret<\/span><span data-contrast=\"auto\">aria Acad\u00e9mica de la UV y una de las vocales del Consejo, confirm\u00f3 el incremento de las Experiencias Educativas (EE) concluidas en el ciclo reciente, tanto en el \u00e1rea de T\u00e9cnico Superior Universitario (TSU) y en ocho Programas Educativos de Licenciatura, c<\/span><span data-contrast=\"auto\">ontando con 50 EE concluidas, dos en el \u00c1rea de Formaci\u00f3n B\u00e1sica General (AFBG) y seis en el \u00c1rea de Formaci\u00f3n de Elecci\u00f3n Libre (AFEL).<\/span><span data-ccp-props=\"{&quot;201341983&quot;:0,&quot;335559731&quot;:720,&quot;335559740&quot;:276}\">\u00a0<\/span><\/p>\n<p><span data-contrast=\"auto\">Asimismo, en la convocatoria de ingreso 2021 se cuenta con dos formaciones en TSU y ocho licenciaturas en modalidad vir<\/span><span data-contrast=\"auto\">tual, a los que se suman los programas de posgrado en todas las \u00e1reas acad\u00e9micas.<\/span><span data-ccp-props=\"{&quot;201341983&quot;:0,&quot;335559731&quot;:720,&quot;335559740&quot;:276}\">\u00a0<\/span><\/p>\n<p><span data-contrast=\"auto\">Juan Carlos Jim\u00e9nez M\u00e1rquez, titular de la Direcci\u00f3n General de Tecnolog\u00eda de Informaci\u00f3n (DGTI), present\u00f3 los requerimientos de recursos humanos, materiales y financieros pa<\/span><span data-contrast=\"auto\">ra la continuidad del Proyecto de Educaci\u00f3n en L\u00ednea para el ejercicio 2021, que fueron aprobados por unanimidad.<\/span><span data-ccp-props=\"{&quot;201341983&quot;:0,&quot;335559731&quot;:720,&quot;335559740&quot;:276}\">\u00a0<\/span><\/p>\n<p><span data-contrast=\"auto\">En la sesi\u00f3n presencial estuvieron tambi\u00e9n Salvador Tapia\u00a0Spinoso, secretario de Administraci\u00f3n y Finanzas; Octavio Ochoa Contreras, secretari<\/span><span data-contrast=\"auto\">o de Desarrollo Institucional; Raciel Mart\u00ednez G\u00f3mez, titular de la Direcci\u00f3n de Comunicaci\u00f3n Universitaria as\u00ed como Carla M\u00f3nica G\u00f3mez Salgado, coordinadora general de Educaci\u00f3n en L\u00ednea.<\/span><span data-ccp-props=\"{&quot;201341983&quot;:0,&quot;335559731&quot;:720,&quot;335559740&quot;:276}\">\u00a0<\/span><\/p>\n<p><span data-contrast=\"auto\">Por videoconferencia\u00a0<\/span><span data-contrast=\"auto\">presenciaron la sesi\u00f3n<\/span><span data-contrast=\"auto\">\u00a0los vicerrectores de las regiones P<\/span><span data-contrast=\"auto\">oza Rica-Tuxpan, Orizaba-C\u00f3rdoba, Coatzacoalcos-<\/span><span data-contrast=\"auto\">Minatitl\u00e1n y el secretario acad\u00e9mico de la regi\u00f3n Veracruz al igual que<\/span><span data-contrast=\"auto\">\u00a0los directores generales<\/span><span data-contrast=\"auto\">\u00a0de las \u00e1reas acad\u00e9micas<\/span><span data-contrast=\"auto\">,\u00a0<\/span><span data-contrast=\"auto\">de la Unidad de Estudios de Posgrado, del Siste<\/span><span data-contrast=\"auto\">ma de Ense\u00f1anza Abierta (SEA) y de la Universidad Veracruzana Intercultural (UVI).<\/span><span data-ccp-props=\"{&quot;201341983&quot;:0,&quot;335559731&quot;:720,&quot;335559740&quot;:276}\">\u00a0<\/span><\/p>\n<p><span data-ccp-props=\"{&quot;201341983&quot;:0,&quot;335559740&quot;:276}\">\u00a0<\/span><\/p>\n<div id=\"attachment_93561\" style=\"width: 730px\" class=\"wp-caption aligncenter\"><a href=\"https:\/\/www.uv.mx\/prensa\/files\/2021\/02\/220221-DAVID-reunion-del-CCCEL-3.jpg\"><img aria-describedby=\"caption-attachment-93561\" decoding=\"async\" loading=\"lazy\" class=\"size-full wp-image-93561\" src=\"https:\/\/www.uv.mx\/prensa\/files\/2021\/02\/220221-DAVID-reunion-del-CCCEL-3.jpg\" alt=\"\" width=\"720\" height=\"480\" srcset=\"https:\/\/www.uv.mx\/prensa\/files\/2021\/02\/220221-DAVID-reunion-del-CCCEL-3.jpg 720w, https:\/\/www.uv.mx\/prensa\/files\/2021\/02\/220221-DAVID-reunion-del-CCCEL-3-300x200.jpg 300w\" sizes=\"(max-width: 720px) 100vw, 720px\" \/><\/a><p id=\"caption-attachment-93561\" class=\"wp-caption-text\">Autoridades integrantes del CCCEL atendieron la reuni\u00f3n de forma presencial y virtual<\/p><\/div>\n","protected":false},"excerpt":{"rendered":"<p>La rectora Sara Ladr\u00f3n de Guevara destac\u00f3 el incremento de los programas educativos en l\u00ednea\u00a0en la m\u00e1xima casa de estudios de Veracruz\u00a0<\/p>\n","protected":false},"author":1869,"featured_media":93563,"comment_status":"closed","ping_status":"closed","sticky":false,"template":"","format":"standard","meta":[],"categories":[61],"tags":[],"_links":{"self":[{"href":"https:\/\/www.uv.mx\/prensa\/wp-json\/wp\/v2\/posts\/93559"}],"collection":[{"href":"https:\/\/www.uv.mx\/prensa\/wp-json\/wp\/v2\/posts"}],"about":[{"href":"https:\/\/www.uv.mx\/prensa\/wp-json\/wp\/v2\/types\/post"}],"author":[{"embeddable":true,"href":"https:\/\/www.uv.mx\/prensa\/wp-json\/wp\/v2\/users\/1869"}],"replies":[{"embeddable":true,"href":"https:\/\/www.uv.mx\/prensa\/wp-json\/wp\/v2\/comments?post=93559"}],"version-history":[{"count":1,"href":"https:\/\/www.uv.mx\/prensa\/wp-json\/wp\/v2\/posts\/93559\/revisions"}],"predecessor-version":[{"id":93683,"href":"https:\/\/www.uv.mx\/prensa\/wp-json\/wp\/v2\/posts\/93559\/revisions\/93683"}],"wp:featuredmedia":[{"embeddable":true,"href":"https:\/\/www.uv.mx\/prensa\/wp-json\/wp\/v2\/media\/93563"}],"wp:attachment":[{"href":"https:\/\/www.uv.mx\/prensa\/wp-json\/wp\/v2\/media?parent=93559"}],"wp:term":[{"taxonomy":"category","embeddable":true,"href":"https:\/\/www.uv.mx\/prensa\/wp-json\/wp\/v2\/categories?post=93559"},{"taxonomy":"post_tag","embeddable":true,"href":"https:\/\/www.uv.mx\/prensa\/wp-json\/wp\/v2\/tags?post=93559"}],"curies":[{"name":"wp","href":"https:\/\/api.w.org\/{rel}","templated":true}]}}