{"id":93740,"date":"2021-02-26T09:15:50","date_gmt":"2021-02-26T15:15:50","guid":{"rendered":"https:\/\/www.uv.mx\/prensa\/?p=93740"},"modified":"2021-02-26T09:15:50","modified_gmt":"2021-02-26T15:15:50","slug":"invitan-al-torneo-de-la-liga-universitaria-de-ajedrez-online","status":"publish","type":"post","link":"https:\/\/www.uv.mx\/prensa\/deportes\/invitan-al-torneo-de-la-liga-universitaria-de-ajedrez-online\/","title":{"rendered":"Invitan al Torneo de la Liga Universitaria de Ajedrez <em>Online<\/em>"},"content":{"rendered":"<ul>\n<li data-leveltext=\"\uf0b7\" data-font=\"Symbol\" data-listid=\"1\" data-aria-posinset=\"1\" data-aria-level=\"1\"><i><span data-contrast=\"auto\">Est\u00e1 dirigido<\/span><\/i><i><span data-contrast=\"auto\"> a alumnos<\/span><\/i><i><span data-contrast=\"auto\"> de las cinco regiones de la UV<\/span><\/i><span data-ccp-props=\"{&quot;201341983&quot;:0,&quot;335559739&quot;:0,&quot;335559740&quot;:240}\">\u00a0<\/span><\/li>\n<li data-leveltext=\"\uf0b7\" data-font=\"Symbol\" data-listid=\"1\" data-aria-posinset=\"2\" data-aria-level=\"1\"><i><span data-contrast=\"auto\">I<\/span><\/i><i><span data-contrast=\"auto\">niciar\u00e1 el 12 de marzo<\/span><\/i><span data-ccp-props=\"{&quot;201341983&quot;:0,&quot;335559739&quot;:0,&quot;335559740&quot;:240}\">\u00a0<\/span><\/li>\n<\/ul>\n<p>&nbsp;<\/p>\n<div id=\"attachment_93741\" style=\"width: 370px\" class=\"wp-caption aligncenter\"><a href=\"https:\/\/www.uv.mx\/prensa\/files\/2021\/02\/260221-Ajedrez.jpg\"><img aria-describedby=\"caption-attachment-93741\" decoding=\"async\" loading=\"lazy\" class=\"wp-image-93741 size-full\" src=\"https:\/\/www.uv.mx\/prensa\/files\/2021\/02\/260221-Ajedrez.jpg\" alt=\"\" width=\"360\" height=\"481\" srcset=\"https:\/\/www.uv.mx\/prensa\/files\/2021\/02\/260221-Ajedrez.jpg 360w, https:\/\/www.uv.mx\/prensa\/files\/2021\/02\/260221-Ajedrez-225x300.jpg 225w\" sizes=\"(max-width: 360px) 100vw, 360px\" \/><\/a><p id=\"caption-attachment-93741\" class=\"wp-caption-text\">Las inscripciones cierran el 5 de marzo y se pueden efectuar a trav\u00e9s del correo ocampos@uv.mx<\/p><\/div>\n<p>&nbsp;<\/p>\n<p><b><i><span data-contrast=\"auto\">Santiago Morales Ortiz<\/span><\/i><\/b><span data-ccp-props=\"{&quot;201341983&quot;:0,&quot;335559739&quot;:0,&quot;335559740&quot;:240}\">\u00a0<\/span><\/p>\n<p><b><i><span data-contrast=\"auto\">26\/02\/2021, Xalapa, Ver.-<\/span><\/i><\/b><span data-contrast=\"auto\"> La Liga Universitaria de Ajedrez <\/span><i><span data-contrast=\"auto\">Online<\/span><\/i><span data-contrast=\"auto\"> dio a conocer la convocatoria para su pr\u00f3ximo torneo<\/span><span data-contrast=\"auto\"> gratuito<\/span><span data-contrast=\"auto\">, que iniciar\u00e1 el <\/span><span data-contrast=\"auto\">12 de marzo, dirigido a alumnos <\/span><span data-contrast=\"auto\">de<\/span><span data-contrast=\"auto\"> las cinco regiones de la Universidad Veracruzana<\/span><span data-contrast=\"auto\"> (UV)<\/span><span data-contrast=\"auto\">.<\/span><span data-ccp-props=\"{&quot;201341983&quot;:0,&quot;335559739&quot;:0,&quot;335559740&quot;:240}\">\u00a0<\/span><\/p>\n<p><span data-contrast=\"auto\">El torneo se realizar\u00e1 a trav\u00e9s de la<\/span><span data-contrast=\"auto\">s<\/span><span data-contrast=\"auto\"> plataforma<\/span><span data-contrast=\"auto\">s <\/span><i><span data-contrast=\"auto\">lichess.org<\/span><\/i><span data-contrast=\"auto\"> y <\/span><i><span data-contrast=\"auto\">Z<\/span><\/i><i><span data-contrast=\"auto\">oom<\/span><\/i><span data-contrast=\"auto\">, <\/span><span data-contrast=\"auto\">a <\/span><span data-contrast=\"auto\">siete rondas elimina<\/span><span data-contrast=\"auto\">torias, todas a las 19:00 horas, <\/span><span data-contrast=\"auto\">co<\/span><span data-contrast=\"auto\">n gra<\/span><span data-contrast=\"auto\">n final programada para el 7 de mayo.<\/span><span data-ccp-props=\"{&quot;201341983&quot;:0,&quot;335559731&quot;:708,&quot;335559739&quot;:0,&quot;335559740&quot;:240}\">\u00a0<\/span><\/p>\n<p><span data-contrast=\"auto\">L<\/span><span data-contrast=\"auto\">as inscripciones c<\/span><span data-contrast=\"auto\">i<\/span><span data-contrast=\"auto\">erra<\/span><span data-contrast=\"auto\">n <\/span><span data-contrast=\"auto\">el 5 de marzo<\/span><span data-contrast=\"auto\"> y<\/span><span data-contrast=\"auto\"> se pueden efectuar en el correo <\/span><a href=\"mailto:ocampos@uv.mx\"><span data-contrast=\"none\">ocampos@uv.mx<\/span><\/a><span data-contrast=\"auto\">, o para mayor informaci\u00f3n <\/span><span data-contrast=\"auto\">llamar al n\u00famero 22<\/span><span data-contrast=\"auto\">8<\/span><span data-contrast=\"auto\">1<\/span> <span data-contrast=\"auto\">8<\/span><span data-contrast=\"auto\">2<\/span><span data-contrast=\"auto\">54<\/span><span data-contrast=\"auto\">16, con el profesor Oscar Campos Segura<\/span><span data-contrast=\"auto\">, responsable de la rama de ajedrez en la Direcci\u00f3n de Actividades Deportivas de la UV (DADUV)<\/span><span data-contrast=\"auto\">.<\/span><span data-ccp-props=\"{&quot;201341983&quot;:0,&quot;335559731&quot;:708,&quot;335559739&quot;:0,&quot;335559740&quot;:240}\">\u00a0<\/span><\/p>\n<p><span data-contrast=\"auto\">Podr\u00e1n participar alumnos de las regiones Poza Rica-Tuxpan, <\/span><span data-contrast=\"auto\">Orizaba<\/span><span data-contrast=\"auto\">&#8211;<\/span><span data-contrast=\"auto\">C\u00f3rdoba, Coatzacoalcos-Minatitl\u00e1<\/span><span data-contrast=\"auto\">n, Veracruz<\/span><span data-contrast=\"auto\"> y Xalapa.<\/span><span data-ccp-props=\"{&quot;201341983&quot;:0,&quot;335559731&quot;:708,&quot;335559739&quot;:0,&quot;335559740&quot;:240}\">\u00a0<\/span><\/p>\n<p><span data-contrast=\"auto\">El sistema de competencia ser\u00e1 suizo a siete ronda<\/span><span data-contrast=\"auto\">s<\/span><span data-contrast=\"auto\"> (una por semana), <\/span><span data-contrast=\"auto\">con duraci\u00f3n de 20 minutos m\u00e1s <\/span><span data-contrast=\"auto\">cinco<\/span><span data-contrast=\"auto\"> de incremento por juego.<\/span><span data-ccp-props=\"{&quot;201341983&quot;:0,&quot;335559731&quot;:708,&quot;335559739&quot;:0,&quot;335559740&quot;:240}\">\u00a0<\/span><\/p>\n<p><span data-contrast=\"auto\">Las siete ronda<\/span><span data-contrast=\"auto\">s<\/span><span data-contrast=\"auto\"> eliminatorias estar\u00e1n programadas de la siguiente manera: 12, <\/span><span data-contrast=\"auto\">19 y 26 de marzo; <\/span><span data-contrast=\"auto\">9, 16, 23 y 30 de abril, <\/span><span data-contrast=\"auto\">y la gran final el 7 de mayo, luego de <\/span><span data-contrast=\"auto\">una<\/span><span data-contrast=\"auto\"> elimina<\/span><span data-contrast=\"auto\">toria de \u201ctodos contra todos\u201d<\/span><span data-contrast=\"auto\"> entre los cinco mejores clasificados.<\/span><span data-ccp-props=\"{&quot;201341983&quot;:0,&quot;335559731&quot;:708,&quot;335559739&quot;:0,&quot;335559740&quot;:240}\">\u00a0<\/span><\/p>\n<p><span data-contrast=\"auto\">Finalmente, se indic\u00f3 que la premiaci\u00f3n consistir\u00e1 en <\/span><span data-contrast=\"auto\">reconocimientos <\/span><span data-contrast=\"auto\">par<\/span><span data-contrast=\"auto\">a los <\/span><span data-contrast=\"auto\">cinco <\/span><span data-contrast=\"auto\">primeros lugares<\/span><span data-contrast=\"auto\">.<\/span><span data-ccp-props=\"{&quot;201341983&quot;:0,&quot;335559731&quot;:708,&quot;335559739&quot;:0,&quot;335559740&quot;:240}\">\u00a0<\/span><\/p>\n","protected":false},"excerpt":{"rendered":"<p>Las inscripciones cierran el 5 de marzo y se pueden efectuar a trav\u00e9s del correo ocampos@uv.mx; para mayor informaci\u00f3n se sugiere llamar al n\u00famero 2281825416, con el profesor Oscar Campos Segura<\/p>\n","protected":false},"author":1508,"featured_media":93742,"comment_status":"closed","ping_status":"closed","sticky":false,"template":"","format":"standard","meta":[],"categories":[12],"tags":[],"_links":{"self":[{"href":"https:\/\/www.uv.mx\/prensa\/wp-json\/wp\/v2\/posts\/93740"}],"collection":[{"href":"https:\/\/www.uv.mx\/prensa\/wp-json\/wp\/v2\/posts"}],"about":[{"href":"https:\/\/www.uv.mx\/prensa\/wp-json\/wp\/v2\/types\/post"}],"author":[{"embeddable":true,"href":"https:\/\/www.uv.mx\/prensa\/wp-json\/wp\/v2\/users\/1508"}],"replies":[{"embeddable":true,"href":"https:\/\/www.uv.mx\/prensa\/wp-json\/wp\/v2\/comments?post=93740"}],"version-history":[{"count":1,"href":"https:\/\/www.uv.mx\/prensa\/wp-json\/wp\/v2\/posts\/93740\/revisions"}],"predecessor-version":[{"id":93743,"href":"https:\/\/www.uv.mx\/prensa\/wp-json\/wp\/v2\/posts\/93740\/revisions\/93743"}],"wp:featuredmedia":[{"embeddable":true,"href":"https:\/\/www.uv.mx\/prensa\/wp-json\/wp\/v2\/media\/93742"}],"wp:attachment":[{"href":"https:\/\/www.uv.mx\/prensa\/wp-json\/wp\/v2\/media?parent=93740"}],"wp:term":[{"taxonomy":"category","embeddable":true,"href":"https:\/\/www.uv.mx\/prensa\/wp-json\/wp\/v2\/categories?post=93740"},{"taxonomy":"post_tag","embeddable":true,"href":"https:\/\/www.uv.mx\/prensa\/wp-json\/wp\/v2\/tags?post=93740"}],"curies":[{"name":"wp","href":"https:\/\/api.w.org\/{rel}","templated":true}]}}