{"id":93787,"date":"2021-02-26T20:07:54","date_gmt":"2021-02-27T02:07:54","guid":{"rendered":"https:\/\/www.uv.mx\/prensa\/?p=93787"},"modified":"2021-11-08T08:19:54","modified_gmt":"2021-11-08T14:19:54","slug":"director-de-la-fmvz-expuso-como-se-imparten-clases-durante-la-pandemia","status":"publish","type":"post","link":"https:\/\/www.uv.mx\/prensa\/general\/director-de-la-fmvz-expuso-como-se-imparten-clases-durante-la-pandemia\/","title":{"rendered":"Director de la FMVZ expuso c\u00f3mo se imparten clases durante la pandemia"},"content":{"rendered":"<ul>\n<li data-leveltext=\"\uf0b7\" data-font=\"Symbol\" data-listid=\"2\" data-aria-posinset=\"1\" data-aria-level=\"1\"><i><span data-contrast=\"none\">\u201c<\/span><\/i><i><span data-contrast=\"none\">Nadie estaba preparado para esto, pero en el futuro vamos a estar m<\/span><\/i><i><span data-contrast=\"none\">\u00e1<\/span><\/i><i><span data-contrast=\"none\">s fortalecidos y<\/span><\/i><i><span data-contrast=\"none\">,<\/span><\/i><i><span data-contrast=\"none\">\u00a0como\u00a0<\/span><\/i><i><span data-contrast=\"none\">U<\/span><\/i><i><span data-contrast=\"none\">niversidad,\u00a0<\/span><\/i><i><span data-contrast=\"none\">completamente\u00a0<\/span><\/i><i><span data-contrast=\"none\">integrados<\/span><\/i><i><span data-contrast=\"none\">\u201d<\/span><\/i><i><span data-contrast=\"none\">:\u00a0<\/span><\/i><i><span data-contrast=\"none\">Jorge Genaro Vicente Mart<\/span><\/i><i><span data-contrast=\"none\">\u00ed<\/span><\/i><i><span data-contrast=\"none\">nez<\/span><\/i><span data-ccp-props=\"{&quot;201341983&quot;:0,&quot;335559739&quot;:200,&quot;335559740&quot;:240}\">\u00a0<\/span><\/li>\n<\/ul>\n<p><span data-ccp-props=\"{&quot;201341983&quot;:0,&quot;335559739&quot;:200,&quot;335559740&quot;:240}\">\u00a0<\/span><\/p>\n<div id=\"attachment_93788\" style=\"width: 732px\" class=\"wp-caption aligncenter\"><a href=\"https:\/\/www.uv.mx\/prensa\/files\/2021\/02\/260221-FMVZ-1-100k.jpg\"><img aria-describedby=\"caption-attachment-93788\" decoding=\"async\" loading=\"lazy\" class=\"size-full wp-image-93788\" src=\"https:\/\/www.uv.mx\/prensa\/files\/2021\/02\/260221-FMVZ-1-100k.jpg\" alt=\"\u201cEl sistema escolarizado no presencial ha sido muy dif\u00edcil tanto para acad\u00e9micos como para alumnos, pero estamos siendo muy exitosos\u201d, se\u00f1al\u00f3 Vicente Mart\u00ednez \" width=\"722\" height=\"342\" srcset=\"https:\/\/www.uv.mx\/prensa\/files\/2021\/02\/260221-FMVZ-1-100k.jpg 722w, https:\/\/www.uv.mx\/prensa\/files\/2021\/02\/260221-FMVZ-1-100k-300x142.jpg 300w\" sizes=\"(max-width: 722px) 100vw, 722px\" \/><\/a><p id=\"caption-attachment-93788\" class=\"wp-caption-text\">\u201cEl sistema escolarizado no presencial ha sido muy dif\u00edcil tanto para acad\u00e9micos como para alumnos, pero estamos siendo muy exitosos\u201d, se\u00f1al\u00f3 Vicente Mart\u00ednez<\/p><\/div>\n<p>&nbsp;<\/p>\n<p><b><i><span data-contrast=\"none\">Aracely Hern<\/span><\/i><\/b><b><i><span data-contrast=\"none\">\u00e1<\/span><\/i><\/b><b><i><span data-contrast=\"none\">nde<\/span><\/i><\/b><b><i><span data-contrast=\"none\">z Rodr\u00edguez<\/span><\/i><\/b><span data-ccp-props=\"{&quot;201341983&quot;:0,&quot;335559739&quot;:200,&quot;335559740&quot;:240}\">\u00a0<\/span><\/p>\n<p><b><i><span data-contrast=\"none\">2<\/span><\/i><\/b><b><i><span data-contrast=\"none\">6<\/span><\/i><\/b><b><i><span data-contrast=\"none\">\/02\/2021,<\/span><\/i><\/b><b><i><span data-contrast=\"none\">\u00a0<\/span><\/i><\/b><b><i><span data-contrast=\"none\">Veracruz<\/span><\/i><\/b><b><i><span data-contrast=\"none\">,<\/span><\/i><\/b><b><i><span data-contrast=\"none\">\u00a0<\/span><\/i><\/b><b><i><span data-contrast=\"none\">Ver.<\/span><\/i><\/b><b><i><span data-contrast=\"none\">&#8211;<\/span><\/i><\/b><b><i><span data-contrast=\"none\">\u00a0<\/span><\/i><\/b><span data-contrast=\"none\">Jorge Genaro Vicente Mart<\/span><span data-contrast=\"none\">\u00ed<\/span><span data-contrast=\"none\">nez, director de la Facultad de Medicina Veterinaria y Zootecnia (FMVZ) de la Universidad Veracruzana (UV)<\/span><span data-contrast=\"none\">, particip<\/span><span data-contrast=\"none\">\u00f3<\/span><span data-contrast=\"none\">\u00a0en el panel\u00a0<\/span><span data-contrast=\"none\">\u201c<\/span><span data-contrast=\"none\">C\u00f3<\/span><span data-contrast=\"none\">mo se imparten las clases en la UV durante la contingencia<\/span><span data-contrast=\"none\">\u201d<\/span><span data-contrast=\"none\">,\u00a0<\/span><span data-contrast=\"none\">en\u00a0<\/span><span data-contrast=\"none\">el segundo d<\/span><span data-contrast=\"none\">\u00ed<\/span><span data-contrast=\"none\">a de actividades de\u00a0<\/span><span data-contrast=\"none\">la Expo Orienta\u00a0<\/span><span data-contrast=\"none\">2021<\/span><span data-contrast=\"none\">.<\/span><span data-ccp-props=\"{&quot;201341983&quot;:0,&quot;335559739&quot;:200,&quot;335559740&quot;:240}\">\u00a0<\/span><\/p>\n<p><span data-contrast=\"none\">Cabe\u00a0<\/span><span data-contrast=\"none\">recordar que la Expo Orienta\u00a0<\/span><span data-contrast=\"none\">2021\u00a0<\/span><span data-contrast=\"none\">est<\/span><span data-contrast=\"none\">\u00e1\u00a0<\/span><span data-contrast=\"none\">dirigida a estudiantes que desean ingresar a\u00a0<\/span><span data-contrast=\"none\">esta casa de estudios<\/span><span data-contrast=\"none\">\u00a0<\/span><span data-contrast=\"none\">para que conozcan la oferta educativa<\/span><span data-contrast=\"none\">.<\/span><span data-ccp-props=\"{&quot;201341983&quot;:0,&quot;335559731&quot;:708,&quot;335559739&quot;:200,&quot;335559740&quot;:240}\">\u00a0<\/span><\/p>\n<p><span data-contrast=\"none\">En\u00a0<\/span><span data-contrast=\"none\">su ponencia, el acad<\/span><span data-contrast=\"none\">\u00e9<\/span><span data-contrast=\"none\">mico comparti<\/span><span data-contrast=\"none\">\u00f3<\/span><span data-contrast=\"none\">\u00a0<\/span><span data-contrast=\"none\">la experiencia sobre los cambios m<\/span><span data-contrast=\"none\">\u00e1<\/span><span data-contrast=\"none\">s significativos\u00a0<\/span><span data-contrast=\"none\">entre\u00a0<\/span><span data-contrast=\"none\">la<\/span><span data-contrast=\"none\">\u00a0impartici<\/span><span data-contrast=\"none\">\u00f3<\/span><span data-contrast=\"none\">n de<\/span><span data-contrast=\"none\">\u00a0clases presenciales y durante\u00a0<\/span><span data-contrast=\"none\">contin<\/span><span data-contrast=\"none\">gencia.<\/span><span data-contrast=\"none\">\u00a0<\/span><span data-contrast=\"none\">Detall<\/span><span data-contrast=\"none\">\u00f3\u00a0<\/span><span data-contrast=\"none\">que\u00a0debido a la emergencia sanitaria,\u00a0<\/span><span data-contrast=\"none\">sobre la marcha\u00a0<\/span><span data-contrast=\"none\">han tenido que ir resolviendo las necesidades que se\u00a0<\/span><span data-contrast=\"none\">requi<\/span><span data-contrast=\"none\">e<\/span><span data-contrast=\"none\">r<\/span><span data-contrast=\"none\">en<\/span><span data-contrast=\"none\">,\u00a0<\/span><span data-contrast=\"none\">\u201c<\/span><span data-contrast=\"none\">lo cual\u00a0<\/span><span data-contrast=\"none\">ha servido para darnos cuenta de la capacidad que tienen los alumnos y\u00a0<\/span><span data-contrast=\"none\">los acad<\/span><span data-contrast=\"none\">\u00e9<\/span><span data-contrast=\"none\">micos<\/span><span data-contrast=\"none\">\u201d<\/span><span data-contrast=\"none\">.<\/span><span data-ccp-props=\"{&quot;201341983&quot;:0,&quot;335559731&quot;:708,&quot;335559739&quot;:200,&quot;335559740&quot;:240}\">\u00a0<\/span><\/p>\n<p><span data-contrast=\"none\">Destac<\/span><span data-contrast=\"none\">\u00f3\u00a0<\/span><span data-contrast=\"none\">que\u00a0<\/span><span data-contrast=\"none\">en este tiempo de resiliencia<\/span><span data-contrast=\"none\">\u00a0se\u00a0<\/span><span data-contrast=\"none\">ha logrado\u00a0<\/span><span data-contrast=\"none\">hacer<\/span><span data-contrast=\"none\">\u00a0muy bien el trabajo y el binomio entre profesores y alumnos r<\/span><span data-contrast=\"none\">\u00e1<\/span><span data-contrast=\"none\">pidamente se vio articulado<\/span><span data-contrast=\"none\">, de esta manera<\/span><span data-contrast=\"none\">\u00a0<\/span><span data-contrast=\"none\">se pudo planear y ejecutar los semestres posteriores.<\/span><span data-ccp-props=\"{&quot;201341983&quot;:0,&quot;335559731&quot;:708,&quot;335559739&quot;:200,&quot;335559740&quot;:240}\">\u00a0<\/span><\/p>\n<p><span data-contrast=\"none\">\u201c<\/span><span data-contrast=\"none\">E<\/span><span data-contrast=\"none\">l<\/span><span data-contrast=\"none\">\u00a0sistema escolarizado no presencial<\/span><span data-contrast=\"none\">\u00a0ha\u00a0<\/span><span data-contrast=\"none\">sido muy d<\/span><span data-contrast=\"none\">if<\/span><span data-contrast=\"none\">\u00ed<\/span><span data-contrast=\"none\">cil\u00a0<\/span><span data-contrast=\"none\">tanto\u00a0<\/span><span data-contrast=\"none\">para acad<\/span><span data-contrast=\"none\">\u00e9<\/span><span data-contrast=\"none\">micos\u00a0<\/span><span data-contrast=\"none\">como\u00a0<\/span><span data-contrast=\"none\">para\u00a0<\/span><span data-contrast=\"none\">alumnos, pero estamos siendo muy exitosos.\u00a0<\/span><span data-contrast=\"none\">La<\/span><span data-contrast=\"none\">\u00a0<\/span><span data-contrast=\"none\">U<\/span><span data-contrast=\"none\">niversidad ha salido fortalecida y\u00a0<\/span><span data-contrast=\"none\">los estudiantes de la FMVZ<\/span><span data-contrast=\"none\">\u00a0<\/span><span data-contrast=\"none\">se van a llevar una experiencia maravillosa<\/span><span data-contrast=\"none\">.<\/span><span data-contrast=\"none\">\u201d<\/span><span data-ccp-props=\"{&quot;201341983&quot;:0,&quot;335559731&quot;:708,&quot;335559739&quot;:200,&quot;335559740&quot;:240}\">\u00a0<\/span><\/p>\n<p><span data-contrast=\"none\">Abund<\/span><span data-contrast=\"none\">\u00f3<\/span><span data-contrast=\"none\">\u00a0sobre el proceso que se vivi<\/span><span data-contrast=\"none\">\u00f3\u00a0<\/span><span data-contrast=\"none\">al inicio al rea<\/span><span data-contrast=\"none\">lizar los enlaces y encontrarse con\u00a0<\/span><span data-contrast=\"none\">pantallas en negro<\/span><span data-contrast=\"none\">;<\/span><span data-contrast=\"none\">\u00a0sin embargo<\/span><span data-contrast=\"none\">,<\/span><span data-contrast=\"none\">\u00a0<\/span><span data-contrast=\"none\">conforme\u00a0<\/span><span data-contrast=\"none\">fue<\/span><span data-contrast=\"none\">\u00a0avanzando\u00a0<\/span><span data-contrast=\"none\">el semestre y con ayuda de la<\/span><span data-contrast=\"none\">\u00a0tecnolog<\/span><span data-contrast=\"none\">\u00ed<\/span><span data-contrast=\"none\">a con\u00a0<\/span><span data-contrast=\"none\">la que cuenta la Universidad\u00a0<\/span><span data-contrast=\"none\">se<\/span><span data-contrast=\"none\">\u00a0facilit<\/span><span data-contrast=\"none\">\u00f3<\/span><span data-contrast=\"none\">\u00a0todo<\/span><span data-contrast=\"none\">.<\/span><\/p>\n<div id=\"attachment_93789\" style=\"width: 732px\" class=\"wp-caption aligncenter\"><a href=\"https:\/\/www.uv.mx\/prensa\/files\/2021\/02\/260221-FMVZ-2-100k.jpg\"><img aria-describedby=\"caption-attachment-93789\" decoding=\"async\" loading=\"lazy\" class=\"size-full wp-image-93789\" src=\"https:\/\/www.uv.mx\/prensa\/files\/2021\/02\/260221-FMVZ-2-100k.jpg\" alt=\"El acad\u00e9mico comparti\u00f3 sobre los retos que acad\u00e9micos y estudiantes enfrentaron, ante este inesperado cambio en el proceso de la ense\u00f1anza y el aprendizaje \" width=\"722\" height=\"405\" srcset=\"https:\/\/www.uv.mx\/prensa\/files\/2021\/02\/260221-FMVZ-2-100k.jpg 722w, https:\/\/www.uv.mx\/prensa\/files\/2021\/02\/260221-FMVZ-2-100k-300x168.jpg 300w\" sizes=\"(max-width: 722px) 100vw, 722px\" \/><\/a><p id=\"caption-attachment-93789\" class=\"wp-caption-text\">El acad\u00e9mico comparti\u00f3 sobre los retos que acad\u00e9micos y estudiantes enfrentaron, ante este inesperado cambio en el proceso de la ense\u00f1anza y el aprendizaje<\/p><\/div>\n<p><span data-contrast=\"none\">Mencion<\/span><span data-contrast=\"none\">\u00f3<\/span><span data-contrast=\"none\">\u00a0que los cambios m<\/span><span data-contrast=\"none\">\u00e1<\/span><span data-contrast=\"none\">s significativos que ha habido\u00a0<\/span><span data-contrast=\"none\">de<\/span><span data-contrast=\"none\">\u00a0lo presencial a lo virtual, es la parte\u00a0<\/span><span data-contrast=\"none\">de la\u00a0<\/span><span data-contrast=\"none\">actitud<\/span><span data-contrast=\"none\">; el desarrollo de habilidades y el autodidactismo\u00a0<\/span><span data-contrast=\"none\">\u201c<\/span><span data-contrast=\"none\">nos van ayudando a\u00a0<\/span><span data-contrast=\"none\">ser<\/span><span data-contrast=\"none\">\u00a0una\u00a0<\/span><span data-contrast=\"none\">U<\/span><span data-contrast=\"none\">niversidad m<\/span><span data-contrast=\"none\">\u00e1<\/span><span data-contrast=\"none\">s fortalecida y nos est<\/span><span data-contrast=\"none\">\u00e1<\/span><span data-contrast=\"none\">\u00a0ense<\/span><span data-contrast=\"none\">\u00f1<\/span><span data-contrast=\"none\">ando a c<\/span><span data-contrast=\"none\">onfiar en los\u00a0<\/span><span data-contrast=\"none\">estudiantes y su\u00a0<\/span><span data-contrast=\"none\">gran potencial.<\/span><span data-contrast=\"none\">\u00a0<\/span><span data-contrast=\"none\">Dejarles esa libertad de poder resolver y tomar las decisiones, es lo que se necesitaba en la educaci<\/span><span data-contrast=\"none\">\u00f3<\/span><span data-contrast=\"none\">n superior<\/span><span data-contrast=\"none\">\u201d<\/span><span data-contrast=\"none\">.<\/span><span data-ccp-props=\"{&quot;201341983&quot;:0,&quot;335559731&quot;:708,&quot;335559739&quot;:200,&quot;335559740&quot;:240}\">\u00a0<\/span><\/p>\n<p><span data-contrast=\"none\">Platic<\/span><span data-contrast=\"none\">\u00f3\u00a0<\/span><span data-contrast=\"none\">que uno de los\u00a0<\/span><span data-contrast=\"none\">retos\u00a0<\/span><span data-contrast=\"none\">a los cuales se han enfrentado\u00a0<\/span><span data-contrast=\"none\">acad<\/span><span data-contrast=\"none\">\u00e9<\/span><span data-contrast=\"none\">micos y<\/span><span data-contrast=\"none\">\u00a0estudiantes\u00a0<\/span><span data-contrast=\"none\">\u2013<\/span><span data-contrast=\"none\">espec<\/span><span data-contrast=\"none\">\u00ed<\/span><span data-contrast=\"none\">ficamente de las carreras del\u00a0<\/span><span data-contrast=\"none\">\u00c1<\/span><span data-contrast=\"none\">rea de Ciencias de la Salud\u2013<\/span><span data-contrast=\"none\">\u00a0<\/span><span data-contrast=\"none\">ha sido\u00a0<\/span><span data-contrast=\"none\">el componente pr<\/span><span data-contrast=\"none\">\u00e1<\/span><span data-contrast=\"none\">ctico, donde\u00a0<\/span><span data-contrast=\"none\">\u201c<\/span><span data-contrast=\"none\">el desarrollo de destrezas y habilidades es esencial; no obstante<\/span><span data-contrast=\"none\">,<\/span><span data-contrast=\"none\">\u00a0la solidaridad y voluntad nos han servido para sacar adelan<\/span><span data-contrast=\"none\">te estos procesos.<\/span><span data-contrast=\"none\">\u00a0<\/span><span data-contrast=\"none\">En un futuro tendr<\/span><span data-contrast=\"none\">emos<\/span><span data-contrast=\"none\">\u00a0que ver el modo de resolver alg<\/span><span data-contrast=\"none\">\u00fa<\/span><span data-contrast=\"none\">n vac<\/span><span data-contrast=\"none\">\u00ed<\/span><span data-contrast=\"none\">o que pudieron haber quedado,<\/span><span data-contrast=\"none\">\u00a0a trav<\/span><span data-contrast=\"none\">\u00e9<\/span><span data-contrast=\"none\">s de talleres y diversos cursos, entre otros<\/span><span data-contrast=\"none\">.<\/span><span data-ccp-props=\"{&quot;201341983&quot;:0,&quot;335559731&quot;:708,&quot;335559739&quot;:200,&quot;335559740&quot;:240}\">\u00a0<\/span><\/p>\n<p><span data-contrast=\"none\">\u201d<\/span><span data-contrast=\"none\">Es\u00a0reconfortante ver que la imaginaci<\/span><span data-contrast=\"none\">\u00f3<\/span><span data-contrast=\"none\">n no tiene l<\/span><span data-contrast=\"none\">\u00ed<\/span><span data-contrast=\"none\">mites<\/span><span data-contrast=\"none\">. E<\/span><span data-contrast=\"none\">s un orgullo ver<\/span><span data-contrast=\"none\">\u00a0<\/span><span data-contrast=\"none\">a los alumnos<\/span><span data-contrast=\"none\">\u00a0<\/span><span data-contrast=\"none\">hacer<\/span><span data-contrast=\"none\">\u00a0todo tipo de pr<\/span><span data-contrast=\"none\">\u00e1<\/span><span data-contrast=\"none\">cticas desde casa, utilizando lo que\u00a0<\/span><span data-contrast=\"none\">tiene<\/span><span data-contrast=\"none\">n<\/span><span data-contrast=\"none\">\u00a0a la mano<\/span><span data-contrast=\"none\">.<\/span><span data-contrast=\"none\">\u00a0<\/span><span data-contrast=\"none\">Es algo enriquecedor ver\u00a0<\/span><span data-contrast=\"none\">la capacidad que tienen, la\u00a0<\/span><span data-contrast=\"none\">inventiva<\/span><span data-contrast=\"none\">.<\/span><span data-contrast=\"none\">\u201d<\/span><span data-ccp-props=\"{&quot;201341983&quot;:0,&quot;335559731&quot;:708,&quot;335559739&quot;:200,&quot;335559740&quot;:240}\">\u00a0<\/span><\/p>\n<p><span data-contrast=\"none\">Por \u00faltimo, di<\/span><span data-contrast=\"none\">j<\/span><span data-contrast=\"none\">o\u00a0<\/span><span data-contrast=\"none\">esta<\/span><span data-contrast=\"none\">r\u00a0<\/span><span data-contrast=\"none\">seguro<\/span><span data-contrast=\"none\">\u00a0<\/span><span data-contrast=\"none\">de\u00a0<\/span><span data-contrast=\"none\">que los estudiantes de nuevo ingreso se sentir<\/span><span data-contrast=\"none\">\u00e1<\/span><span data-contrast=\"none\">n muy contentos cuando\u00a0<\/span><span data-contrast=\"none\">formen parte de esta comunidad u<\/span><span data-contrast=\"none\">niversitaria que ha logrado sacar adelante tod<\/span><span data-contrast=\"none\">o este trabajo ante la pandemia<\/span><span data-contrast=\"none\">.<\/span><span data-ccp-props=\"{&quot;201341983&quot;:0,&quot;335559731&quot;:708,&quot;335559739&quot;:200,&quot;335559740&quot;:240}\">\u00a0<\/span><\/p>\n<p><span data-contrast=\"none\">\u201c<\/span><span data-contrast=\"none\">Nadie estaba preparado para esto, pero el reto est<\/span><span data-contrast=\"none\">\u00e1<\/span><span data-contrast=\"none\">\u00a0<\/span><span data-contrast=\"none\">saldado y en el futuro vamos a estar m<\/span><span data-contrast=\"none\">\u00e1<\/span><span data-contrast=\"none\">s for<\/span><span data-contrast=\"none\">talecidos y<\/span><span data-contrast=\"none\">,<\/span><span data-contrast=\"none\">\u00a0como\u00a0<\/span><span data-contrast=\"none\">U<\/span><span data-contrast=\"none\">niversidad<\/span><span data-contrast=\"none\">,<\/span><span data-contrast=\"none\">\u00a0<\/span><span data-contrast=\"none\">completamente integrados<\/span><span data-contrast=\"none\">\u201d<\/span><span data-contrast=\"none\">, enfatiz<\/span><span data-contrast=\"none\">\u00f3<\/span><span data-contrast=\"none\">.<\/span><span data-ccp-props=\"{&quot;201341983&quot;:0,&quot;335559731&quot;:708,&quot;335559739&quot;:200,&quot;335559740&quot;:240}\">\u00a0<\/span><\/p>\n","protected":false},"excerpt":{"rendered":"<p>En la Expo Orienta 2021, Jorge Genaro Vicente Mart\u00ednez comparti\u00f3 experiencias sobre las condiciones de ense\u00f1anza impuestas por la contingencia sanitaria <\/p>\n","protected":false},"author":1775,"featured_media":93788,"comment_status":"closed","ping_status":"closed","sticky":false,"template":"","format":"standard","meta":[],"categories":[1,55],"tags":[1642,1285,1626,1299,1300,1640,1641],"_links":{"self":[{"href":"https:\/\/www.uv.mx\/prensa\/wp-json\/wp\/v2\/posts\/93787"}],"collection":[{"href":"https:\/\/www.uv.mx\/prensa\/wp-json\/wp\/v2\/posts"}],"about":[{"href":"https:\/\/www.uv.mx\/prensa\/wp-json\/wp\/v2\/types\/post"}],"author":[{"embeddable":true,"href":"https:\/\/www.uv.mx\/prensa\/wp-json\/wp\/v2\/users\/1775"}],"replies":[{"embeddable":true,"href":"https:\/\/www.uv.mx\/prensa\/wp-json\/wp\/v2\/comments?post=93787"}],"version-history":[{"count":1,"href":"https:\/\/www.uv.mx\/prensa\/wp-json\/wp\/v2\/posts\/93787\/revisions"}],"predecessor-version":[{"id":93790,"href":"https:\/\/www.uv.mx\/prensa\/wp-json\/wp\/v2\/posts\/93787\/revisions\/93790"}],"wp:featuredmedia":[{"embeddable":true,"href":"https:\/\/www.uv.mx\/prensa\/wp-json\/wp\/v2\/media\/93788"}],"wp:attachment":[{"href":"https:\/\/www.uv.mx\/prensa\/wp-json\/wp\/v2\/media?parent=93787"}],"wp:term":[{"taxonomy":"category","embeddable":true,"href":"https:\/\/www.uv.mx\/prensa\/wp-json\/wp\/v2\/categories?post=93787"},{"taxonomy":"post_tag","embeddable":true,"href":"https:\/\/www.uv.mx\/prensa\/wp-json\/wp\/v2\/tags?post=93787"}],"curies":[{"name":"wp","href":"https:\/\/api.w.org\/{rel}","templated":true}]}}