{"id":93948,"date":"2021-03-02T21:00:55","date_gmt":"2021-03-03T03:00:55","guid":{"rendered":"https:\/\/www.uv.mx\/prensa\/?p=93948"},"modified":"2021-03-05T11:44:59","modified_gmt":"2021-03-05T17:44:59","slug":"medicina-poza-rica-realizo-simposio-sobre-vacunas-contra-covid-19","status":"publish","type":"post","link":"https:\/\/www.uv.mx\/prensa\/regiones\/medicina-poza-rica-realizo-simposio-sobre-vacunas-contra-covid-19\/","title":{"rendered":"Medicina-Poza\u00a0Rica\u00a0realiz\u00f3\u00a0simposio\u00a0sobre\u00a0vacunas contra\u00a0Covid-19\u00a0"},"content":{"rendered":"<ul>\n<li data-leveltext=\"\uf0b7\" data-font=\"Symbol\" data-listid=\"1\" data-aria-posinset=\"1\" data-aria-level=\"1\"><i><span data-contrast=\"auto\">El objetivo fue despejar dudas sobre las diferentes vacunas\u00a0<\/span><\/i><i><span data-contrast=\"auto\">que existen<\/span><\/i><span data-ccp-props=\"{&quot;134233279&quot;:true,&quot;201341983&quot;:0,&quot;335559739&quot;:160,&quot;335559740&quot;:240}\">\u00a0<\/span><\/li>\n<\/ul>\n<p><span data-ccp-props=\"{&quot;201341983&quot;:0,&quot;335559739&quot;:160,&quot;335559740&quot;:240}\">\u00a0<\/span><\/p>\n<div id=\"attachment_93949\" style=\"width: 730px\" class=\"wp-caption aligncenter\"><a href=\"https:\/\/www.uv.mx\/prensa\/files\/2021\/03\/020321-Simposio-Medicina-1.jpg\"><img aria-describedby=\"caption-attachment-93949\" decoding=\"async\" loading=\"lazy\" class=\"size-full wp-image-93949\" src=\"https:\/\/www.uv.mx\/prensa\/files\/2021\/03\/020321-Simposio-Medicina-1.jpg\" alt=\"\" width=\"720\" height=\"404\" srcset=\"https:\/\/www.uv.mx\/prensa\/files\/2021\/03\/020321-Simposio-Medicina-1.jpg 720w, https:\/\/www.uv.mx\/prensa\/files\/2021\/03\/020321-Simposio-Medicina-1-300x168.jpg 300w\" sizes=\"(max-width: 720px) 100vw, 720px\" \/><\/a><p id=\"caption-attachment-93949\" class=\"wp-caption-text\">Los ponentes del simposio\u00a0\u201cLas vacunas contra\u00a0Covid-19,\u00a0contribuci\u00f3n para aclarar la controversia\u201d<\/p><\/div>\n<p><span data-ccp-props=\"{&quot;201341983&quot;:0,&quot;335559739&quot;:160,&quot;335559740&quot;:240}\">\u00a0<\/span><\/p>\n<p><b><i><span data-contrast=\"auto\">Alma Celia San Mart\u00edn Cruz<\/span><\/i><\/b><span data-ccp-props=\"{&quot;201341983&quot;:0,&quot;335559739&quot;:160,&quot;335559740&quot;:240}\">\u00a0<\/span><\/p>\n<p><b><i><span data-contrast=\"auto\">02\/0<\/span><\/i><\/b><b><i><span data-contrast=\"auto\">3<\/span><\/i><\/b><b><i><span data-contrast=\"auto\">\/<\/span><\/i><\/b><b><i><span data-contrast=\"auto\">20<\/span><\/i><\/b><b><i><span data-contrast=\"auto\">21<\/span><\/i><\/b><b><i><span data-contrast=\"auto\">,\u00a0<\/span><\/i><\/b><b><i><span data-contrast=\"auto\">Poza Rica,\u00a0Ver.-<\/span><\/i><\/b><b><i><span data-contrast=\"auto\">\u00a0<\/span><\/i><\/b><span data-contrast=\"auto\">La <a href=\"https:\/\/www.uv.mx\/pozarica\/medicina\/\" target=\"_blank\" rel=\"noopener\">Facultad de Medicina<\/a> de la Universidad Veracruzana\u00a0<\/span><span data-contrast=\"auto\">(UV)<\/span><span data-contrast=\"auto\">\u00a0organiz\u00f3<\/span><span data-contrast=\"auto\">\u00a0el simposio<\/span><span data-contrast=\"auto\">\u00a0\u201cLas vacunas contra\u00a0<\/span><span data-contrast=\"auto\">Covid<\/span><span data-contrast=\"auto\">-19, contribuci\u00f3n para aclarar la controversia\u201d,<\/span><span data-contrast=\"auto\">\u00a0<\/span><span data-contrast=\"auto\">que cont\u00f3 con la<\/span><span data-contrast=\"auto\">\u00a0participa<\/span><span data-contrast=\"auto\">ci\u00f3n de\u00a0<\/span><span data-contrast=\"auto\">acad\u00e9micos de\u00a0<\/span><span data-contrast=\"auto\">esta casa de estudios<\/span><span data-contrast=\"auto\">,\u00a0<\/span><span data-contrast=\"auto\">as\u00ed como de la\u00a0<\/span><span data-contrast=\"auto\">Universidad Aut\u00f3noma de Coahuila\u00a0<\/span><span data-contrast=\"auto\">y de la\u00a0<\/span><span data-contrast=\"auto\">Nacional Aut\u00f3noma de M\u00e9xico (<\/span><span data-contrast=\"auto\">UNAM<\/span><span data-contrast=\"auto\">)<\/span><span data-contrast=\"auto\">.<\/span><span data-ccp-props=\"{&quot;201341983&quot;:0,&quot;335559739&quot;:160,&quot;335559740&quot;:240}\">\u00a0<\/span><\/p>\n<p><span data-contrast=\"auto\">El\u00a0<\/span><span data-contrast=\"auto\">evento se realiz\u00f3\u00a0<\/span><span data-contrast=\"auto\">el pasado 25 de febrero<\/span><span data-contrast=\"auto\">\u00a0y tuvo por<\/span><span data-contrast=\"auto\">\u00a0objetivo<\/span><span data-contrast=\"auto\">\u00a0<\/span><span data-contrast=\"auto\">proporcionar infor<\/span><span data-contrast=\"auto\">maci\u00f3n actualizada y confiable sobre las vacunas anti-<\/span><span data-contrast=\"auto\">C<\/span><span data-contrast=\"auto\">ovid<\/span><span data-contrast=\"auto\">\u00a0y el proceso de vacunaci\u00f3n<\/span><span data-contrast=\"auto\">\u00a0pues\u00a0<\/span><span data-contrast=\"auto\">en las redes sociales<\/span><span data-contrast=\"auto\">\u00a0<\/span><span data-contrast=\"auto\">abunda<\/span><span data-contrast=\"auto\">n datos<\/span><span data-contrast=\"auto\">\u00a0<\/span><span data-contrast=\"auto\">distorsionad<\/span><span data-contrast=\"auto\">os<\/span><span data-contrast=\"auto\">, lo cual ha\u00a0<\/span><span data-contrast=\"auto\">provoca<\/span><span data-contrast=\"auto\">do<\/span><span data-contrast=\"auto\">\u00a0inquietud entre la poblaci\u00f3n.<\/span><span data-ccp-props=\"{&quot;201341983&quot;:0,&quot;335559731&quot;:708,&quot;335559739&quot;:160,&quot;335559740&quot;:240}\">\u00a0<\/span><\/p>\n<p><span data-contrast=\"auto\">Arturo No\u00e9 Escobar Hern\u00e1ndez,\u00a0<\/span><span data-contrast=\"auto\">d<\/span><span data-contrast=\"auto\">irector de la Facultad\u00a0<\/span><span data-contrast=\"auto\">de Medicina,\u00a0<\/span><span data-contrast=\"auto\">coment\u00f3 la importancia de la vacunaci\u00f3n y c<\/span><span data-contrast=\"auto\">\u00f3<\/span><span data-contrast=\"auto\">mo la poblaci\u00f3n tiene algunas ideas infundadas\u00a0<\/span><span data-contrast=\"auto\">respecto al tema<\/span><span data-contrast=\"auto\">, lo cual\u00a0<\/span><span data-contrast=\"auto\">es importante atender<\/span><span data-contrast=\"auto\">.<\/span><span data-ccp-props=\"{&quot;201341983&quot;:0,&quot;335559731&quot;:708,&quot;335559739&quot;:160,&quot;335559740&quot;:240}\">\u00a0<\/span><\/p>\n<p>&nbsp;<\/p>\n<div id=\"attachment_93950\" style=\"width: 730px\" class=\"wp-caption aligncenter\"><a href=\"https:\/\/www.uv.mx\/prensa\/files\/2021\/03\/020321-Simposio-Medicina-2.jpg\"><img aria-describedby=\"caption-attachment-93950\" decoding=\"async\" loading=\"lazy\" class=\"size-full wp-image-93950\" src=\"https:\/\/www.uv.mx\/prensa\/files\/2021\/03\/020321-Simposio-Medicina-2.jpg\" alt=\"\" width=\"720\" height=\"405\" srcset=\"https:\/\/www.uv.mx\/prensa\/files\/2021\/03\/020321-Simposio-Medicina-2.jpg 720w, https:\/\/www.uv.mx\/prensa\/files\/2021\/03\/020321-Simposio-Medicina-2-300x169.jpg 300w\" sizes=\"(max-width: 720px) 100vw, 720px\" \/><\/a><p id=\"caption-attachment-93950\" class=\"wp-caption-text\">Juan Cardona,\u00a0director de la Escuela de Medicina de la\u00a0Universidad Aut\u00f3noma de Coahuila, habl\u00f3\u00a0sobre la l\u00ednea del tiempo del Covid-19<\/p><\/div>\n<p>&nbsp;<\/p>\n<p><span data-contrast=\"auto\">El\u00a0<\/span><span data-contrast=\"auto\">vicerrector Jos\u00e9 Luis Alan\u00eds M\u00e9ndez agradeci\u00f3 a los m\u00e1s de 500 participantes su respuesta a esta convocatoria,\u00a0<\/span><span data-contrast=\"auto\">as\u00ed como a<\/span><span data-contrast=\"auto\">\u00a0los conferencistas, quienes aportar<\/span><span data-contrast=\"auto\">on sus conocimientos para despej<\/span><span data-contrast=\"auto\">ar las dudas sobre las diferentes vacunas\u00a0<\/span><span data-contrast=\"auto\">anti-<\/span><span data-contrast=\"auto\">Covid<\/span><span data-contrast=\"auto\">.<\/span><span data-ccp-props=\"{&quot;201341983&quot;:0,&quot;335559731&quot;:708,&quot;335559739&quot;:160,&quot;335559740&quot;:240}\">\u00a0<\/span><\/p>\n<p><span data-contrast=\"auto\">E<\/span><span data-contrast=\"auto\">xpres\u00f3 su benepl\u00e1cito por la realizaci\u00f3n de estas actividades que contribuyen\u00a0<\/span><span data-contrast=\"auto\">a la form<\/span><span data-contrast=\"auto\">aci\u00f3n integral de los alumnos y acad\u00e9micos<\/span><span data-contrast=\"auto\">, adem\u00e1s de<\/span><span data-contrast=\"auto\">\u00a0que el conocimiento discutido en estos foros permea m\u00e1s all\u00e1 de las aulas llegando al personal de salud.<\/span><span data-ccp-props=\"{&quot;201341983&quot;:0,&quot;335559731&quot;:708,&quot;335559739&quot;:160,&quot;335559740&quot;:240}\">\u00a0<\/span><\/p>\n<p><span data-contrast=\"auto\">Juan Manuel Cardona Chavarr\u00eda<\/span><span data-contrast=\"auto\">,<\/span><span data-contrast=\"auto\">\u00a0<\/span><span data-contrast=\"auto\">d<\/span><span data-contrast=\"auto\">irector de la Escuela de Medicina de la Universidad Aut\u00f3noma de Coahuila<\/span><span data-contrast=\"auto\">,<\/span><span data-contrast=\"auto\">\u00a0<\/span><span data-contrast=\"auto\">habl\u00f3 de la epidemiolog<\/span><span data-contrast=\"auto\">\u00ed<\/span><span data-contrast=\"auto\">a de la enfermedad\u00a0<\/span><span data-contrast=\"auto\">Covid<\/span><span data-contrast=\"auto\">-19, h<\/span><span data-contrast=\"auto\">izo\u00a0<\/span><span data-contrast=\"auto\">una l\u00ednea de<\/span><span data-contrast=\"auto\">l<\/span><span data-contrast=\"auto\">\u00a0tiempo para discutir los hechos\u00a0<\/span><span data-contrast=\"auto\">m\u00e1s<\/span><span data-contrast=\"auto\">\u00a0relevantes en el desarrollo de la pandemia, resaltando el efecto p<\/span><span data-contrast=\"auto\">rotector que las vacunas lograr\u00e1<\/span><span data-contrast=\"auto\">n para detener los conta<\/span><span data-contrast=\"auto\">gios y las muertes en el mundo.<\/span><span data-ccp-props=\"{&quot;201341983&quot;:0,&quot;335559731&quot;:708,&quot;335559739&quot;:160,&quot;335559740&quot;:240}\">\u00a0<\/span><\/p>\n<p>&nbsp;<\/p>\n<div id=\"attachment_93951\" style=\"width: 730px\" class=\"wp-caption aligncenter\"><a href=\"https:\/\/www.uv.mx\/prensa\/files\/2021\/03\/020321-Simposio-Medicina-3.jpg\"><img aria-describedby=\"caption-attachment-93951\" decoding=\"async\" loading=\"lazy\" class=\"size-full wp-image-93951\" src=\"https:\/\/www.uv.mx\/prensa\/files\/2021\/03\/020321-Simposio-Medicina-3.jpg\" alt=\"\" width=\"720\" height=\"404\" srcset=\"https:\/\/www.uv.mx\/prensa\/files\/2021\/03\/020321-Simposio-Medicina-3.jpg 720w, https:\/\/www.uv.mx\/prensa\/files\/2021\/03\/020321-Simposio-Medicina-3-300x168.jpg 300w\" sizes=\"(max-width: 720px) 100vw, 720px\" \/><\/a><p id=\"caption-attachment-93951\" class=\"wp-caption-text\">Especialistas de la\u00a0Universidad Aut\u00f3noma de Coahuila, UNAM y UV participaron en el simposio organizado por la Facultad de Medicina<\/p><\/div>\n<p>&nbsp;<\/p>\n<p><span data-contrast=\"auto\">Rub\u00e9n Eduardo V\u00e1zquez Garc\u00eda,\u00a0<\/span><span data-contrast=\"auto\">d<\/span><span data-contrast=\"auto\">irector del Hospital Regional de Poza Rica y acad\u00e9mico de la Facultad de Medicina, dis<\/span><span data-contrast=\"auto\">ert\u00f3 acerca\u00a0<\/span><span data-contrast=\"auto\">de\u00a0<\/span><span data-contrast=\"auto\">los mecanismos inmunol\u00f3gicos que provoca la infecci\u00f3n por el virus SARS-CoV-2 en el organismo humano<\/span><span data-contrast=\"auto\">;\u00a0<\/span><span data-contrast=\"auto\">resalt<\/span><span data-contrast=\"auto\">\u00f3\u00a0<\/span><span data-contrast=\"auto\">los puntos clave de c\u00f3mo se da una respuesta inmunol\u00f3gica correcta ante el virus en el 80<\/span><span data-contrast=\"auto\">\u00a0por ciento de las personas, y c\u00f3<\/span><span data-contrast=\"auto\">mo en\u00a0<\/span><span data-contrast=\"auto\">algunos individuos susceptibles\u00a0<\/span><span data-contrast=\"auto\">esta reacci\u00f3n es deficiente y lleva al agravamiento d<\/span><span data-contrast=\"auto\">e la enfermedad.<\/span><span data-ccp-props=\"{&quot;201341983&quot;:0,&quot;335559731&quot;:708,&quot;335559739&quot;:160,&quot;335559740&quot;:240}\">\u00a0<\/span><\/p>\n<p><span data-contrast=\"auto\">Habl\u00f3\u00a0<\/span><span data-contrast=\"auto\">tambi\u00e9n\u00a0<\/span><span data-contrast=\"auto\">de los aspectos importantes en el desarrollo de las vacunas desde un punto de vista inmunol\u00f3gico.<\/span><span data-ccp-props=\"{&quot;201341983&quot;:0,&quot;335559731&quot;:708,&quot;335559739&quot;:160,&quot;335559740&quot;:240}\">\u00a0<\/span><\/p>\n<p><span data-contrast=\"auto\">Edda<\/span><span data-contrast=\"auto\">\u00a0Lydia\u00a0<\/span><span data-contrast=\"auto\">Sciutto<\/span><span data-contrast=\"auto\">\u00a0Conde<\/span><span data-contrast=\"auto\">,<\/span><span data-contrast=\"auto\">\u00a0<\/span><span data-contrast=\"auto\">i<\/span><span data-contrast=\"auto\">nvestigadora de la U<\/span><span data-contrast=\"auto\">NAM,\u00a0<\/span><span data-contrast=\"auto\">coment\u00f3 los diferentes ti<\/span><span data-contrast=\"auto\">pos de vacunas\u00a0<\/span><span data-contrast=\"auto\">que existen\u00a0<\/span><span data-contrast=\"auto\">contra<\/span><span data-contrast=\"auto\">\u00a0el\u00a0<\/span><span data-contrast=\"auto\">Covid<\/span><span data-contrast=\"auto\">-19<\/span><span data-contrast=\"auto\">\u00a0y<\/span><span data-contrast=\"auto\">\u00a0de la tecnolog\u00eda detr\u00e1s de cada\u00a0<\/span><span data-contrast=\"auto\">una de ellas;<\/span><span data-contrast=\"auto\">\u00a0h<\/span><span data-contrast=\"auto\">izo\u00a0<\/span><span data-contrast=\"auto\">\u00e9nfasis en las vacunas que ya han<\/span><span data-contrast=\"auto\">\u00a0sido aceptadas en nuestro pa\u00eds:<\/span><span data-contrast=\"auto\">\u00a0Pfizer\/<\/span><span data-contrast=\"auto\">Bio<\/span><span data-contrast=\"auto\">NT<\/span><span data-contrast=\"auto\">ech<\/span><span data-contrast=\"auto\">,\u00a0<\/span><span data-contrast=\"auto\">Astra<\/span><span data-contrast=\"auto\">Zeneca<\/span><span data-contrast=\"auto\">,\u00a0<\/span><span data-contrast=\"auto\">Sputnik<\/span><span data-contrast=\"auto\">,\u00a0<\/span><span data-contrast=\"auto\">CanS<\/span><span data-contrast=\"auto\">ino<\/span><span data-contrast=\"auto\">, etc\u00e9tera.<\/span><span data-ccp-props=\"{&quot;201341983&quot;:0,&quot;335559731&quot;:708,&quot;335559739&quot;:160,&quot;335559740&quot;:240}\">\u00a0<\/span><\/p>\n<p><span data-ccp-props=\"{&quot;201341983&quot;:0,&quot;335559739&quot;:160,&quot;335559740&quot;:240}\">\u00a0<\/span><\/p>\n<div id=\"attachment_93952\" style=\"width: 730px\" class=\"wp-caption aligncenter\"><a href=\"https:\/\/www.uv.mx\/prensa\/files\/2021\/03\/020321-Simposio-Medicina-4.jpg\"><img aria-describedby=\"caption-attachment-93952\" decoding=\"async\" loading=\"lazy\" class=\"size-full wp-image-93952\" src=\"https:\/\/www.uv.mx\/prensa\/files\/2021\/03\/020321-Simposio-Medicina-4.jpg\" alt=\"\" width=\"720\" height=\"405\" srcset=\"https:\/\/www.uv.mx\/prensa\/files\/2021\/03\/020321-Simposio-Medicina-4.jpg 720w, https:\/\/www.uv.mx\/prensa\/files\/2021\/03\/020321-Simposio-Medicina-4-300x169.jpg 300w\" sizes=\"(max-width: 720px) 100vw, 720px\" \/><\/a><p id=\"caption-attachment-93952\" class=\"wp-caption-text\">Edda Sciutto, de la UNAM, abord\u00f3 el tema de las diferentes vacunas contra el Covid-19<\/p><\/div>\n","protected":false},"excerpt":{"rendered":"<p>El vicerrector Jos\u00e9 Luis Alan\u00eds M\u00e9ndez agradeci\u00f3 a los m\u00e1s de 500 participantes su respuesta a esta convocatoria\u00a0\u00a0<\/p>\n","protected":false},"author":1869,"featured_media":93949,"comment_status":"closed","ping_status":"closed","sticky":false,"template":"","format":"standard","meta":[],"categories":[54,32],"tags":[],"_links":{"self":[{"href":"https:\/\/www.uv.mx\/prensa\/wp-json\/wp\/v2\/posts\/93948"}],"collection":[{"href":"https:\/\/www.uv.mx\/prensa\/wp-json\/wp\/v2\/posts"}],"about":[{"href":"https:\/\/www.uv.mx\/prensa\/wp-json\/wp\/v2\/types\/post"}],"author":[{"embeddable":true,"href":"https:\/\/www.uv.mx\/prensa\/wp-json\/wp\/v2\/users\/1869"}],"replies":[{"embeddable":true,"href":"https:\/\/www.uv.mx\/prensa\/wp-json\/wp\/v2\/comments?post=93948"}],"version-history":[{"count":1,"href":"https:\/\/www.uv.mx\/prensa\/wp-json\/wp\/v2\/posts\/93948\/revisions"}],"predecessor-version":[{"id":94096,"href":"https:\/\/www.uv.mx\/prensa\/wp-json\/wp\/v2\/posts\/93948\/revisions\/94096"}],"wp:featuredmedia":[{"embeddable":true,"href":"https:\/\/www.uv.mx\/prensa\/wp-json\/wp\/v2\/media\/93949"}],"wp:attachment":[{"href":"https:\/\/www.uv.mx\/prensa\/wp-json\/wp\/v2\/media?parent=93948"}],"wp:term":[{"taxonomy":"category","embeddable":true,"href":"https:\/\/www.uv.mx\/prensa\/wp-json\/wp\/v2\/categories?post=93948"},{"taxonomy":"post_tag","embeddable":true,"href":"https:\/\/www.uv.mx\/prensa\/wp-json\/wp\/v2\/tags?post=93948"}],"curies":[{"name":"wp","href":"https:\/\/api.w.org\/{rel}","templated":true}]}}