{"id":93975,"date":"2021-03-04T07:15:21","date_gmt":"2021-03-04T13:15:21","guid":{"rendered":"https:\/\/www.uv.mx\/prensa\/?p=93975"},"modified":"2021-11-08T08:45:41","modified_gmt":"2021-11-08T14:45:41","slug":"estrella-de-dos-puntas-biografia-de-una-amistad","status":"publish","type":"post","link":"https:\/\/www.uv.mx\/prensa\/cultura\/estrella-de-dos-puntas-biografia-de-una-amistad\/","title":{"rendered":"<em>Estrella de dos puntas<\/em>, biograf\u00eda de una amistad"},"content":{"rendered":"<ul>\n<li data-leveltext=\"\uf0b7\" data-font=\"Symbol\" data-listid=\"1\" data-aria-posinset=\"1\" data-aria-level=\"1\"><i><span data-contrast=\"auto\">\u201c<\/span><\/i><i><span data-contrast=\"auto\">Es un libro esencial para conocer a los dos protagonistas<\/span><\/i><i><span data-contrast=\"auto\">, Carlos Fuentes y Octavio Paz,<\/span><\/i><i><span data-contrast=\"auto\"> de la segunda mitad del siglo XX mexicano en la literatura<\/span><\/i><i><span data-contrast=\"auto\">\u201d<\/span><\/i><i><span data-contrast=\"auto\">: Christopher Dom\u00ednguez Michael<\/span><\/i><span data-ccp-props=\"{&quot;134233279&quot;:true,&quot;201341983&quot;:0,&quot;335559739&quot;:160,&quot;335559740&quot;:240}\">\u00a0<\/span><\/li>\n<li data-leveltext=\"\uf0b7\" data-font=\"Symbol\" data-listid=\"1\" data-aria-posinset=\"2\" data-aria-level=\"1\"><i><span data-contrast=\"auto\">\u201c<\/span><\/i><i><span data-contrast=\"auto\">No cambi\u00f3<\/span><\/i><i><span data-contrast=\"auto\"> mi pensamiento y visi\u00f3n sobre estos personajes, <\/span><\/i><i><span data-contrast=\"auto\">c<\/span><\/i><i><span data-contrast=\"auto\">ambi\u00f3<\/span><\/i><i><span data-contrast=\"auto\"> mi conocimiento del mundo de la literatura hispanoamericana y latinoamericana<\/span><\/i><i><span data-contrast=\"auto\">\u201d: Malva Flores<\/span><\/i><span data-ccp-props=\"{&quot;134233279&quot;:true,&quot;201341983&quot;:0,&quot;335559739&quot;:160,&quot;335559740&quot;:240}\">\u00a0<\/span><\/li>\n<\/ul>\n<p>&nbsp;<\/p>\n<div id=\"attachment_93977\" style=\"width: 732px\" class=\"wp-caption aligncenter\"><a href=\"https:\/\/www.uv.mx\/prensa\/files\/2021\/03\/040321-UV-Estrella-de-dos-puntas.jpg\"><img aria-describedby=\"caption-attachment-93977\" decoding=\"async\" loading=\"lazy\" class=\"size-full wp-image-93977\" src=\"https:\/\/www.uv.mx\/prensa\/files\/2021\/03\/040321-UV-Estrella-de-dos-puntas.jpg\" alt=\"\" width=\"722\" height=\"481\" srcset=\"https:\/\/www.uv.mx\/prensa\/files\/2021\/03\/040321-UV-Estrella-de-dos-puntas.jpg 722w, https:\/\/www.uv.mx\/prensa\/files\/2021\/03\/040321-UV-Estrella-de-dos-puntas-300x200.jpg 300w\" sizes=\"(max-width: 722px) 100vw, 722px\" \/><\/a><p id=\"caption-attachment-93977\" class=\"wp-caption-text\">Germ\u00e1n Mart\u00ednez, Malva Flores y Christopher Dom\u00ednguez, durante la presentaci\u00f3n del libro<\/p><\/div>\n<p>&nbsp;<\/p>\n<p><b><i><span data-contrast=\"auto\">Paola Cort\u00e9s P\u00e9rez<\/span><\/i><\/b><span data-ccp-props=\"{&quot;201341983&quot;:0,&quot;335559739&quot;:160,&quot;335559740&quot;:240}\">\u00a0<\/span><\/p>\n<p><b><i><span data-contrast=\"auto\">04<\/span><\/i><\/b><b><i><span data-contrast=\"auto\">\/03<\/span><\/i><\/b><b><i><span data-contrast=\"auto\">\/2021, Xalapa, Ver.-<\/span><\/i><\/b> <span data-contrast=\"auto\">El libro <\/span><i><span data-contrast=\"auto\">Estrella de dos puntas. <\/span><\/i><i><span data-contrast=\"auto\">Octavio Paz y Carlos Fuentes. Cr\u00f3nica de una amistad<\/span><\/i><span data-contrast=\"auto\">, de Malva Flores y publicado por <\/span><span data-contrast=\"auto\">Editorial Ariel, <\/span><span data-contrast=\"auto\">es la bio<\/span><span data-contrast=\"auto\">graf\u00eda de una relaci\u00f3n entre dos de las figuras m\u00e1s importantes de la literatura mexicana, expres\u00f3 <\/span><span data-contrast=\"auto\">Christopher Dom\u00ednguez Michael<\/span><span data-contrast=\"auto\">, c<\/span><span data-contrast=\"auto\">r\u00edtico literario<\/span><span data-contrast=\"auto\">, al presentar el <\/span><span data-contrast=\"auto\">t\u00edtulo<\/span> <span data-contrast=\"auto\">en <\/span><span data-contrast=\"auto\">la<\/span><span data-contrast=\"auto\"><a href=\"https:\/\/filu.uv.mx\/\" target=\"_blank\" rel=\"noopener\"> 1\u00aa Feria Internacional del Libro Virtual<\/a> (FILU Vir<\/span><span data-contrast=\"auto\">tual), organizada por la Universidad Veracruzana (UV).<\/span><span data-ccp-props=\"{&quot;201341983&quot;:0,&quot;335559739&quot;:160,&quot;335559740&quot;:240}\">\u00a0<\/span><\/p>\n<p><span data-contrast=\"auto\">La presentaci\u00f3n <\/span><span data-contrast=\"auto\">tuvo lugar el pasado viernes <\/span><span data-contrast=\"auto\">26 de febrero, <\/span><span data-contrast=\"auto\">a trav\u00e9s de <\/span><i><span data-contrast=\"auto\">Facebook Live<\/span><\/i><span data-contrast=\"auto\"> en <\/span><a href=\"https:\/\/www.facebook.com\/FILU.UniversidadVeracruzana\/\"><span data-contrast=\"none\">FILU Virtual<\/span><\/a><span data-contrast=\"auto\">, <\/span><span data-contrast=\"auto\">con la <\/span><span data-contrast=\"auto\">participaci\u00f3n<\/span><span data-contrast=\"auto\"> de Christopher Dom\u00ednguez y Malva Flores, la autora del libro.<\/span><span data-ccp-props=\"{&quot;201341983&quot;:0,&quot;335559731&quot;:708,&quot;335559739&quot;:160,&quot;335559740&quot;:240}\">\u00a0<\/span><\/p>\n<p><i><span data-contrast=\"auto\">Estrella de dos puntas<\/span><\/i><span data-contrast=\"auto\"> es un gran ensayo y biograf\u00eda que <\/span><span data-contrast=\"auto\">g<\/span><span data-contrast=\"auto\">an\u00f3 el Premio de Literatura Mazatl\u00e1n 2021, coment\u00f3 <\/span><span data-contrast=\"auto\">Germ\u00e1n <\/span><span data-contrast=\"auto\">Mart\u00ednez Aceves, coordinador de la FILU Virtual<\/span><span data-contrast=\"auto\"> previo al evento.<\/span><span data-ccp-props=\"{&quot;201341983&quot;:0,&quot;335559731&quot;:708,&quot;335559739&quot;:160,&quot;335559740&quot;:240}\">\u00a0<\/span><\/p>\n<p><span data-contrast=\"auto\">Christopher Dom\u00ednguez<\/span><span data-contrast=\"auto\"> dijo que es un retrato <\/span><span data-contrast=\"auto\">de la literatura mexicana<\/span><span data-contrast=\"auto\"> que se acab\u00f3 con <\/span><span data-contrast=\"auto\">la muerte de Octavio Paz<\/span><span data-contrast=\"auto\">.<\/span><span data-contrast=\"auto\"> Se trata de una biograf\u00eda completamente profesional, que calificar\u00eda con la m\u00e1s alta puntuaci\u00f3n acad\u00e9mica, <\/span><span data-contrast=\"auto\">al estar totalmente sustentada.<\/span><span data-ccp-props=\"{&quot;201341983&quot;:0,&quot;335559731&quot;:708,&quot;335559739&quot;:160,&quot;335559740&quot;:240}\">\u00a0<\/span><\/p>\n<p><span data-contrast=\"auto\">\u201cE<\/span><span data-contrast=\"auto\">s<\/span><span data-contrast=\"auto\"> un libro <\/span><span data-contrast=\"auto\">esencial <\/span><span data-contrast=\"auto\">para conocer a los dos protagonistas de la segunda mitad del siglo XX mexicano en la literatura<\/span><span data-contrast=\"auto\">; conocer c\u00f3mo era la vida literaria en M\u00e9xico, <\/span><span data-contrast=\"auto\">adem\u00e1s de ser un libro mexicano sobre la amistad.\u201d<\/span><span data-ccp-props=\"{&quot;201341983&quot;:0,&quot;335559731&quot;:708,&quot;335559739&quot;:160,&quot;335559740&quot;:240}\">\u00a0<\/span><\/p>\n<p><span data-contrast=\"auto\">Esta obra, coment\u00f3, coloca a Malva Flores como una de las investigadoras literarias m\u00e1s notable<\/span><span data-contrast=\"auto\">s<\/span><span data-contrast=\"auto\"> del \u00e1mbito<\/span><span data-contrast=\"auto\">. <\/span><span data-contrast=\"auto\">Se trata de una biograf\u00eda comparada, <\/span><span data-contrast=\"auto\">una biograf\u00eda dual, una biograf\u00eda de la amistad de Carlos Fuentes y Octavio Paz<\/span><span data-contrast=\"auto\">.<\/span><span data-ccp-props=\"{&quot;201341983&quot;:0,&quot;335559731&quot;:708,&quot;335559739&quot;:160,&quot;335559740&quot;:240}\">\u00a0<\/span><\/p>\n<p><span data-contrast=\"auto\">Malva Flores cont\u00f3 que <\/span><span data-contrast=\"auto\">probablemente la mayor dificultad que se le present\u00f3 al realizar dicho libro fue calmar sus emociones, para bien y para m<\/span><span data-contrast=\"auto\">al, por toda la informaci\u00f3n que encontr\u00f3 a lo largo de su investigaci\u00f3n.<\/span><span data-ccp-props=\"{&quot;201341983&quot;:0,&quot;335559731&quot;:708,&quot;335559739&quot;:160,&quot;335559740&quot;:240}\">\u00a0<\/span><\/p>\n<p><span data-contrast=\"auto\">\u201cNo cambi\u00f3<\/span><span data-contrast=\"auto\"> mi pensamiento y visi\u00f3n sobre estos personajes, <\/span><span data-contrast=\"auto\">cambiaron los matices sobre lo<\/span> <span data-contrast=\"auto\">que conceb\u00eda o las situaciones<\/span><span data-contrast=\"auto\"> que imaginaba<\/span><span data-contrast=\"auto\">,<\/span> <span data-contrast=\"auto\">cambi\u00f3<\/span><span data-contrast=\"auto\"> mi conocimiento del mundo de la literatura hispanoamericana y latinoamericana.<\/span><span data-ccp-props=\"{&quot;201341983&quot;:0,&quot;335559731&quot;:708,&quot;335559739&quot;:160,&quot;335559740&quot;:240}\">\u00a0<\/span><\/p>\n<p><span data-contrast=\"auto\">\u201d<\/span><span data-contrast=\"auto\">Mi simpat\u00eda siempre est<\/span><span data-contrast=\"auto\">uvo con (Octavio) Paz, no cambi\u00f3 mi idea, s\u00f3lo ratifiqu\u00e9<\/span><span data-contrast=\"auto\"> algunas cosas que imaginaba<\/span><span data-contrast=\"auto\">; no es que no tuviera simpat\u00edas por (C<\/span><span data-contrast=\"auto\">arlos) Fuentes, mi familia fue <\/span><span data-contrast=\"auto\">f<\/span><span data-contrast=\"auto\">uentesiana<\/span><span data-contrast=\"auto\">.\u201d<\/span><span data-ccp-props=\"{&quot;201341983&quot;:0,&quot;335559731&quot;:708,&quot;335559739&quot;:160,&quot;335559740&quot;:240}\">\u00a0<\/span><\/p>\n<p><span data-contrast=\"auto\">Las actividades de la 1\u00aa FILU Virtual continuar\u00e1n y puede consultarlas en <\/span><a href=\"https:\/\/filu.uv.mx\/\"><span data-contrast=\"none\">https:\/\/fil<\/span><span data-contrast=\"none\">u<\/span><span data-contrast=\"none\">.uv.mx\/<\/span><\/a><span data-contrast=\"auto\"> y en <\/span><i><span data-contrast=\"auto\">Facebook<\/span><\/i><span data-contrast=\"auto\"> en <\/span><a href=\"https:\/\/www.facebook.com\/FILU.UniversidadVeracruzana\"><span data-contrast=\"none\">https:\/\/www.face<\/span><span data-contrast=\"none\">b<\/span><span data-contrast=\"none\">ook.com\/FILU.UniversidadVeracruzana<\/span><\/a><span data-contrast=\"auto\">.<\/span><span data-ccp-props=\"{&quot;201341983&quot;:0,&quot;335559731&quot;:708,&quot;335559739&quot;:160,&quot;335559740&quot;:240}\">\u00a0<\/span><\/p>\n","protected":false},"excerpt":{"rendered":"<p>El libro, autor\u00eda de Malva Flores y reconocido con el Premio de Literatura Mazatl\u00e1n 2021, fue presentado en la FILU Virtual 2021<\/p>\n","protected":false},"author":1508,"featured_media":93976,"comment_status":"closed","ping_status":"closed","sticky":false,"template":"","format":"standard","meta":[],"categories":[11,5128,61],"tags":[],"_links":{"self":[{"href":"https:\/\/www.uv.mx\/prensa\/wp-json\/wp\/v2\/posts\/93975"}],"collection":[{"href":"https:\/\/www.uv.mx\/prensa\/wp-json\/wp\/v2\/posts"}],"about":[{"href":"https:\/\/www.uv.mx\/prensa\/wp-json\/wp\/v2\/types\/post"}],"author":[{"embeddable":true,"href":"https:\/\/www.uv.mx\/prensa\/wp-json\/wp\/v2\/users\/1508"}],"replies":[{"embeddable":true,"href":"https:\/\/www.uv.mx\/prensa\/wp-json\/wp\/v2\/comments?post=93975"}],"version-history":[{"count":1,"href":"https:\/\/www.uv.mx\/prensa\/wp-json\/wp\/v2\/posts\/93975\/revisions"}],"predecessor-version":[{"id":94091,"href":"https:\/\/www.uv.mx\/prensa\/wp-json\/wp\/v2\/posts\/93975\/revisions\/94091"}],"wp:featuredmedia":[{"embeddable":true,"href":"https:\/\/www.uv.mx\/prensa\/wp-json\/wp\/v2\/media\/93976"}],"wp:attachment":[{"href":"https:\/\/www.uv.mx\/prensa\/wp-json\/wp\/v2\/media?parent=93975"}],"wp:term":[{"taxonomy":"category","embeddable":true,"href":"https:\/\/www.uv.mx\/prensa\/wp-json\/wp\/v2\/categories?post=93975"},{"taxonomy":"post_tag","embeddable":true,"href":"https:\/\/www.uv.mx\/prensa\/wp-json\/wp\/v2\/tags?post=93975"}],"curies":[{"name":"wp","href":"https:\/\/api.w.org\/{rel}","templated":true}]}}