{"id":93998,"date":"2021-03-04T09:55:27","date_gmt":"2021-03-04T15:55:27","guid":{"rendered":"https:\/\/www.uv.mx\/prensa\/?p=93998"},"modified":"2021-03-04T09:55:27","modified_gmt":"2021-03-04T15:55:27","slug":"cess-uv-realizo-2do-foro-multidisciplinario-en-salud","status":"publish","type":"post","link":"https:\/\/www.uv.mx\/prensa\/regiones\/cess-uv-realizo-2do-foro-multidisciplinario-en-salud\/","title":{"rendered":"CESS-UV realiz\u00f3 2do Foro Multidisciplinario en Salud"},"content":{"rendered":"<div id=\"attachment_93999\" style=\"width: 732px\" class=\"wp-caption aligncenter\"><a href=\"https:\/\/www.uv.mx\/prensa\/files\/2021\/03\/040321-Foro-CESS-1-100k.jpg\"><img aria-describedby=\"caption-attachment-93999\" decoding=\"async\" loading=\"lazy\" class=\"size-full wp-image-93999\" src=\"https:\/\/www.uv.mx\/prensa\/files\/2021\/03\/040321-Foro-CESS-1-100k.jpg\" alt=\"En la segunda edici\u00f3n del Foro Multidisciplinario en Salud \u201cCovid-19. Una mirada desde la transdisciplina\u201d, participaci\u00f3n de panelistas egresados del CESS \" width=\"722\" height=\"390\" srcset=\"https:\/\/www.uv.mx\/prensa\/files\/2021\/03\/040321-Foro-CESS-1-100k.jpg 722w, https:\/\/www.uv.mx\/prensa\/files\/2021\/03\/040321-Foro-CESS-1-100k-300x162.jpg 300w\" sizes=\"(max-width: 722px) 100vw, 722px\" \/><\/a><p id=\"caption-attachment-93999\" class=\"wp-caption-text\">En la segunda edici\u00f3n del Foro Multidisciplinario en Salud \u201cCovid-19. Una mirada desde la transdisciplina\u201d, participaci\u00f3n de panelistas egresados del CESS<\/p><\/div>\n<p>&nbsp;<\/p>\n<p><b><i><span data-contrast=\"none\">Shuguey<\/span><\/i><\/b><b><i><span data-contrast=\"none\">\u00a0Enr<\/span><\/i><\/b><b><i><span data-contrast=\"none\">\u00ed<\/span><\/i><\/b><b><i><span data-contrast=\"none\">quez y<\/span><\/i><\/b><b><i><span data-contrast=\"none\">\u00a0Blanca Gonz<\/span><\/i><\/b><b><i><span data-contrast=\"none\">\u00e1<\/span><\/i><\/b><b><i><span data-contrast=\"none\">lez<\/span><\/i><\/b><span data-ccp-props=\"{&quot;201341983&quot;:0,&quot;335559739&quot;:160,&quot;335559740&quot;:240}\">\u00a0<\/span><\/p>\n<p><b><i><span data-contrast=\"none\">0<\/span><\/i><\/b><b><i><span data-contrast=\"none\">4<\/span><\/i><\/b><b><i><span data-contrast=\"none\">\/0<\/span><\/i><\/b><b><i><span data-contrast=\"none\">3<\/span><\/i><\/b><b><i><span data-contrast=\"none\">\/2020,\u00a0<\/span><\/i><\/b><b><i><span data-contrast=\"none\">Veracruz,\u00a0Ver.-<\/span><\/i><\/b><b><i><span data-contrast=\"none\">\u00a0<\/span><\/i><\/b><span data-contrast=\"none\">El Centro de Estudios y Servicios en Salud (CESS) de la Universidad Veracruzana (UV)<\/span><span data-contrast=\"none\">,\u00a0<\/span><span data-contrast=\"none\">a trav<\/span><span data-contrast=\"none\">\u00e9<\/span><span data-contrast=\"none\">s de los cuerpos acad<\/span><span data-contrast=\"none\">\u00e9<\/span><span data-contrast=\"none\">micos (CA) Salud Integral Comunitaria y Ecolog<\/span><span data-contrast=\"none\">\u00ed<\/span><span data-contrast=\"none\">a, y Psicolog<\/span><span data-contrast=\"none\">\u00ed<\/span><span data-contrast=\"none\">a y Salud<\/span><span data-contrast=\"none\">,<\/span><span data-contrast=\"none\">\u00a0<\/span><span data-contrast=\"none\">celebr<\/span><span data-contrast=\"none\">\u00f3\u00a0<\/span><span data-contrast=\"none\">la segunda edici<\/span><span data-contrast=\"none\">\u00f3<\/span><span data-contrast=\"none\">n<\/span><span data-contrast=\"none\">\u00a0<\/span><span data-contrast=\"none\">del Foro Multidisciplinario en Salud\u00a0<\/span><span data-contrast=\"none\">\u201c<\/span><span data-contrast=\"none\">Covid<\/span><span data-contrast=\"none\">&#8211;<\/span><span data-contrast=\"none\">19.<\/span><span data-contrast=\"none\">\u00a0<\/span><span data-contrast=\"none\">Una mirada desde la<\/span><span data-contrast=\"none\">\u00a0<\/span><span data-contrast=\"none\">transdisciplina<\/span><span data-contrast=\"none\">\u201d<\/span><span data-contrast=\"none\">,\u00a0<\/span><span data-contrast=\"none\">el<\/span><span data-contrast=\"none\">\u00a0viernes 26 de febrero.<\/span><span data-ccp-props=\"{&quot;201341983&quot;:0,&quot;335559739&quot;:160,&quot;335559740&quot;:240}\">\u00a0<\/span><\/p>\n<p><span data-contrast=\"none\">A<\/span><span data-contrast=\"none\">l acto inaugural\u00a0<\/span><span data-contrast=\"none\">asist<\/span><span data-contrast=\"none\">ieron<\/span><span data-contrast=\"none\">\u00a0e<\/span><span data-contrast=\"none\">l<\/span><span data-contrast=\"none\">\u00a0<\/span><span data-contrast=\"none\">vicerrector\u00a0<\/span><span data-contrast=\"none\">Alfonso Gerardo P<\/span><span data-contrast=\"none\">\u00e9<\/span><span data-contrast=\"none\">rez Morales<\/span><span data-contrast=\"none\">; Ulises Gonzalo Aguirre Orozco<\/span><span data-contrast=\"none\">\u00a0<\/span><span data-contrast=\"none\">y\u00a0<\/span><span data-contrast=\"none\">Juan Pablo Mungu<\/span><span data-contrast=\"none\">\u00ed<\/span><span data-contrast=\"none\">a Tiburcio<\/span><span data-contrast=\"none\">,\u00a0<\/span><span data-contrast=\"none\">s<\/span><span data-contrast=\"none\">ecretario<\/span><span data-contrast=\"none\">s<\/span><span data-contrast=\"none\">\u00a0<\/span><span data-contrast=\"none\">r<\/span><span data-contrast=\"none\">egional<\/span><span data-contrast=\"none\">es<\/span><span data-contrast=\"none\">\u00a0<\/span><span data-contrast=\"none\">Acad<\/span><span data-contrast=\"none\">\u00e9<\/span><span data-contrast=\"none\">mico<\/span><span data-contrast=\"none\">,\u00a0<\/span><span data-contrast=\"none\">y\u00a0<\/span><span data-contrast=\"none\">de Administraci<\/span><span data-contrast=\"none\">\u00f3<\/span><span data-contrast=\"none\">n y Finanzas<\/span><span data-contrast=\"none\">, respectivamente<\/span><span data-contrast=\"none\">;\u00a0<\/span><span data-contrast=\"none\">Enrique Morales Gonz<\/span><span data-contrast=\"none\">\u00e1<\/span><span data-contrast=\"none\">lez<\/span><span data-contrast=\"none\">,<\/span><span data-contrast=\"none\">\u00a0<\/span><span data-contrast=\"none\">c<\/span><span data-contrast=\"none\">oordinador regional de\u00a0<\/span><span data-contrast=\"none\">Posgrado; Rogelio Lozano Enr<\/span><span data-contrast=\"none\">\u00ed<\/span><span data-contrast=\"none\">quez,<\/span><span data-contrast=\"none\">\u00a0<\/span><span data-contrast=\"none\">jefe del\u00a0<\/span><span data-contrast=\"none\">D<\/span><span data-contrast=\"none\">epartamento de\u00a0<\/span><span data-contrast=\"none\">Relaciones Laborales;<\/span><span data-contrast=\"none\">\u00a0Antonia Barranca Enr<\/span><span data-contrast=\"none\">\u00ed<\/span><span data-contrast=\"none\">quez,<\/span><span data-contrast=\"none\">\u00a0<\/span><span data-contrast=\"none\">coordinadora general del CESS y de Desarrollo Institucional de la Vicerrector<\/span><span data-contrast=\"none\">\u00ed<\/span><span data-contrast=\"none\">a<\/span><span data-contrast=\"none\">.<\/span><span data-ccp-props=\"{&quot;201341983&quot;:0,&quot;335559731&quot;:708,&quot;335559739&quot;:160,&quot;335559740&quot;:240}\">\u00a0<\/span><\/p>\n<p><span data-contrast=\"none\">Antonia Barranca\u00a0<\/span><span data-contrast=\"none\">dio<\/span><span data-contrast=\"none\">\u00a0la bienvenida a<\/span><span data-contrast=\"none\">\u00a0<\/span><span data-contrast=\"none\">funcionarios universitarios, acad<\/span><span data-contrast=\"none\">\u00e9<\/span><span data-contrast=\"none\">micos y estudiantes y dijo:\u00a0<\/span><span data-contrast=\"none\">\u201c<\/span><span data-contrast=\"none\">Los<\/span><span data-contrast=\"none\">\u00a0ponentes son destacados profesionistas en sus disciplinas y fueron prestadores del servicio social en las distintas\u00a0<\/span><span data-contrast=\"none\">\u00e1<\/span><span data-contrast=\"none\">reas de atenci<\/span><span data-contrast=\"none\">\u00f3<\/span><span data-contrast=\"none\">n que conforman el CESS, lo cual\u00a0<\/span><span data-contrast=\"none\">lo\u00a0<\/span><span data-contrast=\"none\">hace muy especial<\/span><span data-contrast=\"none\">\u201d<\/span><span data-contrast=\"none\">.<\/span><span data-ccp-props=\"{&quot;201341983&quot;:0,&quot;335559731&quot;:708,&quot;335559739&quot;:160,&quot;335559740&quot;:240}\">\u00a0<\/span><\/p>\n<p><span data-contrast=\"none\">Record<\/span><span data-contrast=\"none\">\u00f3\u00a0<\/span><span data-contrast=\"none\">que el foro naci<\/span><span data-contrast=\"none\">\u00f3\u00a0<\/span><span data-contrast=\"none\">en el\u00a0<\/span><span data-contrast=\"none\">\u00c1<\/span><span data-contrast=\"none\">rea de Odontolog<\/span><span data-contrast=\"none\">\u00ed<\/span><span data-contrast=\"none\">a del CESS como un reconocimiento de vinculaci<\/span><span data-contrast=\"none\">\u00f3<\/span><span data-contrast=\"none\">n\u00a0<\/span><span data-contrast=\"none\">a los egresados<\/span><span data-contrast=\"none\">\u00a0y\u00a0<\/span><span data-contrast=\"none\">con el fin de motivar a los estudiantes pr<\/span><span data-contrast=\"none\">\u00f3<\/span><span data-contrast=\"none\">ximos a insertarse en el medio laboral, haci<\/span><span data-contrast=\"none\">\u00e9<\/span><span data-contrast=\"none\">ndolos\u00a0<\/span><span data-contrast=\"none\">part<\/span><span data-contrast=\"none\">\u00ed<\/span><span data-contrast=\"none\">cipe<\/span><span data-contrast=\"none\">s de las diver<\/span><span data-contrast=\"none\">sas\u00a0<\/span><span data-contrast=\"none\">\u00e1<\/span><span data-contrast=\"none\">reas en las que pueden desempe<\/span><span data-contrast=\"none\">\u00f1<\/span><span data-contrast=\"none\">arse<\/span><span data-contrast=\"none\">;<\/span><span data-contrast=\"none\">\u00a0<\/span><span data-contrast=\"none\">\u201c<\/span><span data-contrast=\"none\">no obstante<\/span><span data-contrast=\"none\">,<\/span><span data-contrast=\"none\">\u00a0la necesidad de promover\u00a0<\/span><span data-contrast=\"none\">e<\/span><span data-contrast=\"none\">l trabajo multidisciplinario, en particular en salud, hizo que el foro se ampliara al reconocimiento de otras disciplinas pero siguiendo la idea inicial de la vinculaci<\/span><span data-contrast=\"none\">\u00f3<\/span><span data-contrast=\"none\">n con\u00a0<\/span><span data-contrast=\"none\">los egresados del CESS<\/span><span data-contrast=\"none\">\u201d<\/span><span data-contrast=\"none\">.<\/span><\/p>\n<div id=\"attachment_94000\" style=\"width: 747px\" class=\"wp-caption aligncenter\"><a href=\"https:\/\/www.uv.mx\/prensa\/files\/2021\/03\/040321-Foro-CESS-2-100k.jpg\"><img aria-describedby=\"caption-attachment-94000\" decoding=\"async\" loading=\"lazy\" class=\"size-full wp-image-94000\" src=\"https:\/\/www.uv.mx\/prensa\/files\/2021\/03\/040321-Foro-CESS-2-100k.jpg\" alt=\"Marisol Manr\u00edquez Reyes se\u00f1al\u00f3 que prestar su servicio social en el CESS le ayud\u00f3 a afianzar el rumbo que quer\u00eda \" width=\"737\" height=\"480\" srcset=\"https:\/\/www.uv.mx\/prensa\/files\/2021\/03\/040321-Foro-CESS-2-100k.jpg 737w, https:\/\/www.uv.mx\/prensa\/files\/2021\/03\/040321-Foro-CESS-2-100k-300x195.jpg 300w\" sizes=\"(max-width: 737px) 100vw, 737px\" \/><\/a><p id=\"caption-attachment-94000\" class=\"wp-caption-text\">Marisol Manr\u00edquez Reyes se\u00f1al\u00f3 que prestar su servicio social en el CESS le ayud\u00f3 a afianzar el rumbo que quer\u00eda<\/p><\/div>\n<p><span data-contrast=\"none\">Agradeci<\/span><span data-contrast=\"none\">\u00f3\u00a0<\/span><span data-contrast=\"none\">la\u00a0<\/span><span data-contrast=\"none\">participaci<\/span><span data-contrast=\"none\">\u00f3<\/span><span data-contrast=\"none\">n de los ponentes<\/span><span data-contrast=\"none\">,<\/span><span data-contrast=\"none\">\u00a0<\/span><span data-contrast=\"none\">quienes<\/span><span data-contrast=\"none\">\u00a0<\/span><span data-contrast=\"none\">compartieron su experiencia,\u00a0<\/span><span data-contrast=\"none\">y\u00a0<\/span><span data-contrast=\"none\">a todo el equipo que\u00a0<\/span><span data-contrast=\"none\">conforma el CESS.<\/span><span data-contrast=\"none\">\u00a0<\/span><span data-contrast=\"none\">\u201c<\/span><span data-contrast=\"none\">No\u00a0<\/span><span data-contrast=\"none\">es f<\/span><span data-contrast=\"none\">\u00e1<\/span><span data-contrast=\"none\">cil reunir voluntades<\/span><span data-contrast=\"none\">\u00a0y el trabajo de todos, pero ustedes son una muestra de que es posible<\/span><span data-contrast=\"none\">,<\/span><span data-contrast=\"none\">\u00a0deseo que\u00a0<\/span><span data-contrast=\"none\">disfruten de este\u00a0<\/span><span data-contrast=\"none\">evento y se nutran de esta visi<\/span><span data-contrast=\"none\">\u00f3<\/span><span data-contrast=\"none\">n\u00a0<\/span><span data-contrast=\"none\">multitransdiciplinaria<\/span><span data-contrast=\"none\">\u00a0que tanto requiere nuestro mundo<\/span><span data-contrast=\"none\">\u201d<\/span><span data-contrast=\"none\">.<\/span><span data-ccp-props=\"{&quot;201341983&quot;:0,&quot;335559731&quot;:708,&quot;335559739&quot;:160,&quot;335559740&quot;:240}\">\u00a0<\/span><\/p>\n<p><span data-contrast=\"none\">En tanto,\u00a0<\/span><span data-contrast=\"none\">P<\/span><span data-contrast=\"none\">\u00e9<\/span><span data-contrast=\"none\">rez Morales destac<\/span><span data-contrast=\"none\">\u00f3\u00a0<\/span><span data-contrast=\"none\">l<\/span><span data-contrast=\"none\">a fortaleza y calidad del personal\u00a0<\/span><span data-contrast=\"none\">d<\/span><span data-contrast=\"none\">el CESS,\u00a0<\/span><span data-contrast=\"none\">\u201c<\/span><span data-contrast=\"none\">el\u00a0<\/span><span data-contrast=\"none\">que se ha<\/span><span data-contrast=\"none\">ya<\/span><span data-contrast=\"none\">\u00a0seleccionado a diferentes\u00a0<\/span><span data-contrast=\"none\">pasantes de las diferentes\u00a0<\/span><span data-contrast=\"none\">\u00e1<\/span><span data-contrast=\"none\">reas\u00a0<\/span><span data-contrast=\"none\">y<\/span><span data-contrast=\"none\">\u00a0de\u00a0<\/span><span data-contrast=\"none\">otras facultades para hacer su s<\/span><span data-contrast=\"none\">ervicio en\u00a0<\/span><span data-contrast=\"none\">este centro<\/span><span data-contrast=\"none\">,<\/span><span data-contrast=\"none\">\u00a0es porque saben y reconocen que\u00a0<\/span><span data-contrast=\"none\">es una instituci<\/span><span data-contrast=\"none\">\u00f3<\/span><span data-contrast=\"none\">n\u00a0<\/span><span data-contrast=\"none\">con prestigio\u00a0<\/span><span data-contrast=\"none\">en la<\/span><span data-contrast=\"none\">\u00a0regi<\/span><span data-contrast=\"none\">\u00f3<\/span><span data-contrast=\"none\">n y fuera de ella<\/span><span data-contrast=\"none\">\u201d<\/span><span data-contrast=\"none\">.<\/span><span data-ccp-props=\"{&quot;201341983&quot;:0,&quot;335559731&quot;:708,&quot;335559739&quot;:160,&quot;335559740&quot;:240}\">\u00a0<\/span><\/p>\n<p><span data-contrast=\"none\">Adem\u00e1s<\/span><span data-contrast=\"none\">, felicit<\/span><span data-contrast=\"none\">\u00f3\u00a0<\/span><span data-contrast=\"none\">a los organizadores y conferencista del<\/span><span data-contrast=\"none\">\u00a0evento<\/span><span data-contrast=\"none\">,\u00a0<\/span><span data-contrast=\"none\">exaltando el valor institucional del CESS,\u00a0<\/span><span data-contrast=\"none\">\u201c<\/span><span data-contrast=\"none\">e<\/span><span data-contrast=\"none\">s un centro que marca la pauta de otros centros de la U<\/span><span data-contrast=\"none\">V\u00a0<\/span><span data-contrast=\"none\">y eso nos da un orgullo regional<\/span><span data-contrast=\"none\">\u201d<\/span><span data-contrast=\"none\">.<\/span><\/p>\n<p><b><span data-contrast=\"none\">E<\/span><\/b><b><span data-contrast=\"none\">xperiencias de e<\/span><\/b><b><span data-contrast=\"none\">gresados UV\u00a0<\/span><\/b><b><span data-contrast=\"none\">como prestadores <\/span><\/b><b><span data-contrast=\"none\">de servicio social en el CESS<br \/>\n<\/span><\/b><span data-contrast=\"none\">Marisol Manr<\/span><span data-contrast=\"none\">\u00ed<\/span><span data-contrast=\"none\">quez<\/span><span data-contrast=\"none\">\u00a0<\/span><span data-contrast=\"none\">Reyes,\u00a0<\/span><span data-contrast=\"none\">infect<\/span><span data-contrast=\"none\">\u00f3<\/span><span data-contrast=\"none\">loga<\/span><span data-contrast=\"none\">\u00a0y parte del Comit<\/span><span data-contrast=\"none\">\u00e9 Covid<\/span><span data-contrast=\"none\">-19 del Hospital<\/span><span data-contrast=\"none\">\u00a0<\/span><span data-contrast=\"none\">General de Veracruz<\/span><span data-contrast=\"none\">\u00a0<\/span><span data-contrast=\"none\">(HGV), coment<\/span><span data-contrast=\"none\">\u00f3\u00a0<\/span><span data-contrast=\"none\">que\u00a0<\/span><span data-contrast=\"none\">realizar su servicio social en el CESS fue\u00a0<\/span><span data-contrast=\"none\">muy enriquecedor<\/span><span data-contrast=\"none\">,<\/span><span data-contrast=\"none\">\u00a0tanto<\/span><span data-contrast=\"none\">\u00a0personal como profesionalmente, \u201cf<\/span><span data-contrast=\"none\">ue un a<\/span><span data-contrast=\"none\">\u00f1<\/span><span data-contrast=\"none\">o continuo de aprendizaje<\/span><span data-contrast=\"none\">\u201d<\/span><span data-contrast=\"none\">.<\/span><\/p>\n<div id=\"attachment_94001\" style=\"width: 647px\" class=\"wp-caption aligncenter\"><a href=\"https:\/\/www.uv.mx\/prensa\/files\/2021\/03\/040321-Foro-CESS-3-100k.jpg\"><img aria-describedby=\"caption-attachment-94001\" decoding=\"async\" loading=\"lazy\" class=\"size-full wp-image-94001\" src=\"https:\/\/www.uv.mx\/prensa\/files\/2021\/03\/040321-Foro-CESS-3-100k.jpg\" alt=\"Alejandro Quint\u00edn Barrat Hern\u00e1ndez comparti\u00f3 que el CESS le permiti\u00f3 forjar su car\u00e1cter y decidir el ejercicio de su profesi\u00f3n \" width=\"637\" height=\"480\" srcset=\"https:\/\/www.uv.mx\/prensa\/files\/2021\/03\/040321-Foro-CESS-3-100k.jpg 637w, https:\/\/www.uv.mx\/prensa\/files\/2021\/03\/040321-Foro-CESS-3-100k-300x226.jpg 300w\" sizes=\"(max-width: 637px) 100vw, 637px\" \/><\/a><p id=\"caption-attachment-94001\" class=\"wp-caption-text\">Alejandro Quint\u00edn Barrat Hern\u00e1ndez comparti\u00f3 que el CESS le permiti\u00f3 forjar su car\u00e1cter y decidir el ejercicio de su profesi\u00f3n<\/p><\/div>\n<p><span data-contrast=\"none\">Mencion<\/span><span data-contrast=\"none\">\u00f3\u00a0<\/span><span data-contrast=\"none\">que\u00a0<\/span><span data-contrast=\"none\">las pr<\/span><span data-contrast=\"none\">\u00e1<\/span><span data-contrast=\"none\">cticas diarias\u00a0<\/span><span data-contrast=\"none\">son\u00a0<\/span><span data-contrast=\"none\">una continuaci<\/span><span data-contrast=\"none\">\u00f3<\/span><span data-contrast=\"none\">n de la academia, al tener un contacto directo con el paciente y trato constante\u00a0<\/span><span data-contrast=\"none\">con<\/span><span data-contrast=\"none\">\u00a0los<\/span><span data-contrast=\"none\">\u00a0m<\/span><span data-contrast=\"none\">\u00e9<\/span><span data-contrast=\"none\">dicos especialistas<\/span><span data-contrast=\"none\">\u00a0que ah<\/span><span data-contrast=\"none\">\u00ed\u00a0<\/span><span data-contrast=\"none\">laboran.<\/span><span data-contrast=\"none\">\u00a0<\/span><span data-contrast=\"none\">\u201c<\/span><span data-contrast=\"none\">Me ayud<\/span><span data-contrast=\"none\">\u00f3\u00a0<\/span><span data-contrast=\"none\">para\u00a0<\/span><span data-contrast=\"none\">afianzar el rumbo que\u00a0<\/span><span data-contrast=\"none\">quer<\/span><span data-contrast=\"none\">\u00ed<\/span><span data-contrast=\"none\">a\u00a0<\/span><span data-contrast=\"none\">y seguir mi formaci<\/span><span data-contrast=\"none\">\u00f3<\/span><span data-contrast=\"none\">n acad<\/span><span data-contrast=\"none\">\u00e9<\/span><span data-contrast=\"none\">mica<\/span><span data-contrast=\"none\">\u201d<\/span><span data-contrast=\"none\">.<\/span><span data-ccp-props=\"{&quot;201341983&quot;:0,&quot;335559731&quot;:708,&quot;335559739&quot;:160,&quot;335559740&quot;:240}\">\u00a0<\/span><\/p>\n<p><span data-contrast=\"none\">Se<\/span><span data-contrast=\"none\">\u00f1<\/span><span data-contrast=\"none\">al<\/span><span data-contrast=\"none\">\u00f3\u00a0<\/span><span data-contrast=\"none\">que el servicio social<\/span><span data-contrast=\"none\">\u00a0<\/span><span data-contrast=\"none\">permite<\/span><span data-contrast=\"none\">\u00a0<\/span><span data-contrast=\"none\">reforzar<\/span><span data-contrast=\"none\">\u00a0<\/span><span data-contrast=\"none\">los conocimientos aprendidos\u00a0<\/span><span data-contrast=\"none\">en<\/span><span data-contrast=\"none\">\u00a0la<\/span><span data-contrast=\"none\">s<\/span><span data-contrast=\"none\">\u00a0<\/span><span data-contrast=\"none\">aulas<\/span><span data-contrast=\"none\">,\u00a0<\/span><span data-contrast=\"none\">\u201c<\/span><span data-contrast=\"none\">tuve esa oportunidad gracias al contacto con maestros que\u00a0<\/span><span data-contrast=\"none\">contribuyeron\u00a0<\/span><span data-contrast=\"none\">a mi preparaci<\/span><span data-contrast=\"none\">\u00f3<\/span><span data-contrast=\"none\">n<\/span><span data-contrast=\"none\">,<\/span><span data-contrast=\"none\">\u00a0<\/span><span data-contrast=\"none\">tanto para el examen de residencias m<\/span><span data-contrast=\"none\">\u00e9<\/span><span data-contrast=\"none\">dicas\u00a0<\/span><span data-contrast=\"none\">como<\/span><span data-contrast=\"none\">\u00a0<\/span><span data-contrast=\"none\">para el ingreso al I<\/span><span data-contrast=\"none\">nstituto\u00a0<\/span><span data-contrast=\"none\">Nacional de la N<\/span><span data-contrast=\"none\">utrici<\/span><span data-contrast=\"none\">\u00f3<\/span><span data-contrast=\"none\">n<\/span><span data-contrast=\"none\">\u201d<\/span><span data-contrast=\"none\">.<\/span><span data-ccp-props=\"{&quot;201341983&quot;:0,&quot;335559731&quot;:708,&quot;335559739&quot;:160,&quot;335559740&quot;:240}\">\u00a0<\/span><\/p>\n<p><span data-contrast=\"none\">Resalt<\/span><span data-contrast=\"none\">\u00f3\u00a0<\/span><span data-contrast=\"none\">la labor e importancia del CESS dentro de la\u00a0<\/span><span data-contrast=\"none\">UV<\/span><span data-contrast=\"none\">\u00a0y en la regi<\/span><span data-contrast=\"none\">\u00f3<\/span><span data-contrast=\"none\">n Veracruz,\u00a0<\/span><span data-contrast=\"none\">\u201c<\/span><span data-contrast=\"none\">e<\/span><span data-contrast=\"none\">se a<\/span><span data-contrast=\"none\">\u00f1<\/span><span data-contrast=\"none\">o me sirvi<\/span><span data-contrast=\"none\">\u00f3\u00a0<\/span><span data-contrast=\"none\">para dise<\/span><span data-contrast=\"none\">\u00f1<\/span><span data-contrast=\"none\">ar el perfil del m<\/span><span data-contrast=\"none\">\u00e9<\/span><span data-contrast=\"none\">dico que quer<\/span><span data-contrast=\"none\">\u00ed<\/span><span data-contrast=\"none\">a ser<\/span><span data-contrast=\"none\">\u201d<\/span><span data-contrast=\"none\">.<\/span><span data-contrast=\"none\">\u00a0Tambi\u00e9n a<\/span><span data-contrast=\"none\">consej<\/span><span data-contrast=\"none\">\u00f3\u00a0<\/span><span data-contrast=\"none\">a los pasantes que actualmente realizan<\/span><span data-contrast=\"none\">\u00a0sus<\/span><span data-contrast=\"none\">\u00a0pr<\/span><span data-contrast=\"none\">\u00e1<\/span><span data-contrast=\"none\">cticas<\/span><span data-contrast=\"none\">\u00a0y servicio social: \u201c<\/span><span data-contrast=\"none\">D<\/span><span data-contrast=\"none\">eben de aprovechar<\/span><span data-contrast=\"none\">lo<\/span><span data-contrast=\"none\">\u00a0en todos los sentidos<\/span><span data-contrast=\"none\">\u00a0para enriquece<\/span><span data-contrast=\"none\">r<\/span><span data-contrast=\"none\">\u00a0su formaci\u00f3n\u201d.<\/span><span data-ccp-props=\"{&quot;201341983&quot;:0,&quot;335559731&quot;:708,&quot;335559739&quot;:160,&quot;335559740&quot;:240}\">\u00a0<\/span><\/p>\n<p><span data-contrast=\"none\">Por su parte\u00a0<\/span><span data-contrast=\"none\">Alej<\/span><span data-contrast=\"none\">andro Quint<\/span><span data-contrast=\"none\">\u00ed<\/span><span data-contrast=\"none\">n\u00a0<\/span><span data-contrast=\"none\">Barrat<\/span><span data-contrast=\"none\">\u00a0Hern<\/span><span data-contrast=\"none\">\u00e1<\/span><span data-contrast=\"none\">ndez<\/span><span data-contrast=\"none\">,\u00a0<\/span><span data-contrast=\"none\">presidente de la Asociaci<\/span><span data-contrast=\"none\">\u00f3<\/span><span data-contrast=\"none\">n Mexicana de Medicina Interna\u00a0<\/span><span data-contrast=\"none\">e investigador en temas de vacunas contra\u00a0<\/span><span data-contrast=\"none\">C<\/span><span data-contrast=\"none\">ovid<\/span><span data-contrast=\"none\">,\u00a0<\/span><span data-contrast=\"none\">particip<\/span><span data-contrast=\"none\">\u00f3\u00a0<\/span><span data-contrast=\"none\">con la ponencia<\/span><span data-contrast=\"none\">\u00a0<\/span><span data-contrast=\"none\">\u201c<\/span><span data-contrast=\"none\">Vacunaci<\/span><span data-contrast=\"none\">\u00f3<\/span><span data-contrast=\"none\">n contra\u00a0<\/span><span data-contrast=\"none\">Covid-<\/span><span data-contrast=\"none\">19, diferencias y similitudes<\/span><span data-contrast=\"none\">\u201d<\/span><span data-contrast=\"none\">.<\/span><span data-contrast=\"none\">\u00a0<\/span><span data-contrast=\"none\">C<\/span><span data-contrast=\"none\">omparti<\/span><span data-contrast=\"none\">\u00f3\u00a0<\/span><span data-contrast=\"none\">que\u00a0<\/span><span data-contrast=\"none\">la\u00a0<\/span><span data-contrast=\"none\">prestaci<\/span><span data-contrast=\"none\">\u00f3<\/span><span data-contrast=\"none\">n de su servicio social en el CESS le permiti<\/span><span data-contrast=\"none\">\u00f3\u00a0<\/span><span data-contrast=\"none\">forjar su\u00a0<\/span><span data-contrast=\"none\">car<\/span><span data-contrast=\"none\">\u00e1<\/span><span data-contrast=\"none\">cter y decidir el ejercicio de su profesi<\/span><span data-contrast=\"none\">\u00f3<\/span><span data-contrast=\"none\">n para el futuro.<\/span><\/p>\n<div id=\"attachment_94002\" style=\"width: 650px\" class=\"wp-caption aligncenter\"><a href=\"https:\/\/www.uv.mx\/prensa\/files\/2021\/03\/040321-Foro-CESS-4-100k.jpg\"><img aria-describedby=\"caption-attachment-94002\" decoding=\"async\" loading=\"lazy\" class=\"size-full wp-image-94002\" src=\"https:\/\/www.uv.mx\/prensa\/files\/2021\/03\/040321-Foro-CESS-4-100k.jpg\" alt=\"A Tania del Carmen Barranca P\u00e9rez le permiti\u00f3 tener una visi\u00f3n hacia el futuro profesional que deseaba \" width=\"640\" height=\"480\" srcset=\"https:\/\/www.uv.mx\/prensa\/files\/2021\/03\/040321-Foro-CESS-4-100k.jpg 640w, https:\/\/www.uv.mx\/prensa\/files\/2021\/03\/040321-Foro-CESS-4-100k-300x225.jpg 300w\" sizes=\"(max-width: 640px) 100vw, 640px\" \/><\/a><p id=\"caption-attachment-94002\" class=\"wp-caption-text\">A Tania del Carmen Barranca P\u00e9rez le permiti\u00f3 tener una visi\u00f3n hacia el futuro profesional que deseaba<\/p><\/div>\n<p><span data-contrast=\"none\">Resalt<\/span><span data-contrast=\"none\">\u00f3\u00a0<\/span><span data-contrast=\"none\">que la<\/span><span data-contrast=\"none\">s<\/span><span data-contrast=\"none\">\u00a0actividades en el CESS permiten\u00a0<\/span><span data-contrast=\"none\">el contacto\u00a0<\/span><span data-contrast=\"none\">directo con el paciente,\u00a0<\/span><span data-contrast=\"none\">\u201c<\/span><span data-contrast=\"none\">es\u00a0<\/span><span data-contrast=\"none\">una oportunidad rica para\u00a0<\/span><span data-contrast=\"none\">hacer este\u00a0<\/span><span data-contrast=\"none\">ejercicio en el cual podamos ir despegando y despoj<\/span><span data-contrast=\"none\">\u00e1<\/span><span data-contrast=\"none\">ndonos de la parte acad<\/span><span data-contrast=\"none\">\u00e9<\/span><span data-contrast=\"none\">mica e ir a la parte asistencial<\/span><span data-contrast=\"none\">\u201d<\/span><span data-contrast=\"none\">.<\/span><span data-ccp-props=\"{&quot;335559738&quot;:160,&quot;469777462&quot;:[720,1440,2160,2880,3600,4320,5040,5760,6480,7200,7920,8640],&quot;469777927&quot;:[0,0,0,0,0,0,0,0,0,0,0,0],&quot;469777928&quot;:[1,1,1,1,1,1,1,1,1,1,1,1]}\">\u00a0<\/span><\/p>\n<p><span data-contrast=\"none\">Recomend<\/span><span data-contrast=\"none\">\u00f3\u00a0<\/span><span data-contrast=\"none\">a los actuales estudiantes<\/span><span data-contrast=\"none\">\u00a0que durante el servicio social\u00a0<\/span><span data-contrast=\"none\">\u201c<\/span><span data-contrast=\"none\">absorban<\/span><span data-contrast=\"none\">\u00a0toda la\u00a0<\/span><span data-contrast=\"none\">informaci<\/span><span data-contrast=\"none\">\u00f3<\/span><span data-contrast=\"none\">n\u00a0<\/span><span data-contrast=\"none\">que puedan\u00a0<\/span><span data-contrast=\"none\">y\u00a0<\/span><span data-contrast=\"none\">la\u00a0<\/span><span data-contrast=\"none\">anali<\/span><span data-contrast=\"none\">cen,\u00a0<\/span><span data-contrast=\"none\">y s<\/span><span data-contrast=\"none\">i es\u00a0<\/span><span data-contrast=\"none\">posible\u00a0<\/span><span data-contrast=\"none\">desarrollar\u00a0<\/span><span data-contrast=\"none\">algunos estudios de investigaci<\/span><span data-contrast=\"none\">\u00f3<\/span><span data-contrast=\"none\">n<\/span><span data-contrast=\"none\">, lo cual les<\/span><span data-contrast=\"none\">\u00a0<\/span><span data-contrast=\"none\">ayuda<\/span><span data-contrast=\"none\">r\u00e1<\/span><span data-contrast=\"none\">\u00a0a\u00a0<\/span><span data-contrast=\"none\">su\u00a0<\/span><span data-contrast=\"none\">formaci<\/span><span data-contrast=\"none\">\u00f3<\/span><span data-contrast=\"none\">n como m<\/span><span data-contrast=\"none\">\u00e9<\/span><span data-contrast=\"none\">dico<\/span><span data-contrast=\"none\">s<\/span><span data-contrast=\"none\">\u201d<\/span><span data-contrast=\"none\">.<\/span><span data-ccp-props=\"{&quot;335559738&quot;:160,&quot;469777462&quot;:[720,1440,2160,2880,3600,4320,5040,5760,6480,7200,7920,8640],&quot;469777927&quot;:[0,0,0,0,0,0,0,0,0,0,0,0],&quot;469777928&quot;:[1,1,1,1,1,1,1,1,1,1,1,1]}\">\u00a0<\/span><\/p>\n<p><span data-contrast=\"none\">\u201c<\/span><span data-contrast=\"none\">Reporte de resultados en pruebas de anticuerpos 2019nCoV\u00a0<\/span><span data-contrast=\"none\">IgG<\/span><span data-contrast=\"none\">\/<\/span><span data-contrast=\"none\">IgM<\/span><span data-contrast=\"none\">\u201d<\/span><span data-contrast=\"none\">, fue el tema que<\/span><span data-contrast=\"none\">\u00a0Tania del Carmen Barranca P<\/span><span data-contrast=\"none\">\u00e9<\/span><span data-contrast=\"none\">rez<\/span><span data-contrast=\"none\">,<\/span><span data-contrast=\"none\">\u00a0<\/span><span data-contrast=\"none\">licenciada en Q<\/span><span data-contrast=\"none\">u<\/span><span data-contrast=\"none\">\u00ed<\/span><span data-contrast=\"none\">mica\u00a0<\/span><span data-contrast=\"none\">C<\/span><span data-contrast=\"none\">l<\/span><span data-contrast=\"none\">\u00ed<\/span><span data-contrast=\"none\">nica<\/span><span data-contrast=\"none\">\u00a0y\u00a0<\/span><span data-contrast=\"none\">quien<\/span><span data-contrast=\"none\">\u00a0labora\u00a0<\/span><span data-contrast=\"none\">en los\u00a0<\/span><span data-contrast=\"none\">laboratorio<\/span><span data-contrast=\"none\">s<\/span><span data-contrast=\"none\">\u00a0del C<\/span><span data-contrast=\"none\">ESS,\u00a0<\/span><span data-contrast=\"none\">comparti<\/span><span data-contrast=\"none\">\u00f3\u00a0<\/span><span data-contrast=\"none\">que su estancia como prestadora de servicio social en el laboratorio\u00a0<\/span><span data-contrast=\"none\">fue muy enriquecedora.<\/span><span data-ccp-props=\"{&quot;201341983&quot;:0,&quot;335559731&quot;:708,&quot;335559739&quot;:160,&quot;335559740&quot;:240}\">\u00a0<\/span><\/p>\n<p><span data-contrast=\"none\">\u201c<\/span><span data-contrast=\"none\">Tod<\/span><span data-contrast=\"none\">a la\u00a0<\/span><span data-contrast=\"none\">teor<\/span><span data-contrast=\"none\">\u00ed<\/span><span data-contrast=\"none\">a\u00a0<\/span><span data-contrast=\"none\">que aprend<\/span><span data-contrast=\"none\">\u00ed\u00a0<\/span><span data-contrast=\"none\">la<\/span><span data-contrast=\"none\">\u00a0pude llevar a la pr<\/span><span data-contrast=\"none\">\u00e1<\/span><span data-contrast=\"none\">ctica\u00a0<\/span><span data-contrast=\"none\">durante mi e<\/span><span data-contrast=\"none\">stancia en el CESS<\/span><span data-contrast=\"none\">.<\/span><span data-contrast=\"none\">\u00a0P<\/span><span data-contrast=\"none\">asar por las distintas\u00a0<\/span><span data-contrast=\"none\">\u00e1<\/span><span data-contrast=\"none\">reas<\/span><span data-contrast=\"none\">\u00a0te permite tener\u00a0<\/span><span data-contrast=\"none\">una visi<\/span><span data-contrast=\"none\">\u00f3<\/span><span data-contrast=\"none\">n hacia lo que quieres en un futuro y enfocarte en ciertas\u00a0<\/span><span data-contrast=\"none\">especialidades<\/span><span data-contrast=\"none\">\u00a0para m<\/span><span data-contrast=\"none\">\u00e1<\/span><span data-contrast=\"none\">s adelante tomar m<\/span><span data-contrast=\"none\">aestr<\/span><span data-contrast=\"none\">\u00ed<\/span><span data-contrast=\"none\">as,\u00a0<\/span><span data-contrast=\"none\">d<\/span><span data-contrast=\"none\">octorados y ver\u00a0<\/span><span data-contrast=\"none\">por<\/span><span data-contrast=\"none\">\u00a0qu<\/span><span data-contrast=\"none\">\u00e9 \u00e1<\/span><span data-contrast=\"none\">rea\u00a0<\/span><span data-contrast=\"none\">inclinarse<\/span><span data-contrast=\"none\">.<\/span><span data-contrast=\"none\">\u201d<\/span><\/p>\n<div id=\"attachment_94003\" style=\"width: 556px\" class=\"wp-caption aligncenter\"><a href=\"https:\/\/www.uv.mx\/prensa\/files\/2021\/03\/040321-Foro-CESS-5-100k.jpg\"><img aria-describedby=\"caption-attachment-94003\" decoding=\"async\" loading=\"lazy\" class=\"size-full wp-image-94003\" src=\"https:\/\/www.uv.mx\/prensa\/files\/2021\/03\/040321-Foro-CESS-5-100k.jpg\" alt=\"Milka Joachin Vidal dijo que durante su estancia en el CESS adquiri\u00f3 otras habilidades sociales para su desarrollo profesional \" width=\"546\" height=\"480\" srcset=\"https:\/\/www.uv.mx\/prensa\/files\/2021\/03\/040321-Foro-CESS-5-100k.jpg 546w, https:\/\/www.uv.mx\/prensa\/files\/2021\/03\/040321-Foro-CESS-5-100k-300x264.jpg 300w\" sizes=\"(max-width: 546px) 100vw, 546px\" \/><\/a><p id=\"caption-attachment-94003\" class=\"wp-caption-text\">Milka Joachin Vidal dijo que durante su estancia en el CESS adquiri\u00f3 otras habilidades sociales para su desarrollo profesional<\/p><\/div>\n<p><span data-contrast=\"none\">A los nuevos\u00a0<\/span><span data-contrast=\"none\">prestadores de<\/span><span data-contrast=\"none\">\u00a0servicio<\/span><span data-contrast=\"none\">\u00a0social<\/span><span data-contrast=\"none\">\u00a0los exhort<\/span><span data-contrast=\"none\">\u00f3\u00a0<\/span><span data-contrast=\"none\">a aprovechar la oportunidad que brinda\u00a0<\/span><span data-contrast=\"none\">la UV<\/span><span data-contrast=\"none\">\u00a0a trav<\/span><span data-contrast=\"none\">\u00e9<\/span><span data-contrast=\"none\">s del C<\/span><span data-contrast=\"none\">ESS<\/span><span data-contrast=\"none\">:<\/span><span data-contrast=\"none\">\u00a0<\/span><span data-contrast=\"none\">\u201c<\/span><span data-contrast=\"none\">Les<\/span><span data-contrast=\"none\">\u00a0recomiendo ten<\/span><span data-contrast=\"none\">er\u00a0<\/span><span data-contrast=\"none\">la disposici<\/span><span data-contrast=\"none\">\u00f3<\/span><span data-contrast=\"none\">n<\/span><span data-contrast=\"none\">\u00a0y\u00a0<\/span><span data-contrast=\"none\">la\u00a0<\/span><span data-contrast=\"none\">mente abierta para\u00a0<\/span><span data-contrast=\"none\">adquirir los conocimientos.<\/span><span data-contrast=\"none\">\u00a0<\/span><span data-contrast=\"none\">El<\/span><span data-contrast=\"none\">\u00a0personal\u00a0<\/span><span data-contrast=\"none\">es\u00a0<\/span><span data-contrast=\"none\">calificado\u00a0<\/span><span data-contrast=\"none\">y<\/span><span data-contrast=\"none\">\u00a0<\/span><span data-contrast=\"none\">el aprendizaje que\u00a0<\/span><span data-contrast=\"none\">obtengan\u00a0<\/span><span data-contrast=\"none\">de\u00a0<\/span><span data-contrast=\"none\">\u00e9ste<\/span><span data-contrast=\"none\">\u00a0<\/span><span data-contrast=\"none\">les ser\u00e1<\/span><span data-contrast=\"none\">\u00a0de\u00a0<\/span><span data-contrast=\"none\">gran\u00a0<\/span><span data-contrast=\"none\">ayuda\u00a0<\/span><span data-contrast=\"none\">en\u00a0<\/span><span data-contrast=\"none\">su futuro profesional<\/span><span data-contrast=\"none\">\u201d<\/span><span data-contrast=\"none\">.<\/span><span data-ccp-props=\"{&quot;201341983&quot;:0,&quot;335559731&quot;:708,&quot;335559739&quot;:160,&quot;335559740&quot;:240}\">\u00a0<\/span><\/p>\n<p><span data-contrast=\"none\">Milka<\/span><span data-contrast=\"none\">\u00a0<\/span><span data-contrast=\"none\">Joachin<\/span><span data-contrast=\"none\">\u00a0Vidal<\/span><span data-contrast=\"none\">,\u00a0<\/span><span data-contrast=\"none\">especialista en rehabilitaci<\/span><span data-contrast=\"none\">\u00f3<\/span><span data-contrast=\"none\">n bucal y coordinadora cl<\/span><span data-contrast=\"none\">\u00ed<\/span><span data-contrast=\"none\">nica en<\/span><span data-contrast=\"none\">\u00a0Barcelona, Espa<\/span><span data-contrast=\"none\">\u00f1<\/span><span data-contrast=\"none\">a<\/span><span data-contrast=\"none\">,<\/span><span data-contrast=\"none\">\u00a0<\/span><span data-contrast=\"none\">exp<\/span><span data-contrast=\"none\">uso\u00a0<\/span><span data-contrast=\"none\">el tema\u00a0<\/span><span data-contrast=\"none\">\u201c<\/span><span data-contrast=\"none\">Covid<\/span><span data-contrast=\"none\">-19 desde una mirada o<\/span><span data-contrast=\"none\">dontol<\/span><span data-contrast=\"none\">\u00f3<\/span><span data-contrast=\"none\">gica internacional<\/span><span data-contrast=\"none\">\u201d<\/span><span data-contrast=\"none\">.<\/span><span data-ccp-props=\"{&quot;201341983&quot;:0,&quot;335559731&quot;:708,&quot;335559739&quot;:160,&quot;335559740&quot;:240}\">\u00a0<\/span><\/p>\n<p><span data-contrast=\"none\">C<\/span><span data-contrast=\"none\">alific<\/span><span data-contrast=\"none\">\u00f3<\/span><span data-contrast=\"none\">\u00a0<\/span><span data-contrast=\"none\">al servicio social como un pilar importante dentro de la formaci<\/span><span data-contrast=\"none\">\u00f3<\/span><span data-contrast=\"none\">n como estudiante,\u00a0<\/span><span data-contrast=\"none\">\u201c<\/span><span data-contrast=\"none\">y<\/span><span data-contrast=\"none\">o\u00a0<\/span><span data-contrast=\"none\">prestar mi servicio social\u00a0<\/span><span data-contrast=\"none\">en el CESS porque abarca muchas especialidade<\/span><span data-contrast=\"none\">s, entre ellas la endodoncia<\/span><span data-contrast=\"none\">,<\/span><span data-contrast=\"none\">\u00a0<\/span><span data-contrast=\"none\">eso<\/span><span data-contrast=\"none\">\u00a0<\/span><span data-contrast=\"none\">me di<\/span><span data-contrast=\"none\">o<\/span><span data-contrast=\"none\">\u00a0<\/span><span data-contrast=\"none\">la oportunidad<\/span><span data-contrast=\"none\">\u00a0<\/span><span data-contrast=\"none\">de\u00a0<\/span><span data-contrast=\"none\">practica<\/span><span data-contrast=\"none\">r<\/span><span data-contrast=\"none\">\u00a0m<\/span><span data-contrast=\"none\">\u00e1<\/span><span data-contrast=\"none\">s<\/span><span data-contrast=\"none\">\u201d<\/span><span data-contrast=\"none\">.<\/span><span data-ccp-props=\"{&quot;201341983&quot;:0,&quot;335559731&quot;:708,&quot;335559739&quot;:160,&quot;335559740&quot;:240}\">\u00a0<\/span><\/p>\n<p><span data-contrast=\"none\">Detall<\/span><span data-contrast=\"none\">\u00f3\u00a0<\/span><span data-contrast=\"none\">que adem<\/span><span data-contrast=\"none\">\u00e1<\/span><span data-contrast=\"none\">s de los temas acad<\/span><span data-contrast=\"none\">\u00e9<\/span><span data-contrast=\"none\">micos, el CESS otorga al estudiante otras habilidades sociales de gran relevancia<\/span><span data-contrast=\"none\">\u00a0para el desarrollo profesional, entre ellas\u00a0<\/span><span data-contrast=\"none\">\u201c<\/span><span data-contrast=\"none\">trabajar en equipo,\u00a0<\/span><span data-contrast=\"none\">ser m<\/span><span data-contrast=\"none\">\u00e1<\/span><span data-contrast=\"none\">s human<\/span><span data-contrast=\"none\">os<\/span><span data-contrast=\"none\">\u00a0y ayudar a que las personas de bajos recursos puedan tener accesibilidad y recursos para practicarse una endodoncia de calidad<\/span><span data-contrast=\"none\">\u201d<\/span><span data-contrast=\"none\">.<\/span><\/p>\n<div id=\"attachment_94004\" style=\"width: 531px\" class=\"wp-caption aligncenter\"><a href=\"https:\/\/www.uv.mx\/prensa\/files\/2021\/03\/040321-Foro-CESS-6-100k.jpg\"><img aria-describedby=\"caption-attachment-94004\" decoding=\"async\" loading=\"lazy\" class=\"size-full wp-image-94004\" src=\"https:\/\/www.uv.mx\/prensa\/files\/2021\/03\/040321-Foro-CESS-6-100k.jpg\" alt=\"Eduardo Sol\u00eds Castellanos coment\u00f3 que al realizar su servicio social en el CESS descubri\u00f3 lo que realmente le gustaba era lo cl\u00ednico \" width=\"521\" height=\"480\" srcset=\"https:\/\/www.uv.mx\/prensa\/files\/2021\/03\/040321-Foro-CESS-6-100k.jpg 521w, https:\/\/www.uv.mx\/prensa\/files\/2021\/03\/040321-Foro-CESS-6-100k-300x276.jpg 300w\" sizes=\"(max-width: 521px) 100vw, 521px\" \/><\/a><p id=\"caption-attachment-94004\" class=\"wp-caption-text\">Eduardo Sol\u00eds Castellanos coment\u00f3 que al realizar su servicio social en el CESS descubri\u00f3 lo que realmente le gustaba era lo cl\u00ednico<\/p><\/div>\n<p><span data-contrast=\"none\">Invit<\/span><span data-contrast=\"none\">\u00f3\u00a0<\/span><span data-contrast=\"none\">a los prestadores de servicio social disfrutar\u00a0<\/span><span data-contrast=\"none\">e<\/span><span data-contrast=\"none\">sta<\/span><span data-contrast=\"none\">\u00a0etapa\u00a0<\/span><span data-contrast=\"none\">y aprender todo lo que puedan<\/span><span data-contrast=\"none\">;<\/span><span data-contrast=\"none\">\u00a0<\/span><span data-contrast=\"none\">\u201c<\/span><span data-contrast=\"none\">es una\u00a0<\/span><span data-contrast=\"none\">etapa en la que puedes absorber<\/span><span data-contrast=\"none\">\u00a0todo,\u00a0<\/span><span data-contrast=\"none\">los profesionales\u00a0<\/span><span data-contrast=\"none\">despejan\u00a0<\/span><span data-contrast=\"none\">todas las dudas que tengan<\/span><span data-contrast=\"none\">, un ejemplo es<\/span><span data-contrast=\"none\">\u00a0<\/span><span data-contrast=\"none\">la\u00a0<\/span><span data-contrast=\"none\">doctora Antonia Barranca,\u00a0<\/span><span data-contrast=\"none\">quien<\/span><span data-contrast=\"none\">\u00a0siempre\u00a0<\/span><span data-contrast=\"none\">est\u00e1\u00a0<\/span><span data-contrast=\"none\">dispuesta a compartir\u00a0<\/span><span data-contrast=\"none\">su conocimiento<\/span><span data-contrast=\"none\">\u201d<\/span><span data-contrast=\"none\">.<\/span><span data-ccp-props=\"{&quot;201341983&quot;:0,&quot;335559731&quot;:708,&quot;335559739&quot;:160,&quot;335559740&quot;:240}\">\u00a0<\/span><\/p>\n<p><span data-contrast=\"none\">Eduardo Sol<\/span><span data-contrast=\"none\">\u00ed<\/span><span data-contrast=\"none\">s Castellanos y\u00a0<\/span><span data-contrast=\"none\">Yeni<\/span><span data-contrast=\"none\">\u00a0Paola Carmona Figueroa, coordinador del \u00c1rea de Nutrici\u00f3n y\u00a0<\/span><span data-contrast=\"none\">s<\/span><span data-contrast=\"none\">ecretaria del CESS, respectivamente,\u00a0<\/span><span data-contrast=\"none\">diserta<\/span><span data-contrast=\"none\">ron sobre\u00a0<\/span><span data-contrast=\"none\">\u201c<\/span><span data-contrast=\"none\">El rol de la nutrici<\/span><span data-contrast=\"none\">\u00f3<\/span><span data-contrast=\"none\">n en el\u00a0<\/span><span data-contrast=\"none\">Covid<\/span><span data-contrast=\"none\">-19<\/span><span data-contrast=\"none\">\u201d<\/span><span data-contrast=\"none\">\u00a0y<\/span><span data-contrast=\"none\">\u00a0<\/span><span data-contrast=\"none\">compartieron el impacto que gener<\/span><span data-contrast=\"none\">\u00f3\u00a0<\/span><span data-contrast=\"none\">en su profesi<\/span><span data-contrast=\"none\">\u00f3<\/span><span data-contrast=\"none\">n el realizar su servicio social en esta\u00a0<\/span><span data-contrast=\"none\">\u00e1<\/span><span data-contrast=\"none\">rea.<\/span><span data-ccp-props=\"{&quot;201341983&quot;:0,&quot;335559731&quot;:708,&quot;335559739&quot;:160,&quot;335559740&quot;:240}\">\u00a0<\/span><\/p>\n<p><span data-contrast=\"none\">\u201c<\/span><span data-contrast=\"none\">M<\/span><span data-contrast=\"none\">e dio las herramientas para dedicarme\u00a0<\/span><span data-contrast=\"none\">a la consulta, cuando\u00a0<\/span><span data-contrast=\"none\">egres\u00e9\u00a0<\/span><span data-contrast=\"none\">de la<\/span><span data-contrast=\"none\">\u00a0<\/span><span data-contrast=\"none\">U<\/span><span data-contrast=\"none\">niversidad ten<\/span><span data-contrast=\"none\">\u00ed<\/span><span data-contrast=\"none\">a dudas a qu<\/span><span data-contrast=\"none\">\u00e9<\/span><span data-contrast=\"none\">\u00a0me dedicar<\/span><span data-contrast=\"none\">\u00ed<\/span><span data-contrast=\"none\">a y me enfoqu<\/span><span data-contrast=\"none\">\u00e9<\/span><span data-contrast=\"none\">\u00a0a lo cl<\/span><span data-contrast=\"none\">\u00ed<\/span><span data-contrast=\"none\">nico<\/span><span data-contrast=\"none\">,<\/span><span data-contrast=\"none\">\u00a0me ha gustado y he aprendido a tratar a los pacientes<\/span><span data-contrast=\"none\">\u201d<\/span><span data-contrast=\"none\">,<\/span><span data-contrast=\"none\">\u00a0<\/span><span data-contrast=\"none\">dijo<\/span><span data-contrast=\"none\">\u00a0<\/span><span data-contrast=\"none\">Sol\u00ed<\/span><span data-contrast=\"none\">s Castellanos.<\/span><span data-ccp-props=\"{&quot;201341983&quot;:0,&quot;335559731&quot;:708,&quot;335559739&quot;:160,&quot;335559740&quot;:240}\">\u00a0<\/span><\/p>\n<p><span data-contrast=\"none\">Por su parte, Carmona Figueroa coment<\/span><span data-contrast=\"none\">\u00f3\u00a0<\/span><span data-contrast=\"none\">que<\/span><span data-contrast=\"none\">\u00a0desde su ingreso a la UV, al realizarse el examen de salud qued<\/span><span data-contrast=\"none\">\u00f3<\/span><span data-contrast=\"none\">\u00a0impresion<\/span><span data-contrast=\"none\">ada con todos los servicios que el C<\/span><span data-contrast=\"none\">ESS\u00a0<\/span><span data-contrast=\"none\">brinda a la poblaci<\/span><span data-contrast=\"none\">\u00f3<\/span><span data-contrast=\"none\">n general y a la comunidad universitaria.<\/span><\/p>\n<div id=\"attachment_94005\" style=\"width: 666px\" class=\"wp-caption aligncenter\"><a href=\"https:\/\/www.uv.mx\/prensa\/files\/2021\/03\/040321-Foro-CESS-7-100k.jpg\"><img aria-describedby=\"caption-attachment-94005\" decoding=\"async\" loading=\"lazy\" class=\"size-full wp-image-94005\" src=\"https:\/\/www.uv.mx\/prensa\/files\/2021\/03\/040321-Foro-CESS-7-100k.jpg\" alt=\"Yeni Paola Carmona Figueroa dijo que su paso por el CESS fue decisivo para su formaci\u00f3n acad\u00e9mica y profesional \" width=\"656\" height=\"480\" srcset=\"https:\/\/www.uv.mx\/prensa\/files\/2021\/03\/040321-Foro-CESS-7-100k.jpg 656w, https:\/\/www.uv.mx\/prensa\/files\/2021\/03\/040321-Foro-CESS-7-100k-300x220.jpg 300w\" sizes=\"(max-width: 656px) 100vw, 656px\" \/><\/a><p id=\"caption-attachment-94005\" class=\"wp-caption-text\">Yeni Paola Carmona Figueroa dijo que su paso por el CESS fue decisivo para su formaci\u00f3n acad\u00e9mica y profesional<\/p><\/div>\n<p><span data-contrast=\"none\">\u201c<\/span><span data-contrast=\"none\">La<\/span><span data-contrast=\"none\">\u00a0cercan<\/span><span data-contrast=\"none\">\u00ed<\/span><span data-contrast=\"none\">a con la Facultad de N<\/span><span data-contrast=\"none\">utrici<\/span><span data-contrast=\"none\">\u00f3<\/span><span data-contrast=\"none\">n<\/span><span data-contrast=\"none\">, que fue mi alma m\u00e1<\/span><span data-contrast=\"none\">ter, me ayud<\/span><span data-contrast=\"none\">\u00f3<\/span><span data-contrast=\"none\">\u00a0a\u00a0<\/span><span data-contrast=\"none\">ten<\/span><span data-contrast=\"none\">er\u00a0<\/span><span data-contrast=\"none\">es<\/span><span data-contrast=\"none\">e v<\/span><span data-contrast=\"none\">\u00ed<\/span><span data-contrast=\"none\">nculo y\u00a0<\/span><span data-contrast=\"none\">conoc<\/span><span data-contrast=\"none\">er\u00a0<\/span><span data-contrast=\"none\">qu<\/span><span data-contrast=\"none\">\u00e9<\/span><span data-contrast=\"none\">\u00a0actividades realizaba el\u00a0<\/span><span data-contrast=\"none\">CESS;<\/span><span data-contrast=\"none\">\u00a0<\/span><span data-contrast=\"none\">a la hora de elegir d<\/span><span data-contrast=\"none\">\u00f3<\/span><span data-contrast=\"none\">nde hacer mi servicio social<\/span><span data-contrast=\"none\">\u00a0<\/span><span data-contrast=\"none\">mi primer<\/span><span data-contrast=\"none\">a<\/span><span data-contrast=\"none\">\u00a0opci<\/span><span data-contrast=\"none\">\u00f3<\/span><span data-contrast=\"none\">n fue\u00a0<\/span><span data-contrast=\"none\">este centro<\/span><span data-contrast=\"none\">, por el gran trabajo que\u00a0<\/span><span data-contrast=\"none\">hace en todas sus\u00a0<\/span><span data-contrast=\"none\">\u00e1<\/span><span data-contrast=\"none\">reas, pero espec<\/span><span data-contrast=\"none\">\u00ed<\/span><span data-contrast=\"none\">ficamente en el\u00a0<\/span><span data-contrast=\"none\">\u00e1<\/span><span data-contrast=\"none\">rea de nutrici<\/span><span data-contrast=\"none\">\u00f3<\/span><span data-contrast=\"none\">n<\/span><span data-contrast=\"none\">.<\/span><span data-contrast=\"none\">\u201d<\/span><span data-ccp-props=\"{&quot;201341983&quot;:0,&quot;335559731&quot;:708,&quot;335559739&quot;:160,&quot;335559740&quot;:240}\">\u00a0<\/span><\/p>\n<p><span data-contrast=\"none\">Extern<\/span><span data-contrast=\"none\">\u00f3\u00a0<\/span><span data-contrast=\"none\">que\u00a0<\/span><span data-contrast=\"none\">realizar su servicio<\/span><span data-contrast=\"none\">\u00a0<\/span><span data-contrast=\"none\">social<\/span><span data-contrast=\"none\">\u00a0fue decisivo<\/span><span data-contrast=\"none\">\u00a0para su<\/span><span data-contrast=\"none\">\u00a0formaci<\/span><span data-contrast=\"none\">\u00f3<\/span><span data-contrast=\"none\">n acad<\/span><span data-contrast=\"none\">\u00e9<\/span><span data-contrast=\"none\">mica y<\/span><span data-contrast=\"none\">\u00a0profesional<\/span><span data-contrast=\"none\">,<\/span><span data-contrast=\"none\">\u00a0<\/span><span data-contrast=\"none\">\u201c<\/span><span data-contrast=\"none\">tan es as<\/span><span data-contrast=\"none\">\u00ed\u00a0<\/span><span data-contrast=\"none\">que\u00a0<\/span><span data-contrast=\"none\">me\u00a0<\/span><span data-contrast=\"none\">qued<\/span><span data-contrast=\"none\">\u00e9<\/span><span data-contrast=\"none\">\u00a0<\/span><span data-contrast=\"none\">a\u00a0<\/span><span data-contrast=\"none\">labora<\/span><span data-contrast=\"none\">r\u00a0<\/span><span data-contrast=\"none\">aqu<\/span><span data-contrast=\"none\">\u00ed\u00a0<\/span><span data-contrast=\"none\">y\u00a0<\/span><span data-contrast=\"none\">lo hago con el mismo gusto<\/span><span data-contrast=\"none\">\u201d<\/span><span data-contrast=\"none\">.<\/span><span data-ccp-props=\"{&quot;201341983&quot;:0,&quot;335559731&quot;:708,&quot;335559739&quot;:160,&quot;335559740&quot;:240}\">\u00a0<\/span><\/p>\n<p><span data-contrast=\"none\">Abund<\/span><span data-contrast=\"none\">\u00f3\u00a0<\/span><span data-contrast=\"none\">que<\/span><span data-contrast=\"none\">\u00a0el CESS\u00a0<\/span><span data-contrast=\"none\">ha sido fundamental\u00a0<\/span><span data-contrast=\"none\">para\u00a0<\/span><span data-contrast=\"none\">continuar su formaci<\/span><span data-contrast=\"none\">\u00f3<\/span><span data-contrast=\"none\">n profesional\u00a0<\/span><span data-contrast=\"none\">\u201c<\/span><span data-contrast=\"none\">ya q<\/span><span data-contrast=\"none\">ue\u00a0<\/span><span data-contrast=\"none\">es una plataforma\u00a0<\/span><span data-contrast=\"none\">que te da las bases para saber qu<\/span><span data-contrast=\"none\">\u00e9<\/span><span data-contrast=\"none\">\u00a0es lo que necesitas<\/span><span data-contrast=\"none\">\u00a0aprender<\/span><span data-contrast=\"none\">\u201d<\/span><span data-contrast=\"none\">.<\/span><span data-ccp-props=\"{&quot;201341983&quot;:0,&quot;335559731&quot;:708,&quot;335559739&quot;:160,&quot;335559740&quot;:240}\">\u00a0<\/span><\/p>\n<p><span data-contrast=\"none\">En este caso,\u00a0<\/span><span data-contrast=\"none\">se inclin<\/span><span data-contrast=\"none\">\u00f3\u00a0<\/span><span data-contrast=\"none\">hacia\u00a0<\/span><span data-contrast=\"none\">la parte cl<\/span><span data-contrast=\"none\">\u00ed<\/span><span data-contrast=\"none\">nica\u00a0<\/span><span data-contrast=\"none\">\u201c<\/span><span data-contrast=\"none\">porque el CESS te permite conocer toda la<\/span><span data-contrast=\"none\">\u00a0problem<\/span><span data-contrast=\"none\">\u00e1<\/span><span data-contrast=\"none\">tica de enfermedades\u00a0<\/span><span data-contrast=\"none\">que surgen por problemas nutricionales que aqueja<\/span><span data-contrast=\"none\">n<\/span><span data-contrast=\"none\">\u00a0a la poblaci<\/span><span data-contrast=\"none\">\u00f3<\/span><span data-contrast=\"none\">n<\/span><span data-contrast=\"none\">;<\/span><span data-contrast=\"none\">\u00a0<\/span><span data-contrast=\"none\">ahora estoy tambi<\/span><span data-contrast=\"none\">\u00e9<\/span><span data-contrast=\"none\">n en la docencia porque es importante s<\/span><span data-contrast=\"none\">eguir formando a\u00a0<\/span><span data-contrast=\"none\">los nuevos nutri<\/span><span data-contrast=\"none\">\u00f3<\/span><span data-contrast=\"none\">logos\u201d<\/span><span data-contrast=\"none\">.<\/span><span data-ccp-props=\"{&quot;201341983&quot;:0,&quot;335559731&quot;:708,&quot;335559739&quot;:160,&quot;335559740&quot;:240}\">\u00a0<\/span><\/p>\n<p><span data-contrast=\"none\">L<\/span><span data-contrast=\"none\">a\u00a0<\/span><span data-contrast=\"none\">n<\/span><span data-contrast=\"none\">utri<\/span><span data-contrast=\"none\">\u00f3<\/span><span data-contrast=\"none\">loga comparti<\/span><span data-contrast=\"none\">\u00f3\u00a0<\/span><span data-contrast=\"none\">a los pr<\/span><span data-contrast=\"none\">\u00f3<\/span><span data-contrast=\"none\">ximos pasantes practicar s<\/span><span data-contrast=\"none\">u profesi<\/span><span data-contrast=\"none\">\u00f3<\/span><span data-contrast=\"none\">n,\u00a0<\/span><span data-contrast=\"none\">\u201c<\/span><span data-contrast=\"none\">en la c<\/span><span data-contrast=\"none\">a<\/span><span data-contrast=\"none\">rrera aprendemos demasiado, pero la pr<\/span><span data-contrast=\"none\">\u00e1<\/span><span data-contrast=\"none\">ctica es fundamental\u00a0<\/span><span data-contrast=\"none\">para todas las\u00a0<\/span><span data-contrast=\"none\">\u00e1reas\u00a0<\/span><span data-contrast=\"none\">porque te prepara para el mundo laboral<\/span><span data-contrast=\"none\">\u201d<\/span><span data-contrast=\"none\">.<\/span><span data-ccp-props=\"{&quot;201341983&quot;:0,&quot;335559731&quot;:708,&quot;335559739&quot;:160,&quot;335559740&quot;:240}\">\u00a0<\/span><\/p>\n","protected":false},"excerpt":{"rendered":"<p>Se reaiz\u00f3 el 26 de febrero, con el tema \u201cCovid-19. Una mirada desde la transdisciplina\u201d <\/p>\n","protected":false},"author":1775,"featured_media":93999,"comment_status":"closed","ping_status":"closed","sticky":false,"template":"","format":"standard","meta":[],"categories":[32,55],"tags":[753,1707,1708,1712,1181,1711,1710,1709],"_links":{"self":[{"href":"https:\/\/www.uv.mx\/prensa\/wp-json\/wp\/v2\/posts\/93998"}],"collection":[{"href":"https:\/\/www.uv.mx\/prensa\/wp-json\/wp\/v2\/posts"}],"about":[{"href":"https:\/\/www.uv.mx\/prensa\/wp-json\/wp\/v2\/types\/post"}],"author":[{"embeddable":true,"href":"https:\/\/www.uv.mx\/prensa\/wp-json\/wp\/v2\/users\/1775"}],"replies":[{"embeddable":true,"href":"https:\/\/www.uv.mx\/prensa\/wp-json\/wp\/v2\/comments?post=93998"}],"version-history":[{"count":1,"href":"https:\/\/www.uv.mx\/prensa\/wp-json\/wp\/v2\/posts\/93998\/revisions"}],"predecessor-version":[{"id":94006,"href":"https:\/\/www.uv.mx\/prensa\/wp-json\/wp\/v2\/posts\/93998\/revisions\/94006"}],"wp:featuredmedia":[{"embeddable":true,"href":"https:\/\/www.uv.mx\/prensa\/wp-json\/wp\/v2\/media\/93999"}],"wp:attachment":[{"href":"https:\/\/www.uv.mx\/prensa\/wp-json\/wp\/v2\/media?parent=93998"}],"wp:term":[{"taxonomy":"category","embeddable":true,"href":"https:\/\/www.uv.mx\/prensa\/wp-json\/wp\/v2\/categories?post=93998"},{"taxonomy":"post_tag","embeddable":true,"href":"https:\/\/www.uv.mx\/prensa\/wp-json\/wp\/v2\/tags?post=93998"}],"curies":[{"name":"wp","href":"https:\/\/api.w.org\/{rel}","templated":true}]}}