{"id":94125,"date":"2021-03-06T08:00:27","date_gmt":"2021-03-06T14:00:27","guid":{"rendered":"https:\/\/www.uv.mx\/prensa\/?p=94125"},"modified":"2021-03-09T10:24:49","modified_gmt":"2021-03-09T16:24:49","slug":"un-pueblo-sin-educacion-es-un-pueblo-con-retrocesos-cuevas-gayosso","status":"publish","type":"post","link":"https:\/\/www.uv.mx\/prensa\/banner\/un-pueblo-sin-educacion-es-un-pueblo-con-retrocesos-cuevas-gayosso\/","title":{"rendered":"Un pueblo sin educaci\u00f3n es un pueblo con retrocesos: Cuevas Gayosso"},"content":{"rendered":"<style type=\"text\/css\">\n  blockquote p { color: #28519b; font-family: helvetica; font-size: 1.4em; }<br \/><\/style>\n<ul>\n<li data-leveltext=\"\uf0b7\" data-font=\"Symbol\" data-listid=\"12\" data-aria-posinset=\"1\" data-aria-level=\"1\"><i><span data-contrast=\"auto\">El Estado debe garantizar que<\/span><\/i><i><span data-contrast=\"auto\">\u00a0la\u00a0<\/span><\/i><i><span data-contrast=\"auto\">educaci\u00f3n<\/span><\/i><i><span data-contrast=\"auto\">\u00a0sea de calidad y progresividad<\/span><\/i><i><span data-contrast=\"auto\">\u00a0<\/span><\/i><i><span data-contrast=\"auto\">econ\u00f3mica, no menor al a\u00f1o inmediato anterior,<\/span><\/i><i><span data-contrast=\"auto\">\u00a0<\/span><\/i><i><span data-contrast=\"auto\">para q<\/span><\/i><i><span data-contrast=\"auto\">ue resuelva problemas sociales<\/span><\/i><span data-ccp-props=\"{&quot;201341983&quot;:0,&quot;335559739&quot;:0,&quot;335559740&quot;:240}\">\u00a0<\/span><\/li>\n<\/ul>\n<p><span data-ccp-props=\"{&quot;201341983&quot;:0,&quot;335559739&quot;:0,&quot;335559740&quot;:240}\">\u00a0<\/span><\/p>\n<div id=\"attachment_65270\" style=\"width: 732px\" class=\"wp-caption aligncenter\"><a href=\"https:\/\/www.uv.mx\/prensa\/files\/2019\/04\/010419-Entrevistas-deceso-Emilio-Gidi-2.jpg\"><img aria-describedby=\"caption-attachment-65270\" decoding=\"async\" loading=\"lazy\" class=\"size-full wp-image-65270\" src=\"https:\/\/www.uv.mx\/prensa\/files\/2019\/04\/010419-Entrevistas-deceso-Emilio-Gidi-2.jpg\" alt=\"El investigador Jos\u00e9 Luis Cuevas Gayosso habl\u00f3 de las repercusiones negativas por recorte presupuestal a IES (foto de archivo) \" width=\"722\" height=\"482\" srcset=\"https:\/\/www.uv.mx\/prensa\/files\/2019\/04\/010419-Entrevistas-deceso-Emilio-Gidi-2.jpg 722w, https:\/\/www.uv.mx\/prensa\/files\/2019\/04\/010419-Entrevistas-deceso-Emilio-Gidi-2-300x200.jpg 300w\" sizes=\"(max-width: 722px) 100vw, 722px\" \/><\/a><p id=\"caption-attachment-65270\" class=\"wp-caption-text\">El investigador Jos\u00e9 Luis Cuevas Gayosso habl\u00f3 de las repercusiones negativas por recorte presupuestal a IES (foto de archivo)<\/p><\/div>\n<p>&nbsp;<\/p>\n<blockquote><p><span data-contrast=\"auto\">\u201cPropongo que la propia instituci\u00f3n, sin eximir de la responsabilidad estatal, genere recursos para s\u00ed misma mediante la prestaci\u00f3n de servicios a precios accesibles, como son los de medicina, qu\u00edmica, biolog\u00eda, del \u00e1mbito del derecho, del Centro de Ciencias de la Tierra y otros, a trav\u00e9s de programas internacionales enfocados al desarrollo de la investigaci\u00f3n y la educaci\u00f3n\u201d<\/span><span data-ccp-props=\"{&quot;201341983&quot;:0,&quot;335551550&quot;:1,&quot;335551620&quot;:1,&quot;335559739&quot;:0,&quot;335559740&quot;:240}\">\u00a0<\/span><\/p><\/blockquote>\n<p><span data-ccp-props=\"{&quot;201341983&quot;:0,&quot;335559739&quot;:0,&quot;335559740&quot;:240}\">\u00a0<\/span><\/p>\n<p><b><i><span data-contrast=\"auto\">Jos\u00e9 Luis\u00a0<\/span><\/i><\/b><b><i><span data-contrast=\"auto\">Couttolenc<\/span><\/i><\/b><b><i><span data-contrast=\"auto\">\u00a0Soto<\/span><\/i><\/b><span data-ccp-props=\"{&quot;201341983&quot;:0,&quot;335559739&quot;:0,&quot;335559740&quot;:240}\">\u00a0<\/span><\/p>\n<p><b><i><span data-contrast=\"auto\">0<\/span><\/i><\/b><b><i><span data-contrast=\"auto\">6<\/span><\/i><\/b><b><i><span data-contrast=\"auto\">\/<\/span><\/i><\/b><b><i><span data-contrast=\"auto\">0<\/span><\/i><\/b><b><i><span data-contrast=\"auto\">3<\/span><\/i><\/b><b><i><span data-contrast=\"auto\">\/202<\/span><\/i><\/b><b><i><span data-contrast=\"auto\">1<\/span><\/i><\/b><b><i><span data-contrast=\"auto\">, Xalapa,\u00a0<\/span><\/i><\/b><b><i><span data-contrast=\"auto\">Ver.-<\/span><\/i><\/b><span data-contrast=\"auto\">\u00a0<\/span><span data-contrast=\"auto\">Jos\u00e9 Luis Cuevas\u00a0<\/span><span data-contrast=\"auto\">Gayosso<\/span><span data-contrast=\"auto\">, investigador de la <a href=\"https:\/\/www.uv.mx\/\" target=\"_blank\" rel=\"noopener\">Universidad Veracruzana<\/a> (UV),\u00a0<\/span><span data-contrast=\"auto\">consider\u00f3\u00a0<\/span><span data-contrast=\"auto\">que un pueblo sin educaci\u00f3n es un pueblo con retrocesos<\/span><span data-contrast=\"auto\">\u00a0y\u00a0<\/span><span data-contrast=\"auto\">se\u00f1al\u00f3 que<\/span><span data-contrast=\"auto\">\u00a0el acceso a \u00e9sta\u00a0<\/span><span data-contrast=\"auto\">es un derecho humano reconocido en el \u00e1mbito nacional e internacional<\/span><span data-contrast=\"auto\">.<\/span><span data-ccp-props=\"{&quot;201341983&quot;:0,&quot;335559739&quot;:0,&quot;335559740&quot;:240}\">\u00a0<\/span><\/p>\n<p><span data-contrast=\"auto\">El docente de la Facultad de Derecho dijo<\/span><span data-contrast=\"auto\">\u00a0que\u00a0<\/span><span data-contrast=\"auto\">en\u00a0<\/span><span data-contrast=\"auto\">la educaci\u00f3n\u00a0<\/span><span data-contrast=\"auto\">permean dos principios:\u00a0<\/span><span data-contrast=\"auto\">el primero, es que\u00a0<\/span><span data-contrast=\"auto\">el<\/span><span data-contrast=\"auto\">\u00a0E<\/span><span data-contrast=\"auto\">stado debe garantizar el ac<\/span><span data-contrast=\"auto\">ceso a una educaci\u00f3n de calidad; el segundo,\u00a0<\/span><span data-contrast=\"auto\">la<\/span><span data-contrast=\"auto\">\u00a0progresividad de car\u00e1cter econ\u00f3mico, en el que la aprobaci\u00f3n de un presupuesto no debe ser menor al ejercido el a\u00f1o inmediato anterior.<\/span><span data-ccp-props=\"{&quot;201341983&quot;:0,&quot;335559731&quot;:708,&quot;335559739&quot;:0,&quot;335559740&quot;:240}\">\u00a0<\/span><\/p>\n<p><span data-contrast=\"auto\">Coment\u00f3 tambi\u00e9n de los tres ejes torales de la U<\/span><span data-contrast=\"auto\">niversidad<\/span><span data-contrast=\"auto\">:<\/span><span data-contrast=\"auto\">\u00a0educaci\u00f3n, investigaci\u00f3n<\/span><span data-contrast=\"auto\">,<\/span><span data-contrast=\"auto\">\u00a0y extensi\u00f3n y difusi\u00f3n de la cultura<\/span><span data-contrast=\"auto\">; respecto al segundo, expres\u00f3 que\u00a0<\/span><span data-contrast=\"auto\">debe nutrirse con personal capacitado, insumos\u00a0<\/span><span data-contrast=\"auto\">e<\/span><span data-contrast=\"auto\">\u00a0infraestructura\u00a0<\/span><span data-contrast=\"auto\">necesarios<\/span><span data-contrast=\"auto\">\u00a0<\/span><span data-contrast=\"auto\">para su desarrollo, aspectos que requieren de apoyo financiero<\/span><span data-contrast=\"auto\">.<\/span><span data-contrast=\"auto\">\u00a0<\/span><span data-contrast=\"auto\">\u201c<\/span><span data-contrast=\"auto\">D<\/span><span data-contrast=\"auto\">esatenderlo causar\u00eda un problema importante para el desarrollo del pa\u00eds en su conjunto\u201d.<\/span><span data-ccp-props=\"{&quot;201341983&quot;:0,&quot;335559739&quot;:0,&quot;335559740&quot;:240}\">\u00a0<\/span><\/p>\n<p><span data-contrast=\"auto\">Agreg\u00f3 que para\u00a0<\/span><span data-contrast=\"auto\">que esto pueda<\/span><span data-contrast=\"auto\">\u00a0darse, en lugar de reducir el presupuesto se deber\u00eda mantener al menos el que se ten\u00eda, y en la medida de lo posible reali<\/span><span data-contrast=\"auto\">zar un aumento<\/span><span data-contrast=\"auto\">.<\/span><span data-ccp-props=\"{&quot;201341983&quot;:0,&quot;335559739&quot;:0,&quot;335559740&quot;:240}\">\u00a0<\/span><\/p>\n<p><span data-contrast=\"auto\">Estim\u00f3 que de existir intentos de reducci<\/span><span data-contrast=\"auto\">\u00f3n<\/span><span data-contrast=\"auto\">\u00a0presupuestal,\u00a0<\/span><span data-contrast=\"auto\">se pueden instrumentar\u00a0<\/span><span data-contrast=\"auto\">opciones para impedir que es<\/span><span data-contrast=\"auto\">to<\/span><span data-contrast=\"auto\">\u00a0suceda, como ocurri\u00f3\u00a0<\/span><span data-contrast=\"auto\">en la administraci\u00f3n g<\/span><span data-contrast=\"auto\">ubernamental de\u00a0<\/span><span data-contrast=\"auto\">Javier Duarte de Ochoa, cuando en la Legislatura Local se encontraban previstas algunas iniciativas en las que se pretend\u00eda reducir el presupuesto a la UV,<\/span><span data-contrast=\"auto\">\u00a0lo<\/span><span data-contrast=\"auto\">\u00a0que ocasion\u00f3 que la comunidad universitaria y la sociedad expresaran su descontento, que culmin\u00f3 con la aprobaci\u00f3n de otorgar el tres por ciento del presupuesto general a la UV<\/span><span data-contrast=\"auto\">.<\/span><span data-ccp-props=\"{&quot;201341983&quot;:0,&quot;335559739&quot;:0,&quot;335559740&quot;:240}\">\u00a0<\/span><\/p>\n<p><span data-contrast=\"auto\">\u201c<\/span><span data-contrast=\"auto\">Este l<\/span><span data-contrast=\"auto\">ogro\u00a0<\/span><span data-contrast=\"auto\">lo\u00a0<\/span><span data-contrast=\"auto\">vemos hoy en la remodelaci\u00f3n de los es<\/span><span data-contrast=\"auto\">pacios f\u00edsicos universitarios<\/span><span data-contrast=\"auto\">, pero a<\/span><span data-contrast=\"auto\">dem\u00e1s se debe atender tambi\u00e9n la educaci\u00f3n en l\u00ednea, y para ello se requiere capacitaci\u00f3n e infraestructura que demandan recurs<\/span><span data-contrast=\"auto\">os econ\u00f3micos.\u201d<\/span><span data-ccp-props=\"{&quot;201341983&quot;:0,&quot;335559731&quot;:708,&quot;335559739&quot;:0,&quot;335559740&quot;:240}\">\u00a0<\/span><\/p>\n<p><span data-contrast=\"auto\">E<\/span><span data-contrast=\"auto\">l acad\u00e9mico<\/span><span data-contrast=\"auto\">\u00a0<\/span><span data-contrast=\"auto\">a\u00f1adi\u00f3 que sin presupuesto o la disminuci\u00f3n de \u00e9l, no se pueden satisfacer necesidades salariales, la difusi\u00f3n de la cultura, el desarrollo de la ciencia y la investigaci\u00f3n en todos sus \u00e1mbitos, y a partir de ello<\/span><span data-contrast=\"auto\">\u00a0tener un crecimiento.<\/span><span data-ccp-props=\"{&quot;201341983&quot;:0,&quot;335559731&quot;:708,&quot;335559739&quot;:0,&quot;335559740&quot;:240}\">\u00a0<\/span><\/p>\n<p><span data-contrast=\"auto\">Cuevas\u00a0<\/span><span data-contrast=\"auto\">Gayosso<\/span><span data-contrast=\"auto\">\u00a0consider\u00f3 que en la elaboraci\u00f3n de los presupuestos se debe escuchar la opini\u00f3n de los expertos, puesto que es necesario que la inter,\u00a0<\/span><span data-contrast=\"auto\">multi<\/span><span data-contrast=\"auto\">\u00a0y\u00a0<\/span><span data-contrast=\"auto\">transdisciplina<\/span><span data-contrast=\"auto\">\u00a0hagan propuestas sobre c\u00f3mo sanear, mostrando\u00a0<\/span><span data-contrast=\"auto\">las necesidades que existen.<\/span><span data-ccp-props=\"{&quot;201341983&quot;:0,&quot;335559739&quot;:0,&quot;335559740&quot;:240}\">\u00a0<\/span><\/p>\n<p><span data-contrast=\"auto\">Habl\u00f3 tambi\u00e9n de las consecuencias<\/span><span data-contrast=\"auto\">\u00a0de la pandemia por Covid-19,\u00a0<\/span><span data-contrast=\"auto\">que ha propiciado la educaci\u00f3n en l\u00ednea<\/span><span data-contrast=\"auto\">,<\/span><span data-contrast=\"auto\">\u00a0y<\/span><span data-contrast=\"auto\">\u00a0coment\u00f3 que<\/span><span data-contrast=\"auto\">\u00a0si no se salvaguarda la soluci\u00f3n de las necesidades de la comunidad universitaria no ser\u00e1 posible tener una educaci\u00f3n plural y abierta como se necesita.<\/span><span data-ccp-props=\"{&quot;201341983&quot;:0,&quot;335559739&quot;:0,&quot;335559740&quot;:240}\">\u00a0<\/span><\/p>\n<p><span data-contrast=\"auto\">\u201cLa<\/span><span data-contrast=\"auto\">s<\/span><span data-contrast=\"auto\">\u00a0<\/span><span data-contrast=\"auto\">c<\/span><span data-contrast=\"auto\">\u00e1mara<\/span><span data-contrast=\"auto\">s<\/span><span data-contrast=\"auto\">\u00a0de\u00a0<\/span><span data-contrast=\"auto\">D<\/span><span data-contrast=\"auto\">iputados y de\u00a0<\/span><span data-contrast=\"auto\">S<\/span><span data-contrast=\"auto\">enadores tendr\u00e1n que reflexionar sobre la conveniencia de instaurar el parlamento abierto, en el que se escuche a la sociedad y a los expertos en relaci\u00f3n a los temas que se traten,\u00a0<\/span><span data-contrast=\"auto\">y con<\/span><span data-contrast=\"auto\">\u00a0base\u00a0<\/span><span data-contrast=\"auto\">en las opiniones\u00a0<\/span><span data-contrast=\"auto\">legislar para no quedarse s\u00f3lo en el an\u00e1lisis de la iniciati<\/span><span data-contrast=\"auto\">va, sino con una visi\u00f3n global.\u201d<\/span><span data-ccp-props=\"{&quot;201341983&quot;:0,&quot;335559739&quot;:0,&quot;335559740&quot;:240}\">\u00a0<\/span><\/p>\n<p><span data-contrast=\"auto\">Respecto<\/span><span data-contrast=\"auto\">\u00a0al pago de la deuda que la UV ten\u00eda, precis\u00f3 que era por concepto de un adeudo contra\u00eddo por el propio gobierno del estado que no enter\u00f3 a la federaci\u00f3n de los montos de descuento por Impuesto Sobre la Renta (ISR), situaci\u00f3n que afortunadamente ya fue solventada.<\/span><span data-ccp-props=\"{&quot;201341983&quot;:0,&quot;335559739&quot;:0,&quot;335559740&quot;:240}\">\u00a0<\/span><\/p>\n<p><span data-contrast=\"auto\">Respecto a<\/span><span data-contrast=\"auto\"> qu\u00e9 hacer para evitar que universidades caigan en una crisis financiera, propuso que<\/span><span data-contrast=\"auto\">\u00a0la U<\/span><span data-contrast=\"auto\">niversidad<\/span><span data-contrast=\"auto\">\u00a0genere recursos para <\/span><span data-contrast=\"auto\">s\u00ed<\/span><span data-contrast=\"auto\"> misma, sin eximir al gobierno estatal, mediante la prestaci\u00f3n de servicios a precios accesibles, como son los de medicina, qu\u00edmica, biolog\u00eda, del \u00e1mbito del derecho, del Centro de Ciencias de la Tierra y otros a trav\u00e9s de programas internacionales enfocados al desarrollo de la investigaci\u00f3n y la educaci\u00f3n.<\/span><span data-ccp-props=\"{&quot;201341983&quot;:0,&quot;335559739&quot;:0,&quot;335559740&quot;:240}\">\u00a0<\/span><\/p>\n<p><span data-contrast=\"auto\">\u201c<\/span><span data-contrast=\"auto\">Son planteamientos que no relevan al gobierno del deber que tiene para el suministro econ\u00f3mico, pero no podemos quedarnos a esperar<\/span><span data-contrast=\"auto\">\u00a0para<\/span><span data-contrast=\"auto\">\u00a0conocer cu\u00e1l es el monto que se va a suministrar\u00a0<\/span><span data-contrast=\"auto\">a<\/span><span data-contrast=\"auto\">\u00a0la\u00a0<\/span><span data-contrast=\"auto\">U<\/span><span data-contrast=\"auto\">niversidad<\/span><span data-contrast=\"auto\">.\u201d<\/span><span data-ccp-props=\"{&quot;201341983&quot;:0,&quot;335559739&quot;:0,&quot;335559740&quot;:240}\">\u00a0<\/span><\/p>\n<p><span data-contrast=\"auto\">Jos\u00e9 Luis Cuevas\u00a0<\/span><span data-contrast=\"auto\">Gayosso<\/span><span data-contrast=\"auto\"> fue miembro del Sistema Nacional de Investigadores (SNI) del <\/span><i><span data-contrast=\"auto\">Conacyt<\/span><\/i><span data-contrast=\"auto\">, ha sido comisionado del Grupo Revisor del Segundo Libro\u00a0<\/span><i><span data-contrast=\"auto\">Ins<\/span><\/i><i><span data-contrast=\"auto\">t<\/span><\/i><i><span data-contrast=\"auto\">ituciones del<\/span><\/i><i><span data-contrast=\"auto\">\u00a0<\/span><\/i><i><span data-contrast=\"auto\">e<\/span><\/i><i><span data-contrast=\"auto\">mperador\u00a0<\/span><\/i><i><span data-contrast=\"auto\">j<\/span><\/i><i><span data-contrast=\"auto\">ustiniano<\/span><\/i><span data-contrast=\"auto\">, en la investigaci\u00f3n dirigida por el Grupo di Recerca\u00a0<\/span><span data-contrast=\"auto\">Sulla<\/span><span data-contrast=\"auto\">\u00a0<\/span><span data-contrast=\"auto\">Diffusione<\/span><span data-contrast=\"auto\">\u00a0del\u00a0<\/span><span data-contrast=\"auto\">Diritto<\/span><span data-contrast=\"auto\">\u00a0Romano, a trav\u00e9s del Seminario de Derecho Romano y\u00a0<\/span><span data-contrast=\"auto\">Derechos Ind\u00edgenas de la UV, y es miembro permanente del Grupo de Investigadores del<\/span><span data-contrast=\"auto\">\u00a0mismo s<\/span><span data-contrast=\"auto\">eminario.<\/span><span data-ccp-props=\"{&quot;201341983&quot;:0,&quot;335559731&quot;:708,&quot;335559739&quot;:0,&quot;335559740&quot;:240}\">\u00a0<\/span><\/p>\n","protected":false},"excerpt":{"rendered":"<p>El investigador de la UV se\u00f1al\u00f3 que el Estado debe garantizar que la educaci\u00f3n sea de calidad y progresividad econ\u00f3mica <\/p>\n","protected":false},"author":1775,"featured_media":84314,"comment_status":"closed","ping_status":"closed","sticky":false,"template":"","format":"standard","meta":[],"categories":[61],"tags":[749,1731],"_links":{"self":[{"href":"https:\/\/www.uv.mx\/prensa\/wp-json\/wp\/v2\/posts\/94125"}],"collection":[{"href":"https:\/\/www.uv.mx\/prensa\/wp-json\/wp\/v2\/posts"}],"about":[{"href":"https:\/\/www.uv.mx\/prensa\/wp-json\/wp\/v2\/types\/post"}],"author":[{"embeddable":true,"href":"https:\/\/www.uv.mx\/prensa\/wp-json\/wp\/v2\/users\/1775"}],"replies":[{"embeddable":true,"href":"https:\/\/www.uv.mx\/prensa\/wp-json\/wp\/v2\/comments?post=94125"}],"version-history":[{"count":1,"href":"https:\/\/www.uv.mx\/prensa\/wp-json\/wp\/v2\/posts\/94125\/revisions"}],"predecessor-version":[{"id":94244,"href":"https:\/\/www.uv.mx\/prensa\/wp-json\/wp\/v2\/posts\/94125\/revisions\/94244"}],"wp:featuredmedia":[{"embeddable":true,"href":"https:\/\/www.uv.mx\/prensa\/wp-json\/wp\/v2\/media\/84314"}],"wp:attachment":[{"href":"https:\/\/www.uv.mx\/prensa\/wp-json\/wp\/v2\/media?parent=94125"}],"wp:term":[{"taxonomy":"category","embeddable":true,"href":"https:\/\/www.uv.mx\/prensa\/wp-json\/wp\/v2\/categories?post=94125"},{"taxonomy":"post_tag","embeddable":true,"href":"https:\/\/www.uv.mx\/prensa\/wp-json\/wp\/v2\/tags?post=94125"}],"curies":[{"name":"wp","href":"https:\/\/api.w.org\/{rel}","templated":true}]}}