{"id":94270,"date":"2021-03-09T15:33:59","date_gmt":"2021-03-09T21:33:59","guid":{"rendered":"https:\/\/www.uv.mx\/prensa\/?p=94270"},"modified":"2021-03-09T15:33:59","modified_gmt":"2021-03-09T21:33:59","slug":"uv-y-tv-unam-estrenaron-documental-esther-sin-h-en-el-dia-internacional-de-la-mujer","status":"publish","type":"post","link":"https:\/\/www.uv.mx\/prensa\/banner\/uv-y-tv-unam-estrenaron-documental-esther-sin-h-en-el-dia-internacional-de-la-mujer\/","title":{"rendered":"UV y TV\u00a0UNAM estrenaron documental\u00a0<em>Esther\u00a0sin h<\/em>\u00a0en el D\u00eda Internacional de la Mujer\u00a0\u00a0"},"content":{"rendered":"<ul>\n<li data-leveltext=\"\uf0b7\" data-font=\"Symbol\" data-listid=\"5\" data-aria-posinset=\"1\" data-aria-level=\"1\"><i><span data-contrast=\"none\">Esta\u00a0<\/span><\/i><i><span data-contrast=\"none\">producci\u00f3n<\/span><\/i><i><span data-contrast=\"none\">,<\/span><\/i><i><span data-contrast=\"none\">\u00a0basada en el\u00a0<\/span><\/i><i><span data-contrast=\"auto\">libro\u00a0<\/span><\/i><span data-contrast=\"auto\">Diario de una madre mutilada<\/span><i><span data-contrast=\"auto\">,<\/span><\/i><i><span data-contrast=\"auto\">\u00a0de\u202fEsther Hern\u00e1ndez Palacios<\/span><\/i><i><span data-contrast=\"auto\">,<\/span><\/i><i><span data-contrast=\"none\">\u00a0fue dirigida por la documentalista\u00a0<\/span><\/i><i><span data-contrast=\"none\">Alejandra Islas<\/span><\/i><span data-ccp-props=\"{}\">\u00a0<\/span><\/li>\n<\/ul>\n<p><span data-ccp-props=\"{&quot;335559685&quot;:720}\">\u00a0<\/span><\/p>\n<div id=\"attachment_93863\" style=\"width: 732px\" class=\"wp-caption aligncenter\"><a href=\"https:\/\/www.uv.mx\/prensa\/files\/2021\/03\/010321-ESTHER-SIN-H-2.jpg\"><img aria-describedby=\"caption-attachment-93863\" decoding=\"async\" loading=\"lazy\" class=\"size-full wp-image-93863\" src=\"https:\/\/www.uv.mx\/prensa\/files\/2021\/03\/010321-ESTHER-SIN-H-2.jpg\" alt=\"\" width=\"722\" height=\"481\" srcset=\"https:\/\/www.uv.mx\/prensa\/files\/2021\/03\/010321-ESTHER-SIN-H-2.jpg 722w, https:\/\/www.uv.mx\/prensa\/files\/2021\/03\/010321-ESTHER-SIN-H-2-300x200.jpg 300w\" sizes=\"(max-width: 722px) 100vw, 722px\" \/><\/a><p id=\"caption-attachment-93863\" class=\"wp-caption-text\"><span data-contrast=\"auto\">El documental\u00a0<\/span><span data-contrast=\"auto\">est\u00e1 basado en el libro\u00a0<\/span><i><span data-contrast=\"auto\">Diario de una madre mutilada<\/span><\/i><span data-contrast=\"auto\">,\u00a0<\/span><span data-contrast=\"auto\">de\u202fEst<\/span><span data-contrast=\"auto\">h<\/span><span data-contrast=\"auto\">er Hern\u00e1ndez<\/span><span data-contrast=\"auto\">\u00a0Palacios<\/span><span data-ccp-props=\"{}\">\u00a0<\/span><\/p><\/div>\n<p><span data-ccp-props=\"{}\">\u00a0<\/span><\/p>\n<p><b><i><span data-contrast=\"auto\">Carlos Hugo Hermida Rosales<\/span><\/i><\/b><span data-ccp-props=\"{}\">\u00a0<\/span><\/p>\n<p><b><i><span data-contrast=\"auto\">0<\/span><\/i><\/b><b><i><span data-contrast=\"auto\">9<\/span><\/i><\/b><b><i><span data-contrast=\"auto\">\/03<\/span><\/i><\/b><b><i><span data-contrast=\"auto\">\/202<\/span><\/i><\/b><b><i><span data-contrast=\"auto\">1<\/span><\/i><\/b><b><i><span data-contrast=\"auto\">,<\/span><\/i><\/b><b><i><span data-contrast=\"auto\">\u00a0<\/span><\/i><\/b><b><i><span data-contrast=\"auto\">Xalapa, Ver.<\/span><\/i><\/b><b><i><span data-contrast=\"auto\">\u00a0<\/span><\/i><\/b><span data-contrast=\"auto\">La Universidad Veracruzana (UV)<\/span><span data-contrast=\"auto\">\u00a0y TV UNAM estrenaron la noche del 8 de marzo el documental\u00a0<\/span><i><span data-contrast=\"auto\">Esther sin h<\/span><\/i><span data-contrast=\"auto\">, de Alejandra Islas,\u202f<\/span><span data-contrast=\"auto\">en el marco de la conmemoraci\u00f3n del\u00a0<\/span><span data-contrast=\"auto\">D\u00eda Internacional de la Mujer.<\/span><span data-contrast=\"auto\">\u00a0<\/span><span data-ccp-props=\"{}\">\u00a0<\/span><\/p>\n<p><span data-contrast=\"auto\">Este documental que particip\u00f3 en el 1er Taller de An\u00e1lisis\u00a0<\/span><span data-contrast=\"auto\">\u201c<\/span><span data-contrast=\"auto\">Carlos Velo<\/span><span data-contrast=\"auto\">\u201d<\/span><span data-contrast=\"auto\">\u00a0para la postproducci\u00f3n de largometraje de no\u00a0<\/span><span data-contrast=\"auto\">ficci\u00f3n<\/span><span data-contrast=\"auto\">,\u00a0<\/span><span data-contrast=\"auto\">est\u00e1\u00a0<\/span><span data-contrast=\"auto\">basado<\/span><span data-contrast=\"auto\">\u00a0en el libro\u00a0<\/span><i><span data-contrast=\"auto\">Diario de una madre mutilada<\/span><\/i><span data-contrast=\"auto\">\u00a0de\u202fEst<\/span><span data-contrast=\"auto\">h<\/span><span data-contrast=\"auto\">er Hern\u00e1ndez Palacios,\u00a0<\/span><span data-contrast=\"auto\">acad\u00e9mica e investigadora\u00a0<\/span><span data-contrast=\"auto\">de la Facultad de Letras Espa\u00f1olas\u00a0<\/span><span data-contrast=\"auto\">y<\/span><span data-contrast=\"auto\">\u00a0del Instituto<\/span><span data-contrast=\"auto\">\u00a0de Investigaciones Ling\u00fc\u00edstico-<\/span><span data-contrast=\"auto\">Literarias (IIL-L)<\/span><span data-contrast=\"auto\">.<\/span><span data-ccp-props=\"{&quot;335559731&quot;:708}\">\u00a0<\/span><\/p>\n<p><i><span data-contrast=\"auto\">Esther sin h<\/span><\/i><i><span data-contrast=\"auto\">\u00a0<\/span><\/i><span data-contrast=\"auto\">\u2013<\/span><span data-contrast=\"auto\">coproducido por la UV, TV<\/span><span data-contrast=\"auto\">\u00a0<\/span><span data-contrast=\"auto\">UNAM y Ave de\u00a0<\/span><span data-contrast=\"auto\">P<\/span><span data-contrast=\"auto\">aso\u00a0<\/span><span data-contrast=\"auto\">F<\/span><span data-contrast=\"auto\">ilms<\/span><span data-contrast=\"auto\">\u2013<\/span><span data-contrast=\"auto\">\u00a0<\/span><span data-contrast=\"auto\">refleja<\/span><span data-contrast=\"auto\">\u00a0el<\/span><span data-contrast=\"auto\">\u00a0proceso<\/span><span data-contrast=\"auto\">\u00a0<\/span><span data-contrast=\"auto\">que\u00a0<\/span><span data-contrast=\"auto\">Esther Hern\u00e1ndez Palacios\u00a0<\/span><span data-contrast=\"auto\">ha vivido a ra\u00edz del asesinato de\u00a0<\/span><span data-contrast=\"auto\">su hija Irene M\u00e9ndez<\/span><span data-contrast=\"auto\">, ocurrido en 2010.\u00a0<\/span><span data-ccp-props=\"{&quot;335559731&quot;:708}\">\u00a0<\/span><\/p>\n<p><span data-contrast=\"auto\">La producci\u00f3n audiovisual muestra el testimonio de personas cercanas\u00a0<\/span><span data-contrast=\"auto\">a\u00a0<\/span><span data-contrast=\"auto\">la catedr\u00e1tica\u00a0<\/span><span data-contrast=\"auto\">y\u00a0<\/span><span data-contrast=\"auto\">a la joven fallecida: familiares, amigos, colegas e incluso encargados de librer\u00edas.\u00a0<\/span><span data-ccp-props=\"{&quot;335559731&quot;:708}\">\u00a0<\/span><\/p>\n<p><span data-contrast=\"auto\">Desde diversas posturas<\/span><span data-contrast=\"auto\">,<\/span><span data-contrast=\"auto\">\u00a0ya sea en sus hogares, lugares de trabajo o al participar en una manifestaci\u00f3n, estas personas expresan su sentir por el fallecimiento de Irene y su esposo, y el vac\u00edo que dej\u00f3 su partida.<\/span><span data-ccp-props=\"{&quot;335559731&quot;:708}\">\u00a0<\/span><\/p>\n<p><span data-contrast=\"auto\">Igualmente<\/span><span data-contrast=\"auto\">,<\/span><span data-contrast=\"auto\">\u00a0refleja los movimientos de b\u00fasqueda de desaparecidos\u00a0<\/span><span data-contrast=\"auto\">y c<\/span><span data-contrast=\"auto\">\u00f3<\/span><span data-contrast=\"auto\">mo la<\/span><span data-contrast=\"auto\">\u00a0<\/span><span data-contrast=\"auto\">docente<\/span><span data-contrast=\"auto\">\u00a0se une<\/span><span data-contrast=\"auto\">\u00a0a ellos<\/span><span data-contrast=\"auto\">\u00a0para sobrellevar<\/span><span data-contrast=\"auto\">\u00a0su<\/span><span data-contrast=\"auto\">\u00a0proceso de duelo.<\/span><span data-ccp-props=\"{&quot;335559731&quot;:708}\">\u00a0<\/span><\/p>\n<p><span data-contrast=\"auto\">El documental\u00a0<\/span><span data-contrast=\"auto\">tambi\u00e9n\u00a0<\/span><span data-contrast=\"auto\">retrata\u00a0<\/span><span data-contrast=\"auto\">la terrible violencia que azota al pa\u00eds y particularmente al estado de\u00a0<\/span><span data-contrast=\"auto\">Veracruz<\/span><span data-contrast=\"auto\">,<\/span><span data-contrast=\"auto\">\u00a0y los estragos que ha causado en los familiares y personas cercanas a las<\/span><span data-contrast=\"auto\">\u00a0v\u00edctimas de \u00e9<\/span><span data-contrast=\"auto\">sta, quienes buscan justicia en unos casos y en otros mantienen la esperanza de encontrar a sus seres queridos con vida.<\/span><span data-contrast=\"auto\">\u00a0<\/span><span data-ccp-props=\"{&quot;335559731&quot;:708}\">\u00a0<\/span><\/p>\n<p><span data-contrast=\"auto\">Esther Hern\u00e1ndez comparte c\u00f3<\/span><span data-contrast=\"auto\">mo form\u00f3 su familia nuclear, pero tambi\u00e9n utiliza una franqueza dolorosa al\u00a0<\/span><span data-contrast=\"auto\">manifestar que\u00a0<\/span><span data-contrast=\"auto\">\u201cno cree\u00a0<\/span><span data-contrast=\"auto\">en la justicia del pa\u00eds, pero s\u00ed<\/span><span data-contrast=\"auto\">\u00a0en el poder sanador de las l\u00e1grimas\u201d.\u00a0<\/span><span data-ccp-props=\"{&quot;335559731&quot;:708}\">\u00a0<\/span><\/p>\n<p><span data-contrast=\"auto\">Relata<\/span><span data-contrast=\"auto\">, adem\u00e1s, c\u00f3mo al d\u00eda siguiente del asesinato de su hija<\/span><span data-contrast=\"auto\">, al<\/span><span data-contrast=\"auto\">\u00a0tener que firmar un<\/span><span data-contrast=\"auto\">\u00a0<\/span><span data-contrast=\"auto\">document<\/span><span data-contrast=\"auto\">o<\/span><span data-contrast=\"auto\">, de manera instintiva y natural elimin\u00f3 la h\u00a0<\/span><span data-contrast=\"auto\">de su nombre<\/span><span data-contrast=\"auto\">, suceso al que alude el t\u00edtulo de este documental<\/span><span data-contrast=\"auto\">.<\/span><span data-ccp-props=\"{&quot;335559731&quot;:708}\">\u00a0<\/span><\/p>\n<p><span data-ccp-props=\"{}\">\u00a0<\/span><\/p>\n<div id=\"attachment_93866\" style=\"width: 371px\" class=\"wp-caption aligncenter\"><a href=\"https:\/\/www.uv.mx\/prensa\/files\/2021\/03\/010321-ESTHER-SIN-H-1.jpg\"><img aria-describedby=\"caption-attachment-93866\" decoding=\"async\" loading=\"lazy\" class=\"size-full wp-image-93866\" src=\"https:\/\/www.uv.mx\/prensa\/files\/2021\/03\/010321-ESTHER-SIN-H-1.jpg\" alt=\"\" width=\"361\" height=\"481\" srcset=\"https:\/\/www.uv.mx\/prensa\/files\/2021\/03\/010321-ESTHER-SIN-H-1.jpg 361w, https:\/\/www.uv.mx\/prensa\/files\/2021\/03\/010321-ESTHER-SIN-H-1-225x300.jpg 225w\" sizes=\"(max-width: 361px) 100vw, 361px\" \/><\/a><p id=\"caption-attachment-93866\" class=\"wp-caption-text\"><span data-contrast=\"auto\">La producci\u00f3n se estren\u00f3 a trav\u00e9s de\u00a0<\/span><span data-contrast=\"auto\">TV UNAM<\/span><span data-contrast=\"auto\">,<\/span><span data-contrast=\"auto\">\u00a0con transmisi\u00f3n simult\u00e1nea por<\/span><span data-contrast=\"auto\">\u00a0Tele UV<\/span><span data-ccp-props=\"{}\">\u00a0<\/span><\/p><\/div>\n","protected":false},"excerpt":{"rendered":"<p>El documental\u00a0de Alejandra Islas\u00a0retrata la terrible violencia que azota al pa\u00eds y al estado de Veracruz,\u00a0as\u00ed como\u00a0los estragos que ha causado en los familiares y personas cercanas a las v\u00edctimas\u00a0<\/p>\n","protected":false},"author":1869,"featured_media":94271,"comment_status":"closed","ping_status":"closed","sticky":false,"template":"","format":"standard","meta":[],"categories":[61],"tags":[],"_links":{"self":[{"href":"https:\/\/www.uv.mx\/prensa\/wp-json\/wp\/v2\/posts\/94270"}],"collection":[{"href":"https:\/\/www.uv.mx\/prensa\/wp-json\/wp\/v2\/posts"}],"about":[{"href":"https:\/\/www.uv.mx\/prensa\/wp-json\/wp\/v2\/types\/post"}],"author":[{"embeddable":true,"href":"https:\/\/www.uv.mx\/prensa\/wp-json\/wp\/v2\/users\/1869"}],"replies":[{"embeddable":true,"href":"https:\/\/www.uv.mx\/prensa\/wp-json\/wp\/v2\/comments?post=94270"}],"version-history":[{"count":1,"href":"https:\/\/www.uv.mx\/prensa\/wp-json\/wp\/v2\/posts\/94270\/revisions"}],"predecessor-version":[{"id":94272,"href":"https:\/\/www.uv.mx\/prensa\/wp-json\/wp\/v2\/posts\/94270\/revisions\/94272"}],"wp:featuredmedia":[{"embeddable":true,"href":"https:\/\/www.uv.mx\/prensa\/wp-json\/wp\/v2\/media\/94271"}],"wp:attachment":[{"href":"https:\/\/www.uv.mx\/prensa\/wp-json\/wp\/v2\/media?parent=94270"}],"wp:term":[{"taxonomy":"category","embeddable":true,"href":"https:\/\/www.uv.mx\/prensa\/wp-json\/wp\/v2\/categories?post=94270"},{"taxonomy":"post_tag","embeddable":true,"href":"https:\/\/www.uv.mx\/prensa\/wp-json\/wp\/v2\/tags?post=94270"}],"curies":[{"name":"wp","href":"https:\/\/api.w.org\/{rel}","templated":true}]}}