{"id":94301,"date":"2021-03-10T08:58:39","date_gmt":"2021-03-10T14:58:39","guid":{"rendered":"https:\/\/www.uv.mx\/prensa\/?p=94301"},"modified":"2021-03-10T08:58:39","modified_gmt":"2021-03-10T14:58:39","slug":"osx-ofrecera-un-concierto-para-vientos","status":"publish","type":"post","link":"https:\/\/www.uv.mx\/prensa\/cultura\/osx-ofrecera-un-concierto-para-vientos\/","title":{"rendered":"OSX ofrecer\u00e1 un concierto para vientos"},"content":{"rendered":"<ul>\n<li data-leveltext=\"\uf0b7\" data-font=\"Symbol\" data-listid=\"1\" data-aria-posinset=\"1\" data-aria-level=\"1\"><i><span data-contrast=\"auto\">Interpretar\u00e1 obras <\/span><\/i><i><span data-contrast=\"auto\">de <\/span><\/i><i><span data-contrast=\"auto\">V\u00edctor<\/span><\/i> <i><span data-contrast=\"auto\">Ewald<\/span><\/i><i><span data-contrast=\"auto\"> y Carl<\/span><\/i> <i><span data-contrast=\"auto\">Nielsen<\/span><\/i><i><span data-contrast=\"auto\"> para metales y maderas<\/span><\/i><span data-ccp-props=\"{&quot;134233279&quot;:true}\">\u00a0<\/span><\/li>\n<li data-leveltext=\"\uf0b7\" data-font=\"Symbol\" data-listid=\"1\" data-aria-posinset=\"2\" data-aria-level=\"1\"><em><span data-contrast=\"auto\">Este concierto ser\u00e1 transmitido<\/span> <span data-contrast=\"auto\">el<\/span><span data-contrast=\"auto\"> 12 y 14 de marzo<\/span><span data-contrast=\"auto\">, a trav\u00e9s de <\/span><span data-contrast=\"auto\">Radio UV, <\/span><span data-contrast=\"auto\">y el 17 <\/span><span data-contrast=\"auto\">en los canales <\/span><\/em>YouTube <em><span data-contrast=\"auto\">de la OSXUV y <\/span><span data-contrast=\"auto\">Tele UV<\/span><\/em><\/li>\n<\/ul>\n<p>&nbsp;<\/p>\n<div id=\"attachment_94302\" style=\"width: 321px\" class=\"wp-caption aligncenter\"><a href=\"https:\/\/www.uv.mx\/prensa\/files\/2021\/03\/100321-Eric-Frtitz-OSX.jpg\"><img aria-describedby=\"caption-attachment-94302\" decoding=\"async\" loading=\"lazy\" class=\"size-full wp-image-94302\" src=\"https:\/\/www.uv.mx\/prensa\/files\/2021\/03\/100321-Eric-Frtitz-OSX.jpg\" alt=\"\" width=\"311\" height=\"481\" srcset=\"https:\/\/www.uv.mx\/prensa\/files\/2021\/03\/100321-Eric-Frtitz-OSX.jpg 311w, https:\/\/www.uv.mx\/prensa\/files\/2021\/03\/100321-Eric-Frtitz-OSX-194x300.jpg 194w\" sizes=\"(max-width: 311px) 100vw, 311px\" \/><\/a><p id=\"caption-attachment-94302\" class=\"wp-caption-text\">Eric Fritz, tubista de la OSX (\u00a9Orquesta Sinf\u00f3nica de Xalapa)<\/p><\/div>\n<p>&nbsp;<\/p>\n<p><b><i><span data-contrast=\"auto\">10\/03\/2021, Xalapa, <\/span><\/i><\/b><b><i><span data-contrast=\"auto\">Ver.-<\/span><\/i><\/b> <span data-contrast=\"auto\">La Orquesta Sinf\u00f3nica de Xalapa (OSX) de la Universidad Veracruzana (UV) <\/span><span data-contrast=\"auto\">ofrecer\u00e1<\/span><span data-contrast=\"auto\"> un concierto para alientos<\/span><span data-contrast=\"auto\">,<\/span><span data-contrast=\"auto\"> tanto para metales como para maderas, dedicado a estos instrumentos que pocas veces tienen el recibimiento que merecen.<\/span><span data-ccp-props=\"{}\">\u00a0<\/span><\/p>\n<p><span data-contrast=\"auto\">Este concierto ser\u00e1 transmitido<\/span> <span data-contrast=\"auto\">el<\/span><span data-contrast=\"auto\"> viernes 12 de marzo <\/span><span data-contrast=\"auto\">a las 20:<\/span><span data-contrast=\"auto\">30 <\/span><span data-contrast=\"auto\">horas <\/span><span data-contrast=\"auto\">y domingo 14 a las 12<\/span><span data-contrast=\"auto\">:<\/span><span data-contrast=\"auto\">00, a trav\u00e9s de la frecuencia de <\/span><span data-contrast=\"auto\">Radio UV<\/span><span data-contrast=\"auto\"> (90.5 FM)<\/span><span data-contrast=\"auto\">,<\/span><span data-contrast=\"auto\"> y el mi\u00e9rcoles 17 a <\/span><span data-contrast=\"auto\">las 20:<\/span><span data-contrast=\"auto\">30 en los canales de <\/span><i><span data-contrast=\"auto\">YouTube<\/span><\/i><span data-contrast=\"auto\"> de la OSXUV y <\/span><span data-contrast=\"auto\">Tele UV<\/span><span data-contrast=\"auto\">.<\/span><span data-ccp-props=\"{&quot;335559731&quot;:708}\">\u00a0<\/span><\/p>\n<p><span data-contrast=\"auto\">Escucharemos el <\/span><i><span data-contrast=\"auto\">Quinteto para metales N\u00ba 3 en Re bemol Mayor<\/span><\/i><span data-contrast=\"auto\"> de <\/span><span data-contrast=\"auto\">V\u00edctor Ewald<\/span><span data-contrast=\"auto\">, quien<\/span><span data-contrast=\"auto\"> naci\u00f3 en San Petersburgo en 1860 y falleci\u00f3 en Leningrado en 1935. Su vida profesional, como la de muchos de sus contempor\u00e1neos musicales, se desarroll\u00f3 en un campo completamente diferente: <\/span><span data-contrast=\"auto\">en la ingenier\u00eda civil.<\/span><span data-ccp-props=\"{&quot;335559731&quot;:708}\">\u00a0<\/span><\/p>\n<p><span data-contrast=\"auto\">Fue un destacado investigador,<\/span><span data-contrast=\"auto\"> tambi\u00e9n <\/span><span data-contrast=\"auto\">fue profesor y director de la Facultad de Materiales de Construcci\u00f3n del Instituto de Ingenieros de su pa\u00eds<\/span><span data-contrast=\"auto\">;<\/span> <span data-contrast=\"auto\">s<\/span><span data-contrast=\"auto\">in embargo, los m\u00fasicos int\u00e9rpretes de instrumentos de bronce, o vientos metales, valoran como un gran legado suyo una serie de quintetos que se han convertido en repertorio b\u00e1sico y especial, que en la actualidad contin\u00faan<\/span> <span data-contrast=\"auto\">siendo ejemplos representativos de literatura original en el estilo rom\u00e1ntico.<\/span><span data-ccp-props=\"{&quot;335559731&quot;:708}\">\u00a0<\/span><\/p>\n<p><span data-contrast=\"none\">E<\/span><span data-contrast=\"none\">l dan\u00e9s Carl <\/span><span data-contrast=\"none\">Nielsen<\/span><span data-contrast=\"none\"> demostr\u00f3 un extra\u00f1o talento para las personalidades distintivas de los instrumentos de viento en sus partituras m\u00e1s grandes, y fue su deseo componer una serie de conciertos para cada uno de los int\u00e9rpretes del Quinteto de Viento de Copenhague; tristemente, vivi\u00f3 para terminar s\u00f3lo dos de esas obras, el Concierto para Flauta<\/span><span data-contrast=\"none\"> y el Concierto para Clarinete.<\/span><span data-ccp-props=\"{&quot;335559731&quot;:708}\">\u00a0<\/span><\/p>\n","protected":false},"excerpt":{"rendered":"<p>Este concierto ser\u00e1 transmitido el 12 y 14 de marzo, a trav\u00e9s de Radio UV, y el 17 en los canales <em>YouTube<\/em> de la OSXUV y Tele UV<\/p>\n","protected":false},"author":1508,"featured_media":70157,"comment_status":"closed","ping_status":"closed","sticky":false,"template":"","format":"standard","meta":[],"categories":[11,47],"tags":[],"_links":{"self":[{"href":"https:\/\/www.uv.mx\/prensa\/wp-json\/wp\/v2\/posts\/94301"}],"collection":[{"href":"https:\/\/www.uv.mx\/prensa\/wp-json\/wp\/v2\/posts"}],"about":[{"href":"https:\/\/www.uv.mx\/prensa\/wp-json\/wp\/v2\/types\/post"}],"author":[{"embeddable":true,"href":"https:\/\/www.uv.mx\/prensa\/wp-json\/wp\/v2\/users\/1508"}],"replies":[{"embeddable":true,"href":"https:\/\/www.uv.mx\/prensa\/wp-json\/wp\/v2\/comments?post=94301"}],"version-history":[{"count":1,"href":"https:\/\/www.uv.mx\/prensa\/wp-json\/wp\/v2\/posts\/94301\/revisions"}],"predecessor-version":[{"id":94303,"href":"https:\/\/www.uv.mx\/prensa\/wp-json\/wp\/v2\/posts\/94301\/revisions\/94303"}],"wp:featuredmedia":[{"embeddable":true,"href":"https:\/\/www.uv.mx\/prensa\/wp-json\/wp\/v2\/media\/70157"}],"wp:attachment":[{"href":"https:\/\/www.uv.mx\/prensa\/wp-json\/wp\/v2\/media?parent=94301"}],"wp:term":[{"taxonomy":"category","embeddable":true,"href":"https:\/\/www.uv.mx\/prensa\/wp-json\/wp\/v2\/categories?post=94301"},{"taxonomy":"post_tag","embeddable":true,"href":"https:\/\/www.uv.mx\/prensa\/wp-json\/wp\/v2\/tags?post=94301"}],"curies":[{"name":"wp","href":"https:\/\/api.w.org\/{rel}","templated":true}]}}