{"id":94340,"date":"2021-03-10T19:40:52","date_gmt":"2021-03-11T01:40:52","guid":{"rendered":"https:\/\/www.uv.mx\/prensa\/?p=94340"},"modified":"2021-03-12T09:38:21","modified_gmt":"2021-03-12T15:38:21","slug":"foro-academico-de-la-filu-2021-continua-jueves-y-viernes","status":"publish","type":"post","link":"https:\/\/www.uv.mx\/prensa\/banner\/foro-academico-de-la-filu-2021-continua-jueves-y-viernes\/","title":{"rendered":"Foro Acad\u00e9mico de la FILU 2021 contin\u00faa jueves y viernes"},"content":{"rendered":"<ul>\n<li data-leveltext=\"\uf0b7\" data-font=\"Symbol\" data-listid=\"1\" data-aria-posinset=\"1\" data-aria-level=\"1\"><i><span data-contrast=\"auto\">Participar\u00e1n\u00a0<\/span><\/i><i><span data-contrast=\"auto\">personalidades que recibieron la<\/span><\/i><i><span data-contrast=\"auto\">\u00a0Medalla al M\u00e9rito\u00a0<\/span><\/i><i><span data-contrast=\"auto\">UV\u00a0<\/span><\/i><i><span data-contrast=\"auto\">en<\/span><\/i><i><span data-contrast=\"auto\">\u00a0esta edici\u00f3n<\/span><\/i><i><span data-contrast=\"auto\">,<\/span><\/i><i><span data-contrast=\"auto\">\u00a0comunidad acad\u00e9mica de\u00a0<\/span><\/i><i><span data-contrast=\"auto\">esta casa de estudios<\/span><\/i><i><span data-contrast=\"auto\">\u00a0y de otras instituciones del pa\u00eds y del extranjero<\/span><\/i><span data-ccp-props=\"{&quot;134233279&quot;:true}\">\u00a0<\/span><\/li>\n<\/ul>\n<p><span data-ccp-props=\"{}\">\u00a0<\/span><\/p>\n<div id=\"attachment_94341\" style=\"width: 732px\" class=\"wp-caption aligncenter\"><a href=\"https:\/\/www.uv.mx\/prensa\/files\/2021\/03\/100321-Foro-acadeemico-1-100k.jpg\"><img aria-describedby=\"caption-attachment-94341\" decoding=\"async\" loading=\"lazy\" class=\"size-full wp-image-94341\" src=\"https:\/\/www.uv.mx\/prensa\/files\/2021\/03\/100321-Foro-acadeemico-1-100k.jpg\" alt=\"El jueves est\u00e1n contempladas cinco actividades \" width=\"722\" height=\"589\" srcset=\"https:\/\/www.uv.mx\/prensa\/files\/2021\/03\/100321-Foro-acadeemico-1-100k.jpg 722w, https:\/\/www.uv.mx\/prensa\/files\/2021\/03\/100321-Foro-acadeemico-1-100k-300x245.jpg 300w\" sizes=\"(max-width: 722px) 100vw, 722px\" \/><\/a><p id=\"caption-attachment-94341\" class=\"wp-caption-text\">El jueves est\u00e1n contempladas cinco actividades<\/p><\/div>\n<p>&nbsp;<\/p>\n<p><b><i><span data-contrast=\"auto\">Karina de la Paz Reyes D\u00edaz<\/span><\/i><\/b><span data-ccp-props=\"{}\">\u00a0<\/span><\/p>\n<p><b><i><span data-contrast=\"auto\">10\/03\/2021, Xalapa,\u00a0Ver.-<\/span><\/i><\/b><span data-contrast=\"auto\">\u00a0<\/span><span data-contrast=\"auto\">L<\/span><span data-contrast=\"auto\">as actividades del Foro Acad\u00e9mic<\/span><span data-contrast=\"auto\">o<\/span><span data-contrast=\"auto\">\u00a0\u201cSaberes ancestrales. Realidades virtuales\u201d<\/span><span data-contrast=\"auto\">,\u00a0<\/span><span data-contrast=\"auto\">realizado\u00a0<\/span><span data-contrast=\"auto\">en el marco de la <a href=\"https:\/\/filu.uv.mx\/\" target=\"_blank\" rel=\"noopener\">Feria Internacional del Libro Universitario<\/a> (FILU)\u00a0<\/span><span data-contrast=\"auto\">Virtual 2021<\/span><span data-contrast=\"auto\">\u00a0de la Universidad Veracruzana<\/span><span data-contrast=\"auto\">\u00a0(UV)<\/span><span data-contrast=\"auto\">,<\/span><span data-contrast=\"auto\">\u00a0<\/span><span data-contrast=\"auto\">contin\u00faan el jueves 11 y el viernes 12 de marzo,\u00a0<\/span><span data-contrast=\"auto\">con transmisi\u00f3n en vivo a\u00a0<\/span><span data-contrast=\"auto\">trav\u00e9s de<\/span><span data-contrast=\"auto\">\u00a0<\/span><i><span data-contrast=\"auto\">Facebook<\/span><\/i><span data-contrast=\"auto\">.<\/span><span data-ccp-props=\"{}\">\u00a0<\/span><\/p>\n<p><span data-contrast=\"auto\">Este jueves, a las 12:00 horas, se desarrollar\u00e1 un conversatorio<\/span><span data-contrast=\"auto\">\u00a0<\/span><span data-contrast=\"auto\">entre\u00a0<\/span><span data-contrast=\"auto\">Liljana<\/span><span data-contrast=\"auto\">\u00a0<\/span><span data-contrast=\"auto\">Arsovska<\/span><span data-contrast=\"auto\">, del Centro de Estudios de Asia y \u00c1frica de El Colegio de M\u00e9xico; Enrique\u00a0<\/span><span data-contrast=\"auto\">Dussel<\/span><span data-contrast=\"auto\">, profesor del\u00a0<\/span><span data-contrast=\"auto\">p<\/span><span data-contrast=\"auto\">osgrado de Econom\u00eda de la U<\/span><span data-contrast=\"auto\">niversidad\u00a0<\/span><span data-contrast=\"auto\">N<\/span><span data-contrast=\"auto\">acional\u00a0<\/span><span data-contrast=\"auto\">A<\/span><span data-contrast=\"auto\">ut\u00f3noma de\u00a0<\/span><span data-contrast=\"auto\">M<\/span><span data-contrast=\"auto\">\u00e9xico (UNAM),<\/span><span data-contrast=\"auto\">\u00a0y\u00a0<\/span><span data-contrast=\"auto\">Lothar<\/span><span data-contrast=\"auto\">\u00a0<\/span><span data-contrast=\"auto\">Knauth<\/span><span data-contrast=\"auto\">, del Programa Universitario de Estudios sobre Asia y \u00c1frica de la UNAM<\/span><span data-contrast=\"auto\">, m<\/span><span data-contrast=\"auto\">odera<\/span><span data-contrast=\"auto\">dos por<\/span><span data-contrast=\"auto\">\u00a0Germ\u00e1n Mart\u00ednez Aceves, coordinador de la FILU<\/span><span data-contrast=\"auto\">.<\/span><span data-ccp-props=\"{}\">\u00a0<\/span><\/p>\n<p><span data-contrast=\"auto\">\u201c<\/span><span data-contrast=\"auto\">Las\u00a0<\/span><span data-contrast=\"auto\">i<\/span><span data-contrast=\"auto\">nstituciones de\u00a0<\/span><span data-contrast=\"auto\">e<\/span><span data-contrast=\"auto\">ducaci\u00f3n\u00a0<\/span><span data-contrast=\"auto\">superior en M\u00e9xico,\u00a0<\/span><span data-contrast=\"auto\">como la UNAM y El Colegio de M\u00e9xico, han sido pioneras en los estudios sobre<\/span><span data-contrast=\"auto\">\u00a0las interrelaciones entre Asia<\/span><span data-contrast=\"auto\">\u00a0<\/span><span data-contrast=\"auto\">\u2013<\/span><span data-contrast=\"auto\">principalmente China<\/span><span data-contrast=\"auto\">\u2013<\/span><span data-contrast=\"auto\">\u00a0y nuestro pa\u00eds. Los tres destacados acad\u00e9micos que participan en\u00a0<\/span><span data-contrast=\"auto\">esta mesa<\/span><span data-contrast=\"auto\">\u00a0son parte del grupo de expertos que han realizado investigaciones desde los temas de la econom\u00eda, la pol\u00edtica, la cultura y la traducci\u00f3n<\/span><span data-contrast=\"auto\">\u201d, plantea el programa.<\/span><span data-ccp-props=\"{&quot;335559731&quot;:708}\">\u00a0<\/span><\/p>\n<p><span data-contrast=\"auto\">Se trata de tres personalidades que en esta edici\u00f3n de la FILU recibieron la Medalla al M\u00e9rito de la UV, por sus contribuciones y trayectoria acad\u00e9mica.<\/span><span data-ccp-props=\"{&quot;335559731&quot;:708}\">\u00a0<\/span><\/p>\n<p><span data-contrast=\"auto\">A las 13:00 horas,\u00a0<\/span><span data-contrast=\"auto\">tendr\u00e1 lugar la Mesa 4\u00a0<\/span><span data-contrast=\"auto\">\u201c<\/span><span data-contrast=\"auto\">Direcci\u00f3n General de Investigaciones. Instituto de Investigaciones y Estudios\u00a0<\/span><span data-contrast=\"auto\">Superiores<\/span><span data-contrast=\"auto\">\u00a0Econ\u00f3micos<\/span><span data-contrast=\"auto\">\u00a0y Sociales<\/span><span data-contrast=\"auto\">\u201d<\/span><span data-contrast=\"auto\">, cuya tem\u00e1tica ser\u00e1<\/span><span data-contrast=\"auto\">\u00a0\u201cReformulaci\u00f3n de la vida\u00a0post-<\/span><span data-contrast=\"auto\">covid<\/span><span data-contrast=\"auto\">: perspectivas internacionales en Jap\u00f3n, Estados Unidos y M\u00e9xico<\/span><span data-contrast=\"auto\">\u201d.<\/span><span data-ccp-props=\"{}\">\u00a0<\/span><\/p>\n<p><span data-contrast=\"auto\">Los planteamientos versar\u00e1n sobre\u00a0<\/span><span data-contrast=\"auto\">Jap\u00f3n y sus pol\u00edticas p\u00fablicas en los escenarios pand\u00e9micos y el manejo de la crisis sanitaria para la organizaci\u00f3n de los Juegos Ol\u00edmpicos\u00a0<\/span><span data-contrast=\"auto\">(programados del 23 de julio al 8 de agosto de 2021 en Tokio, Jap\u00f3n);<\/span><span data-contrast=\"auto\">\u00a0las\u00a0<\/span><span data-contrast=\"auto\">c<\/span><span data-contrast=\"auto\">onsecuencias de la pandemia en el sistema educativo de Estados Unidos y participaci\u00f3n con un grupo de estudio de Oaxaca llamado \u201cRepensar la pandemia\u201d<\/span><span data-contrast=\"auto\">, cuya intenci\u00f3n es m<\/span><span data-contrast=\"auto\">ostrar la interrelaci\u00f3n entre M\u00e9xico y los pa\u00edses anteriores, su conocimiento abierto y escenari<\/span><span data-contrast=\"auto\">os\u00a0<\/span><span data-contrast=\"auto\">post-<\/span><span data-contrast=\"auto\">covid<\/span><span data-contrast=\"auto\">\u00a0para el crecimiento de las econom\u00edas, i<\/span><span data-contrast=\"auto\">ndustria, educaci\u00f3n y sociedad.<\/span><span data-ccp-props=\"{&quot;335559731&quot;:708}\">\u00a0<\/span><\/p>\n<p><span data-contrast=\"auto\">Participa<\/span><span data-contrast=\"auto\">r\u00e1n:<\/span><span data-contrast=\"auto\">\u00a0<\/span><span data-contrast=\"auto\">Sue<\/span><span data-contrast=\"auto\">\u00a0<\/span><span data-contrast=\"auto\">Kasun<\/span><span data-contrast=\"auto\">, del Centro de Educaci\u00f3n Trasnacional y Multiling\u00fce de la Universidad Estatal de Georgia; Martha Loaiza Becerra, del Centro de Estudios e Investigaciones sobre la Cuenca del Pac\u00edfico de la Universidad de Colima<\/span><span data-contrast=\"auto\">,<\/span><span data-contrast=\"auto\">\u00a0y Carlos Medel Ram\u00edrez, del Instituto de Investigaciones y Estudios Superiores Econ\u00f3micos y Sociales (IIESES) de la UV<\/span><span data-contrast=\"auto\">, moderados por el director de \u00e9ste,\u00a0<\/span><span data-contrast=\"auto\">Jos\u00e9 Luis P\u00e9rez Chac\u00f3n<\/span><span data-contrast=\"auto\">.<\/span><span data-ccp-props=\"{&quot;335559731&quot;:708}\">\u00a0<\/span><\/p>\n<p><span data-contrast=\"auto\">A las 14:00 horas\u00a0<\/span><span data-contrast=\"auto\">est\u00e1 programada\u00a0<\/span><span data-contrast=\"auto\">la Mesa 5<\/span><span data-contrast=\"auto\">\u00a0<\/span><span data-contrast=\"auto\">\u201c<\/span><span data-contrast=\"auto\">Direcci\u00f3n General de Investigaciones. Instituto de Investigaciones Jur\u00eddicas<\/span><span data-contrast=\"auto\">\u201d<\/span><span data-contrast=\"auto\">, cuyo tema versar\u00e1 sobre \u201c<\/span><span data-contrast=\"auto\">Ense\u00f1anza universitaria en tiempos de pandemia de China, Taiw\u00e1n y M\u00e9xico<\/span><span data-contrast=\"auto\">\u201d.<\/span><span data-ccp-props=\"{&quot;335559731&quot;:708}\">\u00a0<\/span><\/p>\n<p><span data-contrast=\"auto\">Ah\u00ed participar\u00e1n Francisco Javier Haro\u00a0<\/span><span data-contrast=\"auto\">Navejas<\/span><span data-contrast=\"auto\">, de la Facultad de Econom\u00eda de la Universidad de Colima; Jos\u00e9 Francisco B\u00e1ez Corona<\/span><span data-contrast=\"auto\">\u00a0<\/span><span data-contrast=\"auto\">y Ana Lilia Ulloa Cu\u00e9llar,\u00a0<\/span><span data-contrast=\"auto\">ambos\u00a0<\/span><span data-contrast=\"auto\">del Instituto de Investigaciones Jur\u00eddicas de la UV<\/span><span data-contrast=\"auto\">, m<\/span><span data-contrast=\"auto\">odera<\/span><span data-contrast=\"auto\">dos por<\/span><span data-contrast=\"auto\">\u00a0Mauricio\u00a0<\/span><span data-contrast=\"auto\">Lascur\u00e1in<\/span><span data-contrast=\"auto\">\u00a0Fern\u00e1ndez<\/span><span data-contrast=\"auto\">,<\/span><span data-contrast=\"auto\">\u00a0tambi\u00e9n de\u00a0<\/span><span data-contrast=\"auto\">e<\/span><span data-contrast=\"auto\">ste<\/span><span data-contrast=\"auto\">\u00a0<\/span><span data-contrast=\"auto\">i<\/span><span data-contrast=\"auto\">nstituto.<\/span><span data-ccp-props=\"{&quot;335559731&quot;:708}\">\u00a0<\/span><\/p>\n<p><span data-contrast=\"auto\">Para<\/span><span data-contrast=\"auto\">\u00a0las 17:00 horas<\/span><span data-contrast=\"auto\">\u00a0est\u00e1 programada la Mesa 6\u00a0<\/span><span data-contrast=\"auto\">\u201c<\/span><span data-contrast=\"auto\">\u00c1rea\u00a0<\/span><span data-contrast=\"auto\">Acad\u00e9mica Biol\u00f3gico-<\/span><span data-contrast=\"auto\">Agropecuaria<\/span><span data-contrast=\"auto\">\u201d<\/span><span data-contrast=\"auto\">, titulada\u00a0<\/span><span data-contrast=\"auto\">\u201c<\/span><span data-contrast=\"auto\">Di\u00e1logo de saberes y sustentabilidad<\/span><span data-contrast=\"auto\">\u201d, con la participaci\u00f3n de Mar\u00eda de los \u00c1ngeles Chamorro Z\u00e1rate, coordinadora de la Maestr\u00eda en Gesti\u00f3n Ambiental para la Sustentabilidad de la UV; Edu<\/span><span data-contrast=\"auto\">ardo Salvador L\u00f3pez Hern\u00e1ndez, i<\/span><span data-contrast=\"auto\">nvestigador de la Universidad Ju\u00e1rez Aut\u00f3noma de Tabasco<\/span><span data-contrast=\"auto\">,<\/span><span data-contrast=\"auto\">\u00a0y Roberto Mu\u00f1oz Cruz, consultor de\u00a0<\/span><span data-contrast=\"auto\">Uexotl<\/span><span data-contrast=\"auto\">,<\/span><span data-contrast=\"auto\">\u00a0A<\/span><span data-contrast=\"auto\">.<\/span><span data-contrast=\"auto\">C. Modera<\/span><span data-contrast=\"auto\">r\u00e1<\/span><span data-contrast=\"auto\">\u00a0Joaqu\u00edn Jim\u00e9nez Huerta, docente de la Facultad de Biolog\u00eda de la UV.<\/span><span data-ccp-props=\"{&quot;335559731&quot;:708}\">\u00a0<\/span><\/p>\n<p><span data-contrast=\"auto\">A las 18:30<\/span><span data-contrast=\"auto\">\u00a0horas<\/span><span data-contrast=\"auto\">\u00a0tendr\u00e1 lugar la Mesa 7\u00a0<\/span><span data-contrast=\"auto\">\u201c<\/span><span data-contrast=\"auto\">\u00c1rea Acad\u00e9mica Econ\u00f3mico-Administrativa<\/span><span data-contrast=\"auto\">\u201d<\/span><span data-contrast=\"auto\">, con el tema\u00a0<\/span><span data-contrast=\"auto\">\u201cTendencias para la gesti\u00f3n de organizaciones inteligentes\u201d<\/span><span data-contrast=\"auto\">, con la participaci\u00f3n de Rafael Leonardo Ochoa Urrego, de la Universidad Nacional de Colombia; Rafael Alberto\u00a0<\/span><span data-contrast=\"auto\">Castellot<\/span><span data-contrast=\"auto\">\u00a0<\/span><span data-contrast=\"auto\">Rafful<\/span><span data-contrast=\"auto\">, coordinador de Posgrado de la Universidad La Salle<\/span><span data-contrast=\"auto\">,<\/span><span data-contrast=\"auto\">\u00a0y H\u00e9ctor Manuel Villanueva\u00a0<\/span><span data-contrast=\"auto\">Lendechy<\/span><span data-contrast=\"auto\">, coordinador del Doctorado en Administraci\u00f3n de la Universidad Iberoamericana-Puebla. Modera<\/span><span data-contrast=\"auto\">r\u00e1<\/span><span data-contrast=\"auto\">\u00a0Luis Fernando Villafuerte, acad\u00e9mico de la Facultad de Ciencias Administrativas y Sociales de la UV.<\/span><\/p>\n<div id=\"attachment_94342\" style=\"width: 732px\" class=\"wp-caption aligncenter\"><a href=\"https:\/\/www.uv.mx\/prensa\/files\/2021\/03\/100321-Foro-acadeemico-2-100k.jpg\"><img aria-describedby=\"caption-attachment-94342\" decoding=\"async\" loading=\"lazy\" class=\"size-full wp-image-94342\" src=\"https:\/\/www.uv.mx\/prensa\/files\/2021\/03\/100321-Foro-acadeemico-2-100k.jpg\" alt=\"El viernes tendr\u00e1n lugar cuatro actividades \" width=\"722\" height=\"588\" srcset=\"https:\/\/www.uv.mx\/prensa\/files\/2021\/03\/100321-Foro-acadeemico-2-100k.jpg 722w, https:\/\/www.uv.mx\/prensa\/files\/2021\/03\/100321-Foro-acadeemico-2-100k-300x244.jpg 300w, https:\/\/www.uv.mx\/prensa\/files\/2021\/03\/100321-Foro-acadeemico-2-100k-100x80.jpg 100w\" sizes=\"(max-width: 722px) 100vw, 722px\" \/><\/a><p id=\"caption-attachment-94342\" class=\"wp-caption-text\">El viernes tendr\u00e1n lugar cuatro actividades<\/p><\/div>\n<p><b><span data-contrast=\"auto\">El viernes<\/span><\/b><span data-ccp-props=\"{}\"><br \/>\n<\/span><span data-contrast=\"auto\">El viernes 12 de marzo l<\/span><span data-contrast=\"auto\">as actividades inicia<\/span><span data-contrast=\"auto\">r\u00e1<\/span><span data-contrast=\"auto\">n\u00a0<\/span><span data-contrast=\"auto\">a las 12:00 horas con\u00a0<\/span><span data-contrast=\"auto\">un conversatorio en el que participar\u00e1n Natalio Hern\u00e1ndez y Arturo G\u00f3mez Mart\u00ednez,\u00a0<\/span><span data-contrast=\"auto\">ambos tambi\u00e9n condecorados con la Medalla al M\u00e9rito UV,\u00a0<\/span><span data-contrast=\"auto\">moderados por\u00a0<\/span><span data-contrast=\"auto\">Germ\u00e1n\u00a0<\/span><span data-contrast=\"auto\">Mart\u00ednez.<\/span><span data-ccp-props=\"{}\">\u00a0<\/span><\/p>\n<p><span data-contrast=\"auto\">\u201cProfundos conocedores de las culturas de los pueblos originarios, Natalio Hern\u00e1ndez y Arturo G\u00f3mez Mart\u00ednez exponen sus experiencias y estudios sobre los saberes ancestrales y su pervivencia en el siglo XXI<\/span><span data-contrast=\"auto\">\u201d, adelanta el programa.<\/span><span data-ccp-props=\"{&quot;335559731&quot;:708}\">\u00a0<\/span><\/p>\n<p><span data-contrast=\"auto\">A la<\/span><span data-contrast=\"auto\">\u00a013:30\u00a0<\/span><span data-contrast=\"auto\">horas\u00a0<\/span><span data-contrast=\"auto\">en la Mesa 8\u00a0<\/span><span data-contrast=\"auto\">\u201c<\/span><span data-contrast=\"auto\">\u00c1rea\u00a0<\/span><span data-contrast=\"auto\">A<\/span><span data-contrast=\"auto\">cad\u00e9mica de Ciencias de la Salud<\/span><span data-contrast=\"auto\">\u201d<\/span><span data-contrast=\"auto\">\u00a0se desarrollar\u00e1 el tema \u201cLa cultura china y la salud en M\u00e9xico\u201d<\/span><span data-contrast=\"auto\">, con la<\/span><span data-contrast=\"auto\">\u00a0<\/span><span data-contrast=\"auto\">participa<\/span><span data-contrast=\"auto\">ci\u00f3n de\u00a0<\/span><span data-contrast=\"auto\">Jes\u00fas\u00a0<\/span><span data-contrast=\"auto\">Lau<\/span><span data-contrast=\"auto\">\u00a0Noriega, de la Facultad de Pedagog\u00eda,\u00a0<\/span><span data-contrast=\"auto\">regi\u00f3n Veracruz<\/span><span data-contrast=\"auto\">; Arturo Gil Guti\u00e9rrez Wong, de la Facultad de Medicina,\u00a0<\/span><span data-contrast=\"auto\">regi\u00f3n\u00a0<\/span><span data-contrast=\"auto\">Veracruz, y Nancy Ram\u00edrez Aburto, de la Facultad de Nutrici\u00f3n<\/span><span data-contrast=\"auto\">, moderados por\u00a0<\/span><span data-contrast=\"auto\">Manuel Sa<\/span><span data-contrast=\"auto\">iz Calder\u00f3n, de la Facultad de Medicina,\u00a0<\/span><span data-contrast=\"auto\">regi\u00f3n\u00a0<\/span><span data-contrast=\"auto\">Veracruz<\/span><span data-contrast=\"auto\">.<\/span><span data-ccp-props=\"{&quot;335559731&quot;:708}\">\u00a0<\/span><\/p>\n<p><span data-contrast=\"auto\">A las 17: 00 horas,\u00a0<\/span><span data-contrast=\"auto\">en la Mesa 9<\/span><span data-contrast=\"auto\">\u00a0<\/span><span data-contrast=\"auto\">\u201c<\/span><span data-contrast=\"auto\">\u00c1rea Acad\u00e9mica de Artes<\/span><span data-contrast=\"auto\">\u201d<\/span><span data-contrast=\"auto\">\u00a0se hablar\u00e1 de\u00a0<\/span><span data-contrast=\"auto\">\u201cTradici\u00f3n, s\u00edmbolo y ritualidad\u201d,\u00a0<\/span><span data-contrast=\"auto\">por parte de Adriana\u00a0<\/span><span data-contrast=\"auto\">Duch<\/span><span data-contrast=\"auto\">\u00a0y Domingo Adame, de la Facultad de Teatro<\/span><span data-contrast=\"auto\">,<\/span><span data-contrast=\"auto\">\u00a0y No\u00e9\u00a0<\/span><span data-contrast=\"auto\">Capistr\u00e1n<\/span><span data-contrast=\"auto\">,<\/span><span data-contrast=\"auto\">\u00a0de la Faculta de Artes Pl\u00e1sticas<\/span><span data-contrast=\"auto\">, con la m<\/span><span data-contrast=\"auto\">odera<\/span><span data-contrast=\"auto\">ci\u00f3n de<\/span><span data-contrast=\"auto\">\u00a0Isabel Ladr\u00f3n de Guevara, de la Facultad de M\u00fasica.<\/span><span data-ccp-props=\"{&quot;335559731&quot;:708}\">\u00a0<\/span><\/p>\n<p><span data-contrast=\"auto\">La \u00faltima actividad del Foro ser\u00e1\u00a0<\/span><span data-contrast=\"auto\">la Mesa 10\u00a0<\/span><span data-contrast=\"auto\">\u201c<\/span><span data-contrast=\"auto\">UVI<\/span><span data-contrast=\"auto\">\u201d<\/span><span data-contrast=\"auto\">, cuya tem\u00e1tica es \u201cPermanencias, cambios y continuidades de la cosmovisi\u00f3n mesoamericana: patrimonio vivo\u201d<\/span><span data-contrast=\"auto\">, a las 18:30 horas.<\/span><span data-ccp-props=\"{&quot;335559731&quot;:708}\">\u00a0<\/span><\/p>\n<p><span data-contrast=\"auto\">Ah\u00ed participar\u00e1n Sergio V\u00e1squez Z\u00e1rate, de la Facultad de Antropolog\u00eda; Mario Constantino\u00a0<\/span><span data-contrast=\"auto\">Toto<\/span><span data-contrast=\"auto\">, jefe del Departamento de Culturas Populares del Instituto Veracruzano de la Cultura; Rafael Nava Vite, coordinador de la Maestr<\/span><span data-contrast=\"auto\">\u00eda\u00a0<\/span><span data-contrast=\"auto\">Ipan<\/span><span data-contrast=\"auto\">\u00a0<\/span><span data-contrast=\"auto\">Totlahtol<\/span><span data-contrast=\"auto\">\u00a0<\/span><span data-contrast=\"auto\">Iwan<\/span><span data-contrast=\"auto\">\u00a0<\/span><span data-contrast=\"auto\">Tonemilis<\/span><span data-contrast=\"auto\">,<\/span><span data-contrast=\"auto\">\u00a0y Adriana Aurora \u00c1vila Pardo, docente de la Universidad Veracruzana Intercultural.<\/span><span data-contrast=\"auto\">\u00a0<\/span><span data-contrast=\"auto\">Modera<\/span><span data-contrast=\"auto\">r\u00e1<\/span><span data-contrast=\"auto\">\u00a0<\/span><span data-contrast=\"auto\">la directora general de \u00e9sta,<\/span><span data-contrast=\"auto\">\u00a0Lourdes\u00a0Budar<\/span><span data-contrast=\"auto\">.<\/span><span data-ccp-props=\"{&quot;335559731&quot;:708}\">\u00a0<\/span><\/p>\n","protected":false},"excerpt":{"rendered":"<p>Participar\u00e1n personalidades que recibieron la Medalla al M\u00e9rito UV en esta edici\u00f3n, comunidad acad\u00e9mica de esta casa de estudios y de otras instituciones del pa\u00eds y del extranjero <\/p>\n","protected":false},"author":1775,"featured_media":94343,"comment_status":"closed","ping_status":"closed","sticky":false,"template":"","format":"standard","meta":[],"categories":[61],"tags":[1366,258,1773,1774,1671],"_links":{"self":[{"href":"https:\/\/www.uv.mx\/prensa\/wp-json\/wp\/v2\/posts\/94340"}],"collection":[{"href":"https:\/\/www.uv.mx\/prensa\/wp-json\/wp\/v2\/posts"}],"about":[{"href":"https:\/\/www.uv.mx\/prensa\/wp-json\/wp\/v2\/types\/post"}],"author":[{"embeddable":true,"href":"https:\/\/www.uv.mx\/prensa\/wp-json\/wp\/v2\/users\/1775"}],"replies":[{"embeddable":true,"href":"https:\/\/www.uv.mx\/prensa\/wp-json\/wp\/v2\/comments?post=94340"}],"version-history":[{"count":1,"href":"https:\/\/www.uv.mx\/prensa\/wp-json\/wp\/v2\/posts\/94340\/revisions"}],"predecessor-version":[{"id":94430,"href":"https:\/\/www.uv.mx\/prensa\/wp-json\/wp\/v2\/posts\/94340\/revisions\/94430"}],"wp:featuredmedia":[{"embeddable":true,"href":"https:\/\/www.uv.mx\/prensa\/wp-json\/wp\/v2\/media\/94343"}],"wp:attachment":[{"href":"https:\/\/www.uv.mx\/prensa\/wp-json\/wp\/v2\/media?parent=94340"}],"wp:term":[{"taxonomy":"category","embeddable":true,"href":"https:\/\/www.uv.mx\/prensa\/wp-json\/wp\/v2\/categories?post=94340"},{"taxonomy":"post_tag","embeddable":true,"href":"https:\/\/www.uv.mx\/prensa\/wp-json\/wp\/v2\/tags?post=94340"}],"curies":[{"name":"wp","href":"https:\/\/api.w.org\/{rel}","templated":true}]}}