{"id":94399,"date":"2021-03-11T18:50:07","date_gmt":"2021-03-12T00:50:07","guid":{"rendered":"https:\/\/www.uv.mx\/prensa\/?p=94399"},"modified":"2021-03-12T09:29:28","modified_gmt":"2021-03-12T15:29:28","slug":"expo-orienta-posgrado-uv-continua-este-viernes","status":"publish","type":"post","link":"https:\/\/www.uv.mx\/prensa\/banner\/expo-orienta-posgrado-uv-continua-este-viernes\/","title":{"rendered":"Expo Orienta Posgrado UV contin\u00faa este viernes"},"content":{"rendered":"<style type=\"text\/css\">\n  blockquote p { color: #28519b; font-family: helvetica; font-size: 1.4em; }<br \/><\/style>\n<ul>\n<li data-leveltext=\"\uf0b7\" data-font=\"Symbol\" data-listid=\"2\" data-aria-posinset=\"1\" data-aria-level=\"1\"><i><span data-contrast=\"auto\">La instituci\u00f3n\u00a0<\/span><\/i><i><span data-contrast=\"auto\">tiene 151 programas de\u00a0<\/span><\/i><i><span data-contrast=\"auto\">este nivel<\/span><\/i><i><span data-contrast=\"auto\">, distribuidos en las cinco regiones universitarias<\/span><\/i><span data-ccp-props=\"{&quot;134233279&quot;:true}\">\u00a0<\/span><\/li>\n<\/ul>\n<p><span data-ccp-props=\"{}\">\u00a0<\/span><\/p>\n<div id=\"attachment_94400\" style=\"width: 732px\" class=\"wp-caption aligncenter\"><a href=\"https:\/\/www.uv.mx\/prensa\/files\/2021\/03\/110321-Posgrado-100k.jpg\"><img aria-describedby=\"caption-attachment-94400\" decoding=\"async\" loading=\"lazy\" class=\"size-full wp-image-94400\" src=\"https:\/\/www.uv.mx\/prensa\/files\/2021\/03\/110321-Posgrado-100k.jpg\" alt=\"Jos\u00e9 Rigoberto Gabriel Arg\u00fcelles, titular de la Direcci\u00f3n General de la Unidad de Estudios de Posgrado\" width=\"722\" height=\"403\" srcset=\"https:\/\/www.uv.mx\/prensa\/files\/2021\/03\/110321-Posgrado-100k.jpg 722w, https:\/\/www.uv.mx\/prensa\/files\/2021\/03\/110321-Posgrado-100k-300x167.jpg 300w\" sizes=\"(max-width: 722px) 100vw, 722px\" \/><\/a><p id=\"caption-attachment-94400\" class=\"wp-caption-text\">Jos\u00e9 Rigoberto Gabriel Arg\u00fcelles, titular de la Direcci\u00f3n General de la Unidad de Estudios de Posgrado<\/p><\/div>\n<p>&nbsp;<\/p>\n<blockquote><p><span data-contrast=\"auto\">\u201cQuienes ten\u00edan beca no se han visto afectados, es decir, puntualmente la est\u00e1n recibiendo, y los estudiantes de las nuevas generaciones tambi\u00e9n la han recibido. La pandemia no ha retrasado para nada nuestros procesos\u201d<\/span><\/p><\/blockquote>\n<p>&nbsp;<\/p>\n<p><b><i><span data-contrast=\"auto\">Karina de la Paz Reyes D\u00edaz<\/span><\/i><\/b><span data-ccp-props=\"{}\">\u00a0<\/span><\/p>\n<p><b><i><span data-contrast=\"auto\">11\/03\/2021, Xalapa,\u00a0<\/span><\/i><\/b><b><i><span data-contrast=\"auto\">Ver.-<\/span><\/i><\/b><b><i><span data-contrast=\"auto\">\u00a0<\/span><\/i><\/b><span data-contrast=\"auto\">La Universidad Veracruzana (UV)\u00a0<\/span><span data-contrast=\"auto\">lleva a cabo<\/span><span data-contrast=\"auto\">\u00a0<\/span><span data-contrast=\"auto\">la <a href=\"https:\/\/www.uv.mx\/expoorienta\/posgrado-2021\/\" target=\"_blank\" rel=\"noopener\">Expo Orienta Posgrado 202<\/a><\/span><span data-contrast=\"auto\">1, cuyas actividades fueron inauguradas este jueves por el titular de la Direcci\u00f3n General de la Unidad de Estudio<\/span><span data-contrast=\"auto\">s<\/span><span data-contrast=\"auto\">\u00a0de Posgrado, Jos\u00e9 Rigoberto Gabriel Arg\u00fcelles, quien precis\u00f3 que a la fecha existen 151 programas distribuidos en las cinco regiones universitarias: 37 doctorados, 92 maestr\u00edas y 22 especializaciones.<\/span><span data-ccp-props=\"{}\">\u00a0<\/span><\/p>\n<p><span data-contrast=\"auto\">Las actividades, que contin\u00faan el viernes 12, se transmiten por el\u00a0<\/span><i><span data-contrast=\"auto\">Facebook<\/span><\/i><span data-contrast=\"auto\">\u00a0de Expo Orienta UV,\u00a0<\/span><span data-contrast=\"auto\">y\u00a0<\/span><span data-contrast=\"auto\">el programa\u00a0<\/span><span data-contrast=\"auto\">est\u00e1\u00a0<\/span><span data-contrast=\"auto\">disponible en\u00a0<\/span><a href=\"http:\/\/www.uv.mx\/ExpoOrienta\/\"><span data-contrast=\"none\">www.uv.mx\/ExpoOrienta\/<\/span><\/a><span data-contrast=\"auto\">.<\/span><span data-contrast=\"auto\">\u00a0La oferta de posgrados\u00a0<\/span><span data-contrast=\"none\">con convocatoria abierta puede consultarse:\u00a0<\/span><a href=\"https:\/\/www.uv.mx\/posgrado\/\"><span data-contrast=\"none\">https:\/\/www.uv.mx\/posgrado\/<\/span><\/a><span data-ccp-props=\"{&quot;335559731&quot;:708}\">\u00a0<\/span><\/p>\n<p><span data-contrast=\"auto\">Gabriel Arg\u00fcelles\u00a0<\/span><span data-contrast=\"auto\">especific\u00f3 que<\/span><span data-contrast=\"auto\">,\u00a0<\/span><span data-contrast=\"auto\">del total<\/span><span data-contrast=\"auto\">\u00a0de programas de posgrado<\/span><span data-contrast=\"auto\">,\u00a0<\/span><span data-contrast=\"auto\">siete<\/span><span data-contrast=\"auto\">\u00a0<\/span><span data-contrast=\"auto\">est\u00e1n en la regi\u00f3n Coatzacoalcos-Minatitl\u00e1n, igual\u00a0<\/span><span data-contrast=\"auto\">n\u00famero<\/span><span data-contrast=\"auto\">\u00a0<\/span><span data-contrast=\"auto\">o<\/span><span data-contrast=\"auto\">frecen\u00a0<\/span><span data-contrast=\"auto\">la<\/span><span data-contrast=\"auto\">s regiones<\/span><span data-contrast=\"auto\">\u00a0Orizaba-C\u00f3rdoba<\/span><span data-contrast=\"auto\">\u00a0y Poza Rica-Tuxpan; mientras<\/span><span data-contrast=\"auto\">\u00a0en<\/span><span data-contrast=\"auto\">\u00a0Veracruz hay 28<\/span><span data-contrast=\"auto\">,<\/span><span data-contrast=\"auto\">\u00a0y en<\/span><span data-contrast=\"auto\">\u00a0<\/span><span data-contrast=\"auto\">Xalapa\u00a0<\/span><span data-contrast=\"auto\">son 102<\/span><span data-contrast=\"auto\">.<\/span><span data-ccp-props=\"{&quot;335559731&quot;:708}\">\u00a0<\/span><\/p>\n<p><span data-contrast=\"auto\">Por \u00e1rea acad\u00e9mica, Artes o<\/span><span data-contrast=\"auto\">frece\u00a0<\/span><span data-contrast=\"auto\">nueve;\u00a0<\/span><span data-contrast=\"auto\">Ciencias\u00a0<\/span><span data-contrast=\"auto\">Biol\u00f3gicas y\u00a0<\/span><span data-contrast=\"auto\">Agropecuarias<\/span><span data-contrast=\"auto\">,\u00a0<\/span><span data-contrast=\"auto\">28; Cien<\/span><span data-contrast=\"auto\">cias de la Salud, 32; Econ\u00f3mico-Administrativa<\/span><span data-contrast=\"auto\">\u00a024;\u00a0<\/span><span data-contrast=\"auto\">Humanidades y T\u00e9cnica,\u00a0<\/span><span data-contrast=\"auto\">ambas\u00a0<\/span><span data-contrast=\"auto\">29.<\/span><span data-ccp-props=\"{&quot;335559731&quot;:708}\">\u00a0<\/span><\/p>\n<p><span data-contrast=\"auto\">Gabriel Arg\u00fcelles precis\u00f3 que los programas de posgrado est\u00e1n divididos en dos rubros: 108 son evaluables en el Programa Nacional de Posgrados de Calidad (PNPC) del Consejo Nacional de ciencia y Tecnolog\u00eda (<\/span><i><span data-contrast=\"auto\">Conacyt<\/span><\/i><span data-contrast=\"auto\">) y 43 son de pertinencia social.<\/span><span data-contrast=\"auto\">\u00a0<\/span><span data-contrast=\"auto\">D<\/span><span data-contrast=\"auto\">e<\/span><span data-contrast=\"auto\">\u00a0<\/span><span data-contrast=\"auto\">los 108\u00a0<\/span><span data-contrast=\"auto\">evaluables por el PNPC,\u00a0<\/span><span data-contrast=\"auto\">76 cuentan con tal reconocimiento del\u00a0<\/span><i><span data-contrast=\"auto\">Conacyt<\/span><\/i><span data-contrast=\"auto\">, es decir, el 70 por ciento.<\/span><span data-ccp-props=\"{&quot;335559731&quot;:708}\">\u00a0<\/span><\/p>\n<p><span data-contrast=\"auto\">Asimismo, el PNPC\u00a0<\/span><span data-contrast=\"auto\">tiene<\/span><span data-contrast=\"auto\">\u00a0cuatro rubros: Programas de\u00a0<\/span><span data-contrast=\"auto\">r<\/span><span data-contrast=\"auto\">eciente creaci\u00f3n,\u00a0<\/span><span data-contrast=\"auto\">en Desarrollo, Consolidados y de Competencia internacional (la m\u00e1xima calidad que otorga el\u00a0<\/span><i><span data-contrast=\"auto\">Conacyt<\/span><\/i><span data-contrast=\"auto\">)<\/span><span data-contrast=\"auto\">.\u00a0<\/span><span data-contrast=\"auto\">Precisamente en la actual\u00a0<\/span><span data-contrast=\"auto\">administraci\u00f3n<\/span><span data-contrast=\"auto\">\u00a0se ha puesto empe\u00f1o en incrementar los\u00a0<\/span><span data-contrast=\"auto\">programas en el n<\/span><span data-contrast=\"auto\">ivel de Consolidado y en el de C<\/span><span data-contrast=\"auto\">ompetencia internacional,<\/span><span data-contrast=\"auto\">\u00a0remarc\u00f3 el tambi\u00e9n matem\u00e1tico.<\/span><span data-ccp-props=\"{&quot;335559731&quot;:708}\">\u00a0<\/span><\/p>\n<p><span data-contrast=\"auto\">En ese tenor,<\/span><span data-contrast=\"auto\">\u00a0<\/span><span data-contrast=\"auto\">10 programas de posgrado de la UV son de\u00a0<\/span><span data-contrast=\"auto\">R<\/span><span data-contrast=\"auto\">eciente creaci\u00f3n,\u00a0<\/span><span data-contrast=\"auto\">34 en Desarrollo, 24 Consolidados y ocho\u00a0<\/span><span data-contrast=\"auto\">de Competencia\u00a0<\/span><span data-contrast=\"auto\">i<\/span><span data-contrast=\"auto\">nternacional (<\/span><span data-contrast=\"auto\">los doctorados en Ciencias en Ecolog\u00eda y Biotecnolog\u00eda y en\u00a0Neuroetolog\u00eda, la<\/span><span data-contrast=\"auto\">s<\/span><span data-contrast=\"auto\">\u00a0<\/span><span data-contrast=\"auto\">e<\/span><span data-contrast=\"auto\">specializaci<\/span><span data-contrast=\"auto\">ones<\/span><span data-contrast=\"auto\">\u00a0en Estudios de Opini\u00f3n<\/span><span data-contrast=\"auto\">\u00a0y Pro<\/span><span data-contrast=\"auto\">moci\u00f3n de la Lectura \u2013<\/span><span data-contrast=\"auto\">con sedes en Xalapa y Orizaba-C\u00f3rdoba<\/span><span data-contrast=\"auto\">\u2013<\/span><span data-contrast=\"auto\">, las maestr\u00edas en Literatura M<\/span><span data-contrast=\"auto\">exicana<\/span><span data-contrast=\"auto\">,<\/span><span data-contrast=\"auto\">\u00a0Neuroetolog\u00eda<\/span><span data-contrast=\"auto\">\u00a0y Salud P\u00fablica).<\/span><span data-ccp-props=\"{&quot;335559731&quot;:708}\">\u00a0<\/span><\/p>\n<p><span data-contrast=\"auto\">Quienes postulen a un programa del PNPC son susceptibles a recibir una beca<\/span><span data-contrast=\"auto\">;<\/span><span data-contrast=\"auto\">\u00a0en ese sentido, \u201ce<\/span><span data-contrast=\"auto\">l a\u00f1o pasado postulamos a 633 aspirantes y todos obtuvieron<\/span><span data-contrast=\"auto\">\u00a0una beca\u201d, subray\u00f3.<\/span><span data-ccp-props=\"{&quot;335559731&quot;:708}\">\u00a0<\/span><\/p>\n<p><span data-contrast=\"auto\">\u201c<\/span><span data-contrast=\"auto\">A t<\/span><span data-contrast=\"auto\">odos los estudiantes que ha<\/span><span data-contrast=\"auto\">n<\/span><span data-contrast=\"auto\">\u00a0sido postulados a un<\/span><span data-contrast=\"auto\">\u00a0apoyo de este tipo\u00a0<\/span><span data-contrast=\"auto\">y que cumplen con los requisitos establecidos\u00a0<\/span><span data-contrast=\"auto\">les han otorgado una beca\u00a0<\/span><i><span data-contrast=\"auto\">Conacyt<\/span><\/i><span data-contrast=\"auto\">, lo que no sucede en algunas de las universidades de nuestro pa\u00eds\u201d<\/span><span data-contrast=\"auto\">,\u00a0<\/span><span data-contrast=\"auto\">agreg\u00f3<\/span><span data-contrast=\"auto\">\u00a0l<\/span><span data-contrast=\"auto\">uego del mensaje de bienvenida,\u00a0<\/span><span data-contrast=\"auto\">al\u00a0<\/span><span data-contrast=\"auto\">ofrec<\/span><span data-contrast=\"auto\">er<\/span><span data-contrast=\"auto\">\u00a0la charla<\/span><span data-contrast=\"auto\">\u00a0\u201cEl PNPC-UV situaci\u00f3n actual y experiencias en el posgrado\u201d<\/span><span data-contrast=\"auto\">.<\/span><span data-ccp-props=\"{&quot;335559731&quot;:708}\">\u00a0<\/span><\/p>\n<p><span data-contrast=\"auto\">Ah\u00ed<\/span><span data-contrast=\"auto\">\u00a0<\/span><span data-contrast=\"auto\">especific\u00f3<\/span><span data-contrast=\"auto\">: \u201cEn el a\u00f1o 2020 se postularon y se logr\u00f3 la aprobaci\u00f3n de 633 becas, en el primer periodo de postulaci\u00f3n (febrero) se obtuvieron 204, mientras que para el segundo periodo\u00a0<\/span><span data-contrast=\"auto\">(agosto) se obtuvieron 429<\/span><span data-contrast=\"auto\">\u201d<\/span><span data-contrast=\"auto\">.<\/span><span data-ccp-props=\"{&quot;335559731&quot;:708}\">\u00a0<\/span><\/p>\n<p><span data-contrast=\"auto\">En ese tenor, remarc\u00f3 que la UV, a trav\u00e9s de la dependencia a su cargo, a\u00f1o a con a\u00f1o realiza las gestiones con las autoridades pertinentes y como resultado se ha logrado\u00a0<\/span><span data-contrast=\"auto\">que\u00a0<\/span><span data-contrast=\"auto\">el 100 por ciento de los a<\/span><span data-contrast=\"auto\">lumnos que cu<\/span><span data-contrast=\"auto\">mplen con los requisitos de la c<\/span><span data-contrast=\"auto\">onvocatoria<\/span><span data-contrast=\"auto\">\u00a0obtengan beca y<\/span><span data-contrast=\"auto\">,<\/span><span data-contrast=\"auto\">\u00a0de esta manera, se dediquen de tiempo\u00a0<\/span><span data-contrast=\"auto\">completo\u00a0<\/span><span data-contrast=\"auto\">a su posgrado.<\/span><span data-ccp-props=\"{&quot;335559731&quot;:708}\">\u00a0<\/span><\/p>\n<p><span data-contrast=\"auto\">\u201cLa UV ha hecho un esfuerzo muy fuerte, tanto\u00a0<\/span><span data-contrast=\"auto\">la<\/span><span data-contrast=\"auto\">\u00a0Rectora como\u00a0<\/span><span data-contrast=\"auto\">la Secretari<\/span><span data-contrast=\"auto\">a Acad\u00e9mica y un servidor hemos traba<\/span><span data-contrast=\"auto\">ja<\/span><span data-contrast=\"auto\">do fuertemente en este rubro<\/span><span data-contrast=\"auto\">;<\/span><span data-contrast=\"auto\">\u00a0<\/span><span data-contrast=\"auto\">a<\/span><span data-contrast=\"auto\">l d\u00eda de hoy pr\u00e1cticamente el 100 por ciento de<\/span><span data-contrast=\"auto\">\u00a0<\/span><span data-contrast=\"auto\">los<\/span><span data-contrast=\"auto\">\u00a0<\/span><span data-contrast=\"auto\">alumnos que cumplen con las\u00a0<\/span><span data-contrast=\"auto\">caracter\u00edsticas<\/span><span data-contrast=\"auto\">\u00a0y requisitos que pide el PNPC<\/span><span data-contrast=\"auto\">\u00a0han tenido beca<\/span><span data-contrast=\"auto\">.\u201d<\/span><span data-ccp-props=\"{&quot;335559731&quot;:708}\">\u00a0<\/span><\/p>\n<p><span data-contrast=\"auto\">En atenci\u00f3n a las dudas planteadas<\/span><span data-contrast=\"auto\">,<\/span><span data-contrast=\"auto\">\u00a0el funcionario universitario remarc\u00f3 que en esta temporada de pandemia\u00a0<\/span><span data-contrast=\"auto\">por la\u00a0<\/span><span data-contrast=\"auto\">Covid<\/span><span data-contrast=\"auto\">-19\u00a0<\/span><span data-contrast=\"auto\">no se ha presentado ning\u00fan retraso en la gesti\u00f3n y pago de las becas<\/span><span data-contrast=\"auto\">.<\/span><span data-ccp-props=\"{&quot;335559731&quot;:708}\">\u00a0<\/span><\/p>\n<p><span data-contrast=\"auto\">\u201c<\/span><span data-contrast=\"auto\">Quienes<\/span><span data-contrast=\"auto\">\u00a0ten\u00edan beca no se ha<\/span><span data-contrast=\"auto\">n visto<\/span><span data-contrast=\"auto\">\u00a0afectado<\/span><span data-contrast=\"auto\">s<\/span><span data-contrast=\"auto\">, es decir, puntualmente\u00a0<\/span><span data-contrast=\"auto\">la\u00a0<\/span><span data-contrast=\"auto\">est\u00e1n recibiendo, y los estudiantes de las nuevas\u00a0<\/span><span data-contrast=\"auto\">generaciones tambi\u00e9n la han recibido. La pandemia\u00a0<\/span><span data-contrast=\"auto\">no\u00a0<\/span><span data-contrast=\"auto\">ha\u00a0<\/span><span data-contrast=\"auto\">re<\/span><span data-contrast=\"auto\">trasado para nada nuestros procesos.<\/span><span data-contrast=\"auto\">\u201d<\/span><span data-ccp-props=\"{&quot;335559731&quot;:708}\">\u00a0<\/span><\/p>\n<p><span data-contrast=\"auto\">A cambio, el\u00a0<\/span><i><span data-contrast=\"auto\">Conacyt<\/span><\/i><span data-contrast=\"auto\">\u00a0les pidi\u00f3 que todo el estudiantado que tiene beca contin\u00fae con sus actividades de investigaci\u00f3n<\/span><span data-contrast=\"auto\">, con las restricciones necesarias<\/span><span data-contrast=\"auto\">\u00a0por la pandemia. \u201cTodos nuestro<\/span><span data-contrast=\"auto\">s<\/span><span data-contrast=\"auto\">\u00a0estudiantes reciben puntualmente su beca y est\u00e1n avanzando de acuerdo<\/span><span data-contrast=\"auto\">\u00a0a sus cronogramas establecidos<\/span><span data-contrast=\"auto\">\u00a0en sus respectivos programas<\/span><span data-contrast=\"auto\">\u201d.<\/span><span data-ccp-props=\"{&quot;335559731&quot;:708}\">\u00a0<\/span><\/p>\n<p><span data-contrast=\"auto\">Adem\u00e1s, la UV\u00a0<\/span><span data-contrast=\"auto\">impulsa el Programa de M<\/span><span data-contrast=\"auto\">ovilidad\u00a0<\/span><span data-contrast=\"auto\">N<\/span><span data-contrast=\"auto\">acional e\u00a0<\/span><span data-contrast=\"auto\">I<\/span><span data-contrast=\"auto\">nternacional<\/span><span data-contrast=\"auto\">,<\/span><span data-contrast=\"auto\">\u00a0que contem<\/span><span data-contrast=\"auto\">pla becas de tres tipos:<\/span><span data-contrast=\"auto\">\u00a0para cursar asignaturas, estancias de investigaci\u00f3n o de vinculaci\u00f3n.<\/span><span data-ccp-props=\"{&quot;335559731&quot;:708}\">\u00a0<\/span><\/p>\n","protected":false},"excerpt":{"rendered":"<p>La oferta puede consultarse en https:\/\/www.uv.mx\/posgrado\/  <\/p>\n","protected":false},"author":1775,"featured_media":94401,"comment_status":"closed","ping_status":"closed","sticky":false,"template":"","format":"standard","meta":[],"categories":[61],"tags":[1778,1777,1779,694],"_links":{"self":[{"href":"https:\/\/www.uv.mx\/prensa\/wp-json\/wp\/v2\/posts\/94399"}],"collection":[{"href":"https:\/\/www.uv.mx\/prensa\/wp-json\/wp\/v2\/posts"}],"about":[{"href":"https:\/\/www.uv.mx\/prensa\/wp-json\/wp\/v2\/types\/post"}],"author":[{"embeddable":true,"href":"https:\/\/www.uv.mx\/prensa\/wp-json\/wp\/v2\/users\/1775"}],"replies":[{"embeddable":true,"href":"https:\/\/www.uv.mx\/prensa\/wp-json\/wp\/v2\/comments?post=94399"}],"version-history":[{"count":1,"href":"https:\/\/www.uv.mx\/prensa\/wp-json\/wp\/v2\/posts\/94399\/revisions"}],"predecessor-version":[{"id":94423,"href":"https:\/\/www.uv.mx\/prensa\/wp-json\/wp\/v2\/posts\/94399\/revisions\/94423"}],"wp:featuredmedia":[{"embeddable":true,"href":"https:\/\/www.uv.mx\/prensa\/wp-json\/wp\/v2\/media\/94401"}],"wp:attachment":[{"href":"https:\/\/www.uv.mx\/prensa\/wp-json\/wp\/v2\/media?parent=94399"}],"wp:term":[{"taxonomy":"category","embeddable":true,"href":"https:\/\/www.uv.mx\/prensa\/wp-json\/wp\/v2\/categories?post=94399"},{"taxonomy":"post_tag","embeddable":true,"href":"https:\/\/www.uv.mx\/prensa\/wp-json\/wp\/v2\/tags?post=94399"}],"curies":[{"name":"wp","href":"https:\/\/api.w.org\/{rel}","templated":true}]}}