{"id":94438,"date":"2021-03-12T15:23:37","date_gmt":"2021-03-12T21:23:37","guid":{"rendered":"https:\/\/www.uv.mx\/prensa\/?p=94438"},"modified":"2021-03-12T15:23:37","modified_gmt":"2021-03-12T21:23:37","slug":"tenemos-que-pensar-que-universidad-queremos-las-mujeres-marcela-lagarde","status":"publish","type":"post","link":"https:\/\/www.uv.mx\/prensa\/banner\/tenemos-que-pensar-que-universidad-queremos-las-mujeres-marcela-lagarde\/","title":{"rendered":"\u201cTenemos que pensar qu\u00e9 universidad queremos las mujeres\u201d: Marcela Lagarde"},"content":{"rendered":"<ul style=\"font-weight: 400\">\n<li data-leveltext=\"\u25cf\" data-font=\"\" data-listid=\"1\" data-aria-posinset=\"1\" data-aria-level=\"1\"><i><span data-contrast=\"auto\">La investigadora, activista y pionera en la perspectiva de g\u00e9nero, imparti\u00f3 conferencia magistral organizada por la U<\/span><\/i><i><span data-contrast=\"auto\">niversidad\u00a0<\/span><\/i><i><span data-contrast=\"auto\">V<\/span><\/i><i><span data-contrast=\"auto\">eracruzana<\/span><\/i><i><span data-contrast=\"auto\">\u00a0regi\u00f3n Veracruz y el Ayuntamiento de Boca del R\u00edo<\/span><\/i><span data-ccp-props=\"{&quot;201341983&quot;:0,&quot;335559740&quot;:240}\">\u00a0<\/span><\/li>\n<li data-leveltext=\"\u25cf\" data-font=\"Arial, Arial_MSFontService, sans-serif\" data-listid=\"1\" data-aria-posinset=\"2\" data-aria-level=\"1\"><i><span data-contrast=\"auto\">La rectora Sara Ladr\u00f3n de Guevara se\u00f1al\u00f3 que la UV ha creado mecanismos y herramientas para combatir la violencia de g\u00e9nero<\/span><\/i><span data-ccp-props=\"{&quot;201341983&quot;:0,&quot;335559740&quot;:240}\">\u00a0<\/span><\/li>\n<\/ul>\n<p>&nbsp;<\/p>\n<div id=\"attachment_94442\" style=\"width: 732px\" class=\"wp-caption aligncenter\"><a href=\"https:\/\/www.uv.mx\/prensa\/files\/2021\/03\/120321-violencia-de-genero-1.jpg\"><img aria-describedby=\"caption-attachment-94442\" decoding=\"async\" loading=\"lazy\" class=\"size-full wp-image-94442\" src=\"https:\/\/www.uv.mx\/prensa\/files\/2021\/03\/120321-violencia-de-genero-1.jpg\" alt=\"\" width=\"722\" height=\"481\" srcset=\"https:\/\/www.uv.mx\/prensa\/files\/2021\/03\/120321-violencia-de-genero-1.jpg 722w, https:\/\/www.uv.mx\/prensa\/files\/2021\/03\/120321-violencia-de-genero-1-300x200.jpg 300w\" sizes=\"(max-width: 722px) 100vw, 722px\" \/><\/a><p id=\"caption-attachment-94442\" class=\"wp-caption-text\">La conferencia virtual fue seguida por la comunidad universitaria y del Ayuntamiento de Boca del R\u00edo<\/p><\/div>\n<p>&nbsp;<\/p>\n<p><b><i><span data-contrast=\"auto\">David Sandoval Rodr\u00edguez<\/span><\/i><\/b><span data-ccp-props=\"{&quot;201341983&quot;:0,&quot;335559740&quot;:240}\">\u00a0<\/span><\/p>\n<p><b><i><span data-contrast=\"auto\">12\/03\/<\/span><\/i><\/b><b><i><span data-contrast=\"auto\">20<\/span><\/i><\/b><b><i><span data-contrast=\"auto\">21<\/span><\/i><\/b><b><i><span data-contrast=\"auto\">,<\/span><\/i><\/b><b><i><span data-contrast=\"auto\">\u00a0Xalapa, Ver.-\u00a0<\/span><\/i><\/b><span data-contrast=\"auto\">Mar\u00eda Marcela Lagarde y de los R\u00edos, pionera en la inclusi\u00f3n de la perspectiva de g\u00e9nero en M\u00e9xico, ofreci\u00f3 una conferencia magistral invitada por la Universidad Veracruzana (UV) regi\u00f3n Veracruz y el Ayuntamiento de Boca del R\u00edo, en la que\u00a0<\/span><span data-contrast=\"auto\">reflexion\u00f3 acerca de la forma en que ha permeado<\/span><span data-contrast=\"auto\">\u00a0esta perspectiva en las instituciones de educaci\u00f3n superior.<\/span><span data-ccp-props=\"{&quot;201341983&quot;:0,&quot;335559740&quot;:240}\">\u00a0<\/span><\/p>\n<p><b><i><span data-contrast=\"auto\">\u201c<\/span><\/i><\/b><span data-contrast=\"auto\">Tenemos que pensar qu\u00e9 universidad queremos las mujeres y tenemos que crear espaci<\/span><span data-contrast=\"auto\">os para que las estudiantes, acad\u00e9micas, trabajadoras y administrativas podamos dise\u00f1ar colectivamente una pol\u00edtica universitaria integral que recoja lo que hemos logrado<\/span><span data-contrast=\"auto\">\u201d<\/span><span data-contrast=\"auto\">, puntualiz\u00f3<\/span><span data-contrast=\"auto\">.<\/span><span data-ccp-props=\"{&quot;201341983&quot;:0,&quot;335551550&quot;:1,&quot;335551620&quot;:1,&quot;335559731&quot;:720,&quot;335559740&quot;:240}\">\u00a0<\/span><\/p>\n<p><span data-contrast=\"auto\">La etn\u00f3loga y acad\u00e9mica, ganadora de la\u00a0<\/span><span data-contrast=\"auto\">Medalla\u00a0<\/span><span data-contrast=\"auto\">\u201c<\/span><span data-contrast=\"auto\">Sor Juana In\u00e9s de la Cruz\u201d\u00a0<\/span><span data-contrast=\"auto\">2021 que otorga la C\u00e1mara de Diputados, imparti\u00f3 la conferencia magist<\/span><span data-contrast=\"auto\">ral en l\u00ednea \u201cPrevenci\u00f3n de la v<\/span><span data-contrast=\"auto\">iolencia de\u00a0<\/span><span data-contrast=\"auto\">g<\/span><span data-contrast=\"auto\">\u00e9nero en las\u00a0<\/span><span data-contrast=\"auto\">u<\/span><span data-contrast=\"auto\">niversidades\u201d<\/span><span data-contrast=\"auto\">.<\/span><span data-contrast=\"auto\">\u00a0<\/span><span data-contrast=\"auto\">Al darle la bienvenida, la rectora Sara Ladr\u00f3n de Guevara reconoci\u00f3 que \u201cla violencia de g\u00e9nero se ejerce en todos los \u00e1mbitos sociales y las institucio<\/span><span data-contrast=\"auto\">nes de educaci\u00f3n superior no est\u00e1n al margen; en las universidades tambi\u00e9n se acosa, se agrede, se abusa de las mujeres\u201d.<\/span><span data-ccp-props=\"{&quot;201341983&quot;:0,&quot;335559731&quot;:720,&quot;335559740&quot;:240}\">\u00a0<\/span><\/p>\n<p><span data-contrast=\"auto\">Ante tal panorama, la UV \u201cviene empe\u00f1ando desde hace varios a\u00f1os\u00a0<\/span><span data-contrast=\"auto\">\u2013<\/span><span data-contrast=\"auto\">y bajo mi<\/span><span data-contrast=\"auto\">\u00a0rectorado con especial \u00e9nfasis\u2013<\/span><span data-contrast=\"auto\">\u00a0diversos esfuerzos por cont<\/span><span data-contrast=\"auto\">ar con las herramientas y los mecanismos institucionales que nos permitan hacer frente y combatir la violencia de g\u00e9nero\u201d.<\/span><span data-ccp-props=\"{&quot;201341983&quot;:0,&quot;335559731&quot;:720,&quot;335559740&quot;:240}\">\u00a0<\/span><\/p>\n<p><span data-contrast=\"auto\">Sara\u00a0<\/span><span data-contrast=\"auto\">Ladr\u00f3n de Guevara mencion\u00f3 la existencia del Centro de Estudios de G\u00e9nero, la Coordinaci\u00f3n de G\u00e9nero, protocolos, talleres, programas<\/span><span data-contrast=\"auto\">\u00a0de g\u00e9nero, incluido un posgrado, un protocolo para atender casos de acoso y hostigamiento, \u201cadem\u00e1s de la armonizaci\u00f3n de la legislaci\u00f3n para su efectividad y<\/span><span data-contrast=\"auto\">,<\/span><span data-contrast=\"auto\">\u00a0sobre todo, de la emisi\u00f3n p\u00fablica de nuestra\u00a0<\/span><span data-contrast=\"auto\">\u2018<\/span><span data-contrast=\"auto\">Declaratoria por espacios libres de violencia<\/span><span data-contrast=\"auto\">\u2019<\/span><span data-contrast=\"auto\">, suscr<\/span><span data-contrast=\"auto\">ita por unanimidad en el seno del Consejo Universitario General\u201d.<\/span><span data-ccp-props=\"{&quot;201341983&quot;:0,&quot;335559731&quot;:720,&quot;335559740&quot;:240}\">\u00a0<\/span><\/p>\n<p>&nbsp;<\/p>\n<div id=\"attachment_94441\" style=\"width: 732px\" class=\"wp-caption aligncenter\"><a href=\"https:\/\/www.uv.mx\/prensa\/files\/2021\/03\/120321-violencia-de-genero-2.jpg\"><img aria-describedby=\"caption-attachment-94441\" decoding=\"async\" loading=\"lazy\" class=\"size-full wp-image-94441\" src=\"https:\/\/www.uv.mx\/prensa\/files\/2021\/03\/120321-violencia-de-genero-2.jpg\" alt=\"\" width=\"722\" height=\"481\" srcset=\"https:\/\/www.uv.mx\/prensa\/files\/2021\/03\/120321-violencia-de-genero-2.jpg 722w, https:\/\/www.uv.mx\/prensa\/files\/2021\/03\/120321-violencia-de-genero-2-300x200.jpg 300w\" sizes=\"(max-width: 722px) 100vw, 722px\" \/><\/a><p id=\"caption-attachment-94441\" class=\"wp-caption-text\">Mar\u00eda Marcela Lagarde, Medalla \u201cSor Juana In\u00e9s de la Cruz\u201d 2021, reconoci\u00f3 que las universidades tienen una tradici\u00f3n patriarcal severa<\/p><\/div>\n<p>&nbsp;<\/p>\n<p><span data-contrast=\"auto\">Destac\u00f3 la larga, diversa y fruct\u00edfera trayectoria de\u00a0<\/span><span data-contrast=\"auto\">Lagarde<\/span><span data-contrast=\"auto\">\u00a0y de los R\u00edos<\/span><span data-contrast=\"auto\">\u00a0<\/span><span data-contrast=\"auto\">en el campo de la defensa de los derechos de las mujeres, en particular del derecho a una vida libre de violencia<\/span><span data-contrast=\"auto\">,<\/span><span data-contrast=\"auto\">\u00a0y de su compro<\/span><span data-contrast=\"auto\">miso con una legislaci\u00f3n que posibilite dotar a las mujeres de los\u00a0<\/span><span data-contrast=\"auto\">instrumentos jur\u00eddicos que les permitan defenderse de la violencia y de una aplicaci\u00f3n de la justicia al servicio del hombre.<\/span><span data-ccp-props=\"{&quot;201341983&quot;:0,&quot;335559731&quot;:720,&quot;335559740&quot;:240}\">\u00a0<\/span><\/p>\n<p><span data-contrast=\"auto\">En igual sentido, Karla Robles de Alonso, presidenta honoraria\u00a0<\/span><span data-contrast=\"auto\">del DIF municipal de Boca del R\u00edo, dio tambi\u00e9n la bienvenida a la ponente y a la Rectora, reconociendo la trayectoria y esfuerzos de ambas en apoyo a la perspectiva de g\u00e9nero.<\/span><span data-ccp-props=\"{&quot;201341983&quot;:0,&quot;335559731&quot;:720,&quot;335559740&quot;:240}\">\u00a0<\/span><\/p>\n<p><span data-contrast=\"auto\">Mar\u00eda Marcela\u00a0<\/span><span data-contrast=\"auto\">Lagarde<\/span><span data-contrast=\"auto\">\u00a0<\/span><span data-contrast=\"auto\">plante\u00f3 al p\u00fablico que \u201cno basta con suponer que hay que apl<\/span><span data-contrast=\"auto\">icar una perspectiva de g\u00e9nero y eso ser\u00e1 en autom\u00e1tico<\/span><span data-contrast=\"auto\">;<\/span><span data-contrast=\"auto\">\u00a0hemos caminado mucho, hemos tardado tiempo en crear condiciones para la expansi\u00f3n de la perspectiva de g\u00e9nero en las instituciones, en la sociedad, en las universidades, en los partidos pol\u00edticos\u201d.<\/span><span data-ccp-props=\"{&quot;201341983&quot;:0,&quot;335559731&quot;:720,&quot;335559740&quot;:240}\">\u00a0<\/span><\/p>\n<p><span data-contrast=\"auto\">R<\/span><span data-contrast=\"auto\">ecord\u00f3 tambi\u00e9n que \u201cestamos en tiempos de pandemia y hemos tenido que cambiar muchas cosas para continuar con nuestro esfuerzo, por eso felicito a la Universidad Veracruzana<\/span><span data-contrast=\"auto\">\u00a0y<\/span><span data-contrast=\"auto\">\u00a0al Instituto Municipal de la Mujer por la ardua labor que han hecho durante a\u00f1os\u00a0<\/span><span data-contrast=\"auto\">para ir creando situaciones positivas para el avance de estas ideas y propuestas te\u00f3ricas, acad\u00e9micas y organizativas\u201d<\/span><span data-contrast=\"auto\">.<\/span><span data-ccp-props=\"{&quot;201341983&quot;:0,&quot;335559731&quot;:720,&quot;335559740&quot;:240}\">\u00a0<\/span><\/p>\n<p><span data-contrast=\"auto\">Por otro lado, reconoci\u00f3 que \u201clas universidades de nuestro pa\u00eds han tardado, a veces a\u00f1os, en promover la perspectiva de g\u00e9nero; las pers<\/span><span data-contrast=\"auto\">onas de mi generaci\u00f3n, las que iniciamos, \u00e9ramos muy pocas<\/span><span data-contrast=\"auto\">,<\/span><span data-contrast=\"auto\">\u00a0pero nos fuimos coaligando, asociando y\u00a0<\/span><span data-contrast=\"auto\">creamos<\/span><span data-contrast=\"auto\">\u00a0las primeras redes entre mujeres activistas\u201d.<\/span><span data-ccp-props=\"{&quot;201341983&quot;:0,&quot;335559731&quot;:720,&quot;335559740&quot;:240}\">\u00a0<\/span><\/p>\n<p>&nbsp;<\/p>\n<div id=\"attachment_94439\" style=\"width: 732px\" class=\"wp-caption aligncenter\"><a href=\"https:\/\/www.uv.mx\/prensa\/files\/2021\/03\/120321-violencia-de-genero-3.jpg\"><img aria-describedby=\"caption-attachment-94439\" decoding=\"async\" loading=\"lazy\" class=\"size-full wp-image-94439\" src=\"https:\/\/www.uv.mx\/prensa\/files\/2021\/03\/120321-violencia-de-genero-3.jpg\" alt=\"\" width=\"722\" height=\"481\" srcset=\"https:\/\/www.uv.mx\/prensa\/files\/2021\/03\/120321-violencia-de-genero-3.jpg 722w, https:\/\/www.uv.mx\/prensa\/files\/2021\/03\/120321-violencia-de-genero-3-300x200.jpg 300w\" sizes=\"(max-width: 722px) 100vw, 722px\" \/><\/a><p id=\"caption-attachment-94439\" class=\"wp-caption-text\">La rectora Sara Ladr\u00f3n de Guevara enunci\u00f3 los esfuerzos institucionales para prevenir la violencia de g\u00e9nero en la m\u00e1xima casa de estudios<\/p><\/div>\n<p>&nbsp;<\/p>\n<p><span data-contrast=\"auto\">La mayor\u00eda de las universidades se resistieron al cambio, otras, por el contrario<\/span><span data-contrast=\"auto\">,<\/span><span data-contrast=\"auto\">\u00a0han sido espac<\/span><span data-contrast=\"auto\">io de promoci\u00f3n de estas ideas vanguardistas, apunt\u00f3.<\/span><span data-ccp-props=\"{&quot;201341983&quot;:0,&quot;335559731&quot;:720,&quot;335559740&quot;:240}\">\u00a0<\/span><\/p>\n<p><span data-contrast=\"auto\">\u201cEn tiempos de pandemia ha sido notable\u00a0<\/span><span data-contrast=\"auto\">el esfuerzo universitario por mantener la actividad acad\u00e9mica, a distancia, desde casa; las universidades han discutido, analizado y convocado<\/span><span data-contrast=\"auto\">\u00a0<\/span><span data-contrast=\"auto\">\u2013<\/span><span data-contrast=\"auto\">a trav\u00e9s de la<\/span><span data-contrast=\"auto\">s redes sociales\u2013<\/span><span data-contrast=\"auto\">\u00a0a un conjunto de actividades important\u00edsimas que permiten mantener una actividad so<\/span><span data-contrast=\"auto\">cial y cultural imprescindible.\u201d<\/span><span data-ccp-props=\"{&quot;201341983&quot;:0,&quot;335559731&quot;:720,&quot;335559740&quot;:240}\">\u00a0<\/span><\/p>\n<p><span data-contrast=\"auto\">Por ello,\u00a0<\/span><span data-contrast=\"auto\">Lagarde<\/span><span data-contrast=\"auto\">\u00a0y de los R\u00edos consider\u00f3 importante decir que \u201clas universidades de calidad, p\u00fablicas y privadas, est\u00e1n a<\/span><span data-contrast=\"auto\">portando a mantener viva una cultura de esfuerzo y una cultura de posibilidad de enfrentar con la ciencia y el desarrollo de la ciudadan\u00eda y civilidad que la vida se mantenga en los cauces democr\u00e1ticos\u201d.<\/span><span data-ccp-props=\"{&quot;201341983&quot;:0,&quot;335559731&quot;:720,&quot;335559740&quot;:240}\">\u00a0<\/span><\/p>\n<p><span data-contrast=\"auto\">No obstante, la tarea pendiente es lograr erradicar\u00a0<\/span><span data-contrast=\"auto\">del\u00a0<\/span><span data-contrast=\"auto\">campus<\/span><span data-contrast=\"auto\">\u00a0universitario las formas de violencia concretas que se dan en los espacios escolares: el acoso y el hostigamiento sexual e intelectual que viven estudiantes, maestras, trabajadoras, administrativas.<\/span><span data-ccp-props=\"{&quot;201341983&quot;:0,&quot;335559731&quot;:720,&quot;335559740&quot;:240}\">\u00a0<\/span><\/p>\n<p><span data-contrast=\"auto\">\u201cAhora se ha tipificado esa violencia y espero<\/span><span data-contrast=\"auto\">\u00a0que en breve, en todas las universidades, haya l\u00edneas de intervenci\u00f3n para prevenir todo tipo de abuso y de\u00a0<\/span><span data-contrast=\"auto\">supremacismo<\/span><span data-contrast=\"auto\">\u00a0que tienden a reproducirse en las\u00a0<\/span><span data-contrast=\"auto\">universidades, que tienen una tradici\u00f3n patriarcal severa y una estructura jer\u00e1rquica que favorece a<\/span><span data-contrast=\"auto\">\u00a0la exclusi\u00f3n de las mujeres\u201d, subray\u00f3 Marcela\u00a0<\/span><span data-contrast=\"auto\">Lagarde<\/span><span data-contrast=\"auto\">.<\/span><span data-ccp-props=\"{&quot;201341983&quot;:0,&quot;335559731&quot;:720,&quot;335559740&quot;:240}\">\u00a0<\/span><\/p>\n<p>&nbsp;<\/p>\n<div id=\"attachment_94440\" style=\"width: 732px\" class=\"wp-caption aligncenter\"><a href=\"https:\/\/www.uv.mx\/prensa\/files\/2021\/03\/120321-violencia-de-genero-4.jpg\"><img aria-describedby=\"caption-attachment-94440\" decoding=\"async\" loading=\"lazy\" class=\"size-full wp-image-94440\" src=\"https:\/\/www.uv.mx\/prensa\/files\/2021\/03\/120321-violencia-de-genero-4.jpg\" alt=\"\" width=\"722\" height=\"481\" srcset=\"https:\/\/www.uv.mx\/prensa\/files\/2021\/03\/120321-violencia-de-genero-4.jpg 722w, https:\/\/www.uv.mx\/prensa\/files\/2021\/03\/120321-violencia-de-genero-4-300x200.jpg 300w\" sizes=\"(max-width: 722px) 100vw, 722px\" \/><\/a><p id=\"caption-attachment-94440\" class=\"wp-caption-text\">Karla Robles de Alonso, presidenta honoraria del DIF municipal de Boca del R\u00edo, reconoci\u00f3 la labor de la Rectora y de la ponente a favor de la perspectiva de g\u00e9nero<\/p><\/div>\n","protected":false},"excerpt":{"rendered":"<p>La rectora Sara Ladr\u00f3n de Guevara se\u00f1al\u00f3 que la UV ha creado mecanismos y herramientas para combatir la violencia de g\u00e9nero <\/p>\n","protected":false},"author":1508,"featured_media":94443,"comment_status":"closed","ping_status":"closed","sticky":false,"template":"","format":"standard","meta":[],"categories":[61],"tags":[],"_links":{"self":[{"href":"https:\/\/www.uv.mx\/prensa\/wp-json\/wp\/v2\/posts\/94438"}],"collection":[{"href":"https:\/\/www.uv.mx\/prensa\/wp-json\/wp\/v2\/posts"}],"about":[{"href":"https:\/\/www.uv.mx\/prensa\/wp-json\/wp\/v2\/types\/post"}],"author":[{"embeddable":true,"href":"https:\/\/www.uv.mx\/prensa\/wp-json\/wp\/v2\/users\/1508"}],"replies":[{"embeddable":true,"href":"https:\/\/www.uv.mx\/prensa\/wp-json\/wp\/v2\/comments?post=94438"}],"version-history":[{"count":1,"href":"https:\/\/www.uv.mx\/prensa\/wp-json\/wp\/v2\/posts\/94438\/revisions"}],"predecessor-version":[{"id":94444,"href":"https:\/\/www.uv.mx\/prensa\/wp-json\/wp\/v2\/posts\/94438\/revisions\/94444"}],"wp:featuredmedia":[{"embeddable":true,"href":"https:\/\/www.uv.mx\/prensa\/wp-json\/wp\/v2\/media\/94443"}],"wp:attachment":[{"href":"https:\/\/www.uv.mx\/prensa\/wp-json\/wp\/v2\/media?parent=94438"}],"wp:term":[{"taxonomy":"category","embeddable":true,"href":"https:\/\/www.uv.mx\/prensa\/wp-json\/wp\/v2\/categories?post=94438"},{"taxonomy":"post_tag","embeddable":true,"href":"https:\/\/www.uv.mx\/prensa\/wp-json\/wp\/v2\/tags?post=94438"}],"curies":[{"name":"wp","href":"https:\/\/api.w.org\/{rel}","templated":true}]}}