{"id":94513,"date":"2021-03-14T07:59:40","date_gmt":"2021-03-14T13:59:40","guid":{"rendered":"https:\/\/www.uv.mx\/prensa\/?p=94513"},"modified":"2021-03-17T12:31:28","modified_gmt":"2021-03-17T18:31:28","slug":"voluntariado-uv-recibio-137-bicicletas-para-poblacion-infantil-vulnerable","status":"publish","type":"post","link":"https:\/\/www.uv.mx\/prensa\/general\/voluntariado-uv-recibio-137-bicicletas-para-poblacion-infantil-vulnerable\/","title":{"rendered":"Voluntariado UV recibi\u00f3 137 bicicletas para poblaci\u00f3n infantil vulnerable"},"content":{"rendered":"<ul>\n<li data-leveltext=\"\uf0b7\" data-font=\"Symbol\" data-listid=\"5\" data-aria-posinset=\"1\" data-aria-level=\"1\"><i><span data-contrast=\"auto\">F<\/span><\/i><i><span data-contrast=\"auto\">ueron compradas con el dinero recaudado a trav\u00e9s de la <\/span><\/i><i><span data-contrast=\"auto\">campa\u00f1a \u201cApadrina una carta\u202fdesde casa\u201d<\/span><\/i><span data-ccp-props=\"{}\">\u00a0<\/span><\/li>\n<\/ul>\n<p>&nbsp;<\/p>\n<div id=\"attachment_94514\" style=\"width: 733px\" class=\"wp-caption aligncenter\"><a href=\"https:\/\/www.uv.mx\/prensa\/files\/2021\/03\/140321-Bicicletas-Voluntariado-1.jpg\"><img aria-describedby=\"caption-attachment-94514\" decoding=\"async\" loading=\"lazy\" class=\"size-full wp-image-94514\" src=\"https:\/\/www.uv.mx\/prensa\/files\/2021\/03\/140321-Bicicletas-Voluntariado-1.jpg\" alt=\"\" width=\"723\" height=\"481\" srcset=\"https:\/\/www.uv.mx\/prensa\/files\/2021\/03\/140321-Bicicletas-Voluntariado-1.jpg 723w, https:\/\/www.uv.mx\/prensa\/files\/2021\/03\/140321-Bicicletas-Voluntariado-1-300x200.jpg 300w\" sizes=\"(max-width: 723px) 100vw, 723px\" \/><\/a><p id=\"caption-attachment-94514\" class=\"wp-caption-text\">Desde hace m\u00e1s de una d\u00e9cada, el Voluntariado UV recolecta regalos para ni\u00f1os de escasos recursos<\/p><\/div>\n<p>&nbsp;<\/p>\n<p><b><i><span data-contrast=\"auto\">Carlos Hugo Hermida Rosales<\/span><\/i><\/b><span data-ccp-props=\"{}\">\u00a0<\/span><\/p>\n<p><b><i><span data-contrast=\"auto\">14\/03\/<\/span><\/i><\/b><b><i><span data-contrast=\"auto\">202<\/span><\/i><\/b><b><i><span data-contrast=\"auto\">1<\/span><\/i><\/b><b><i><span data-contrast=\"auto\">,<\/span><\/i><\/b> <b><i><span data-contrast=\"auto\">Xalapa, Ver.<\/span><\/i><\/b><b><i><span data-contrast=\"auto\">&#8211;<\/span><\/i><\/b> <span data-contrast=\"auto\">El <\/span><a href=\"https:\/\/www.uv.mx\/voluntariado\/\" target=\"_blank\" rel=\"noopener\"><span data-contrast=\"none\">Voluntariado<\/span><span data-contrast=\"auto\"> de <\/span><\/a><span data-contrast=\"auto\">la Universidad Veracruzana (UV)<\/span><span data-contrast=\"auto\"> recibi\u00f3 el 10 de marzo 137 bicicletas de diversos tama\u00f1os que ser\u00e1n repartidas <\/span><span data-contrast=\"auto\">durante la segunda quincena de <\/span><span data-contrast=\"auto\">este mes <\/span><span data-contrast=\"auto\">a ni\u00f1os que habitan en comunidades de escasos recursos<\/span><span data-contrast=\"auto\">, y a peque\u00f1os que reciben tratamiento en el Centro Estatal de Cancerolog\u00eda (<\/span><i><span data-contrast=\"auto\">Cecan<\/span><\/i><span data-contrast=\"auto\">).\u00a0<\/span><span data-ccp-props=\"{}\">\u00a0<\/span><\/p>\n<p><span data-contrast=\"auto\">Estas bicicletas fueron compradas con el dinero recaudado a trav\u00e9s de la <\/span><span data-contrast=\"auto\">campa\u00f1a \u201cApadrina una carta\u202fdesde casa\u201d<\/span><span data-contrast=\"auto\">, en la que cientos de padrinos donaron recursos econ\u00f3micos para beneficiar a<\/span><span data-contrast=\"auto\"> poblaci\u00f3n infantil que enfrenta alg\u00fan tipo de vulnerabilidad<\/span><span data-contrast=\"auto\">.<\/span><span data-ccp-props=\"{&quot;335559731&quot;:708}\">\u00a0<\/span><\/p>\n<p><span data-contrast=\"auto\">Elia Mar\u00eda Beltr\u00e1n Coronel, titular del Voluntariado UV,\u202f<\/span><span data-contrast=\"auto\">comparti\u00f3 que en la regi\u00f3n Xalapa de la UV las bicicletas ser\u00e1n entregadas a ni\u00f1os que habitan localidades de los municipios de Las Minas, Las Vigas de Ram\u00edrez, <\/span><span data-contrast=\"auto\">Ixhuac\u00e1n<\/span><span data-contrast=\"auto\"> de los Reyes<\/span><span data-contrast=\"auto\"> y Perote, adem\u00e1s de peque\u00f1os que reciben tratamiento en el <\/span><i><span data-contrast=\"auto\">Cecan<\/span><\/i><span data-contrast=\"auto\">.<\/span><span data-ccp-props=\"{&quot;335559731&quot;:708}\">\u00a0<\/span><\/p>\n<p>&nbsp;<\/p>\n<div id='gallery-1' class='gallery galleryid-94513 gallery-columns-2 gallery-size-full'><dl class='gallery-item'>\n\t\t\t<dt class='gallery-icon portrait'>\n\t\t\t\t<a href='https:\/\/www.uv.mx\/prensa\/files\/2021\/03\/140321-Bicicletas-Voluntariado-2-e1615737857824.jpg'><img width=\"320\" height=\"481\" src=\"https:\/\/www.uv.mx\/prensa\/files\/2021\/03\/140321-Bicicletas-Voluntariado-2-e1615737857824.jpg\" class=\"attachment-full size-full\" alt=\"\" decoding=\"async\" loading=\"lazy\" aria-describedby=\"gallery-1-94515\" \/><\/a>\n\t\t\t<\/dt>\n\t\t\t\t<dd class='wp-caption-text gallery-caption' id='gallery-1-94515'>\n\t\t\t\tLas bicicletas servir\u00e1n a los peque\u00f1os para trasladarse a sus escuelas cuando se reanuden las clases presenciales\n\t\t\t\t<\/dd><\/dl><dl class='gallery-item'>\n\t\t\t<dt class='gallery-icon portrait'>\n\t\t\t\t<a href='https:\/\/www.uv.mx\/prensa\/files\/2021\/03\/140321-Bicicletas-Voluntariado-3-e1615737872774.jpg'><img width=\"320\" height=\"481\" src=\"https:\/\/www.uv.mx\/prensa\/files\/2021\/03\/140321-Bicicletas-Voluntariado-3-e1615737872774.jpg\" class=\"attachment-full size-full\" alt=\"\" decoding=\"async\" loading=\"lazy\" aria-describedby=\"gallery-1-94516\" \/><\/a>\n\t\t\t<\/dt>\n\t\t\t\t<dd class='wp-caption-text gallery-caption' id='gallery-1-94516'>\n\t\t\t\tBicicletas rodada 14 ser\u00e1n entregadas a ni\u00f1os de preescolar \n\t\t\t\t<\/dd><\/dl><br style=\"clear: both\" \/>\n\t\t<\/div>\n\n<p>&nbsp;<\/p>\n<p><span data-contrast=\"auto\">Agradeci\u00f3 el apoyo de <\/span><span data-contrast=\"auto\">estudiantes, acad\u00e9micos, investigadores, directivos<\/span><span data-contrast=\"auto\"> y p\u00fablico en general<\/span><span data-contrast=\"auto\">,<\/span> <span data-contrast=\"auto\">quienes<\/span><span data-contrast=\"auto\"> con sus donativos hicieron posible la compra de estos regalos<\/span><span data-contrast=\"auto\">,<\/span><span data-contrast=\"auto\"> que <\/span><span data-contrast=\"auto\">se traducir\u00e1n en <\/span><span data-contrast=\"auto\">la <\/span><span data-contrast=\"auto\">alegr\u00eda de <\/span><span data-contrast=\"auto\">m\u00e1s<\/span><span data-contrast=\"auto\"> de un centenar de ni\u00f1os.<\/span><span data-ccp-props=\"{&quot;335559731&quot;:708}\">\u00a0<\/span><\/p>\n<p><span data-contrast=\"auto\">A lo largo de casi una d\u00e9cada, el <\/span><span data-contrast=\"auto\">equipo actual del <\/span><span data-contrast=\"auto\">Voluntariado UV se ha dado a la tarea\u202fde\u202frecolectar ropa, calzado y juguetes por medio de las campa\u00f1as \u201cApadrina una carta\u201d y \u201cDona un juguete\u201d, con lo que ha logrado sembrar sonrisas y alegr\u00eda\u202fen\u202flocalidades de escasos recursos, en casas hogar e incluso\u202fen hospitales.\u202f<\/span><span data-ccp-props=\"{&quot;335559731&quot;:708}\">\u00a0<\/span><\/p>\n<p><span data-contrast=\"auto\">En esta ocasi\u00f3n <\/span><span data-contrast=\"auto\">la din\u00e1mica cambi\u00f3<\/span> <span data-contrast=\"auto\">debido a la\u202fenfermedad de la\u202fCovid-19 que afecta a M\u00e9xico y al mundo, por lo que\u202fcon la finalidad de\u202fevitar aglomeraciones que pongan en riesgo la salud de los ni\u00f1os y sus familiares, se tom\u00f3 la decisi\u00f3n <\/span><span data-contrast=\"auto\">de <\/span><span data-contrast=\"auto\">beneficiar a una menor cantidad de ellos\u202fa trav\u00e9s del regalo de bicicletas que les sirvan para trasladarse a sus escuelas cuando se reanuden l<\/span><span data-contrast=\"auto\">as clases presenciales.<\/span><span data-ccp-props=\"{&quot;335559731&quot;:708}\">\u00a0<\/span><\/p>\n","protected":false},"excerpt":{"rendered":"<p>Ser\u00e1n repartidas durante la segunda quincena de este mes a ni\u00f1os que habitan en comunidades de escasos recursos y a los que reciben tratamiento en el Centro Estatal de Cancerolog\u00eda<\/p>\n","protected":false},"author":1508,"featured_media":94514,"comment_status":"closed","ping_status":"closed","sticky":false,"template":"","format":"standard","meta":[],"categories":[1],"tags":[],"_links":{"self":[{"href":"https:\/\/www.uv.mx\/prensa\/wp-json\/wp\/v2\/posts\/94513"}],"collection":[{"href":"https:\/\/www.uv.mx\/prensa\/wp-json\/wp\/v2\/posts"}],"about":[{"href":"https:\/\/www.uv.mx\/prensa\/wp-json\/wp\/v2\/types\/post"}],"author":[{"embeddable":true,"href":"https:\/\/www.uv.mx\/prensa\/wp-json\/wp\/v2\/users\/1508"}],"replies":[{"embeddable":true,"href":"https:\/\/www.uv.mx\/prensa\/wp-json\/wp\/v2\/comments?post=94513"}],"version-history":[{"count":1,"href":"https:\/\/www.uv.mx\/prensa\/wp-json\/wp\/v2\/posts\/94513\/revisions"}],"predecessor-version":[{"id":94589,"href":"https:\/\/www.uv.mx\/prensa\/wp-json\/wp\/v2\/posts\/94513\/revisions\/94589"}],"wp:featuredmedia":[{"embeddable":true,"href":"https:\/\/www.uv.mx\/prensa\/wp-json\/wp\/v2\/media\/94514"}],"wp:attachment":[{"href":"https:\/\/www.uv.mx\/prensa\/wp-json\/wp\/v2\/media?parent=94513"}],"wp:term":[{"taxonomy":"category","embeddable":true,"href":"https:\/\/www.uv.mx\/prensa\/wp-json\/wp\/v2\/categories?post=94513"},{"taxonomy":"post_tag","embeddable":true,"href":"https:\/\/www.uv.mx\/prensa\/wp-json\/wp\/v2\/tags?post=94513"}],"curies":[{"name":"wp","href":"https:\/\/api.w.org\/{rel}","templated":true}]}}