{"id":94806,"date":"2021-03-22T14:32:38","date_gmt":"2021-03-22T20:32:38","guid":{"rendered":"https:\/\/www.uv.mx\/prensa\/?p=94806"},"modified":"2021-03-22T14:39:40","modified_gmt":"2021-03-22T20:39:40","slug":"insuficiencia-presupuestal-afecta-academia-posgrado-e-investigacion","status":"publish","type":"post","link":"https:\/\/www.uv.mx\/prensa\/banner\/insuficiencia-presupuestal-afecta-academia-posgrado-e-investigacion\/","title":{"rendered":"Insuficiencia presupuestal afecta academia, posgrado e investigaci\u00f3n: Edgar Gonz\u00e1lez"},"content":{"rendered":"<ul>\n<li data-leveltext=\"\uf0b7\" data-font=\"Symbol\" data-listid=\"10\" data-aria-posinset=\"1\" data-aria-level=\"1\"><i><span data-contrast=\"auto\">\u201c<\/span><\/i><i><span data-contrast=\"auto\">Afecta tambi\u00e9n <\/span><\/i><i><span data-contrast=\"auto\">la ampliaci\u00f3n de la infraestructura, su mantenimiento y la plantilla docente, para una mayor<\/span><\/i> <i><span data-contrast=\"auto\">oferta educativa\u201d: Edgar Javier Gonz\u00e1lez <\/span><\/i><i><span data-contrast=\"auto\">Gaudiano<\/span><\/i><i><span data-contrast=\"auto\">, <\/span><\/i><i><span data-contrast=\"auto\">investigador de la UV<\/span><\/i><span data-ccp-props=\"{&quot;201341983&quot;:0,&quot;335559739&quot;:0,&quot;335559740&quot;:240}\">\u00a0<\/span><\/li>\n<\/ul>\n<p>&nbsp;<\/p>\n<div id=\"attachment_78775\" style=\"width: 732px\" class=\"wp-caption aligncenter\"><a href=\"https:\/\/www.uv.mx\/prensa\/files\/2020\/01\/080120-Investigador-UV-preside-Junta-de-Honor.jpg\"><img aria-describedby=\"caption-attachment-78775\" decoding=\"async\" loading=\"lazy\" class=\"size-full wp-image-78775\" src=\"https:\/\/www.uv.mx\/prensa\/files\/2020\/01\/080120-Investigador-UV-preside-Junta-de-Honor.jpg\" alt=\"\" width=\"722\" height=\"482\" srcset=\"https:\/\/www.uv.mx\/prensa\/files\/2020\/01\/080120-Investigador-UV-preside-Junta-de-Honor.jpg 722w, https:\/\/www.uv.mx\/prensa\/files\/2020\/01\/080120-Investigador-UV-preside-Junta-de-Honor-300x200.jpg 300w\" sizes=\"(max-width: 722px) 100vw, 722px\" \/><\/a><p id=\"caption-attachment-78775\" class=\"wp-caption-text\">Edgar Javier Gonz\u00e1lez Gaudiano, investigador del IIE (foto de archivo)<\/p><\/div>\n<p>&nbsp;<\/p>\n<p><b><i><span data-contrast=\"auto\">Jos\u00e9 Luis <\/span><\/i><\/b><b><i><span data-contrast=\"auto\">Couttolenc<\/span><\/i><\/b><b><i><span data-contrast=\"auto\"> Soto<\/span><\/i><\/b><span data-ccp-props=\"{&quot;201341983&quot;:0,&quot;335559739&quot;:0,&quot;335559740&quot;:240}\">\u00a0<\/span><\/p>\n<p><b><i><span data-contrast=\"auto\">22<\/span><\/i><\/b><b><i><span data-contrast=\"auto\">\/<\/span><\/i><\/b><b><i><span data-contrast=\"auto\">0<\/span><\/i><\/b><b><i><span data-contrast=\"auto\">3<\/span><\/i><\/b><b><i><span data-contrast=\"auto\">\/202<\/span><\/i><\/b><b><i><span data-contrast=\"auto\">1<\/span><\/i><\/b><b><i><span data-contrast=\"auto\">, Xalapa, <\/span><\/i><\/b><b><i><span data-contrast=\"auto\">Ver.-<\/span><\/i><\/b> <span data-contrast=\"auto\">Edgar Javier Gonz\u00e1lez <\/span><span data-contrast=\"auto\">Gaudiano<\/span><span data-contrast=\"auto\">,<\/span> <span data-contrast=\"auto\">investigador de la Universidad Veracruzana (UV), <\/span><span data-contrast=\"auto\">consider\u00f3 que reducir el <\/span><span data-contrast=\"auto\">presupuesto asignado para las universidades p\u00fablicas <\/span><span data-contrast=\"auto\">golpear\u00e1 <\/span><span data-contrast=\"auto\">en <\/span><span data-contrast=\"auto\">la vida acad\u00e9mica<\/span><span data-contrast=\"auto\">, los posgrados y la investigaci\u00f3n, particularmente en las instituciones que tienen mayor insuficiencia <\/span><span data-contrast=\"auto\">de recursos<\/span><span data-contrast=\"auto\">.<\/span><span data-ccp-props=\"{&quot;201341983&quot;:0,&quot;335559739&quot;:0,&quot;335559740&quot;:240}\">\u00a0<\/span><\/p>\n<p><span data-contrast=\"auto\">El Doctor en Filosof\u00eda y Ciencias de la Educaci\u00f3n por la Universidad de Madrid, Espa\u00f1a, adscrito al Instituto de Investigaciones en Educaci\u00f3n<\/span><span data-contrast=\"auto\"> (IIE)<\/span><span data-contrast=\"auto\"> de la UV, se\u00f1al\u00f3 que<\/span><span data-contrast=\"auto\"> no obstante encontrarse inscritos en el Programa Nacional de Posgrados de Calidad (PNPC) de<\/span><span data-contrast=\"auto\">l<\/span> <i><span data-contrast=\"auto\">Conacyt<\/span><\/i><span data-contrast=\"auto\">, <\/span><span data-contrast=\"auto\">los posgrados<\/span><span data-contrast=\"auto\"> no cuentan con <\/span><span data-contrast=\"auto\">un presupuesto<\/span><span data-contrast=\"auto\">,<\/span> <span data-contrast=\"auto\">por lo que <\/span><span data-contrast=\"auto\">las universidades los tienen que hacer autofinanciables a trav\u00e9s de las cuotas de los estudiantes que los cursan<\/span><span data-contrast=\"auto\">, de donde tambi\u00e9n se cubren los trabajos de campo.<\/span><span data-ccp-props=\"{&quot;201341983&quot;:0,&quot;335559739&quot;:0,&quot;335559740&quot;:240}\">\u00a0<\/span><\/p>\n<p><span data-contrast=\"auto\">En cuanto a los proyectos de investigaci\u00f3n que se realizan en los institutos, dijo que el financiamiento proviene de fondos concursables, mientras los becarios son asignados por la UV, \u201cpero se requiere mayor apoyo, <\/span><span data-contrast=\"auto\">el cual<\/span><span data-contrast=\"auto\"> ser\u00e1 dif\u00edcil se nos <\/span><span data-contrast=\"auto\">d\u00e9<\/span><span data-contrast=\"auto\"> por la reducc<\/span><span data-contrast=\"auto\">i\u00f3n presupuestal<\/span><span data-contrast=\"auto\">.<\/span><span data-ccp-props=\"{&quot;201341983&quot;:0,&quot;335559739&quot;:0,&quot;335559740&quot;:240}\">\u00a0<\/span><\/p>\n<p><span data-contrast=\"auto\">\u201d<\/span><span data-contrast=\"auto\">Otra afectaci\u00f3n ser\u00e1 en la ampliaci\u00f3n de la plantilla docente para una mayor oferta educativa, por donde se quiera ver, algunas \u00e1reas ser\u00e1n m\u00e1s afectadas que otras, principalmente en las universidades <\/span><span data-contrast=\"auto\">que<\/span><span data-contrast=\"auto\"> atraviesan por una crisis financiera<\/span><span data-contrast=\"auto\">.\u201d<\/span><span data-ccp-props=\"{&quot;201341983&quot;:0,&quot;335559739&quot;:0,&quot;335559740&quot;:240}\">\u00a0<\/span><\/p>\n<p><span data-contrast=\"auto\">Con la experiencia de haber trabajado para el gobierno federal por m\u00e1s de 20 a\u00f1os, Gonz\u00e1lez <\/span><span data-contrast=\"auto\">Gaudiano<\/span><span data-contrast=\"auto\"> dijo que para el dise\u00f1o de los presupuestos se escucha a expertos, que los hay en muchas \u00e1reas<\/span><span data-contrast=\"auto\">,<\/span><span data-contrast=\"auto\"> pero en ocasiones no se consulta a los indicados.<\/span><span data-ccp-props=\"{&quot;201341983&quot;:0,&quot;335559739&quot;:0,&quot;335559740&quot;:240}\">\u00a0<\/span><\/p>\n<p><span data-contrast=\"auto\">En cuanto a la educaci\u00f3n p\u00fablica superior, lament\u00f3 que existan disparidades<\/span><span data-contrast=\"auto\"> en la asignaci\u00f3n<\/span><span data-contrast=\"auto\"> de recursos<\/span><span data-contrast=\"auto\">,<\/span><span data-contrast=\"auto\"> como sucede con la Universidad Aut\u00f3noma de San Luis Potos\u00ed y la de Yucat\u00e1n, que reciben casi el 89 por ciento de su presupuesto de origen federal, mientras que otras \u201ccomo la UV reciben presupuesto de fondos federales <\/span><span data-contrast=\"auto\">menor<\/span> <span data-contrast=\"auto\">a<\/span><span data-contrast=\"auto\">l 50 por ciento<\/span><span data-contrast=\"auto\">.<\/span><span data-ccp-props=\"{&quot;201341983&quot;:0,&quot;335559739&quot;:0,&quot;335559740&quot;:240}\">\u00a0<\/span><\/p>\n<p><span data-contrast=\"auto\">\u201d<\/span><span data-contrast=\"auto\">C\u00f3mo puede explicarse que unas tengan mucho m\u00e1s apoyo a nivel federal que otras<\/span><span data-contrast=\"auto\">; <\/span><span data-contrast=\"auto\">en el caso de la UV le afect\u00f3 mucho el gobierno de Javier Duarte, que no entreg\u00f3 los apoyos comprometidos por el gobierno federal frenando la actividad acad\u00e9mica, finalmente la rectora Sara Ladr\u00f3n de Guevara resolvi\u00f3 muy bien el problema, generando un mecanismo de asignaci\u00f3<\/span><span data-contrast=\"auto\">n directa del gobierno federal.\u201d<\/span><span data-ccp-props=\"{&quot;201341983&quot;:0,&quot;335559739&quot;:0,&quot;335559740&quot;:240}\">\u00a0<\/span><\/p>\n<p><span data-contrast=\"auto\">En opini\u00f3n del investigador del IIE, es necesaria una reingenier\u00eda en el financiamiento de la educaci\u00f3n superior en su conjunto, \u201cporque las decisiones no pueden consistir en medidas puntuales de apoyo para salir del apuro y al a\u00f1o siguiente enfrentar el mismo problema, o c\u00f3mo explicarse que unas universidades tengan m\u00e1s apo<\/span><span data-contrast=\"auto\">yo federal que otras\u201d, reiter\u00f3.<\/span><span data-ccp-props=\"{&quot;201341983&quot;:0,&quot;335559739&quot;:0,&quot;335559740&quot;:240}\">\u00a0<\/span><\/p>\n<p><span data-contrast=\"auto\">Subray\u00f3 que <\/span><span data-contrast=\"auto\">desde hace tiempo <\/span><span data-contrast=\"auto\">especialistas en educaci\u00f3n superior <\/span><span data-contrast=\"auto\">se\u00f1alan <\/span><span data-contrast=\"auto\">cuatro puntos importantes: insuficiencia presupuestal, <\/span><span data-contrast=\"auto\">in<\/span><span data-contrast=\"auto\">certidumbre de las aportaciones de los gobiernos estatales, inequidad y disparidad en el financiamiento federal a universidades p\u00fablicas<\/span><span data-contrast=\"auto\">,<\/span><span data-contrast=\"auto\"> y transparencia en el manejo de los presupuestos<\/span><span data-contrast=\"auto\">.<\/span><span data-contrast=\"auto\"> \u201c<\/span><span data-contrast=\"auto\">N<\/span><span data-contrast=\"auto\">inguno se resuelve completamente, por lo que hay que racionalizar bien el gasto\u201d.<\/span><span data-ccp-props=\"{&quot;201341983&quot;:0,&quot;335559739&quot;:0,&quot;335559740&quot;:240}\">\u00a0<\/span><\/p>\n","protected":false},"excerpt":{"rendered":"<p>\u201cImpacta tambi\u00e9n en la ampliaci\u00f3n de la infraestructura, su mantenimiento y la plantilla docente, para una mayor oferta educativa\u201d: Edgar Gonz\u00e1lez Gaudiano, investigador de la UV <\/p>\n","protected":false},"author":1508,"featured_media":94808,"comment_status":"closed","ping_status":"closed","sticky":false,"template":"","format":"standard","meta":[],"categories":[61],"tags":[],"_links":{"self":[{"href":"https:\/\/www.uv.mx\/prensa\/wp-json\/wp\/v2\/posts\/94806"}],"collection":[{"href":"https:\/\/www.uv.mx\/prensa\/wp-json\/wp\/v2\/posts"}],"about":[{"href":"https:\/\/www.uv.mx\/prensa\/wp-json\/wp\/v2\/types\/post"}],"author":[{"embeddable":true,"href":"https:\/\/www.uv.mx\/prensa\/wp-json\/wp\/v2\/users\/1508"}],"replies":[{"embeddable":true,"href":"https:\/\/www.uv.mx\/prensa\/wp-json\/wp\/v2\/comments?post=94806"}],"version-history":[{"count":1,"href":"https:\/\/www.uv.mx\/prensa\/wp-json\/wp\/v2\/posts\/94806\/revisions"}],"predecessor-version":[{"id":94809,"href":"https:\/\/www.uv.mx\/prensa\/wp-json\/wp\/v2\/posts\/94806\/revisions\/94809"}],"wp:featuredmedia":[{"embeddable":true,"href":"https:\/\/www.uv.mx\/prensa\/wp-json\/wp\/v2\/media\/94808"}],"wp:attachment":[{"href":"https:\/\/www.uv.mx\/prensa\/wp-json\/wp\/v2\/media?parent=94806"}],"wp:term":[{"taxonomy":"category","embeddable":true,"href":"https:\/\/www.uv.mx\/prensa\/wp-json\/wp\/v2\/categories?post=94806"},{"taxonomy":"post_tag","embeddable":true,"href":"https:\/\/www.uv.mx\/prensa\/wp-json\/wp\/v2\/tags?post=94806"}],"curies":[{"name":"wp","href":"https:\/\/api.w.org\/{rel}","templated":true}]}}