{"id":94818,"date":"2021-03-22T14:06:56","date_gmt":"2021-03-22T20:06:56","guid":{"rendered":"https:\/\/www.uv.mx\/prensa\/?p=94818"},"modified":"2021-03-22T15:17:06","modified_gmt":"2021-03-22T21:17:06","slug":"big-data-area-de-oportunidad-para-los-profesionistas-mario-miguel-ojeda","status":"publish","type":"post","link":"https:\/\/www.uv.mx\/prensa\/ciencia\/big-data-area-de-oportunidad-para-los-profesionistas-mario-miguel-ojeda\/","title":{"rendered":"<em>Big data<\/em>, \u00e1rea de oportunidad para los profesionistas: Mario Miguel Ojeda"},"content":{"rendered":"<ul>\n<li><em><span class=\"TextRun BCX2 SCXW157248127\" lang=\"ES-419\" xml:lang=\"ES-419\" data-contrast=\"auto\"><span class=\"NormalTextRun BCX2 SCXW157248127\">Las instituciones de educaci\u00f3n deben brindar, promover y divulgar informaci\u00f3n sobre este concepto, se\u00f1al\u00f3 el acad\u00e9mico <span data-contrast=\"auto\">de la Facultad de Estad\u00edstica e Inform\u00e1tica<\/span><br \/>\n<\/span><\/span><\/em><\/li>\n<\/ul>\n<p>&nbsp;<\/p>\n<div id=\"attachment_94819\" style=\"width: 732px\" class=\"wp-caption aligncenter\"><a href=\"https:\/\/www.uv.mx\/prensa\/files\/2021\/03\/220321-Estadistica.jpg\"><img aria-describedby=\"caption-attachment-94819\" decoding=\"async\" loading=\"lazy\" class=\"size-full wp-image-94819\" src=\"https:\/\/www.uv.mx\/prensa\/files\/2021\/03\/220321-Estadistica.jpg\" alt=\"\" width=\"722\" height=\"481\" srcset=\"https:\/\/www.uv.mx\/prensa\/files\/2021\/03\/220321-Estadistica.jpg 722w, https:\/\/www.uv.mx\/prensa\/files\/2021\/03\/220321-Estadistica-300x200.jpg 300w\" sizes=\"(max-width: 722px) 100vw, 722px\" \/><\/a><p id=\"caption-attachment-94819\" class=\"wp-caption-text\">Mario Miguel Ojeda durante su participaci\u00f3n en \u201cTardes de Ciencia\u201d<\/p><\/div>\n<p>&nbsp;<\/p>\n<p><b><i><span data-contrast=\"auto\">Paola Cort\u00e9s P\u00e9rez<\/span><\/i><\/b><span data-ccp-props=\"{&quot;201341983&quot;:0,&quot;335559739&quot;:160,&quot;335559740&quot;:240}\">\u00a0<\/span><\/p>\n<p><b><i><span data-contrast=\"auto\">22<\/span><\/i><\/b><b><i><span data-contrast=\"auto\">\/03\/2021, Xalapa, Ver.-<\/span><\/i><\/b> <span data-contrast=\"auto\">Mario Miguel Ojeda Ram\u00edrez, profesor-investigador de la Facultad de Estad\u00edstica e Inform\u00e1tica (FEI) <\/span><span data-contrast=\"auto\">de la Universidad Veracruzana (UV)<\/span><span data-contrast=\"auto\">, <\/span><span data-contrast=\"auto\">coment\u00f3 que <\/span><span data-contrast=\"auto\">las instituciones de educaci\u00f3n <\/span><span data-contrast=\"auto\">deben <\/span><span data-contrast=\"auto\">brind<\/span><span data-contrast=\"auto\">ar<\/span><span data-contrast=\"auto\">, <\/span><span data-contrast=\"auto\">promover <\/span><span data-contrast=\"auto\">y <\/span><span data-contrast=\"auto\">divulgar informaci\u00f3n <\/span><span data-contrast=\"auto\">sobre lo qu\u00e9 es el <\/span><i><span data-contrast=\"auto\">b<\/span><\/i><i><span data-contrast=\"auto\">ig<\/span><\/i> <i><span data-contrast=\"auto\">d<\/span><\/i><i><span data-contrast=\"auto\">ata<\/span><\/i> <span data-contrast=\"auto\">pues <\/span><span data-contrast=\"auto\">cre<\/span><span data-contrast=\"auto\">cer\u00e1 mucho en los pr\u00f3ximos a\u00f1os y se<\/span> <span data-contrast=\"auto\">convertir\u00e1 <\/span><span data-contrast=\"auto\">en un \u00e1rea de oportunidad<\/span><span data-contrast=\"auto\"> para todos los profesionistas.<\/span><span data-ccp-props=\"{&quot;201341983&quot;:0,&quot;335559739&quot;:160,&quot;335559740&quot;:240}\">\u00a0<\/span><\/p>\n<p><span data-contrast=\"auto\">El acad\u00e9mico ofreci\u00f3<\/span><span data-contrast=\"auto\"> la charla \u201cLa estad\u00edstica y la ciencia de datos\u201d, como parte de las actividades del programa <\/span><span data-contrast=\"auto\">\u201c<\/span><span data-contrast=\"auto\">Tardes de Ciencia<\/span><span data-contrast=\"auto\">\u201d<\/span><span data-contrast=\"auto\">, impulsado por la Direcci\u00f3n General de Investigaciones (DGI) de esta casa de estudios<\/span><span data-contrast=\"auto\"> y que concluye el 6 de julio.<\/span><span data-ccp-props=\"{&quot;201341983&quot;:0,&quot;335559731&quot;:708,&quot;335559739&quot;:160,&quot;335559740&quot;:240}\">\u00a0<\/span><\/p>\n<p><span data-contrast=\"auto\">Mencion\u00f3 que <\/span><span data-contrast=\"auto\">en los \u00faltimos a\u00f1os se ha puesto de moda la ciencia de datos<\/span><span data-contrast=\"auto\">, ahora se habla de un cient\u00edfico de los datos, <\/span><span data-contrast=\"auto\">de <\/span><i><span data-contrast=\"auto\">b<\/span><\/i><i><span data-contrast=\"auto\">ig<\/span><\/i> <i><span data-contrast=\"auto\">d<\/span><\/i><i><span data-contrast=\"auto\">ata<\/span><\/i><span data-contrast=\"auto\">, <\/span><span data-contrast=\"auto\">de la miner\u00eda de datos, <\/span><span data-contrast=\"auto\">gener\u00e1ndose<\/span><span data-contrast=\"auto\"> un movimiento mundial.<\/span><span data-ccp-props=\"{&quot;201341983&quot;:0,&quot;335559731&quot;:708,&quot;335559739&quot;:160,&quot;335559740&quot;:240}\">\u00a0<\/span><\/p>\n<p><span data-contrast=\"auto\">Explic\u00f3 que la ciencia de datos es una amalgama de tres cosas: matem\u00e1ticas y estad\u00edstica<\/span><span data-contrast=\"auto\">, ciencias e ingenier\u00eda de c\u00f3mputo, y conocimiento del campo en donde se presenta el problema.<\/span><span data-ccp-props=\"{&quot;201341983&quot;:0,&quot;335559731&quot;:708,&quot;335559739&quot;:160,&quot;335559740&quot;:240}\">\u00a0<\/span><\/p>\n<p><span data-contrast=\"auto\">El <\/span><i><span data-contrast=\"auto\">big<\/span><\/i><i><span data-contrast=\"auto\"> data<\/span><\/i><span data-contrast=\"auto\"> es la <\/span><span data-contrast=\"auto\">\u201c<\/span><span data-contrast=\"auto\">c<\/span><span data-contrast=\"auto\">olecta datos, lo prepara y los explora<\/span><span data-contrast=\"auto\">, para luego representarlos y transformarlos, <\/span><span data-contrast=\"auto\">a fin de<\/span><span data-contrast=\"auto\"> encontrar patrones y modelar cosas<\/span><span data-contrast=\"auto\">; <\/span><span data-contrast=\"auto\">asimismo, <\/span><span data-contrast=\"auto\">visualiza y presenta los datos para que sean <\/span><span data-contrast=\"auto\">f\u00e1cilmente interpretados, para que ayuden al an\u00e1lisis y toma de decisiones para los problemas.\u201d<\/span><span data-ccp-props=\"{&quot;201341983&quot;:0,&quot;335559731&quot;:708,&quot;335559739&quot;:160,&quot;335559740&quot;:240}\">\u00a0<\/span><\/p>\n<p><span data-contrast=\"auto\">En tanto, la miner\u00eda de datos es un \u00e1rea mixta de la computaci\u00f3n y la estad\u00edstica<\/span><span data-contrast=\"auto\">; primero <\/span><span data-contrast=\"auto\">se <\/span><span data-contrast=\"auto\">aplic\u00f3<\/span><span data-contrast=\"auto\"> en astronom\u00eda y f\u00edsica experimental, donde se generan <\/span><span data-contrast=\"auto\">vol\u00famenes<\/span><span data-contrast=\"auto\"> inmensos, masivos y densos de datos.<\/span><span data-ccp-props=\"{&quot;201341983&quot;:0,&quot;335559731&quot;:708,&quot;335559739&quot;:160,&quot;335559740&quot;:240}\">\u00a0<\/span><\/p>\n<p><span data-contrast=\"auto\">\u201cSe usaban algoritmos que permitieran hacer agrupaciones, segmentaciones e identificar patrones, para ello se utilizaron t\u00e9cnicas de la estad\u00edstica y algoritmos computacionales.\u201d<\/span><span data-ccp-props=\"{&quot;201341983&quot;:0,&quot;335559731&quot;:708,&quot;335559739&quot;:160,&quot;335559740&quot;:240}\">\u00a0<\/span><\/p>\n<p><span data-contrast=\"auto\">Sin embargo, <\/span><span data-contrast=\"auto\">dijo que es necesario desarrollar nuevas competencias para participar en el proceso de la <\/span><span data-contrast=\"auto\">miner\u00eda de datos porque han<\/span><span data-contrast=\"auto\"> surgido temas nuevos: <\/span><span data-contrast=\"auto\">calidad de <\/span><span data-contrast=\"auto\">los datos y sesgos de selecci\u00f3n,<\/span><span data-contrast=\"auto\"> algoritmos computacionales, programaci\u00f3n, <\/span><i><span data-contrast=\"auto\">machine learning<\/span><\/i><span data-contrast=\"auto\">, t\u00e9cnicas de miner\u00eda de datos, trabajo en equipo, <\/span><span data-contrast=\"auto\">multidisciplina, proactividad, esquemas de selecci\u00f3n<\/span><span data-contrast=\"auto\">, poder de inferencia, etc\u00e9tera.<\/span> <span data-contrast=\"auto\">T<\/span><span data-contrast=\"auto\">odo esto se demanda actualmente de quien es cient\u00edfico de los datos.<\/span><span data-ccp-props=\"{&quot;201341983&quot;:0,&quot;335559731&quot;:708,&quot;335559739&quot;:160,&quot;335559740&quot;:240}\">\u00a0<\/span><\/p>\n<p><span data-contrast=\"auto\">Y la estad\u00edstica, mencion\u00f3, <\/span><span data-contrast=\"auto\">ha sido <\/span><span data-contrast=\"auto\">una disciplina que brinda principios, procedimiento<\/span><span data-contrast=\"auto\">s<\/span><span data-contrast=\"auto\"> y t\u00e9cnicas para colectar <\/span><span data-contrast=\"auto\">datos, analizarlos y<\/span> <span data-contrast=\"auto\">difundir correctamente el conocimiento <\/span><span data-contrast=\"auto\">obtenido en la toma de decisiones.<\/span><span data-ccp-props=\"{&quot;201341983&quot;:0,&quot;335559731&quot;:708,&quot;335559739&quot;:160,&quot;335559740&quot;:240}\">\u00a0<\/span><\/p>\n<p><span data-contrast=\"auto\">Actualmente<\/span><span data-contrast=\"auto\"> esta disciplina se desarrolla en tres fases: dise\u00f1o del estudio o investigaci\u00f3n<\/span><span data-contrast=\"auto\">,<\/span><span data-contrast=\"auto\"> dise\u00f1o y verificaci\u00f3n de la base de datos, e implementaci\u00f3n de la estrategia de an\u00e1lisis de datos y presentaci\u00f3n de resultados.<\/span><span data-ccp-props=\"{&quot;201341983&quot;:0,&quot;335559731&quot;:708,&quot;335559739&quot;:160,&quot;335559740&quot;:240}\">\u00a0<\/span><\/p>\n<p><span data-contrast=\"auto\">Por \u00faltimo, resalt\u00f3 que <\/span><span data-contrast=\"auto\">el <\/span><i><span data-contrast=\"auto\">b<\/span><\/i><i><span data-contrast=\"auto\">ig<\/span><\/i> <i><span data-contrast=\"auto\">d<\/span><\/i><i><span data-contrast=\"auto\">ata<\/span><\/i><span data-contrast=\"auto\"> brinda oportunidades y plantea retos para todas las profesiones y disciplinas, de tal manera que todos los espacios educativos <\/span><span data-contrast=\"auto\">deben brindar, promover y divulgar qu\u00e9 es<\/span><span data-contrast=\"auto\">, al ser un fen\u00f3meno impulsado por un mercado especializado en la explotaci\u00f3n de datos masivos.<\/span><span data-ccp-props=\"{&quot;201341983&quot;:0,&quot;335559731&quot;:708,&quot;335559739&quot;:160,&quot;335559740&quot;:240}\">\u00a0<\/span><\/p>\n<p><span data-contrast=\"auto\">\u201cSeg\u00fan las previsiones, <\/span><span data-contrast=\"auto\">en los pr\u00f3ximos a\u00f1os crecer\u00e1 much\u00edsimo, siendo una gran \u00e1rea de oportunidad para todos los profesionales que tengan relaci\u00f3n con el cient\u00edfico de datos.\u201d<\/span><span data-ccp-props=\"{&quot;201341983&quot;:0,&quot;335559731&quot;:708,&quot;335559739&quot;:160,&quot;335559740&quot;:240}\">\u00a0<\/span><\/p>\n<p><span data-contrast=\"auto\">Por \u00faltimo, <\/span><span data-contrast=\"auto\">subray\u00f3 que la investigaci\u00f3n de la ciencia de datos tiene mucho por hacer, las orientaciones de la investigaci\u00f3n cambiar\u00e1n mucho en las pr\u00f3ximas d\u00e9cadas<\/span><span data-contrast=\"auto\">.<\/span><span data-ccp-props=\"{&quot;201341983&quot;:0,&quot;335559731&quot;:708,&quot;335559739&quot;:160,&quot;335559740&quot;:240}\">\u00a0<\/span><\/p>\n<p><span data-contrast=\"auto\">\u201cHoy en d\u00eda, los proyectos de investigaci\u00f3n deben ser de alta incidencia, l<\/span><span data-contrast=\"auto\">o que significan m\u00e1s datos, a lo<\/span><span data-contrast=\"auto\"> que est<\/span><span data-contrast=\"auto\">\u00e1n<\/span><span data-contrast=\"auto\"> llamada<\/span><span data-contrast=\"auto\">s<\/span><span data-contrast=\"auto\"> la <\/span><span data-contrast=\"auto\">estad\u00edstica y la inform\u00e1tica.\u201d<\/span><span data-ccp-props=\"{&quot;201341983&quot;:0,&quot;335559731&quot;:708,&quot;335559739&quot;:160,&quot;335559740&quot;:240}\">\u00a0<\/span><\/p>\n","protected":false},"excerpt":{"rendered":"<p>\u201cSeg\u00fan las previsiones, en los pr\u00f3ximos a\u00f1os crecer\u00e1 much\u00edsimo, siendo una gran \u00e1rea de oportunidad para todos los profesionales que tengan relaci\u00f3n con el cient\u00edfico de datos\u201d<\/p>\n","protected":false},"author":1508,"featured_media":94819,"comment_status":"closed","ping_status":"closed","sticky":false,"template":"","format":"standard","meta":[],"categories":[45],"tags":[],"_links":{"self":[{"href":"https:\/\/www.uv.mx\/prensa\/wp-json\/wp\/v2\/posts\/94818"}],"collection":[{"href":"https:\/\/www.uv.mx\/prensa\/wp-json\/wp\/v2\/posts"}],"about":[{"href":"https:\/\/www.uv.mx\/prensa\/wp-json\/wp\/v2\/types\/post"}],"author":[{"embeddable":true,"href":"https:\/\/www.uv.mx\/prensa\/wp-json\/wp\/v2\/users\/1508"}],"replies":[{"embeddable":true,"href":"https:\/\/www.uv.mx\/prensa\/wp-json\/wp\/v2\/comments?post=94818"}],"version-history":[{"count":1,"href":"https:\/\/www.uv.mx\/prensa\/wp-json\/wp\/v2\/posts\/94818\/revisions"}],"predecessor-version":[{"id":94820,"href":"https:\/\/www.uv.mx\/prensa\/wp-json\/wp\/v2\/posts\/94818\/revisions\/94820"}],"wp:featuredmedia":[{"embeddable":true,"href":"https:\/\/www.uv.mx\/prensa\/wp-json\/wp\/v2\/media\/94819"}],"wp:attachment":[{"href":"https:\/\/www.uv.mx\/prensa\/wp-json\/wp\/v2\/media?parent=94818"}],"wp:term":[{"taxonomy":"category","embeddable":true,"href":"https:\/\/www.uv.mx\/prensa\/wp-json\/wp\/v2\/categories?post=94818"},{"taxonomy":"post_tag","embeddable":true,"href":"https:\/\/www.uv.mx\/prensa\/wp-json\/wp\/v2\/tags?post=94818"}],"curies":[{"name":"wp","href":"https:\/\/api.w.org\/{rel}","templated":true}]}}