{"id":94823,"date":"2021-03-22T15:54:05","date_gmt":"2021-03-22T21:54:05","guid":{"rendered":"https:\/\/www.uv.mx\/prensa\/?p=94823"},"modified":"2021-03-22T15:54:05","modified_gmt":"2021-03-22T21:54:05","slug":"uv-invita-a-registrarse-al-4to-congreso-internacional-sobre-genero-y-espacio","status":"publish","type":"post","link":"https:\/\/www.uv.mx\/prensa\/eventos\/uv-invita-a-registrarse-al-4to-congreso-internacional-sobre-genero-y-espacio\/","title":{"rendered":"UV invita a registrarse al\u00a04to. Congreso\u00a0Internacional sobre G\u00e9nero y Espacio\u00a0  \u00a0"},"content":{"rendered":"<ul>\n<li data-leveltext=\"\uf0b7\" data-font=\"Symbol\" data-listid=\"1\" data-aria-posinset=\"1\" data-aria-level=\"1\"><i><span data-contrast=\"none\">Del 22 de marzo\u00a0<\/span><\/i><i><span data-contrast=\"none\">al 15 de abril, en\u00a0<\/span><\/i><a href=\"https:\/\/cieg.unam.mx\/4tocige\/\"><i><span data-contrast=\"none\">https:\/\/cieg.unam.mx\/4tocige\/<\/span><\/i><\/a><span data-ccp-props=\"{&quot;134233279&quot;:true}\">\u00a0<\/span><\/li>\n<\/ul>\n<p><span data-ccp-props=\"{}\">\u00a0<\/span><\/p>\n<div id=\"attachment_94826\" style=\"width: 732px\" class=\"wp-caption aligncenter\"><a href=\"https:\/\/www.uv.mx\/prensa\/files\/2021\/03\/220321-KARINA-Registro-a-Congreso-1-1.png\"><img aria-describedby=\"caption-attachment-94826\" decoding=\"async\" loading=\"lazy\" class=\"size-full wp-image-94826\" src=\"https:\/\/www.uv.mx\/prensa\/files\/2021\/03\/220321-KARINA-Registro-a-Congreso-1-1.png\" alt=\"\" width=\"722\" height=\"265\" srcset=\"https:\/\/www.uv.mx\/prensa\/files\/2021\/03\/220321-KARINA-Registro-a-Congreso-1-1.png 722w, https:\/\/www.uv.mx\/prensa\/files\/2021\/03\/220321-KARINA-Registro-a-Congreso-1-1-300x110.png 300w\" sizes=\"(max-width: 722px) 100vw, 722px\" \/><\/a><p id=\"caption-attachment-94826\" class=\"wp-caption-text\">Este ejercicio es coorganizado por la\u00a0UV, la\u00a0UNAM,\u00a0la\u00a0UAM y\u00a0la\u00a0UAEM<\/p><\/div>\n<p><span data-ccp-props=\"{}\">\u00a0<\/span><\/p>\n<p><b><i><span data-contrast=\"none\">Karina de la Paz Reyes D\u00edaz<\/span><\/i><\/b><span data-ccp-props=\"{}\">\u00a0<\/span><\/p>\n<p><b><i><span data-contrast=\"none\">22\/03\/2021, Xalapa, Ver.-<\/span><\/i><\/b><span data-contrast=\"none\">\u00a0<\/span><span data-contrast=\"none\">Este lunes<\/span><span data-contrast=\"none\">\u00a0inici\u00f3 el periodo de registro al Congreso Internacional sobre G\u00e9nero\u00a0<\/span><span data-contrast=\"none\">y Espacio, ejercicio acad\u00e9mico coorganizado por\u00a0<\/span><span data-contrast=\"none\">instituciones de la<\/span><span data-contrast=\"none\">\u00a0<\/span><span data-contrast=\"none\">Universidad Nacional Aut\u00f3noma de M\u00e9xico (UNAM),\u00a0<\/span><span data-contrast=\"none\">Universidad\u00a0<\/span><span data-contrast=\"none\">Veracruzana (UV)<\/span><span data-contrast=\"none\">,\u00a0<\/span><span data-contrast=\"none\">Universidad Aut\u00f3noma Metropolitana<\/span><span data-contrast=\"none\">\u00a0(UAM)<\/span><span data-contrast=\"none\">\u00a0y\u00a0<\/span><span data-contrast=\"none\">Universidad\u00a0<\/span><span data-contrast=\"none\">Aut\u00f3noma del Estado de M\u00e9xico (<\/span><span data-contrast=\"none\">UAEM<\/span><span data-contrast=\"none\">)<\/span><span data-contrast=\"none\">.<\/span><span data-ccp-props=\"{}\">\u00a0<\/span><\/p>\n<p><span data-contrast=\"none\">Las instituciones convocantes a este Congreso son: el<\/span><span data-contrast=\"none\">\u00a0<\/span><span data-contrast=\"none\">Programa Universitario de Estudios sobre la Ciudad<\/span><span data-contrast=\"none\">;<\/span><span data-contrast=\"none\">\u00a0el\u00a0<\/span><span data-contrast=\"none\">Centro de Investigaciones y Estudios de G\u00e9nero<\/span><span data-contrast=\"none\">;<\/span><span data-contrast=\"none\">\u00a0la<\/span><span data-contrast=\"none\">s facultades<\/span><span data-contrast=\"none\">\u00a0de Arquitectura<\/span><span data-contrast=\"none\">,\u00a0<\/span><span data-contrast=\"none\">de Filosof\u00eda y Letra<\/span><span data-contrast=\"none\">s y el\u00a0<\/span><span data-contrast=\"none\">Instituto de Geograf\u00eda<\/span><span data-contrast=\"none\">, todas ellas de la<\/span><span data-contrast=\"none\">\u00a0UNAM<\/span><span data-contrast=\"none\">; la\u00a0<\/span><span data-contrast=\"none\">Univ<\/span><span data-contrast=\"none\">ersidad Aut\u00f3noma Metropolitana<\/span><span data-contrast=\"none\">\u00a0Unidad<\/span><span data-contrast=\"none\">\u00a0Iztapalapa<\/span><span data-contrast=\"none\">; la\u00a0<\/span><span data-contrast=\"none\">Facultad de Ciencias Pol\u00edticas y Sociales\u00a0<\/span><span data-contrast=\"none\">de la\u00a0<\/span><span data-contrast=\"none\">UAEM<\/span><span data-contrast=\"none\">; el\u00a0<\/span><span data-contrast=\"none\">Centro de Estudios de G\u00e9nero<\/span><span data-contrast=\"none\">, el\u00a0<\/span><span data-contrast=\"none\">Institu<\/span><span data-contrast=\"none\">to de Investigaciones Hist\u00f3rico-<\/span><span data-contrast=\"none\">Sociales<\/span><span data-contrast=\"none\">\u00a0y la\u00a0<\/span><span data-contrast=\"none\">Licenciatura en Geograf\u00eda de la Facultad de Econom\u00eda<\/span><span data-contrast=\"none\">, estas tres<\/span><span data-contrast=\"none\">\u00a0<\/span><span data-contrast=\"none\">de la U<\/span><span data-contrast=\"none\">V.<\/span><span data-ccp-props=\"{&quot;335559731&quot;:708}\">\u00a0<\/span><\/p>\n<p><span data-contrast=\"none\">El Cuarto Congreso Internacional sobre Espacio y G\u00e9nero se\u00a0<\/span><span data-contrast=\"none\">desarrollar\u00e1<\/span><span data-contrast=\"none\">\u00a0del 19 al 23 de abril<\/span><span data-contrast=\"none\">,<\/span><span data-contrast=\"none\">\u00a0a trav\u00e9s de la plataforma virtual de la U<\/span><span data-contrast=\"none\">NAM.<\/span><span data-contrast=\"auto\">\u00a0Espec\u00edficamente,<\/span><span data-contrast=\"none\">\u00a0a trav\u00e9s de la p\u00e1gina:\u00a0<\/span><a href=\"https:\/\/cieg.unam.mx\/4tocige\/\"><span data-contrast=\"none\">https:\/\/cieg.unam.mx\/4tocige\/<\/span><\/a><span data-ccp-props=\"{&quot;335559731&quot;:708}\">\u00a0<\/span><\/p>\n<p><span data-contrast=\"none\">Para ingresar s<\/span><span data-contrast=\"none\">er\u00e1<\/span><span data-contrast=\"none\">\u00a0neces<\/span><span data-contrast=\"none\">ario<\/span><span data-contrast=\"none\">\u00a0un registro previo<\/span><span data-contrast=\"none\">, mismo que<\/span><span data-contrast=\"none\">\u00a0se realiza en la p\u00e1gina del c<\/span><span data-contrast=\"none\">ongreso<\/span><span data-contrast=\"none\">\u00a0(<\/span><a href=\"https:\/\/cieg.unam.mx\/4tocige\/\"><span data-contrast=\"none\">https:\/\/cieg.unam.mx\/4tocige\/<\/span><\/a><span data-contrast=\"none\">)<\/span><span data-contrast=\"none\">\u00a0<\/span><span data-contrast=\"none\">y estar\u00e1 habilitado del 22 de marzo al 15 de abril.<\/span><span data-ccp-props=\"{&quot;335559731&quot;:708}\">\u00a0<\/span><\/p>\n<p><span data-contrast=\"none\">Ah\u00ed,\u00a0<\/span><span data-contrast=\"none\">se precisa<\/span><span data-contrast=\"none\">\u00a0que \u201ct<\/span><span data-contrast=\"none\">ras oprimir el recuadro que dice\u00a0<\/span><span data-contrast=\"none\">\u2018<\/span><span data-contrast=\"none\">Registro<\/span><span data-contrast=\"none\">\u2019<\/span><span data-contrast=\"none\">\u00a0tendr\u00e1 que ingresar sus datos personales y de contacto, esto nos permite mantener una comunicaci\u00f3n directa con usted como asistente del\u00a0<\/span><span data-contrast=\"none\">c<\/span><span data-contrast=\"none\">ongreso y, de ser el caso, entregarle su constancia electr\u00f3nica<\/span><span data-contrast=\"none\">\u201d<\/span><span data-contrast=\"none\">.<\/span><span data-ccp-props=\"{&quot;335559731&quot;:708}\">\u00a0<\/span><\/p>\n<p><span data-contrast=\"none\">A\u00f1ade que d<\/span><span data-contrast=\"none\">\u00edas previos al inicio del c<\/span><span data-contrast=\"none\">ongreso<\/span><span data-contrast=\"none\">\u00a0<\/span><span data-contrast=\"none\">se enviar\u00e1 v\u00eda<\/span><span data-contrast=\"none\">\u00a0correo electr\u00f3nico un usuario y contrase\u00f1a de acceso para ver las transmisiones en vivo de las mesas.<\/span><span data-ccp-props=\"{&quot;335559731&quot;:708}\">\u00a0<\/span><\/p>\n<p><span data-contrast=\"none\">En su momento,\u00a0<\/span><i><span data-contrast=\"none\">Universo.<\/span><\/i><i><span data-contrast=\"none\">\u00a0<\/span><\/i><i><span data-contrast=\"none\">Sistema de noticias de la UV\u00a0<\/span><\/i><span data-contrast=\"none\">inform\u00f3, de acuerdo con la p<\/span><span data-contrast=\"none\">rimera circular,\u00a0<\/span><span data-contrast=\"none\">los objetivos principales: reunir especialistas y personas in<\/span><span data-contrast=\"none\">teresadas en el tema para discutir,\u00a0<\/span><span data-contrast=\"none\">intercambiar y generar i<\/span><span data-contrast=\"none\">deas desde diversas disciplinas<\/span><span data-contrast=\"none\">\u00a0acerca de los principales problemas te\u00f3ricos y metodol\u00f3gicos que se derivan de las estrechas relaciones entre el g\u00e9nero y el espacio, sobre todo aquellas que se han evidenciado en el contexto de la pandemia.<\/span><span data-ccp-props=\"{&quot;335559731&quot;:708}\">\u00a0<\/span><\/p>\n<p><span data-contrast=\"none\">Adem\u00e1s, reunir peri\u00f3dicamente en M\u00e9xico a personas involucradas en la reflexi\u00f3n sobre el g\u00e9nero y su intersecci\u00f3n con el espacio, a fin de compartir avances de investigaci\u00f3n, plantear nuevas perspectivas e incentivar discusiones te\u00f3ricas, metodol\u00f3gicas y emp\u00edricas en estos aspectos desde las ciencias sociales y las humanidades<\/span><span data-contrast=\"none\">\u00a0(<\/span><a href=\"https:\/\/www.uv.mx\/prensa\/eventos\/uv-convoca-al-4o-congreso-internacional-sobre-genero-y-espacio-2021\/\"><span data-contrast=\"none\">https:\/\/www.uv.mx\/prensa\/eventos\/uv-convoca-al-4o-congreso-internacional-sob<\/span><span data-contrast=\"none\">r<\/span><span data-contrast=\"none\">e-genero-y-espacio-2021\/<\/span><\/a><span data-contrast=\"none\">)<\/span><span data-contrast=\"none\">.<\/span><span data-ccp-props=\"{&quot;335559731&quot;:708}\">\u00a0<\/span><\/p>\n<p><span data-contrast=\"auto\">Cabe citar que e<\/span><span data-contrast=\"none\">l programa definitivo se publicar\u00e1 el lunes 5 de abril.<\/span><span data-ccp-props=\"{&quot;335559731&quot;:708}\">\u00a0<\/span><\/p>\n","protected":false},"excerpt":{"rendered":"<p>Se desarrollar\u00e1 del 19 al 23 de abril, a trav\u00e9s de la plataforma virtual\u00a0https:\/\/cieg.unam.mx\/4tocige\/\u00a0\u00a0<\/p>\n","protected":false},"author":1869,"featured_media":94826,"comment_status":"closed","ping_status":"closed","sticky":false,"template":"","format":"standard","meta":[],"categories":[47],"tags":[],"_links":{"self":[{"href":"https:\/\/www.uv.mx\/prensa\/wp-json\/wp\/v2\/posts\/94823"}],"collection":[{"href":"https:\/\/www.uv.mx\/prensa\/wp-json\/wp\/v2\/posts"}],"about":[{"href":"https:\/\/www.uv.mx\/prensa\/wp-json\/wp\/v2\/types\/post"}],"author":[{"embeddable":true,"href":"https:\/\/www.uv.mx\/prensa\/wp-json\/wp\/v2\/users\/1869"}],"replies":[{"embeddable":true,"href":"https:\/\/www.uv.mx\/prensa\/wp-json\/wp\/v2\/comments?post=94823"}],"version-history":[{"count":1,"href":"https:\/\/www.uv.mx\/prensa\/wp-json\/wp\/v2\/posts\/94823\/revisions"}],"predecessor-version":[{"id":94828,"href":"https:\/\/www.uv.mx\/prensa\/wp-json\/wp\/v2\/posts\/94823\/revisions\/94828"}],"wp:featuredmedia":[{"embeddable":true,"href":"https:\/\/www.uv.mx\/prensa\/wp-json\/wp\/v2\/media\/94826"}],"wp:attachment":[{"href":"https:\/\/www.uv.mx\/prensa\/wp-json\/wp\/v2\/media?parent=94823"}],"wp:term":[{"taxonomy":"category","embeddable":true,"href":"https:\/\/www.uv.mx\/prensa\/wp-json\/wp\/v2\/categories?post=94823"},{"taxonomy":"post_tag","embeddable":true,"href":"https:\/\/www.uv.mx\/prensa\/wp-json\/wp\/v2\/tags?post=94823"}],"curies":[{"name":"wp","href":"https:\/\/api.w.org\/{rel}","templated":true}]}}