{"id":94829,"date":"2021-03-22T15:58:06","date_gmt":"2021-03-22T21:58:06","guid":{"rendered":"https:\/\/www.uv.mx\/prensa\/?p=94829"},"modified":"2021-03-22T16:29:37","modified_gmt":"2021-03-22T22:29:37","slug":"difusion-cultural-invita-a-taller-en-linea-introduccion-al-teatro-para-ninos-y-ninas","status":"publish","type":"post","link":"https:\/\/www.uv.mx\/prensa\/general\/difusion-cultural-invita-a-taller-en-linea-introduccion-al-teatro-para-ninos-y-ninas\/","title":{"rendered":"Difusi\u00f3n Cultural invita a taller en l\u00ednea\u00a0Introducci\u00f3n al\u00a0Teatro para\u00a0Ni\u00f1os\u00a0y Ni\u00f1as\u00a0"},"content":{"rendered":"<ul>\n<li data-leveltext=\"\uf0b7\" data-font=\"Symbol\" data-listid=\"5\" data-aria-posinset=\"1\" data-aria-level=\"1\"><i><span data-contrast=\"auto\">Tiene un costo de 500 pesos y se\u00a0<\/span><\/i><i><span data-contrast=\"auto\">realizar\u00e1 a trav\u00e9s de\u00a0<\/span><\/i><span data-contrast=\"auto\">Zoom<\/span><i><span data-contrast=\"auto\">,<\/span><\/i><i><span data-contrast=\"auto\">\u00a0del 5 al 30 de abril, los d\u00edas lunes, mi\u00e9rcoles y viernes<\/span><\/i><i><span data-contrast=\"auto\">,<\/span><\/i><i><span data-contrast=\"auto\">\u00a0de 17:00 a 19:00 horas<\/span><\/i><span data-ccp-props=\"{}\">\u00a0<\/span><\/li>\n<\/ul>\n<p><span data-ccp-props=\"{&quot;335559685&quot;:720}\">\u00a0<\/span><\/p>\n<div id=\"attachment_94827\" style=\"width: 260px\" class=\"wp-caption aligncenter\"><a href=\"https:\/\/www.uv.mx\/prensa\/files\/2021\/03\/190321Teatro-1.png\"><img aria-describedby=\"caption-attachment-94827\" decoding=\"async\" loading=\"lazy\" class=\"wp-image-94827 size-full\" src=\"https:\/\/www.uv.mx\/prensa\/files\/2021\/03\/190321Teatro-1.png\" alt=\"\" width=\"250\" height=\"481\" srcset=\"https:\/\/www.uv.mx\/prensa\/files\/2021\/03\/190321Teatro-1.png 250w, https:\/\/www.uv.mx\/prensa\/files\/2021\/03\/190321Teatro-1-156x300.png 156w\" sizes=\"(max-width: 250px) 100vw, 250px\" \/><\/a><p id=\"caption-attachment-94827\" class=\"wp-caption-text\">El taller tiene cupo limitado a 20 ni\u00f1os<\/p><\/div>\n<p>&nbsp;<\/p>\n<p><b><i><span data-contrast=\"auto\">Carlos Hugo Hermida Rosales<\/span><\/i><\/b><span data-ccp-props=\"{}\">\u00a0<\/span><\/p>\n<p><b><i><span data-contrast=\"auto\">22\/03<\/span><\/i><\/b><b><i><span data-contrast=\"auto\">\/202<\/span><\/i><\/b><b><i><span data-contrast=\"auto\">1<\/span><\/i><\/b><b><i><span data-contrast=\"auto\">,<\/span><\/i><\/b><b><i><span data-contrast=\"auto\">\u00a0<\/span><\/i><\/b><b><i><span data-contrast=\"auto\">Xalapa,\u00a0<\/span><\/i><\/b><b><i><span data-contrast=\"auto\">Ver.<\/span><\/i><\/b><b><i><span data-contrast=\"auto\">&#8211;<\/span><\/i><\/b><b><i><span data-contrast=\"auto\">\u00a0<\/span><\/i><\/b><span data-contrast=\"auto\">La Direcci\u00f3n General de Difusi\u00f3n Cultural\u00a0<\/span><span data-contrast=\"auto\">(DGDC)\u00a0<\/span><span data-contrast=\"auto\">de\u00a0<\/span><span data-contrast=\"auto\">la Universidad Veracruzana (UV)<\/span><span data-contrast=\"auto\">\u00a0invita a padres de ni\u00f1os de entre\u00a0<\/span><span data-contrast=\"auto\">siete<\/span><span data-contrast=\"auto\">\u00a0y 10 a\u00f1os\u00a0<\/span><span data-contrast=\"auto\">de edad\u00a0<\/span><span data-contrast=\"auto\">a que inscriban\u00a0<\/span><span data-contrast=\"auto\">a sus hijos al taller en l\u00ednea\u00a0<\/span><span data-contrast=\"auto\">Introducci\u00f3n al\u00a0<\/span><span data-contrast=\"auto\">T<\/span><span data-contrast=\"auto\">eatro para\u00a0<\/span><span data-contrast=\"auto\">N<\/span><span data-contrast=\"auto\">i\u00f1os\u00a0<\/span><span data-contrast=\"auto\">y<\/span><span data-contrast=\"auto\">\u00a0<\/span><span data-contrast=\"auto\">N<\/span><span data-contrast=\"auto\">i\u00f1as, que se realizar\u00e1 a trav\u00e9s de\u00a0<\/span><i><span data-contrast=\"auto\">Zoom<\/span><\/i><span data-contrast=\"auto\">\u00a0del 5 al 30 de abril, los d\u00edas lunes, mi\u00e9rcoles y viernes<\/span><span data-contrast=\"auto\">,<\/span><span data-contrast=\"auto\">\u00a0<\/span><span data-contrast=\"auto\">de 17:00 a 19:00 horas.\u00a0<\/span><span data-ccp-props=\"{}\">\u00a0<\/span><\/p>\n<p><span data-contrast=\"auto\">Mercedes Huerta Gonz\u00e1lez, maestra de actuaci\u00f3n adscrita a la DGDC\u00a0<\/span><span data-contrast=\"auto\">y facilitadora\u00a0<\/span><span data-contrast=\"auto\">del taller, coment\u00f3 que es el tercero en realizarse bajo la modalidad virtual,\u00a0<\/span><span data-contrast=\"auto\">y que\u00a0<\/span><span data-contrast=\"auto\">permitir\u00e1 a los ni\u00f1os disfrutar y explorar el arte esc\u00e9nico desde sus hogares.\u00a0<\/span><span data-ccp-props=\"{&quot;335559731&quot;:708}\">\u00a0<\/span><\/p>\n<p><span data-contrast=\"auto\">Mencion\u00f3\u00a0que\u00a0aunque los peque\u00f1os est\u00e1n agotados de tomar clases virtuales, dentro de est<\/span><span data-contrast=\"auto\">e<\/span><span data-contrast=\"auto\">\u00a0taller se desenv<\/span><span data-contrast=\"auto\">olver\u00e1n<\/span><span data-contrast=\"auto\">\u00a0de una forma diferente ya que maneja una metodolog\u00eda distinta e innovadora.<\/span><span data-ccp-props=\"{&quot;335559731&quot;:708}\">\u00a0<\/span><\/p>\n<p><span data-contrast=\"auto\">Afirm\u00f3\u00a0<\/span><span data-contrast=\"auto\">que\u00a0<\/span><span data-contrast=\"auto\">el teatro abrir\u00e1 las puertas de la imaginaci\u00f3n<\/span><span data-contrast=\"auto\">\u00a0<\/span><span data-contrast=\"auto\">de\u00a0<\/span><span data-contrast=\"auto\">los ni\u00f1os<\/span><span data-contrast=\"auto\">, quienes<\/span><span data-contrast=\"auto\">\u00a0interpretar\u00e1<\/span><span data-contrast=\"auto\">n personajes fant\u00e1sticos<\/span><span data-contrast=\"auto\">\u00a0y aprender\u00e1<\/span><span data-contrast=\"auto\">n<\/span><span data-contrast=\"auto\">\u00a0a llevar\u00a0<\/span><span data-contrast=\"auto\">s<\/span><span data-contrast=\"auto\">u\u00a0<\/span><span data-contrast=\"auto\">intelecto<\/span><span data-contrast=\"auto\">\u00a0y creatividad al m\u00e1ximo<\/span><span data-contrast=\"auto\">.<\/span><span data-ccp-props=\"{&quot;335559731&quot;:708}\">\u00a0<\/span><\/p>\n<p><span data-contrast=\"auto\">\u201cEste taller representar\u00e1 un b\u00e1lsamo para ellos, ya que en las ediciones pasadas los participantes estaban felices y no quer\u00edan que terminara\u201d, asegur\u00f3.\u00a0<\/span><span data-ccp-props=\"{&quot;335559731&quot;:708}\">\u00a0<\/span><\/p>\n<p><span data-contrast=\"auto\">Mercedes Huerta comparti\u00f3 que la cuota de recuperaci\u00f3n del taller es de 500 pesos, y coment\u00f3 que\u00a0<\/span><span data-contrast=\"auto\">quienes deseen<\/span><span data-contrast=\"auto\">\u00a0mayores informes pueden escribir al\u00a0<\/span><span data-contrast=\"auto\">correo electr\u00f3nico<\/span><span data-contrast=\"auto\">\u00a0<\/span><a href=\"mailto:mehuerta@uv.mx\"><span data-contrast=\"none\">mehuerta@uv.mx<\/span><\/a><span data-contrast=\"auto\">.<\/span><span data-ccp-props=\"{&quot;335559731&quot;:708}\">\u00a0<\/span><\/p>\n","protected":false},"excerpt":{"rendered":"<p>Tiene un costo de 500 pesos y se realizar\u00e1 a trav\u00e9s de Zoom, del 5 al 30 de abril, los d\u00edas lunes, mi\u00e9rcoles y viernes, de 17:00 a 19:00 horas <\/p>\n","protected":false},"author":1869,"featured_media":94830,"comment_status":"closed","ping_status":"closed","sticky":false,"template":"","format":"standard","meta":[],"categories":[1],"tags":[],"_links":{"self":[{"href":"https:\/\/www.uv.mx\/prensa\/wp-json\/wp\/v2\/posts\/94829"}],"collection":[{"href":"https:\/\/www.uv.mx\/prensa\/wp-json\/wp\/v2\/posts"}],"about":[{"href":"https:\/\/www.uv.mx\/prensa\/wp-json\/wp\/v2\/types\/post"}],"author":[{"embeddable":true,"href":"https:\/\/www.uv.mx\/prensa\/wp-json\/wp\/v2\/users\/1869"}],"replies":[{"embeddable":true,"href":"https:\/\/www.uv.mx\/prensa\/wp-json\/wp\/v2\/comments?post=94829"}],"version-history":[{"count":1,"href":"https:\/\/www.uv.mx\/prensa\/wp-json\/wp\/v2\/posts\/94829\/revisions"}],"predecessor-version":[{"id":94832,"href":"https:\/\/www.uv.mx\/prensa\/wp-json\/wp\/v2\/posts\/94829\/revisions\/94832"}],"wp:featuredmedia":[{"embeddable":true,"href":"https:\/\/www.uv.mx\/prensa\/wp-json\/wp\/v2\/media\/94830"}],"wp:attachment":[{"href":"https:\/\/www.uv.mx\/prensa\/wp-json\/wp\/v2\/media?parent=94829"}],"wp:term":[{"taxonomy":"category","embeddable":true,"href":"https:\/\/www.uv.mx\/prensa\/wp-json\/wp\/v2\/categories?post=94829"},{"taxonomy":"post_tag","embeddable":true,"href":"https:\/\/www.uv.mx\/prensa\/wp-json\/wp\/v2\/tags?post=94829"}],"curies":[{"name":"wp","href":"https:\/\/api.w.org\/{rel}","templated":true}]}}