{"id":94839,"date":"2021-03-23T08:00:09","date_gmt":"2021-03-23T14:00:09","guid":{"rendered":"https:\/\/www.uv.mx\/prensa\/?p=94839"},"modified":"2021-03-22T19:34:26","modified_gmt":"2021-03-23T01:34:26","slug":"instituto-de-antropologia-invita-al-i-seminario-miradas-antropologicas-y-transdisciplinares","status":"publish","type":"post","link":"https:\/\/www.uv.mx\/prensa\/eventos\/instituto-de-antropologia-invita-al-i-seminario-miradas-antropologicas-y-transdisciplinares\/","title":{"rendered":"Instituto de Antropolog\u00eda invita al I Seminario Miradas Antropol\u00f3gicas y Transdisciplinares"},"content":{"rendered":"<ul>\n<li data-leveltext=\"\uf0b7\" data-font=\"Symbol\" data-listid=\"1\" data-aria-posinset=\"1\" data-aria-level=\"1\"><i><span data-contrast=\"auto\">Las sesiones ser\u00e1n los jueves, desde el 25 de m<\/span><\/i><i><span data-contrast=\"auto\">arzo hasta el 8 de diciembre, de<\/span><\/i><i><span data-contrast=\"auto\">\u00a017:00 a 20:<\/span><\/i><i><span data-contrast=\"auto\">00<\/span><\/i><i><span data-contrast=\"auto\">\u00a0horas<\/span><\/i><i><span data-contrast=\"auto\">\u00a0<\/span><\/i><span data-ccp-props=\"{&quot;134233279&quot;:true}\">\u00a0<\/span><\/li>\n<li data-leveltext=\"\uf0b7\" data-font=\"Symbol\" data-listid=\"1\" data-aria-posinset=\"2\" data-aria-level=\"1\"><i><span data-contrast=\"auto\">Habr\u00e1 participaci\u00f3n de investigadores nacionales y extranjeros con amplia trayectoria en sus campos de estudio<\/span><\/i><span data-ccp-props=\"{&quot;134233279&quot;:true}\">\u00a0<\/span><\/li>\n<\/ul>\n<p><span data-ccp-props=\"{}\">\u00a0<\/span><\/p>\n<div id=\"attachment_94840\" style=\"width: 315px\" class=\"wp-caption aligncenter\"><a href=\"https:\/\/www.uv.mx\/prensa\/files\/2021\/03\/220321-DAVID-Anuncio-seminario-miradas-antropologicas-1-100k.jpg\"><img aria-describedby=\"caption-attachment-94840\" decoding=\"async\" loading=\"lazy\" class=\"size-full wp-image-94840\" src=\"https:\/\/www.uv.mx\/prensa\/files\/2021\/03\/220321-DAVID-Anuncio-seminario-miradas-antropologicas-1-100k.jpg\" alt=\"El primer evento del seminario ser\u00e1 la conferencia de Jes\u00fas Galindo C\u00e1ceres, el jueves 25 de marzo \" width=\"305\" height=\"480\" srcset=\"https:\/\/www.uv.mx\/prensa\/files\/2021\/03\/220321-DAVID-Anuncio-seminario-miradas-antropologicas-1-100k.jpg 305w, https:\/\/www.uv.mx\/prensa\/files\/2021\/03\/220321-DAVID-Anuncio-seminario-miradas-antropologicas-1-100k-191x300.jpg 191w\" sizes=\"(max-width: 305px) 100vw, 305px\" \/><\/a><p id=\"caption-attachment-94840\" class=\"wp-caption-text\">El primer evento del seminario ser\u00e1 la conferencia de Jes\u00fas Galindo C\u00e1ceres, el jueves 25 de marzo<\/p><\/div>\n<p>&nbsp;<\/p>\n<p><b><i><span data-contrast=\"auto\">Redacci\u00f3n Universo<\/span><\/i><\/b><span data-ccp-props=\"{}\">\u00a0<\/span><\/p>\n<p><b><i><span data-contrast=\"auto\">2<\/span><\/i><\/b><b><i><span data-contrast=\"auto\">3<\/span><\/i><\/b><b><i><span data-contrast=\"auto\">\/03\/21 Xalapa,\u00a0<\/span><\/i><\/b><b><i><span data-contrast=\"auto\">Ver.-<\/span><\/i><\/b><span data-contrast=\"auto\">\u00a0El\u00a0<\/span><span data-contrast=\"auto\">Instituto de Antropolog\u00eda<\/span><span data-contrast=\"auto\">\u00a0(IA) de la Universidad Veracruzana (UV) invita a profesionales, acad\u00e9micos y estudiantes a participar en el\u00a0<\/span><span data-contrast=\"auto\">l Seminario Miradas Antropol\u00f3gicas y Transdisciplinares<\/span><span data-contrast=\"auto\">, que se realizar\u00e1 los jueves de<\/span><span data-contrast=\"auto\">l 25 de marzo\u00a0<\/span><span data-contrast=\"auto\">a<\/span><span data-contrast=\"auto\">l 8 de diciembre\u00a0<\/span><span data-contrast=\"auto\">de 17:00 a 20:00 horas a trav\u00e9s de la\u00a0<\/span><a href=\"https:\/\/www.facebook.com\/Instituto-de-Antropolog%C3%ADa-UV-2267638416850748\"><span data-contrast=\"none\">p\u00e1gina de\u00a0<\/span><i><span data-contrast=\"none\">Facebook<\/span><\/i><\/a><i><span data-contrast=\"auto\">\u00a0<\/span><\/i><span data-contrast=\"auto\">y del canal de YouTube\u00a0<\/span><span data-contrast=\"auto\">del cuerpo acad\u00e9mico (CA) Estudios Antropol\u00f3gicos y Transdisciplinares de esta entidad<\/span><span data-contrast=\"auto\">.<\/span><span data-ccp-props=\"{}\">\u00a0<\/span><\/p>\n<p><span data-contrast=\"auto\">El encuentro<\/span><span data-contrast=\"auto\">,<\/span><span data-contrast=\"auto\">\u00a0organizado por\u00a0<\/span><span data-contrast=\"auto\">el<\/span><span data-contrast=\"auto\">\u00a0<\/span><span data-contrast=\"auto\">CA<\/span><span data-contrast=\"auto\">\u00a0citado,<\/span><span data-contrast=\"auto\">\u00a0su objetivo consiste en d<\/span><span data-contrast=\"auto\">ialogar y debatir en torno a los procesos<\/span><span data-contrast=\"auto\">\u00a0de investigaci\u00f3n antropol\u00f3gica<\/span><span data-contrast=\"auto\">\u00a0que involucran la comunicaci\u00f3n, la articulaci\u00f3n y la colaboraci\u00f3n entre distintos enfoques disciplinares de las ciencias sociales\u00a0<\/span><span data-contrast=\"auto\">y<\/span><span data-contrast=\"auto\">\u00a0fuera de ella.<\/span><span data-ccp-props=\"{}\">\u00a0<\/span><\/p>\n<p><span data-contrast=\"auto\">La primera sesi\u00f3n, a realizarse el\u00a0<\/span><span data-contrast=\"auto\">25 de marzo<\/span><span data-contrast=\"auto\">,<\/span><span data-contrast=\"auto\">\u00a0<\/span><span data-contrast=\"auto\">es a cargo de Jes\u00fas Galindo C\u00e1ceres, integrante del\u00a0<\/span><span data-contrast=\"auto\">Grupo Ingenier\u00eda en Comunicaci\u00f3n Social<\/span><span data-contrast=\"auto\">,<\/span><span data-contrast=\"auto\">\u00a0quien abordar\u00e1 la \u201c<\/span><span data-contrast=\"auto\">Ingenier\u00eda en c<\/span><span data-contrast=\"auto\">omunicaci\u00f3n\u00a0<\/span><span data-contrast=\"auto\">s<\/span><span data-contrast=\"auto\">ocial de los\u00a0<\/span><span data-contrast=\"auto\">c<\/span><span data-contrast=\"auto\">olectivos\u00a0<\/span><span data-contrast=\"auto\">s<\/span><span data-contrast=\"auto\">ociales<\/span><span data-contrast=\"auto\">\u201d<\/span><span data-contrast=\"auto\">.<\/span><span data-ccp-props=\"{&quot;335559731&quot;:708}\">\u00a0<\/span><\/p>\n<p><span data-contrast=\"auto\">La sesi\u00f3n 2 se realizar\u00e1 el 29 de abril con el tema \u201c<\/span><span data-contrast=\"auto\">Ingenier\u00eda en c<\/span><span data-contrast=\"auto\">omunicaci\u00f3n\u00a0<\/span><span data-contrast=\"auto\">s<\/span><span data-contrast=\"auto\">ocial de j\u00f3venes y medios digitales. Un abordaje\u00a0<\/span><span data-contrast=\"auto\">para pensar lo transdisciplinar\u201d, presentado por\u00a0<\/span><span data-contrast=\"auto\">Gerardo\u00a0<\/span><span data-contrast=\"auto\">Le\u00f3n Barrios, profesor e\u00a0<\/span><span data-contrast=\"auto\">investigador de la Facultad de H<\/span><span data-contrast=\"auto\">umanidades y Ciencias Sociales de la\u00a0<\/span><span data-contrast=\"auto\">Universidad Aut\u00f3noma de Baja California<\/span><span data-contrast=\"auto\">.<\/span><span data-ccp-props=\"{&quot;335559731&quot;:708}\">\u00a0<\/span><\/p>\n<p><span data-contrast=\"auto\">La sesi\u00f3n 3, que tendr\u00e1 lugar el 26 de mayo, se titula \u201c<\/span><span data-contrast=\"auto\">Trayectorias cognitivas, afectivas y\u00a0<\/span><span data-contrast=\"auto\">sociales de m\u00e9dicos y pacientes\u201d<\/span><span data-contrast=\"auto\">,<\/span><span data-contrast=\"auto\">\u00a0y ser\u00e1 impartida por\u00a0<\/span><span data-contrast=\"auto\">Ver\u00f3nica Espinoza Gonz\u00e1lez.<\/span><\/p>\n<div id=\"attachment_94841\" style=\"width: 315px\" class=\"wp-caption aligncenter\"><a href=\"https:\/\/www.uv.mx\/prensa\/files\/2021\/03\/220321-DAVID-Anuncio-seminario-miradas-antropologicas-2-100k.jpg\"><img aria-describedby=\"caption-attachment-94841\" decoding=\"async\" loading=\"lazy\" class=\"size-full wp-image-94841\" src=\"https:\/\/www.uv.mx\/prensa\/files\/2021\/03\/220321-DAVID-Anuncio-seminario-miradas-antropologicas-2-100k.jpg\" alt=\"Las actividades del seminario se transmitir\u00e1n tambi\u00e9n por el canal de YouTube \" width=\"305\" height=\"480\" srcset=\"https:\/\/www.uv.mx\/prensa\/files\/2021\/03\/220321-DAVID-Anuncio-seminario-miradas-antropologicas-2-100k.jpg 305w, https:\/\/www.uv.mx\/prensa\/files\/2021\/03\/220321-DAVID-Anuncio-seminario-miradas-antropologicas-2-100k-191x300.jpg 191w\" sizes=\"(max-width: 305px) 100vw, 305px\" \/><\/a><p id=\"caption-attachment-94841\" class=\"wp-caption-text\">Las actividades del seminario se transmitir\u00e1n tambi\u00e9n por el canal de YouTube<\/p><\/div>\n<p><span data-contrast=\"auto\">La sesi\u00f3n 4, planeada para el 23 de junio<\/span><span data-contrast=\"auto\">,<\/span><span data-contrast=\"auto\">\u00a0ser\u00e1 \u201c<\/span><span data-contrast=\"auto\">Hacer ciudad desd<\/span><span data-contrast=\"auto\">e una visi\u00f3n interdisciplinaria\u201d y estar\u00e1 a cargo de Laura Mendoza Kaplan, acad\u00e9mica de la Facultad de Arquitectura de la UV.<\/span><span data-ccp-props=\"{&quot;335559731&quot;:708}\">\u00a0<\/span><\/p>\n<p><span data-contrast=\"auto\">La s<\/span><span data-contrast=\"auto\">esi\u00f3n<\/span><span data-contrast=\"auto\">\u00a05 se efectuar\u00e1 el 12 de agosto y lleva por t\u00edtulo \u201c<\/span><span data-contrast=\"auto\">Tres disposiciones urbanas en medio rural: etnograf\u00edas y etnolog\u00ed<\/span><span data-contrast=\"auto\">as\u00a0<\/span><span data-contrast=\"auto\">territoriales desde Colombia\u201d, que ser\u00e1 impartida por Beatriz\u00a0Nates\u00a0Cruz, doctora en\u00a0<\/span><span data-contrast=\"auto\">C<\/span><span data-contrast=\"auto\">iencia\u00a0<\/span><span data-contrast=\"auto\">P<\/span><span data-contrast=\"auto\">ol\u00edtica y acad\u00e9mica de la\u00a0<\/span><span data-contrast=\"auto\">Universidad de Caldas<\/span><span data-contrast=\"auto\">, Manizales<\/span><span data-contrast=\"auto\">,<\/span><span data-contrast=\"auto\">\u00a0en Colombia.<\/span><span data-ccp-props=\"{&quot;335559731&quot;:708}\">\u00a0<\/span><\/p>\n<p><span data-contrast=\"auto\">La sesi\u00f3n 6, a realizarse el\u00a0<\/span><span data-contrast=\"auto\">29 de septiembre<\/span><span data-contrast=\"auto\">,<\/span><span data-contrast=\"auto\">\u00a0<\/span><span data-contrast=\"auto\">tiene como tema<\/span><span data-ccp-props=\"{&quot;335559731&quot;:708}\">\u00a0<\/span><span data-contrast=\"auto\">\u201cGitanos<\/span><span data-contrast=\"auto\">\u00a0entre Europa y las Am\u00e9ricas: innovaci\u00f3n, creatividad y resistencia<\/span><span data-contrast=\"auto\">\u201d,<\/span><span data-contrast=\"auto\">\u00a0a cargo de\u00a0Neyra\u00a0Patricia Alvarado Sol\u00eds, acad\u00e9mica\u00a0<\/span><span data-contrast=\"auto\">e investigadora\u00a0<\/span><span data-contrast=\"auto\">de\u00a0<\/span><span data-contrast=\"auto\">El Colegio de San Luis.<\/span><span data-ccp-props=\"{}\">\u00a0<\/span><\/p>\n<p><span data-contrast=\"auto\">La sesi\u00f3n 7 tendr\u00e1 lugar el\u00a0<\/span><span data-contrast=\"auto\">27 de octubre\u00a0<\/span><span data-contrast=\"auto\">con el tema \u201c<\/span><span data-contrast=\"auto\">Antropolog\u00eda\u00a0<\/span><span data-contrast=\"auto\">h<\/span><span data-contrast=\"auto\">ist\u00f3rica. Exterminio y tutela\u201d<\/span><span data-contrast=\"auto\">,<\/span><span data-contrast=\"auto\">\u00a0y ser\u00e1 impartida por Joao Pacheco de Oliveira, antrop\u00f3logo y profesor de la\u00a0<\/span><span data-contrast=\"auto\">Universidad de R\u00edo de Janeiro<\/span><span data-contrast=\"auto\">, Brasil.<\/span><span data-ccp-props=\"{}\">\u00a0<\/span><\/p>\n<p><span data-contrast=\"auto\">La sesi\u00f3n 8 se efectuar\u00e1 el\u00a0<\/span><span data-contrast=\"auto\">24 de noviembre\u00a0<\/span><span data-contrast=\"auto\">con el t\u00edtulo \u201c<\/span><span data-contrast=\"auto\">Movilidad,\u00a0<\/span><span data-contrast=\"auto\">g<\/span><span data-contrast=\"auto\">obernanza y recursos en cuenca mesoamericana<\/span><span data-contrast=\"auto\">\u201d, y ser\u00e1 impartida por Emilia Vel\u00e1zquez Hern\u00e1ndez, investigadora del\u00a0<\/span><span data-contrast=\"auto\">Centro de Investigaciones y Estudios Superiores en Antropolog\u00eda Social\u00a0<\/span><span data-contrast=\"auto\">Unidad Golfo y\u00a0<\/span><span data-contrast=\"auto\">co-directora\u00a0del Laboratorio Mixto Internacional Movilidades, Gobernanza y Recursos en la\u00a0<\/span><span data-contrast=\"auto\">Cuenca Mesoamericana.<\/span><span data-ccp-props=\"{&quot;335559731&quot;:708}\">\u00a0<\/span><\/p>\n<p><span data-contrast=\"auto\">La sesi\u00f3n 9, a realizarse el\u00a0<\/span><span data-contrast=\"auto\">8 de diciembre<\/span><span data-contrast=\"auto\">,<\/span><span data-contrast=\"auto\">\u00a0<\/span><span data-contrast=\"auto\">ser\u00e1 una discusi\u00f3n plenaria con la tem\u00e1tica \u201c<\/span><span data-contrast=\"auto\">Gregory Bateson:\u00a0<\/span><span data-contrast=\"auto\">m<\/span><span data-contrast=\"auto\">iradas antropol\u00f3gi<\/span><span data-contrast=\"auto\">cas hacia lo transdisciplinario\u201d, moderada por Carlos Casas Mendoza, investigador del Instituto de Antropolog\u00eda de la UV<\/span><span data-contrast=\"auto\">.<\/span><span data-ccp-props=\"{&quot;335559731&quot;:708}\">\u00a0<\/span><\/p>\n","protected":false},"excerpt":{"rendered":"<p>Se realizar\u00e1 los jueves del 25 de marzo al 8 de diciembre, a trav\u00e9s de la p\u00e1gina de <em>Facebook<\/em> y del canal de <em>YouTube<\/em> del cuerpo acad\u00e9mico Estudios Antropol\u00f3gicos y Transdisciplinares <\/p>\n","protected":false},"author":1775,"featured_media":94840,"comment_status":"closed","ping_status":"closed","sticky":false,"template":"","format":"standard","meta":[],"categories":[47],"tags":[753,752,1884,1436,73,1883],"_links":{"self":[{"href":"https:\/\/www.uv.mx\/prensa\/wp-json\/wp\/v2\/posts\/94839"}],"collection":[{"href":"https:\/\/www.uv.mx\/prensa\/wp-json\/wp\/v2\/posts"}],"about":[{"href":"https:\/\/www.uv.mx\/prensa\/wp-json\/wp\/v2\/types\/post"}],"author":[{"embeddable":true,"href":"https:\/\/www.uv.mx\/prensa\/wp-json\/wp\/v2\/users\/1775"}],"replies":[{"embeddable":true,"href":"https:\/\/www.uv.mx\/prensa\/wp-json\/wp\/v2\/comments?post=94839"}],"version-history":[{"count":1,"href":"https:\/\/www.uv.mx\/prensa\/wp-json\/wp\/v2\/posts\/94839\/revisions"}],"predecessor-version":[{"id":94842,"href":"https:\/\/www.uv.mx\/prensa\/wp-json\/wp\/v2\/posts\/94839\/revisions\/94842"}],"wp:featuredmedia":[{"embeddable":true,"href":"https:\/\/www.uv.mx\/prensa\/wp-json\/wp\/v2\/media\/94840"}],"wp:attachment":[{"href":"https:\/\/www.uv.mx\/prensa\/wp-json\/wp\/v2\/media?parent=94839"}],"wp:term":[{"taxonomy":"category","embeddable":true,"href":"https:\/\/www.uv.mx\/prensa\/wp-json\/wp\/v2\/categories?post=94839"},{"taxonomy":"post_tag","embeddable":true,"href":"https:\/\/www.uv.mx\/prensa\/wp-json\/wp\/v2\/tags?post=94839"}],"curies":[{"name":"wp","href":"https:\/\/api.w.org\/{rel}","templated":true}]}}