{"id":95529,"date":"2021-04-12T11:45:41","date_gmt":"2021-04-12T16:45:41","guid":{"rendered":"https:\/\/www.uv.mx\/prensa\/?p=95529"},"modified":"2021-04-12T11:45:41","modified_gmt":"2021-04-12T16:45:41","slug":"biblioteca-digital-de-humanidades-publico-obra-de-juan-jose-de-arriola","status":"publish","type":"post","link":"https:\/\/www.uv.mx\/prensa\/cultura\/biblioteca-digital-de-humanidades-publico-obra-de-juan-jose-de-arriola\/","title":{"rendered":"Biblioteca Digital de Humanidades public\u00f3 obra de Juan Jos\u00e9 de Arriola\u00a0"},"content":{"rendered":"<ul>\n<li data-leveltext=\"\u25cf\" data-font=\"Symbol\" data-listid=\"1\" data-aria-posinset=\"1\" data-aria-level=\"1\"><span data-contrast=\"auto\">Vida y virtudes de la esclarecida virgen y solitaria anacoreta santa Rosal\u00eda, patrona de Palermo<\/span><i><span data-contrast=\"auto\">\u00a0es una hagiograf\u00eda que fue censurada por la Inquisici\u00f3n en el siglo XVII<\/span><\/i><i><span data-contrast=\"auto\">I<\/span><\/i><span data-ccp-props=\"{&quot;201341983&quot;:0,&quot;335559740&quot;:240}\">\u00a0<\/span><\/li>\n<li data-leveltext=\"\u25cf\" data-font=\"Symbol\" data-listid=\"1\" data-aria-posinset=\"2\" data-aria-level=\"1\"><i><span data-contrast=\"auto\">El libro se puede descargar gratuitamente\u00a0<\/span><\/i><a href=\"https:\/\/www.uv.mx\/bdh\/nuestros-libros\/vida-y-virtudes-de-la-esclarecida-virgen-y-solitaria-anacoreta-santa-rosalia-patrona-de-palermo-poema-lirico-de-juan-jose-de-arriola\/\"><i><span data-contrast=\"none\">en la\u00a0<\/span><\/i><i><span data-contrast=\"none\">p\u00e1gina\u00a0<\/span><\/i><i><span data-contrast=\"none\">de<\/span><\/i><i><span data-contrast=\"none\">\u00a0la BDH<\/span><\/i><\/a><span data-ccp-props=\"{&quot;201341983&quot;:0,&quot;335551550&quot;:1,&quot;335551620&quot;:1,&quot;335559685&quot;:720,&quot;335559737&quot;:0,&quot;335559740&quot;:240,&quot;335559991&quot;:360}\">\u00a0<\/span><\/li>\n<\/ul>\n<p><span data-ccp-props=\"{&quot;201341983&quot;:0,&quot;335559740&quot;:240}\">\u00a0<\/span><\/p>\n<div id=\"attachment_95538\" style=\"width: 732px\" class=\"wp-caption aligncenter\"><a href=\"https:\/\/www.uv.mx\/prensa\/files\/2021\/04\/090421-DAVID-Presentan-libro-Vida-y-virtudes-de-la-esclarecida-virgen-1.jpg\"><img aria-describedby=\"caption-attachment-95538\" decoding=\"async\" loading=\"lazy\" class=\"size-full wp-image-95538\" src=\"https:\/\/www.uv.mx\/prensa\/files\/2021\/04\/090421-DAVID-Presentan-libro-Vida-y-virtudes-de-la-esclarecida-virgen-1.jpg\" alt=\"\" width=\"722\" height=\"410\" srcset=\"https:\/\/www.uv.mx\/prensa\/files\/2021\/04\/090421-DAVID-Presentan-libro-Vida-y-virtudes-de-la-esclarecida-virgen-1.jpg 722w, https:\/\/www.uv.mx\/prensa\/files\/2021\/04\/090421-DAVID-Presentan-libro-Vida-y-virtudes-de-la-esclarecida-virgen-1-300x170.jpg 300w\" sizes=\"(max-width: 722px) 100vw, 722px\" \/><\/a><p id=\"caption-attachment-95538\" class=\"wp-caption-text\">Nayeli\u00a0Olmedo, Diego Armando Lima, \u00c1ngel Jos\u00e9 Fern\u00e1ndez y Estela Castillo, autora de la nueva publicaci\u00f3n de la BDH<\/p><\/div>\n<p><span data-ccp-props=\"{&quot;201341983&quot;:0,&quot;335559740&quot;:240}\">\u00a0<\/span><\/p>\n<p><b><i><span data-contrast=\"auto\">David Sandoval Rodr\u00edguez<\/span><\/i><\/b><span data-ccp-props=\"{&quot;201341983&quot;:0,&quot;335559740&quot;:240}\">\u00a0<\/span><\/p>\n<p><b><i><span data-contrast=\"auto\">12<\/span><\/i><\/b><b><i><span data-contrast=\"auto\">\/04\/<\/span><\/i><\/b><b><i><span data-contrast=\"auto\">20<\/span><\/i><\/b><b><i><span data-contrast=\"auto\">21<\/span><\/i><\/b><b><i><span data-contrast=\"auto\">,<\/span><\/i><\/b><b><i><span data-contrast=\"auto\">\u00a0Xalapa, Ver.-<\/span><\/i><\/b><span data-contrast=\"auto\">\u00a0La Bi<\/span><span data-contrast=\"auto\">blioteca Digital de Humanidades<\/span><span data-contrast=\"auto\">\u00a0(BDH) d<\/span><span data-contrast=\"auto\">e la Universidad Veracruzana (UV) public\u00f3 por primera vez<\/span><span data-contrast=\"auto\">,<\/span><span data-contrast=\"auto\">\u00a0de forma \u00edntegra<\/span><span data-contrast=\"auto\">,<\/span><span data-contrast=\"auto\">\u00a0una obra censurada por la Inquisici\u00f3n desde el siglo XVIII, resultado de la edici\u00f3n, el estudio cr\u00edtico y\u00a0<\/span><span data-contrast=\"auto\">las\u00a0<\/span><span data-contrast=\"auto\">notas de la acad\u00e9mica Estela Castillo Hern\u00e1ndez,\u00a0<\/span><span data-contrast=\"auto\">integrante\u00a0<\/span><span data-contrast=\"auto\">del<\/span><span data-contrast=\"auto\">\u00a0Instituto de Investigaciones Ling\u00fc\u00edstico-Literarias (IIL<\/span><span data-contrast=\"auto\">&#8211;<\/span><span data-contrast=\"auto\">L).<\/span><span data-ccp-props=\"{&quot;201341983&quot;:0,&quot;335559740&quot;:240}\">\u00a0<\/span><\/p>\n<p><span data-contrast=\"auto\">La hagiograf\u00eda\u00a0<\/span><span data-contrast=\"auto\">\u2013historia de la vida de un santo\u2013<\/span><span data-contrast=\"auto\">\u00a0titulada\u00a0<\/span><i><span data-contrast=\"auto\">Vida y virtudes de la esclarecida virgen y solitaria anacoreta santa Rosal\u00eda, patrona de Palermo<\/span><\/i><span data-contrast=\"auto\">, es un poema l\u00edrico del sacerdote jesui<\/span><span data-contrast=\"auto\">ta Juan Jos\u00e9 de Arriola que, debido a sus d\u00e9cimas, fue censurado por la arquidi\u00f3cesis novohispana, plantearon los presentadores de la reciente publicaci\u00f3n: \u00c1ngel Jos\u00e9 Fern\u00e1ndez Arriola, Diego Armando Lima Mart\u00ednez y su autora, quienes fueron moderados por\u00a0<\/span><span data-contrast=\"auto\">Nayeli<\/span><span data-contrast=\"auto\">\u00a0Olmedo Hern\u00e1ndez, egresada de la Maestr\u00eda en Literatura Mexicana del IIL<\/span><span data-contrast=\"auto\">&#8211;<\/span><span data-contrast=\"auto\">L.<\/span><span data-ccp-props=\"{&quot;201341983&quot;:0,&quot;335559740&quot;:240}\">\u00a0<\/span><\/p>\n<p><span data-contrast=\"auto\">El libro se puede descargar gratuitamente<\/span><span data-contrast=\"auto\">\u00a0<\/span><span data-contrast=\"auto\">desde el\u00a0<\/span><a href=\"https:\/\/www.uv.mx\/bdh\/files\/2021\/03\/Vida-y-virtudes.pdf\"><span data-contrast=\"none\">sitio oficial de la Biblioteca Digital de Humanidades<\/span><\/a><span data-contrast=\"auto\">.<\/span><span data-ccp-props=\"{&quot;201341983&quot;:0,&quot;335559740&quot;:240}\">\u00a0<\/span><\/p>\n<p><span data-contrast=\"auto\">\u201cSe t<\/span><span data-contrast=\"auto\">iene la idea de que la literatura religiosa puede ser aburrida, esto es totalmente equ\u00edvoco, uno se puede encontrar con un c\u00famulo de hechos maravillosos\u201d, afirm\u00f3 Castillo Hern\u00e1ndez<\/span><span data-contrast=\"auto\">;<\/span><span data-contrast=\"auto\">\u00a0\u201cno obstante<\/span><span data-contrast=\"auto\">,<\/span><span data-contrast=\"auto\">\u00a0resultan sumamente atractivos para los lectores contempor\u00e1neo<\/span><span data-contrast=\"auto\">s como lo fue para los lectores de los siglos XVII y XVIII, este poema hagiogr\u00e1fico no es la excepci\u00f3n\u201d.<\/span><span data-ccp-props=\"{&quot;201341983&quot;:0,&quot;335559731&quot;:720,&quot;335559740&quot;:240}\">\u00a0<\/span><\/p>\n<p><span data-contrast=\"auto\">Castillo Hern\u00e1ndez, quien es miembro del IIL<\/span><span data-contrast=\"auto\">&#8211;<\/span><span data-contrast=\"auto\">L\u00a0<\/span><span data-contrast=\"auto\">y<\/span><span data-contrast=\"auto\">\u00a0del Sistema Nacional de<\/span><span data-contrast=\"auto\">\u00a0Investigadores, coment\u00f3 que en la obra se puede<\/span><span data-contrast=\"auto\">\u00a0encontrar una serie d<\/span><span data-contrast=\"auto\">e milagros que son asombrosos y atractivos incluso para un lector del siglo XXI.<\/span><span data-ccp-props=\"{&quot;201341983&quot;:0,&quot;335559740&quot;:240}\">\u00a0<\/span><\/p>\n<p>&nbsp;<\/p>\n<div id=\"attachment_95539\" style=\"width: 732px\" class=\"wp-caption aligncenter\"><a href=\"https:\/\/www.uv.mx\/prensa\/files\/2021\/04\/090421-DAVID-Presentan-libro-Vida-y-virtudes-de-la-esclarecida-virgen-2.jpg\"><img aria-describedby=\"caption-attachment-95539\" decoding=\"async\" loading=\"lazy\" class=\"size-full wp-image-95539\" src=\"https:\/\/www.uv.mx\/prensa\/files\/2021\/04\/090421-DAVID-Presentan-libro-Vida-y-virtudes-de-la-esclarecida-virgen-2.jpg\" alt=\"\" width=\"722\" height=\"407\" srcset=\"https:\/\/www.uv.mx\/prensa\/files\/2021\/04\/090421-DAVID-Presentan-libro-Vida-y-virtudes-de-la-esclarecida-virgen-2.jpg 722w, https:\/\/www.uv.mx\/prensa\/files\/2021\/04\/090421-DAVID-Presentan-libro-Vida-y-virtudes-de-la-esclarecida-virgen-2-300x169.jpg 300w\" sizes=\"(max-width: 722px) 100vw, 722px\" \/><\/a><p id=\"caption-attachment-95539\" class=\"wp-caption-text\">Estela Castillo, autora de la edici\u00f3n cr\u00edtica,\u00a0destac\u00f3 que el poema hab\u00eda sido olvidado por gran parte de la cr\u00edtica literaria<\/p><\/div>\n<p>&nbsp;<\/p>\n<p><span data-contrast=\"auto\">La autora reconoci\u00f3 que ha sido un proceso lento restituir el sentido de las d\u00e9cimas<\/span><span data-contrast=\"auto\">,<\/span><span data-contrast=\"auto\">\u00a0pero \u201choy se puede contar con una edici\u00f3n lo m\u00e1s pulcra que puedo integrar y lo m\u00e1s cercan<\/span><span data-contrast=\"auto\">o al trabajo de Arriola\u201d.<\/span><span data-ccp-props=\"{&quot;201341983&quot;:0,&quot;335559731&quot;:720,&quot;335559740&quot;:240}\">\u00a0<\/span><\/p>\n<p><span data-contrast=\"auto\">Destac\u00f3 adem\u00e1s que esta es l<\/span><span data-contrast=\"auto\">a primera edici\u00f3n completa del\u00a0<\/span><span data-contrast=\"auto\">poema que se escribi\u00f3 desde hace varios siglos<\/span><span data-contrast=\"auto\">,<\/span><span data-contrast=\"auto\">\u00a0y signific\u00f3 la revisi\u00f3n de m\u00faltiples materiales donde pudo registrar las distintas variantes existentes a partir del cotejo<\/span><span data-contrast=\"auto\">\u00a0que realiz\u00f3 de los testimonios.<\/span><span data-ccp-props=\"{&quot;201341983&quot;:0,&quot;335559731&quot;:720,&quot;335559740&quot;:240}\">\u00a0<\/span><\/p>\n<p><span data-contrast=\"auto\">\u201cEs un gusto para m\u00ed poder<\/span><span data-contrast=\"auto\">\u00a0compartir esta obra de una santa que fue invocada en periodos de epidemias, porque tienen la oportunidad de conocer un texto que ha permanecido ignorado por buena parte de la cr\u00edtica literaria\u00a0<\/span><span data-contrast=\"auto\">y ahora pueden disfrutar de un poema admirado por su calidad est\u00e9tica\u201d, recalc\u00f3 Castillo Hern\u00e1ndez.<\/span><span data-ccp-props=\"{&quot;201341983&quot;:0,&quot;335559731&quot;:720,&quot;335559740&quot;:240}\">\u00a0<\/span><\/p>\n<p><span data-contrast=\"auto\">Al respecto, \u00c1ngel Jos\u00e9 Fern\u00e1ndez, acad\u00e9mico del IIL<\/span><span data-contrast=\"auto\">&#8211;<\/span><span data-contrast=\"auto\">L, calific\u00f3 al libro de Arriola como una obra magna y mencion\u00f3 el erotismo en la poes\u00eda, \u201cque se nota d<\/span><span data-contrast=\"auto\">esde la dedicatoria misma donde hay un lenguaje absolutamente sensual que supongo lastim\u00f3 mucho a la iglesia episcopal mexicana\u201d.<\/span><span data-ccp-props=\"{&quot;201341983&quot;:0,&quot;335559740&quot;:240}\">\u00a0<\/span><\/p>\n<p><span data-contrast=\"auto\">Con m\u00e1s de dos siglos de espera, se h<\/span><span data-contrast=\"auto\">a publicado en edici\u00f3n digital\u00a0<\/span><span data-contrast=\"auto\">el poema m\u00e1s importante del jesuita guanajuatense, testim<\/span><span data-contrast=\"auto\">onio ineludible de la literatura religiosa del siglo XVIII de un autor que hab\u00eda sido olvidado por la cr\u00edtica de su siglo y la del siglo XIX y que, mediante su publicaci\u00f3n digital en la BDH, destaca por incluir el estudio cr\u00edtico, revisi\u00f3n y notas de la in<\/span><span data-contrast=\"auto\">vestigadora.<\/span><span data-ccp-props=\"{&quot;201341983&quot;:0,&quot;335559731&quot;:720,&quot;335559740&quot;:240}\">\u00a0<\/span><\/p>\n<p>&nbsp;<\/p>\n<div id=\"attachment_95540\" style=\"width: 732px\" class=\"wp-caption aligncenter\"><a href=\"https:\/\/www.uv.mx\/prensa\/files\/2021\/04\/090421-DAVID-Presentan-libro-Vida-y-virtudes-de-la-esclarecida-virgen-3.jpg\"><img aria-describedby=\"caption-attachment-95540\" decoding=\"async\" loading=\"lazy\" class=\"size-full wp-image-95540\" src=\"https:\/\/www.uv.mx\/prensa\/files\/2021\/04\/090421-DAVID-Presentan-libro-Vida-y-virtudes-de-la-esclarecida-virgen-3.jpg\" alt=\"\" width=\"722\" height=\"406\" srcset=\"https:\/\/www.uv.mx\/prensa\/files\/2021\/04\/090421-DAVID-Presentan-libro-Vida-y-virtudes-de-la-esclarecida-virgen-3.jpg 722w, https:\/\/www.uv.mx\/prensa\/files\/2021\/04\/090421-DAVID-Presentan-libro-Vida-y-virtudes-de-la-esclarecida-virgen-3-300x169.jpg 300w\" sizes=\"(max-width: 722px) 100vw, 722px\" \/><\/a><p id=\"caption-attachment-95540\" class=\"wp-caption-text\">\u00c1ngel Jos\u00e9 Fern\u00e1ndez, miembro del IIL-L, record\u00f3 que el poema fue censurado por la\u00a0Inquisici\u00f3n debido a su lenguaje sensual<\/p><\/div>\n<p>&nbsp;<\/p>\n<p><span data-contrast=\"auto\">El estudio introductorio abarca tres apartados narrando la obra del autor, de la vida de santa Rosal\u00eda y el tercero dedicado a la estructura del poema y su revisi\u00f3n cr\u00edtica, detall\u00f3 el presentador.<\/span><span data-ccp-props=\"{&quot;201341983&quot;:0,&quot;335559731&quot;:720,&quot;335559740&quot;:240}\">\u00a0<\/span><\/p>\n<p><span data-contrast=\"auto\">Se\u00f1al\u00f3 adem\u00e1s que el poema fue censurado por\u00a0<\/span><span data-contrast=\"auto\">los jueces inquisitoriales que prohibieron su impresi\u00f3n desde que vio la luz en el siglo\u00a0<\/span><span data-contrast=\"auto\">XVII<\/span><span data-contrast=\"auto\">I<\/span><span data-contrast=\"auto\">, ello en contraposici\u00f3n con el fervor y la veneraci\u00f3n novohispana de la santa que se dio entre la poblaci\u00f3n y entre los integrantes de la Compa\u00f1\u00eda de Jes\u00fas.<\/span><span data-ccp-props=\"{&quot;201341983&quot;:0,&quot;335559731&quot;:720,&quot;335559740&quot;:240}\">\u00a0<\/span><\/p>\n<p><span data-contrast=\"auto\">Por s<\/span><span data-contrast=\"auto\">u parte, Diego Armando Lima, egresado del posgrado en<\/span><span data-contrast=\"auto\">\u00a0<\/span><span data-contrast=\"auto\">Literatura Mexicana en el IIL-L\u00a0<\/span><span data-contrast=\"auto\">y editor independiente, calific\u00f3 a la presentaci\u00f3n como una celebraci\u00f3n conjunta, tanto por la publicaci\u00f3n \u00edntegra del poema como por el estudio y trabajo de investig<\/span><span data-contrast=\"auto\">aci\u00f3n realizado por la acad\u00e9mica de la UV.<\/span><span data-ccp-props=\"{&quot;201341983&quot;:0,&quot;335559731&quot;:720,&quot;335559740&quot;:240}\">\u00a0<\/span><\/p>\n<p><span data-contrast=\"auto\">Record\u00f3 tambi\u00e9n que hace tiempo trabaj\u00f3 con Castillo Hern\u00e1ndez, cuando se reun\u00edan para una lectura pausada y en voz alta, que es parte de lo que significa la labor del editor, la cual tiene diferentes etapas, pasa<\/span><span data-contrast=\"auto\">ndo por distintos cotejos de la obra y en este caso<\/span><span data-contrast=\"auto\">\u00a0leyendo las m\u00e1s de las mil d\u00e9cimas que integran el poema.<\/span><span data-ccp-props=\"{&quot;201341983&quot;:0,&quot;335559731&quot;:720,&quot;335559740&quot;:240}\">\u00a0<\/span><\/p>\n<p><span data-contrast=\"auto\">\u201cCon la versi\u00f3n digital e \u00edntegra que estuvo al cuidado de la doctora Castillo,\u00a0<\/span><i><span data-contrast=\"auto\">Vida y virtudes de la esclarecida virgen y solitaria anacoreta sa<\/span><\/i><i><span data-contrast=\"auto\">nta Rosal\u00eda<\/span><\/i><span data-contrast=\"auto\">\u00a0puede volver a\u00a0<\/span><span data-contrast=\"auto\">ser le\u00edda en su totalidad como\u00a0<\/span><span data-contrast=\"auto\">un itinerario de la esclarecida anacoreta; recorrido narrativo sin censura donde los poemas son ventanas por las que el propio autor mira las\u00a0<\/span><span data-contrast=\"auto\">instancias del misterio que plantea, desde la revelaci\u00f3n<\/span><span data-contrast=\"auto\">\u00a0hasta el miedo a la falta\u201d, expres\u00f3 Diego Armando Lima.<\/span><span data-ccp-props=\"{&quot;201341983&quot;:0,&quot;335559731&quot;:720,&quot;335559740&quot;:240}\">\u00a0<\/span><\/p>\n<p><span data-ccp-props=\"{&quot;201341983&quot;:0,&quot;335559740&quot;:240}\">\u00a0<\/span><\/p>\n<div id=\"attachment_95536\" style=\"width: 732px\" class=\"wp-caption aligncenter\"><a href=\"https:\/\/www.uv.mx\/prensa\/files\/2021\/04\/090421-DAVID-Presentan-libro-Vida-y-virtudes-de-la-esclarecida-virgen-4.jpg\"><img aria-describedby=\"caption-attachment-95536\" decoding=\"async\" loading=\"lazy\" class=\"size-full wp-image-95536\" src=\"https:\/\/www.uv.mx\/prensa\/files\/2021\/04\/090421-DAVID-Presentan-libro-Vida-y-virtudes-de-la-esclarecida-virgen-4.jpg\" alt=\"\" width=\"722\" height=\"408\" srcset=\"https:\/\/www.uv.mx\/prensa\/files\/2021\/04\/090421-DAVID-Presentan-libro-Vida-y-virtudes-de-la-esclarecida-virgen-4.jpg 722w, https:\/\/www.uv.mx\/prensa\/files\/2021\/04\/090421-DAVID-Presentan-libro-Vida-y-virtudes-de-la-esclarecida-virgen-4-300x170.jpg 300w\" sizes=\"(max-width: 722px) 100vw, 722px\" \/><\/a><p id=\"caption-attachment-95536\" class=\"wp-caption-text\">Diego Armando Lima recalc\u00f3 la importancia en el trabajo de edici\u00f3n y revisi\u00f3n del material a cargo de la autora, Estela Castillo<\/p><\/div>\n","protected":false},"excerpt":{"rendered":"<p>Estela Castillo, integrante del Instituto de Investigaciones Ling\u00fc\u00edstico-Literarias,\u00a0edit\u00f3 la hagiograf\u00eda\u00a0<em>Vida y virtudes de la esclarecida virgen y solitaria anacoreta santa Rosal\u00eda, patrona de Palermo<\/em>\u00a0<\/p>\n","protected":false},"author":1869,"featured_media":95537,"comment_status":"closed","ping_status":"closed","sticky":false,"template":"","format":"standard","meta":[],"categories":[11,61],"tags":[],"_links":{"self":[{"href":"https:\/\/www.uv.mx\/prensa\/wp-json\/wp\/v2\/posts\/95529"}],"collection":[{"href":"https:\/\/www.uv.mx\/prensa\/wp-json\/wp\/v2\/posts"}],"about":[{"href":"https:\/\/www.uv.mx\/prensa\/wp-json\/wp\/v2\/types\/post"}],"author":[{"embeddable":true,"href":"https:\/\/www.uv.mx\/prensa\/wp-json\/wp\/v2\/users\/1869"}],"replies":[{"embeddable":true,"href":"https:\/\/www.uv.mx\/prensa\/wp-json\/wp\/v2\/comments?post=95529"}],"version-history":[{"count":1,"href":"https:\/\/www.uv.mx\/prensa\/wp-json\/wp\/v2\/posts\/95529\/revisions"}],"predecessor-version":[{"id":95541,"href":"https:\/\/www.uv.mx\/prensa\/wp-json\/wp\/v2\/posts\/95529\/revisions\/95541"}],"wp:featuredmedia":[{"embeddable":true,"href":"https:\/\/www.uv.mx\/prensa\/wp-json\/wp\/v2\/media\/95537"}],"wp:attachment":[{"href":"https:\/\/www.uv.mx\/prensa\/wp-json\/wp\/v2\/media?parent=95529"}],"wp:term":[{"taxonomy":"category","embeddable":true,"href":"https:\/\/www.uv.mx\/prensa\/wp-json\/wp\/v2\/categories?post=95529"},{"taxonomy":"post_tag","embeddable":true,"href":"https:\/\/www.uv.mx\/prensa\/wp-json\/wp\/v2\/tags?post=95529"}],"curies":[{"name":"wp","href":"https:\/\/api.w.org\/{rel}","templated":true}]}}