{"id":95593,"date":"2021-04-17T08:00:50","date_gmt":"2021-04-17T13:00:50","guid":{"rendered":"https:\/\/www.uv.mx\/prensa\/?p=95593"},"modified":"2021-04-20T13:13:20","modified_gmt":"2021-04-20T18:13:20","slug":"uv-asumio-y-profesionalizo-compromiso-de-formar-lectores-olivia-jarvio","status":"publish","type":"post","link":"https:\/\/www.uv.mx\/prensa\/cultura\/uv-asumio-y-profesionalizo-compromiso-de-formar-lectores-olivia-jarvio\/","title":{"rendered":"UV asumi\u00f3\u00a0y profesionaliz\u00f3\u00a0el compromiso de formar lectores: Olivia\u00a0Jarvio\u00a0Fern\u00e1ndez"},"content":{"rendered":"<ul>\n<li data-leveltext=\"\uf0b7\" data-font=\"Symbol\" data-listid=\"3\" data-aria-posinset=\"1\" data-aria-level=\"1\"><i><span data-contrast=\"none\">\u201c<\/span><\/i><i><span data-contrast=\"none\">El libro sigue siendo el objeto de uso preferido para el aprendizaje y el disfrute<\/span><\/i><i><span data-contrast=\"none\">\u201d<\/span><\/i><i><span data-contrast=\"none\">, dijo la Coordinadora de la Especializaci\u00f3n en Promoci\u00f3n de la Lectura<\/span><\/i><span data-ccp-props=\"{&quot;134233279&quot;:true}\">\u00a0<\/span><\/li>\n<li data-leveltext=\"\uf0b7\" data-font=\"Symbol\" data-listid=\"3\" data-aria-posinset=\"2\" data-aria-level=\"1\"><i><span data-contrast=\"none\">\u201cNuestra Universidad ha asumido el compromiso de formar lectores desde hace mucho tiempo y en los \u00faltimos a\u00f1os ha brindado los apoyos necesarios para\u00a0<\/span><\/i><i><span data-contrast=\"none\">que la especializaci\u00f3n tenga el\u00a0<\/span><\/i><i><span data-contrast=\"none\">reconocimiento de Competencia Internacional\u201d<\/span><\/i><span data-ccp-props=\"{&quot;134233279&quot;:true}\">\u00a0<\/span><\/li>\n<\/ul>\n<p><span data-ccp-props=\"{}\">\u00a0<\/span><\/p>\n<div id=\"attachment_48998\" style=\"width: 732px\" class=\"wp-caption aligncenter\"><a href=\"https:\/\/www.uv.mx\/prensa\/files\/2018\/06\/080618-PROMOCION-DE-LA-LECTURA1.jpg\"><img aria-describedby=\"caption-attachment-48998\" decoding=\"async\" loading=\"lazy\" class=\"size-full wp-image-48998\" src=\"https:\/\/www.uv.mx\/prensa\/files\/2018\/06\/080618-PROMOCION-DE-LA-LECTURA1.jpg\" alt=\"\" width=\"722\" height=\"481\" srcset=\"https:\/\/www.uv.mx\/prensa\/files\/2018\/06\/080618-PROMOCION-DE-LA-LECTURA1.jpg 722w, https:\/\/www.uv.mx\/prensa\/files\/2018\/06\/080618-PROMOCION-DE-LA-LECTURA1-300x200.jpg 300w\" sizes=\"(max-width: 722px) 100vw, 722px\" \/><\/a><p id=\"caption-attachment-48998\" class=\"wp-caption-text\"><span data-contrast=\"none\">Olivia\u00a0<\/span><span data-contrast=\"none\">Jarvio<\/span><span data-contrast=\"none\">\u00a0Fern\u00e1ndez, coordinadora de la Especializaci\u00f3n de Promoci\u00f3n de la Lectura (foto de archivo)<\/span><span data-ccp-props=\"{}\">\u00a0<\/span><\/p><\/div>\n<p><span data-ccp-props=\"{}\">\u00a0<\/span><\/p>\n<p><b><i><span data-contrast=\"none\">David Sandoval Rodr\u00edguez<\/span><\/i><\/b><span data-ccp-props=\"{}\">\u00a0<\/span><\/p>\n<p><b><i><span data-contrast=\"none\">17<\/span><\/i><\/b><b><i><span data-contrast=\"none\">\/04\/<\/span><\/i><\/b><b><i><span data-contrast=\"none\">20<\/span><\/i><\/b><b><i><span data-contrast=\"none\">21<\/span><\/i><\/b><b><i><span data-contrast=\"none\">,<\/span><\/i><\/b><b><i><span data-contrast=\"none\">\u00a0Xalapa,\u00a0<\/span><\/i><\/b><b><i><span data-contrast=\"none\">Ver.-<\/span><\/i><\/b><span data-contrast=\"none\">\u00a0La <a href=\"https:\/\/www.uv.mx\/\" target=\"_blank\" rel=\"noopener\">Universidad Veracruzana<\/a> (UV) ha manifestado su compromiso con la formaci\u00f3n de lectores con la existencia de la\u00a0<\/span><span data-contrast=\"none\">Especializaci\u00f3n en Promoci\u00f3n de la Lectura<\/span><span data-contrast=\"none\">\u00a0(EPL), que ha permitido la profesionalizaci\u00f3n de una tarea que comenz\u00f3 por transmitir el placer que provoca la lectura.<\/span><span data-ccp-props=\"{}\">\u00a0<\/span><\/p>\n<p><span data-contrast=\"none\">Dicha especializaci\u00f3n<\/span><span data-contrast=\"none\">, adscrita al\u00a0<\/span><span data-contrast=\"none\">Centro de Estudios de la Cultura y la Comunicaci\u00f3n (CECC)<\/span><span data-contrast=\"none\">,\u00a0<\/span><span data-contrast=\"none\">cuenta con el m\u00e1ximo reconocimiento del\u00a0<\/span><span data-contrast=\"none\">Programa Nacional de Posgrados de Calidad (PNPC) del Consejo Nacional de Ciencia y Tecnolog\u00eda (<\/span><i><span data-contrast=\"none\">Conacyt<\/span><\/i><span data-contrast=\"none\">),<\/span><span data-contrast=\"none\">\u00a0<\/span><span data-contrast=\"none\">que es la Competencia Internacional.<\/span><span data-ccp-props=\"{}\">\u00a0<\/span><\/p>\n<p><span data-contrast=\"none\">En el marco de la celebraci\u00f3n del D\u00eda Internacional del Libro, a celebrarse el 23 de abril,\u00a0<\/span><i><span data-contrast=\"none\">Universo<\/span><\/i><span data-contrast=\"none\">\u00a0entrevist\u00f3 a\u00a0<\/span><span data-contrast=\"none\">la<\/span><span data-contrast=\"none\">\u00a0<\/span><span data-contrast=\"none\">c<\/span><span data-contrast=\"none\">oordinadora<\/span><span data-contrast=\"none\">\u00a0de la EPL,<\/span><span data-contrast=\"none\">\u00a0<\/span><span data-contrast=\"none\">Olivia\u00a0<\/span><span data-contrast=\"none\">Jarvio<\/span><span data-contrast=\"none\">\u00a0<\/span><span data-contrast=\"none\">Fern\u00e1ndez<\/span><span data-contrast=\"none\">,\u00a0<\/span><span data-contrast=\"none\">quien es\u00a0<\/span><span data-contrast=\"none\">d<\/span><span data-contrast=\"none\">octora en Metodolog\u00edas y L\u00edneas de Investigaci\u00f3n en Biblioteconom\u00eda y Documentaci\u00f3n por la Universidad de Salamanca, Espa\u00f1a<\/span><span data-contrast=\"none\">. C<\/span><span data-contrast=\"none\">onvers\u00f3 acerca de la importancia del libro y de fomentar pr\u00e1cticas de lectura<\/span><span data-contrast=\"none\">,<\/span><span data-contrast=\"none\">\u00a0as\u00ed como vincularse con la sociedad a trav\u00e9s de atender a la diversidad de grupos que la integran.<\/span><\/p>\n<p><span data-ccp-props=\"{}\">\u00a0<\/span><\/p>\n<p><b><i><span data-contrast=\"none\">\u00bfPor qu\u00e9 considera usted que, aun con los avances tecnol\u00f3gicos, el libro sigue siendo un elemento transmisor de la cultura y el conocimiento?<\/span><\/i><\/b><span data-ccp-props=\"{}\">\u00a0<\/span><\/p>\n<p><span data-contrast=\"auto\">El libro<\/span><span data-contrast=\"auto\">,<\/span><span data-contrast=\"auto\">\u00a0tal y como lo conocemos hasta el d\u00eda de hoy,\u00a0<\/span><span data-contrast=\"auto\">es uno de los objetos m\u00e1s longevos\u00a0<\/span><span data-contrast=\"auto\">\u2013<\/span><span data-contrast=\"auto\">con<\/span><span data-contrast=\"auto\">\u00a0m\u00e1s de 500 a\u00f1os<\/span><span data-contrast=\"auto\">\u00a0de existencia<\/span><span data-contrast=\"auto\">\u2013<\/span><span data-contrast=\"auto\">;<\/span><span data-contrast=\"auto\">\u00a0<\/span><span data-contrast=\"auto\">con \u00e9l\u00a0<\/span><span data-contrast=\"auto\">seguimos interactuando,\u00a0<\/span><span data-contrast=\"auto\">y a pesar de que existe<\/span><span data-contrast=\"auto\">\u00a0abundante\u00a0<\/span><span data-contrast=\"auto\">informaci\u00f3n<\/span><span data-contrast=\"auto\">\u00a0y nuevos discursos disponibles<\/span><span data-contrast=\"auto\">\u00a0en<\/span><span data-contrast=\"auto\">\u00a0la red, contin\u00faa siendo el<\/span><span data-contrast=\"auto\">\u00a0objeto\u00a0<\/span><span data-contrast=\"auto\">de uso<\/span><span data-contrast=\"auto\">\u00a0preferido<\/span><span data-contrast=\"auto\">\u00a0<\/span><span data-contrast=\"auto\">para\u00a0<\/span><span data-contrast=\"auto\">el aprendizaje y el disfrute<\/span><span data-contrast=\"auto\">,\u00a0<\/span><span data-contrast=\"auto\">con el que hemos convivido\u00a0<\/span><span data-contrast=\"auto\">durante toda<\/span><span data-contrast=\"auto\">\u00a0<\/span><span data-contrast=\"auto\">nuestra vida. No obstante<\/span><span data-contrast=\"auto\">,<\/span><span data-contrast=\"auto\">\u00a0dentro del \u00e1mbito\u00a0<\/span><span data-contrast=\"auto\">acad\u00e9mico y\u00a0<\/span><span data-contrast=\"auto\">cient\u00edfico,\u00a0<\/span><span data-contrast=\"auto\">es\u00a0<\/span><span data-contrast=\"auto\">cada vez m\u00e1s utilizada la informaci\u00f3n que se encuentra en los dispositivos digitales<\/span><span data-contrast=\"auto\">\u00a0por<\/span><span data-contrast=\"auto\">que\u00a0<\/span><span data-contrast=\"auto\">ofrece<\/span><span data-contrast=\"auto\">\u00a0muchas ventajas<\/span><span data-contrast=\"auto\">, entre ellas<\/span><span data-contrast=\"auto\">\u00a0contar con<\/span><span data-contrast=\"auto\">\u00a0informaci\u00f3n<\/span><span data-contrast=\"auto\">\u00a0abundante e inmediata\u00a0<\/span><span data-contrast=\"auto\">de especialistas de todas las \u00e1reas de<\/span><span data-contrast=\"auto\">l conocimiento.<\/span><span data-ccp-props=\"{}\">\u00a0<\/span><\/p>\n<p><span data-contrast=\"auto\">Lo mismo sucede<\/span><span data-contrast=\"auto\">\u00a0con las obras de referencia\u00a0<\/span><span data-contrast=\"auto\">y\u00a0<\/span><span data-contrast=\"auto\">peri\u00f3dicos, que casi han des<\/span><span data-contrast=\"auto\">a<\/span><span data-contrast=\"auto\">p<\/span><span data-contrast=\"auto\">arecido en el formato impreso,\u00a0<\/span><span data-contrast=\"auto\">para ser consultadas<\/span><span data-contrast=\"auto\">\u00a0o le\u00eddas en el formato digital; no as\u00ed e<\/span><span data-contrast=\"auto\">l libro, sobre todo el<\/span><span data-contrast=\"auto\">\u00a0de literatura.<\/span><span data-contrast=\"auto\">\u00a0<\/span><span data-contrast=\"auto\">Los diferentes e<\/span><span data-contrast=\"auto\">studios muestran que en algunos segmentos la preferencia por leer literatura en\u00a0<\/span><span data-contrast=\"auto\">impreso es de alrededor del 70 por ciento.<\/span><span data-ccp-props=\"{&quot;335559731&quot;:708}\">\u00a0<\/span><\/p>\n<p><span data-ccp-props=\"{}\">\u00a0<\/span><\/p>\n<p><b><i><span data-contrast=\"auto\">Hace alrededor de 20 a\u00f1os<\/span><\/i><\/b><b><i><span data-contrast=\"auto\">\u00a0hab\u00eda perso<\/span><\/i><\/b><b><i><span data-contrast=\"auto\">nas que vaticinaban el fin del libro impreso y esto no ocurri\u00f3, \u00bfqu\u00e9 tiene el libro que lo hace diferente a otro<\/span><\/i><\/b><b><i><span data-contrast=\"auto\">s medios para transmitir ideas?<\/span><\/i><\/b><span data-ccp-props=\"{}\">\u00a0<\/span><\/p>\n<p><span data-contrast=\"auto\">En\u00a0realidad\u00a0es un periodo muy corto<\/span><span data-contrast=\"auto\">\u00a0desde que\u00a0<\/span><span data-contrast=\"auto\">emergieron\u00a0<\/span><span data-contrast=\"auto\">los nuevos formatos de lectu<\/span><span data-contrast=\"auto\">ra. Cuando apareci\u00f3 la imprenta<\/span><span data-contrast=\"auto\">\u00a0pas\u00f3 mucho tiempo para entender la transformaci\u00f3n tan grande\u00a0<\/span><span data-contrast=\"auto\">y significativa\u00a0<\/span><span data-contrast=\"auto\">que\u00a0<\/span><span data-contrast=\"auto\">hab\u00eda sucedido<\/span><span data-contrast=\"auto\">,\u00a0<\/span><span data-contrast=\"auto\">as\u00ed como para adaptarse al uso de ese objeto que\u00a0<\/span><span data-contrast=\"auto\">era un privilegio de\u00a0<\/span><span data-contrast=\"auto\">unos cuantos y que ofrec\u00eda<\/span><span data-contrast=\"auto\">\u00a0grandes<\/span><span data-contrast=\"auto\">\u00a0ventajas.<\/span><span data-ccp-props=\"{}\">\u00a0<\/span><\/p>\n<p><span data-contrast=\"auto\">Somos la generaci\u00f3n de la transici\u00f3n, que nacimos con el libro impreso y por lo tanto nuestro apego a su forma, olor, color, nos aleja de ese texto que aparece en una pantalla y\u00a0que\u00a0<\/span><span data-contrast=\"auto\">aunque se elabora\u00a0<\/span><span data-contrast=\"auto\">imitando la forma del impreso,\u00a0<\/span><span data-contrast=\"auto\">no significa mayor cosa\u00a0<\/span><span data-contrast=\"auto\">que la informaci\u00f3n que ofrece.<\/span><span data-ccp-props=\"{&quot;335559731&quot;:708}\">\u00a0<\/span><\/p>\n<p><span data-contrast=\"auto\">Estamos acostumbrados a la lectura como un todo, que incluye\u00a0contenido\u00a0pero tambi\u00e9n c<\/span><span data-contrast=\"auto\">omodidad y apego. No sabemos qu\u00e9<\/span><span data-contrast=\"auto\">\u00a0pasar\u00e1 con las generaciones futuras, las que utilizar\u00e1n panta<\/span><span data-contrast=\"auto\">llas casi desde su nacimiento.\u00a0<\/span><span data-contrast=\"auto\">No s\u00e9<\/span><span data-contrast=\"auto\">\u00a0si al igual que nosotros<\/span><span data-contrast=\"auto\">\u00a0tendr\u00e1n apego por el objeto libro.<\/span><span data-contrast=\"auto\">\u00a0Por lo pronto cada vez m\u00e1s perso<\/span><span data-contrast=\"auto\">nas, alrededor del 10 al 20 por ciento,<\/span><span data-contrast=\"auto\">\u00a0leen literatura en dispositivos digitales.<\/span><span data-ccp-props=\"{&quot;335559731&quot;:708}\">\u00a0<\/span><\/p>\n<p><span data-ccp-props=\"{}\">\u00a0<\/span><\/p>\n<p><b><i><span data-contrast=\"none\">En la\u00a0<\/span><\/i><\/b><b><i><span data-contrast=\"none\">UV\u00a0<\/span><\/i><\/b><b><i><span data-contrast=\"none\">existe la Especializaci\u00f3n en Promoci\u00f3n de la Lectura, registrada dentro del PNPC de\u00a0<\/span><\/i><\/b><b><span data-contrast=\"none\">Conacyt<\/span><\/b><b><i><span data-contrast=\"none\">;\u00a0<\/span><\/i><\/b><b><i><span data-contrast=\"none\">el maestro Felipe Garrido ha dicho que es el mejor programa a nivel naciona<\/span><\/i><\/b><b><i><span data-contrast=\"none\">l para la formaci\u00f3n de lectores.<\/span><\/i><\/b><b><i><span data-contrast=\"none\">\u00a0\u00bf<\/span><\/i><\/b><b><i><span data-contrast=\"none\">C<\/span><\/i><\/b><b><i><span data-contrast=\"none\">u\u00e1les piensa que sean los elementos clave en su consolidaci\u00f3n?<\/span><\/i><\/b><span data-ccp-props=\"{}\">\u00a0<\/span><\/p>\n<p><span data-contrast=\"none\">El\u00a0<\/span><span data-contrast=\"none\">maestro Garrido es muy generoso y forma parte de este proyecto que es la EPL.<\/span><span data-contrast=\"none\">\u00a0<\/span><span data-contrast=\"none\">El p<\/span><span data-contrast=\"none\">osgrado\u00a0<\/span><span data-contrast=\"none\">es el \u00fanico con sus caracter\u00edsticas en el pa\u00eds y el \u00fanico<\/span><span data-contrast=\"none\">\u00a0en este tema\u00a0<\/span><span data-contrast=\"none\">que tie<\/span><span data-contrast=\"none\">ne el reconocimiento del\u00a0<\/span><i><span data-contrast=\"none\">Conacyt<\/span><\/i><span data-contrast=\"none\">. No obstante<\/span><span data-contrast=\"none\">,<\/span><span data-contrast=\"none\">\u00a0considero que su valor m\u00e1s importante es que permite la profesionalizaci\u00f3n\u00a0<\/span><span data-contrast=\"none\">de esa actividad que se realizaba por el gusto y la necesidad de hacerla, pero que en la mayor\u00eda de los casos carec\u00eda de los elementos metodol\u00f3gicos para desarrollarla\u00a0<\/span><span data-contrast=\"none\">de manera sistem\u00e1tica,\u00a0<\/span><span data-contrast=\"none\">como una actividad que ofreciera mejores resultados<\/span><span data-contrast=\"none\">\u00a0que pudieran evaluarse y mejorarse<\/span><span data-contrast=\"none\">.<\/span><span data-ccp-props=\"{}\">\u00a0<\/span><\/p>\n<p><span data-contrast=\"none\">E<\/span><span data-contrast=\"none\">so<\/span><span data-contrast=\"none\">\u00a0tampoco es un m\u00e9rito s\u00f3lo del programa de posgrado mismo<\/span><span data-contrast=\"none\">,<\/span><span data-contrast=\"none\">\u00a0en el que trabaja un grupo numeroso de acad\u00e9micos, tanto en Xalapa como en C\u00f3rdoba y Veracruz; hay que decir que<\/span><span data-contrast=\"none\">\u00a0nuestra Universidad ha\u00a0<\/span><span data-contrast=\"none\">asumido el compromiso de formar lect<\/span><span data-contrast=\"none\">ores desde hace mucho tiempo y\u00a0<\/span><span data-contrast=\"none\">en los \u00faltimos a\u00f1os\u00a0<\/span><span data-contrast=\"none\">ha brindado los apoyos necesarios pa<\/span><span data-contrast=\"none\">ra que la especializaci\u00f3n tenga el reconocimiento de Competencia Internacional, que es el m\u00e1ximo que otorga el PNPC<\/span><span data-contrast=\"none\">.\u00a0<\/span><span data-ccp-props=\"{&quot;335559731&quot;:708}\">\u00a0<\/span><\/p>\n<p><span data-ccp-props=\"{}\">\u00a0<\/span><\/p>\n<p><b><i><span data-contrast=\"none\">\u00bfQu\u00e9 expectativas y aspiraciones tienen quienes ingresan a la EPL? \u00bfHay temas o \u00e1reas en las que se est\u00e9 realizando labor por primera vez o de manera destacada?<\/span><\/i><\/b><span data-ccp-props=\"{}\">\u00a0<\/span><\/p>\n<p><span data-contrast=\"none\">En\u00a0rea<\/span><span data-contrast=\"none\">lidad\u00a0quienes ingresan al<\/span><span data-contrast=\"none\">\u00a0programa tienen la posibilidad de convertirse en agentes transformadores para revertir uno de los problemas que\u00a0<\/span><span data-contrast=\"none\">se necesita resolver en nuestro<\/span><span data-contrast=\"none\">\u00a0pa\u00eds, y que es la a<\/span><span data-contrast=\"none\">usencia de pr\u00e1cticas de lectura<\/span><span data-contrast=\"none\">\u00a0en personas de to<\/span><span data-contrast=\"none\">dos los \u00e1mbitos de la sociedad.<\/span><span data-ccp-props=\"{}\">\u00a0<\/span><\/p>\n<p><span data-contrast=\"none\">Un lector no s\u00f3lo tiene las herramientas para enfrentar los ret<\/span><span data-contrast=\"none\">os acad\u00e9micos de la mejor forma;<\/span><span data-contrast=\"none\">\u00a0<\/span><span data-contrast=\"none\">un lector est\u00e1 habilitado para aprender a\u00a0<\/span><span data-contrast=\"none\">aprender a lo largo de la vida,<\/span><span data-contrast=\"none\">\u00a0y la lectura m\u00e1s elevada<\/span><span data-contrast=\"none\">,<\/span><span data-contrast=\"none\">\u00a0que es la lectura cr\u00edtica<\/span><span data-contrast=\"none\">,<\/span><span data-contrast=\"none\">\u00a0per<\/span><span data-contrast=\"none\">mite p<\/span><span data-contrast=\"none\">ensar de forma ordenada,\u00a0<\/span><span data-contrast=\"none\">discriminar informaci\u00f3n<\/span><span data-contrast=\"none\">,\u00a0<\/span><span data-contrast=\"none\">dialogar con los dem\u00e1s y con uno mismo,\u00a0<\/span><span data-contrast=\"none\">lo que hace que podamos integrarnos de forma m\u00e1s plena\u00a0<\/span><span data-contrast=\"none\">y aportar\u00a0<\/span><span data-contrast=\"none\">m\u00e1s a nuestro entorno.<\/span><span data-ccp-props=\"{&quot;335559731&quot;:708}\">\u00a0<\/span><\/p>\n<p><span data-contrast=\"none\">Un rasgo importante del programa es la fuerte vinculaci\u00f3n que se tiene con diversos grupos sociales<\/span><span data-contrast=\"none\">\u00a0en contextos espec\u00edficos<\/span><span data-contrast=\"none\">.\u00a0<\/span><span data-contrast=\"none\">Nuestros estudiantes han desarrollado proyectos de intervenci\u00f3n en los sectores educativos de todos los niveles,\u00a0<\/span><span data-contrast=\"none\">con pers<\/span><span data-contrast=\"none\">onas vulnerables o marginadas,\u00a0<\/span><span data-contrast=\"none\">en zonas rurales y urbanas, con grupos de todas las ed<\/span><span data-contrast=\"none\">ades, con alguna discapacidad, que desarrollan diversas actividades o profesiones,\u00a0<\/span><span data-contrast=\"none\">para lo cual requ<\/span><span data-contrast=\"none\">ieren contar con conocimientos\u00a0<\/span><span data-contrast=\"none\">sobre la\u00a0<\/span><span data-contrast=\"none\">transversalidad del acto lector, empat\u00eda con la\u00a0<\/span><span data-contrast=\"none\">diversidad de grupos,\u00a0<\/span><span data-contrast=\"none\">as\u00ed como con las estrategias y herramientas adecuadas para incidir en la aprehensi\u00f3n de la pr\u00e1ctic<\/span><span data-contrast=\"none\">a de la lectura y la escritura.<\/span><span data-ccp-props=\"{&quot;335559731&quot;:708}\">\u00a0<\/span><\/p>\n<p><span data-contrast=\"none\">Con la EPL se han tendido fuertes lazos comunicantes con la sociedad, haciendo que la vinculaci<\/span><span data-contrast=\"none\">\u00f3n universitaria se acreciente.<\/span><span data-ccp-props=\"{&quot;335559731&quot;:708}\">\u00a0<\/span><\/p>\n<p><span data-ccp-props=\"{}\">\u00a0<\/span><\/p>\n<p><b><i><span data-contrast=\"none\">\u00bfC\u00f3mo podemos medir la importancia de aspirar a una sociedad con individuos que adquieran la comprensi\u00f3n lectora?<\/span><\/i><\/b><span data-ccp-props=\"{}\">\u00a0<\/span><\/p>\n<p><span data-contrast=\"none\">El problema m\u00e1s importante del<\/span><span data-contrast=\"none\">\u00a0acto lector es la carencia de comprensi\u00f3n.\u00a0<\/span><span data-contrast=\"none\">As\u00ed que comprender un texto s\u00f3lo se puede realizar leyendo. Y como este acto es altamente complejo, se requiere de mucha motivaci\u00f3n y<\/span><span data-contrast=\"none\">\u00a0acompa\u00f1amiento para lograrlo.<\/span><span data-ccp-props=\"{}\">\u00a0<\/span><\/p>\n<p><span data-contrast=\"none\">Por ello es que en la promoci\u00f3n de la lectura siempre se habla de la importancia del placer de leer. De aprender a realizar esa actividad por voluntad propia, por gusto, para que podamos disfrutarla y re<\/span><span data-contrast=\"none\">petirla cuantas veces podamos.\u00a0<\/span><span data-contrast=\"none\">Y siempre se recomienda la lectura de literatura, porque es el espacio c<\/span><span data-contrast=\"none\">om\u00fan en el que todos habitamos.<\/span><span data-ccp-props=\"{&quot;335559731&quot;:708}\">\u00a0<\/span><\/p>\n<p><span data-contrast=\"none\">La literatura trata de la vida y por lo tanto nadie es ajeno a los temas o pe<\/span><span data-contrast=\"none\">rsonajes que ah\u00ed se describen.\u00a0<\/span><span data-contrast=\"none\">Y si los temas que se d<\/span><span data-contrast=\"none\">esarrollan nos logran atrapar,\u00a0<\/span><span data-contrast=\"none\">podremos decir<\/span><span data-contrast=\"none\">\u00a0que hemos dado el primer paso\u00a0<\/span><span data-contrast=\"none\">para desarrollar las habilidades que se requieren para ap<\/span><span data-contrast=\"none\">render a comprender los textos.<\/span><span data-ccp-props=\"{&quot;335559731&quot;:708}\">\u00a0<\/span><\/p>\n<p><span data-contrast=\"none\">S\u00f3lo agregar\u00eda que nuestro programa pertenece\u00a0<\/span><span data-contrast=\"none\">CECC<\/span><span data-contrast=\"none\">,<\/span><span data-contrast=\"none\">\u00a0<\/span><span data-contrast=\"none\">desde\u00a0<\/span><span data-contrast=\"none\">donde\u00a0<\/span><span data-contrast=\"none\">profesores e investigadores realizamos el trabajo necesario para continuar con<\/span><span data-contrast=\"none\">\u00a0la consolidaci\u00f3n del proyecto.<\/span><span data-ccp-props=\"{&quot;335559731&quot;:708}\">\u00a0<\/span><\/p>\n","protected":false},"excerpt":{"rendered":"<p>\u201cEl problema m\u00e1s importante del acto lector es la carencia de comprensi\u00f3n. As\u00ed que comprender un texto s\u00f3lo se puede\u00a0lograr\u00a0leyendo\u201d\u00a0<\/p>\n","protected":false},"author":1869,"featured_media":95595,"comment_status":"closed","ping_status":"closed","sticky":false,"template":"","format":"standard","meta":[],"categories":[11,13,61],"tags":[],"_links":{"self":[{"href":"https:\/\/www.uv.mx\/prensa\/wp-json\/wp\/v2\/posts\/95593"}],"collection":[{"href":"https:\/\/www.uv.mx\/prensa\/wp-json\/wp\/v2\/posts"}],"about":[{"href":"https:\/\/www.uv.mx\/prensa\/wp-json\/wp\/v2\/types\/post"}],"author":[{"embeddable":true,"href":"https:\/\/www.uv.mx\/prensa\/wp-json\/wp\/v2\/users\/1869"}],"replies":[{"embeddable":true,"href":"https:\/\/www.uv.mx\/prensa\/wp-json\/wp\/v2\/comments?post=95593"}],"version-history":[{"count":1,"href":"https:\/\/www.uv.mx\/prensa\/wp-json\/wp\/v2\/posts\/95593\/revisions"}],"predecessor-version":[{"id":95934,"href":"https:\/\/www.uv.mx\/prensa\/wp-json\/wp\/v2\/posts\/95593\/revisions\/95934"}],"wp:featuredmedia":[{"embeddable":true,"href":"https:\/\/www.uv.mx\/prensa\/wp-json\/wp\/v2\/media\/95595"}],"wp:attachment":[{"href":"https:\/\/www.uv.mx\/prensa\/wp-json\/wp\/v2\/media?parent=95593"}],"wp:term":[{"taxonomy":"category","embeddable":true,"href":"https:\/\/www.uv.mx\/prensa\/wp-json\/wp\/v2\/categories?post=95593"},{"taxonomy":"post_tag","embeddable":true,"href":"https:\/\/www.uv.mx\/prensa\/wp-json\/wp\/v2\/tags?post=95593"}],"curies":[{"name":"wp","href":"https:\/\/api.w.org\/{rel}","templated":true}]}}