{"id":95799,"date":"2021-04-18T07:00:14","date_gmt":"2021-04-18T12:00:14","guid":{"rendered":"https:\/\/www.uv.mx\/prensa\/?p=95799"},"modified":"2021-04-20T13:08:55","modified_gmt":"2021-04-20T18:08:55","slug":"spia-y-radio-uv-iniciaran-segunda-temporada-de-agitar","status":"publish","type":"post","link":"https:\/\/www.uv.mx\/prensa\/cultura\/spia-y-radio-uv-iniciaran-segunda-temporada-de-agitar\/","title":{"rendered":"SPIA y Radio UV iniciar\u00e1n segunda temporada de <em>#Agitar<\/em>"},"content":{"rendered":"<ul>\n<li data-leveltext=\"\uf0b7\" data-font=\"Symbol\" data-listid=\"1\" data-aria-posinset=\"1\" data-aria-level=\"1\"><i><span data-contrast=\"none\">\u201c<\/span><\/i><i><span data-contrast=\"none\">E<\/span><\/i><i><span data-contrast=\"none\">l\u00a0<\/span><\/i><span data-contrast=\"none\">podcast<\/span><i><span data-contrast=\"none\">\u00a0es un espacio pedag\u00f3gico<\/span><\/i><i><span data-contrast=\"none\">\u201d<\/span><\/i><i><span data-contrast=\"none\">, expuso\u00a0<\/span><\/i><i><span data-contrast=\"none\">Natalia Calder\u00f3n,<\/span><\/i><i><span data-contrast=\"none\">\u00a0coordinadora del SPIA<\/span><\/i><i><span data-contrast=\"none\">, desde donde crean est<\/span><\/i><i><span data-contrast=\"none\">a serie en formato radiof\u00f3nico<\/span><\/i><span data-ccp-props=\"{&quot;134233279&quot;:true}\">\u00a0<\/span><\/li>\n<li data-leveltext=\"\uf0b7\" data-font=\"Symbol\" data-listid=\"1\" data-aria-posinset=\"2\" data-aria-level=\"1\"><i><span data-contrast=\"none\">Los nueve cap\u00edtulos que conformaron la primera temporada est\u00e1n disponibles en\u00a0<\/span><\/i><i><span data-contrast=\"none\">Spotify<\/span><\/i><i><span data-contrast=\"none\">:\u00a0<\/span><\/i><a href=\"https:\/\/spoti.fi\/32i0QyB\"><i><span data-contrast=\"none\">https:\/\/spoti.fi\/32i0QyB<\/span><\/i><\/a><span data-ccp-props=\"{&quot;134233279&quot;:true}\">\u00a0<\/span><\/li>\n<\/ul>\n<p><span data-ccp-props=\"{}\">\u00a0<\/span><\/p>\n<div id=\"attachment_95803\" style=\"width: 732px\" class=\"wp-caption aligncenter\"><a href=\"https:\/\/www.uv.mx\/prensa\/files\/2021\/04\/150421-Agitar-1-100k.jpg\"><img aria-describedby=\"caption-attachment-95803\" decoding=\"async\" loading=\"lazy\" class=\"size-full wp-image-95803\" src=\"https:\/\/www.uv.mx\/prensa\/files\/2021\/04\/150421-Agitar-1-100k.jpg\" alt=\"Esta serie es producida y conducida por estudiantes de la Facultad de Artes Pl\u00e1sticas \" width=\"722\" height=\"252\" srcset=\"https:\/\/www.uv.mx\/prensa\/files\/2021\/04\/150421-Agitar-1-100k.jpg 722w, https:\/\/www.uv.mx\/prensa\/files\/2021\/04\/150421-Agitar-1-100k-300x105.jpg 300w\" sizes=\"(max-width: 722px) 100vw, 722px\" \/><\/a><p id=\"caption-attachment-95803\" class=\"wp-caption-text\">Esta serie es producida y conducida por estudiantes de la Facultad de Artes Pl\u00e1sticas<\/p><\/div>\n<p>&nbsp;<\/p>\n<p><b><i><span data-contrast=\"none\">Karina de la Paz Reyes D\u00edaz<\/span><\/i><\/b><span data-ccp-props=\"{}\">\u00a0<\/span><\/p>\n<p><b><i><span data-contrast=\"none\">1<\/span><\/i><\/b><b><i><span data-contrast=\"none\">8<\/span><\/i><\/b><b><i><span data-contrast=\"none\">\/04\/2021, Xalapa,\u00a0Ver.-<\/span><\/i><\/b><b><i><span data-contrast=\"none\">\u00a0<\/span><\/i><\/b><i><span data-contrast=\"none\">#<\/span><\/i><i><span data-contrast=\"none\">Agitar<\/span><\/i><span data-contrast=\"none\">,\u00a0<\/span><span data-contrast=\"none\">una\u00a0<\/span><span data-contrast=\"none\">co<\/span><span data-contrast=\"none\">produc<\/span><span data-contrast=\"none\">ci\u00f3n<\/span><span data-contrast=\"none\">\u00a0en formato\u00a0<\/span><span data-contrast=\"none\">radiof\u00f3nic<\/span><span data-contrast=\"none\">o y de\u00a0<\/span><i><span data-contrast=\"none\">podcast<\/span><\/i><span data-contrast=\"none\">\u00a0<\/span><span data-contrast=\"none\">de<\/span><span data-contrast=\"none\">l<\/span><span data-contrast=\"none\">\u00a0Seminario Permanente de Investigaci\u00f3n Art\u00edstica (SPIA) del<\/span><span data-contrast=\"none\">\u00a0<\/span><a href=\"https:\/\/www.uv.mx\/iap\/\" target=\"_blank\" rel=\"noopener\"><span data-contrast=\"none\">Instituto de Artes Pl\u00e1sticas<\/span><\/a><span data-contrast=\"none\">\u00a0(IAP) y Radio Universidad Veracruzana (UV),<\/span><span data-contrast=\"none\">\u00a0iniciar\u00e1 segunda temporada\u00a0<\/span><span data-contrast=\"none\">el<\/span><span data-contrast=\"none\">\u00a0lunes 19 de abril a las 18:00 hora<\/span><span data-contrast=\"none\">s<\/span><span data-contrast=\"none\">,\u00a0<\/span><span data-contrast=\"none\">por el\u00a0<\/span><span data-contrast=\"none\">90.5\u00a0<\/span><span data-contrast=\"none\">de Frecuencia Modulada,<\/span><span data-contrast=\"none\">\u00a0<\/span><span data-contrast=\"none\">en l\u00ednea<\/span><span data-contrast=\"none\">\u00a0(<\/span><a href=\"http:\/\/bit.ly\/radiouvenlinea\"><span data-contrast=\"none\">http:\/\/bit.ly\/radiouvenlinea<\/span><\/a><span data-contrast=\"none\">)<\/span><span data-contrast=\"none\">\u00a0<\/span><span data-contrast=\"none\">y\u00a0<\/span><span data-contrast=\"none\">tambi\u00e9n\u00a0<\/span><span data-contrast=\"none\">p<\/span><span data-contrast=\"none\">odr\u00e1<\/span><span data-contrast=\"none\">\u00a0<\/span><span data-contrast=\"none\">escucharse\u00a0<\/span><span data-contrast=\"none\">por<\/span><span data-contrast=\"none\">\u00a0<\/span><i><span data-contrast=\"none\">Spotify<\/span><\/i><span data-contrast=\"none\">.<\/span><span data-ccp-props=\"{}\">\u00a0<\/span><\/p>\n<p><span data-contrast=\"none\">Natalia Calder\u00f3n, coordinadora del SPIA,\u00a0<\/span><span data-contrast=\"none\">expuso que se trata de una serie\u00a0<\/span><span data-contrast=\"none\">en la que busca<\/span><span data-contrast=\"none\">n<\/span><span data-contrast=\"none\">\u00a0crear un lugar de di\u00e1logo que permita acercar al p\u00fablico los ejes e<\/span><span data-contrast=\"none\">\u00a0<\/span><span data-contrast=\"none\">intereses de la investigaci\u00f3n art\u00edstica que trabaja<\/span><span data-contrast=\"none\">n<\/span><span data-contrast=\"none\">\u00a0desde el\u00a0<\/span><span data-contrast=\"none\">s<\/span><span data-contrast=\"none\">eminario.<\/span><span data-ccp-props=\"{}\">\u00a0<\/span><\/p>\n<p><span data-contrast=\"none\">\u201c<\/span><span data-contrast=\"none\">En la transici\u00f3n de los medios presenciales a los virtuales hemos construido, a trav\u00e9s de la radio y el\u00a0<\/span><i><span data-contrast=\"none\">podcast<\/span><\/i><span data-contrast=\"none\">, un espacio pedag\u00f3gico para todas las personas involucradas<\/span><span data-contrast=\"none\">\u00a0(<\/span><span data-contrast=\"none\">desde<\/span><span data-contrast=\"none\">\u00a0los\u00a0<\/span><span data-contrast=\"none\">conductor<\/span><span data-contrast=\"none\">es<\/span><span data-contrast=\"none\">,<\/span><span data-contrast=\"none\">\u00a0<\/span><span data-contrast=\"none\">invitados<\/span><span data-contrast=\"none\">\u00a0y escuchas<\/span><span data-contrast=\"none\">)<\/span><span data-contrast=\"none\">,<\/span><span data-contrast=\"none\">\u00a0donde lo importante es plantear nuevos cuestionamientos a la forma que tenemos de entender la realidad.<\/span><span data-contrast=\"none\">\u201d<\/span><span data-ccp-props=\"{}\">\u00a0<\/span><\/p>\n<p><span data-contrast=\"none\">El equipo de producci\u00f3n de\u00a0<\/span><i><span data-contrast=\"none\">#<\/span><\/i><i><span data-contrast=\"none\">Agitar<\/span><\/i><span data-contrast=\"none\">\u00a0<\/span><span data-contrast=\"none\">est\u00e1 integrado por<\/span><span data-contrast=\"none\">\u00a0estudiantes de la Facultad de Artes<\/span><span data-contrast=\"none\">\u00a0<\/span><span data-contrast=\"none\">Pl\u00e1sticas<\/span><span data-contrast=\"none\">\u00a0(FAP)<\/span><span data-contrast=\"none\">\u00a0<\/span><span data-contrast=\"none\">de la UV,\u00a0<\/span><span data-contrast=\"none\">espec\u00edficamente, de los programas educativos<\/span><span data-contrast=\"none\">:<\/span><span data-contrast=\"none\">\u00a0<\/span><span data-contrast=\"none\">Artes Visuales, Dise\u00f1o de la C<\/span><span data-contrast=\"none\">omunicaci\u00f3n\u00a0<\/span><span data-contrast=\"none\">V<\/span><span data-contrast=\"none\">isual<\/span><span data-contrast=\"none\">,<\/span><span data-contrast=\"none\">\u00a0y\u00a0<\/span><span data-contrast=\"none\">F<\/span><span data-contrast=\"none\">otograf\u00eda<\/span><span data-contrast=\"none\">.<\/span><span data-contrast=\"none\">\u00a0<\/span><span data-contrast=\"none\">S<\/span><span data-contrast=\"none\">e trata de<\/span><span data-contrast=\"none\">\u00a0Abel Cervantes, Mariel Rodr\u00edguez,<\/span><span data-contrast=\"none\">\u00a0<\/span><span data-contrast=\"none\">Atzin<\/span><span data-contrast=\"none\">\u00a0<\/span><span data-contrast=\"none\">Salazar y Pablo<\/span><span data-contrast=\"none\">\u00a0<\/span><span data-contrast=\"none\">Hern\u00e1ndez<\/span><span data-contrast=\"none\">;\u00a0<\/span><span data-contrast=\"none\">a<\/span><span data-contrast=\"none\">s\u00ed como<\/span><span data-contrast=\"none\">\u00a0<\/span><span data-contrast=\"none\">la artista y egresada<\/span><span data-contrast=\"none\">\u00a0<\/span><span data-contrast=\"none\">de<\/span><span data-contrast=\"none\">\u00a0la FAP,<\/span><span data-contrast=\"none\">\u00a0<\/span><span data-contrast=\"none\">Alejandra R. Bola\u00f1os<\/span><span data-contrast=\"none\">,<\/span><span data-contrast=\"none\">\u00a0y\u00a0<\/span><span data-contrast=\"none\">la propia\u00a0<\/span><span data-contrast=\"none\">Natalia Calder\u00f3n<\/span><span data-contrast=\"none\">.<\/span><span data-ccp-props=\"{}\">\u00a0<\/span><\/p>\n<p><span data-contrast=\"none\">La acad\u00e9mica e investigadora del IAP expuso\u00a0que\u00a0al<\/span><span data-contrast=\"none\">\u00a0ser un proyecto art\u00edstico pedag\u00f3gico,<\/span><span data-contrast=\"none\">\u00a0<\/span><i><span data-contrast=\"none\">#<\/span><\/i><i><span data-contrast=\"none\">Agitar<\/span><\/i><span data-contrast=\"none\">\u00a0<\/span><span data-contrast=\"none\">est\u00e1 en constante cambio<\/span><span data-contrast=\"none\">,<\/span><span data-contrast=\"none\">\u00a0<\/span><span data-contrast=\"none\">de acuerdo con<\/span><span data-contrast=\"none\">\u00a0<\/span><span data-contrast=\"none\">los cuestionamientos y aprendizajes que en el SPIA enc<\/span><span data-contrast=\"none\">uentran<\/span><span data-contrast=\"none\">\/generan<\/span><span data-contrast=\"none\">.<\/span><span data-ccp-props=\"{}\">\u00a0<\/span><\/p>\n<p><span data-contrast=\"none\">Cabe decir que el<\/span><span data-contrast=\"none\">\u00a0SPIA<\/span><span data-contrast=\"none\">\u00a0<\/span><span data-contrast=\"none\">se conforma como un espacio reflexivo que explora distintos medios, metodolog\u00edas y formas de investigaci\u00f3n en torno al arte. Con un enfoque art\u00edstico-pedag\u00f3gico, se propone\u00a0<\/span><span data-contrast=\"none\">cuestionar los fundamentos dicot\u00f3micos como la teor\u00eda y la pr\u00e1ctica, raz\u00f3n y emoci\u00f3n, ciencia y arte, e<\/span><span data-contrast=\"none\">ntre otros,<\/span><span data-contrast=\"none\">\u00a0para generar procesos de creaci\u00f3n y pensamiento en com\u00fan, que se redefinen<\/span><span data-contrast=\"none\">\u00a0<\/span><span data-contrast=\"none\">en su hacer.<\/span><span data-ccp-props=\"{&quot;335559731&quot;:708}\">\u00a0<\/span><\/p>\n<p><span data-contrast=\"none\">De acuerdo con la entrevistada, \u201cq<\/span><span data-contrast=\"none\">uienes conformamos el SPIA<\/span><span data-contrast=\"none\">\u00a0transitamos entre intereses y campos<\/span><span data-contrast=\"none\">\u00a0<\/span><span data-contrast=\"none\">diversos<\/span><span data-contrast=\"none\">,<\/span><span data-contrast=\"none\">\u00a0<\/span><span data-contrast=\"none\">pero compartimos la motivaci\u00f3n por las perspectivas art\u00edsticas como desestabilizadoras y detonantes de nuevos saberes que se reconocen sensibles, corporeizados, afectivos y pol\u00edticos<\/span><span data-contrast=\"none\">\u201d<\/span><span data-contrast=\"none\">.<\/span><\/p>\n<div id=\"attachment_95804\" style=\"width: 732px\" class=\"wp-caption aligncenter\"><a href=\"https:\/\/www.uv.mx\/prensa\/files\/2021\/04\/150421-Agitar-2-100k.jpg\"><img aria-describedby=\"caption-attachment-95804\" decoding=\"async\" loading=\"lazy\" class=\"size-full wp-image-95804\" src=\"https:\/\/www.uv.mx\/prensa\/files\/2021\/04\/150421-Agitar-2-100k.jpg\" alt=\"La segunda temporada est\u00e1 conformada por 13 cap\u00edtulos \" width=\"722\" height=\"361\" srcset=\"https:\/\/www.uv.mx\/prensa\/files\/2021\/04\/150421-Agitar-2-100k.jpg 722w, https:\/\/www.uv.mx\/prensa\/files\/2021\/04\/150421-Agitar-2-100k-300x150.jpg 300w\" sizes=\"(max-width: 722px) 100vw, 722px\" \/><\/a><p id=\"caption-attachment-95804\" class=\"wp-caption-text\">La segunda temporada est\u00e1 conformada por 13 cap\u00edtulos<\/p><\/div>\n<p><b><span data-contrast=\"none\">La s<\/span><\/b><b><span data-contrast=\"none\">egunda temporada<\/span><\/b><b><span data-contrast=\"none\">\u00a0constar\u00e1 de 13 cap\u00edtulos<\/span><\/b><span data-ccp-props=\"{}\"><br \/>\n<\/span><span data-contrast=\"none\">Natalia Calder\u00f3n\u00a0<\/span><span data-contrast=\"none\">cit\u00f3 a<\/span><span data-contrast=\"none\">lgunos de los temas que t<\/span><span data-contrast=\"none\">ratar\u00e1n en\u00a0<\/span><span data-contrast=\"none\">la<\/span><span data-contrast=\"none\">\u00a0segunda temporada,\u00a0<\/span><span data-contrast=\"none\">conformada por<\/span><span data-contrast=\"none\">\u00a013 cap\u00edtulos<\/span><span data-contrast=\"none\">\u00a0propuestos por quienes est\u00e1n a cargo de la conducci\u00f3n de\u00a0<\/span><i><span data-contrast=\"none\">#Agi<\/span><\/i><i><span data-contrast=\"none\">tar<\/span><\/i><span data-contrast=\"none\">:<\/span><span data-contrast=\"none\">\u00a0<\/span><span data-contrast=\"none\">l<\/span><span data-contrast=\"none\">as<\/span><span data-contrast=\"none\">\u00a0<\/span><span data-contrast=\"none\">pr\u00e1cticas de<\/span><span data-contrast=\"none\">\u00a0<\/span><span data-contrast=\"none\">archivo y documentaci\u00f3n desde una<\/span><span data-contrast=\"none\">\u00a0<\/span><span data-contrast=\"none\">perspectiva<\/span><span data-contrast=\"none\">\u00a0<\/span><span data-contrast=\"none\">feminista<\/span><span data-contrast=\"none\">; r<\/span><span data-contrast=\"none\">esistencia<\/span><span data-contrast=\"none\">\u00a0<\/span><span data-contrast=\"none\">y organizaci\u00f3n ante los discursos de odio que invaden la virtualidad y el espacio p\u00fablico<\/span><span data-contrast=\"none\">;<\/span><span data-contrast=\"none\">\u00a0e<\/span><span data-contrast=\"none\">l<\/span><span data-contrast=\"none\">\u00a0<\/span><span data-contrast=\"none\">movimiento<\/span><span data-contrast=\"none\">\u00a0<\/span><span data-contrast=\"none\">art\u00edstico<\/span><span data-contrast=\"none\">\u00a0<\/span><span data-contrast=\"none\">afromexicano<\/span><span data-contrast=\"none\">, las dificultades a las que se enfrenta y posibles<\/span><span data-contrast=\"none\">\u00a0<\/span><span data-contrast=\"none\">estrategias<\/span><span data-contrast=\"none\">\u00a0<\/span><span data-contrast=\"none\">para abrir nuevas formas de representaci\u00f3n<\/span><span data-contrast=\"none\">.<\/span><span data-ccp-props=\"{}\">\u00a0<\/span><\/p>\n<p><span data-contrast=\"none\">La relaci\u00f3n entre el territorio y el cultivo de saberes<\/span><span data-contrast=\"none\">; p<\/span><span data-contrast=\"none\">r\u00e1cticas art\u00edsticas<\/span><span data-contrast=\"none\">\u00a0<\/span><span data-contrast=\"none\">que reflexionan sobre\u00a0<\/span><span data-contrast=\"none\">el<\/span><span data-contrast=\"none\">\u00a0concepto de residuo y resignifican la idea de basura<\/span><span data-contrast=\"none\">;<\/span><span data-contrast=\"none\">\u00a0n<\/span><span data-contrast=\"none\">arrativas que cuestionan el<\/span><span data-contrast=\"none\">\u00a0<\/span><span data-contrast=\"none\">paradigma<\/span><span data-contrast=\"none\">\u00a0<\/span><span data-contrast=\"none\">lineal del tiempo y la memoria;<\/span><span data-contrast=\"none\">\u00a0las posibilidades que el arte abre en las representaciones supuestamente objetivas de la historia<\/span><span data-contrast=\"none\">.<\/span><span data-ccp-props=\"{}\">\u00a0<\/span><\/p>\n<p><span data-contrast=\"none\">Otros temas m\u00e1s versar\u00e1n sobre\u00a0<\/span><span data-contrast=\"none\">la<\/span><span data-contrast=\"none\">\u00a0danza y su relaci\u00f3n con el<\/span><span data-contrast=\"none\">\u00a0<\/span><span data-contrast=\"none\">movimiento, los desplazamientos f\u00edsicos, conceptuales y ontol\u00f3gicos a trav\u00e9s de la pr\u00e1ctica<\/span><span data-contrast=\"none\">;<\/span><span data-contrast=\"none\">\u00a0la e<\/span><span data-contrast=\"none\">xploraci\u00f3n de la escucha atenta, la vibraci\u00f3n de\u202fotros seres, otras especies, e incluso objetos<\/span><span data-contrast=\"none\">.<\/span><span data-ccp-props=\"{&quot;335559731&quot;:708}\">\u00a0<\/span><\/p>\n<p><span data-contrast=\"none\">Es m\u00e1s, hablar\u00e1n sobre c<\/span><span data-contrast=\"none\">\u00f3mo han vivido los estudiantes la educaci\u00f3n virtual<\/span><span data-contrast=\"none\">, a trav\u00e9s de<\/span><span data-contrast=\"none\">\u00a0<\/span><span data-contrast=\"none\">e<\/span><span data-contrast=\"none\">xperiencias compartidas de distintas latitudes y escolaridades.<\/span><span data-ccp-props=\"{&quot;335559731&quot;:708}\">\u00a0<\/span><\/p>\n<p><span data-contrast=\"none\">\u201cEl asunto es hacer un barrido de temas, en general, y c\u00f3mo los cruza la investigaci\u00f3n art\u00edstica; porque en \u00e9sta nos nutrimos de\u00a0<\/span><span data-contrast=\"none\">lo que pasa en todos los campos<\/span><span data-contrast=\"none\">\u201d, subray\u00f3.<\/span><span data-contrast=\"none\">\u00a0A<\/span><span data-contrast=\"none\">simismo,<\/span><span data-contrast=\"none\">\u00a0remarc\u00f3 que<\/span><span data-contrast=\"none\">\u00a0<\/span><span data-contrast=\"none\">la<\/span><span data-contrast=\"none\">\u00a0segunda temporada es producida y conducida por estudiantes de la UV<\/span><span data-contrast=\"none\">.<\/span><span data-ccp-props=\"{&quot;335559731&quot;:708}\">\u00a0<\/span><\/p>\n<p><span data-contrast=\"none\">El\u00a0<\/span><span data-contrast=\"none\">tema con el que<\/span><span data-contrast=\"none\">\u00a0inicia<\/span><span data-contrast=\"none\">\u00a0esta temporada lleva por t\u00edtulo \u201cQuiero hablar\u201d<\/span><span data-contrast=\"none\">\u00a0<\/span><span data-contrast=\"none\">y\u00a0<\/span><span data-contrast=\"none\">est\u00e1 organizado en dos\u00a0<\/span><span data-contrast=\"none\">cap\u00edtulo<\/span><span data-contrast=\"none\">s<\/span><span data-contrast=\"none\">, cuya conducci\u00f3n estar\u00e1 a cargo de\u00a0<\/span><span data-contrast=\"none\">Alejandra R. Bola\u00f1os y<\/span><span data-contrast=\"none\">\u00a0<\/span><span data-contrast=\"none\">Natalia Calder\u00f3n<\/span><span data-contrast=\"none\">,<\/span><span data-contrast=\"none\">\u00a0<\/span><span data-contrast=\"none\">con\u00a0<\/span><span data-contrast=\"none\">cuatro<\/span><span data-contrast=\"none\">\u00a0invitadas:\u00a0<\/span><span data-contrast=\"none\">K<\/span><span data-contrast=\"none\">aren Cordero<\/span><span data-contrast=\"none\">, h<\/span><span data-contrast=\"none\">istoriadora del arte y curadora<\/span><span data-contrast=\"none\">, as\u00ed como p<\/span><span data-contrast=\"none\">rofesora del Departamento de Arte de la Universidad Iberoamericana<\/span><span data-contrast=\"none\">,\u00a0<\/span><span data-contrast=\"none\">Ciudad de M\u00e9xico;\u00a0<\/span><span data-contrast=\"none\">Natalia de La Rosa,\u00a0<\/span><span data-contrast=\"none\">cuyos\u00a0<\/span><span data-contrast=\"none\">intereses\u00a0<\/span><span data-contrast=\"none\">versan sobre<\/span><span data-contrast=\"none\">\u00a0el arte moderno y contempor\u00e1neo en M\u00e9xico, el muralismo, el arte p\u00fablico y la teor\u00eda de la vanguardia en las Am\u00e9ricas<\/span><span data-contrast=\"none\">; a<\/span><span data-contrast=\"none\">s\u00ed como\u00a0<\/span><span data-contrast=\"none\">Eva C\u00e1rdenas y Alma Gonz\u00e1lez<\/span><span data-contrast=\"none\">.<\/span><span data-ccp-props=\"{&quot;335559731&quot;:708}\">\u00a0<\/span><\/p>\n<p><span data-contrast=\"none\">En<\/span><span data-contrast=\"none\">\u00a0<\/span><span data-contrast=\"none\">la<\/span><span data-contrast=\"none\">\u00a0segunda temporada<\/span><span data-contrast=\"none\">\u00a0participar\u00e1n invitados del\u00a0<\/span><span data-contrast=\"none\">\u00e1mbito<\/span><span data-contrast=\"none\">\u00a0nacional, internacional y de la propia UV, tal es el caso de:\u00a0<\/span><span data-contrast=\"none\">Siobhan<\/span><span data-contrast=\"none\">\u00a0F. Guerrero, L\u00eda Garc\u00eda, Paulina\u00a0<\/span><span data-contrast=\"none\">Segu\u00edn<\/span><span data-contrast=\"none\">,\u00a0<\/span><span data-contrast=\"none\">Jumko<\/span><span data-contrast=\"none\">\u00a0<\/span><span data-contrast=\"none\">Ogata<\/span><span data-contrast=\"none\">-Aguilar, Sagrario Cruz<\/span><span data-contrast=\"none\">\u00a0<\/span><span data-contrast=\"none\">Carretero, Erika Jim\u00e9nez, Catalina Montenegro,\u00a0<\/span><span data-contrast=\"none\">Yetlanezi<\/span><span data-contrast=\"none\">\u00a0Atenco, Adriana Salazar, Irak Morales, David\u00a0<\/span><span data-contrast=\"none\">Donner<\/span><span data-contrast=\"none\">, Andr\u00e9s Luna, Juan Aurelio Fern\u00e1ndez Mesa,\u00a0<\/span><span data-contrast=\"none\">Chispillatronik<\/span><span data-contrast=\"none\">\u00a0(Claudia Castel\u00e1n), Jos\u00e9 Enrique Herbert, Cristina Basilio,\u00a0<\/span><span data-contrast=\"none\">Ayde\u00e9<\/span><span data-contrast=\"none\">\u00a0Castillo, Leonardo Santiago e \u00cdo<\/span><span data-contrast=\"none\">, por citar algunos.<\/span><span data-ccp-props=\"{&quot;335559731&quot;:708}\">\u00a0<\/span><\/p>\n<p><span data-contrast=\"none\">La acad\u00e9mica de la UV\u00a0<\/span><span data-contrast=\"none\">agradeci\u00f3 a\u00a0<\/span><span data-contrast=\"none\">Antulio<\/span><span data-contrast=\"none\">\u00a0Garc\u00eda, de Radio UV, con quien<\/span><span data-contrast=\"none\">\u00a0han realizado todo este trabajo.\u00a0<\/span><span data-ccp-props=\"{&quot;335559731&quot;:708}\">\u00a0<\/span><\/p>\n<p><span data-contrast=\"none\">Para quienes gusten escuchar la primera temporada,\u00a0<\/span><span data-contrast=\"none\">los\u00a0<\/span><span data-contrast=\"none\">nueve\u00a0<\/span><span data-contrast=\"none\">cap\u00edtulos<\/span><span data-contrast=\"none\">\u00a0que la conformaron<\/span><span data-contrast=\"none\">\u00a0est\u00e1n<\/span><span data-contrast=\"none\">\u00a0disponible<\/span><span data-contrast=\"none\">s en\u00a0<\/span><i><span data-contrast=\"none\">Spotify<\/span><\/i><span data-contrast=\"none\">:\u00a0<\/span><a href=\"https:\/\/spoti.fi\/32i0QyB\"><span data-contrast=\"none\">https:\/\/spoti.f<\/span><span data-contrast=\"none\">i<\/span><span data-contrast=\"none\">\/32i0QyB<\/span><\/a><span data-contrast=\"none\">.<\/span><span data-ccp-props=\"{}\">\u00a0<\/span><\/p>\n","protected":false},"excerpt":{"rendered":"<p>Se trata de una serie que busca acercar al p\u00fablico los ejes e intereses de la investigaci\u00f3n art\u00edstica <\/p>\n","protected":false},"author":1775,"featured_media":95805,"comment_status":"closed","ping_status":"closed","sticky":false,"template":"","format":"standard","meta":[],"categories":[11,61],"tags":[1122,2062,98,1121,2390,2391,1119,1120],"_links":{"self":[{"href":"https:\/\/www.uv.mx\/prensa\/wp-json\/wp\/v2\/posts\/95799"}],"collection":[{"href":"https:\/\/www.uv.mx\/prensa\/wp-json\/wp\/v2\/posts"}],"about":[{"href":"https:\/\/www.uv.mx\/prensa\/wp-json\/wp\/v2\/types\/post"}],"author":[{"embeddable":true,"href":"https:\/\/www.uv.mx\/prensa\/wp-json\/wp\/v2\/users\/1775"}],"replies":[{"embeddable":true,"href":"https:\/\/www.uv.mx\/prensa\/wp-json\/wp\/v2\/comments?post=95799"}],"version-history":[{"count":1,"href":"https:\/\/www.uv.mx\/prensa\/wp-json\/wp\/v2\/posts\/95799\/revisions"}],"predecessor-version":[{"id":95931,"href":"https:\/\/www.uv.mx\/prensa\/wp-json\/wp\/v2\/posts\/95799\/revisions\/95931"}],"wp:featuredmedia":[{"embeddable":true,"href":"https:\/\/www.uv.mx\/prensa\/wp-json\/wp\/v2\/media\/95805"}],"wp:attachment":[{"href":"https:\/\/www.uv.mx\/prensa\/wp-json\/wp\/v2\/media?parent=95799"}],"wp:term":[{"taxonomy":"category","embeddable":true,"href":"https:\/\/www.uv.mx\/prensa\/wp-json\/wp\/v2\/categories?post=95799"},{"taxonomy":"post_tag","embeddable":true,"href":"https:\/\/www.uv.mx\/prensa\/wp-json\/wp\/v2\/tags?post=95799"}],"curies":[{"name":"wp","href":"https:\/\/api.w.org\/{rel}","templated":true}]}}