{"id":95853,"date":"2021-04-19T14:15:28","date_gmt":"2021-04-19T19:15:28","guid":{"rendered":"https:\/\/www.uv.mx\/prensa\/?p=95853"},"modified":"2021-04-20T13:04:15","modified_gmt":"2021-04-20T18:04:15","slug":"uv-firmo-convenio-con-la-planta-frigorifico-presidente-miguel-aleman","status":"publish","type":"post","link":"https:\/\/www.uv.mx\/prensa\/regiones\/coatzacoalcos\/uv-firmo-convenio-con-la-planta-frigorifico-presidente-miguel-aleman\/","title":{"rendered":"UV firm\u00f3 convenio con la Planta Frigor\u00edfico \u201cPresidente Miguel Alem\u00e1n\u201d"},"content":{"rendered":"<ul>\n<li data-leveltext=\"\uf0b7\" data-font=\"Symbol\" data-listid=\"1\" data-aria-posinset=\"1\" data-aria-level=\"1\"><i><span data-contrast=\"auto\">Para beneficio de los alumnos, profesores, productores y p\u00fablico en general\u00a0<\/span><\/i><span data-ccp-props=\"{&quot;134233279&quot;:true,&quot;201341983&quot;:0,&quot;335559739&quot;:160,&quot;335559740&quot;:240}\">\u00a0<\/span><\/li>\n<\/ul>\n<p>&nbsp;<\/p>\n<div id=\"attachment_95854\" style=\"width: 1079px\" class=\"wp-caption aligncenter\"><a href=\"https:\/\/www.uv.mx\/prensa\/files\/2021\/04\/190421-CECILIA-convenio2.jpeg\"><img aria-describedby=\"caption-attachment-95854\" decoding=\"async\" loading=\"lazy\" class=\"size-full wp-image-95854\" src=\"https:\/\/www.uv.mx\/prensa\/files\/2021\/04\/190421-CECILIA-convenio2.jpeg\" alt=\"\" width=\"1069\" height=\"481\" srcset=\"https:\/\/www.uv.mx\/prensa\/files\/2021\/04\/190421-CECILIA-convenio2.jpeg 1069w, https:\/\/www.uv.mx\/prensa\/files\/2021\/04\/190421-CECILIA-convenio2-300x135.jpeg 300w, https:\/\/www.uv.mx\/prensa\/files\/2021\/04\/190421-CECILIA-convenio2-1024x461.jpeg 1024w, https:\/\/www.uv.mx\/prensa\/files\/2021\/04\/190421-CECILIA-convenio2-768x346.jpeg 768w\" sizes=\"(max-width: 1069px) 100vw, 1069px\" \/><\/a><p id=\"caption-attachment-95854\" class=\"wp-caption-text\">El vicerrector <span data-contrast=\"auto\">Carlos Lamothe Zavaleta en la firma del convenio<\/span><\/p><\/div>\n<p>&nbsp;<\/p>\n<p><b><i><span data-contrast=\"auto\">Cecilia Escribano Reyes<\/span><\/i><\/b><\/p>\n<p><b><i><span data-contrast=\"auto\">19<\/span><\/i><\/b><b><i><span data-contrast=\"auto\">\/<\/span><\/i><\/b><b><i><span data-contrast=\"auto\">0<\/span><\/i><\/b><b><i><span data-contrast=\"auto\">4<\/span><\/i><\/b><b><i><span data-contrast=\"auto\">\/202<\/span><\/i><\/b><b><i><span data-contrast=\"auto\">1<\/span><\/i><\/b><b><i><span data-contrast=\"auto\">, Coatzacoalcos, <\/span><\/i><\/b><b><i><span data-contrast=\"auto\">Ver.<\/span><\/i><\/b><b><i><span data-contrast=\"auto\">&#8211;<\/span><\/i><\/b> <span data-contrast=\"auto\">La <\/span><span data-contrast=\"auto\"><a href=\"https:\/\/www.uv.mx\/coatza\/\" target=\"_blank\" rel=\"noopener\">regi\u00f3n Coatzacoalcos-Minatitl\u00e1n<\/a> <\/span><span data-contrast=\"auto\">de la <\/span><span data-contrast=\"auto\">Universidad <\/span><span data-contrast=\"auto\">Veracruzana<\/span><span data-contrast=\"auto\"> (UV)<\/span> <span data-contrast=\"auto\">firm\u00f3 <\/span><span data-contrast=\"auto\">convenio general de colaboraci\u00f3n <\/span><span data-contrast=\"auto\">con la Planta Frigor\u00edfic<\/span><span data-contrast=\"auto\">o<\/span> <span data-contrast=\"auto\">\u201c<\/span><span data-contrast=\"auto\">P<\/span><span data-contrast=\"auto\">residente<\/span><span data-contrast=\"auto\"> Miguel Alem\u00e1n<\/span><span data-contrast=\"auto\">\u201d de los G<\/span><span data-contrast=\"auto\">anaderos del <\/span><span data-contrast=\"auto\">S<\/span><span data-contrast=\"auto\">ur de Veracruz<\/span><span data-contrast=\"auto\">, con el fin de desarrollar <\/span><span data-contrast=\"auto\">actividades de investigaci\u00f3n, servicio social, pr\u00e1cticas profesionales, ensayos, tesis, difusi\u00f3n de tecnolog\u00edas, capacitaci\u00f3n, cursos, publicidad y actividades en general que beneficien a los alumnos, profesores, productores y p\u00fablico en general<\/span><span data-contrast=\"auto\">.<\/span><span data-ccp-props=\"{&quot;201341983&quot;:0,&quot;335559739&quot;:160,&quot;335559740&quot;:240}\">\u00a0<\/span><\/p>\n<p><span data-contrast=\"auto\">La ceremonia se realiz\u00f3 <\/span><span data-contrast=\"auto\">en el <\/span><i><span data-contrast=\"auto\">campus<\/span><\/i><span data-contrast=\"auto\"> Acayucan el <\/span><span data-contrast=\"auto\">16 de abril<\/span><span data-contrast=\"auto\">, donde se dieron cita<\/span><span data-contrast=\"auto\">, por parte de la UV<\/span><span data-contrast=\"auto\">: <\/span><span data-contrast=\"auto\">Sara Ladr\u00f3n de Guevara, <\/span><span data-contrast=\"auto\">r<\/span><span data-contrast=\"auto\">ectora<\/span><span data-contrast=\"auto\">; <\/span><span data-contrast=\"auto\">Carlos Lamothe Zavaleta, vicerrector<\/span><span data-contrast=\"auto\">; <\/span><span data-contrast=\"auto\">Domingo Canales Espinosa, director general del \u00c1rea Acad\u00e9mica de Ciencias Biol\u00f3gicas y Agropecuarias;<\/span> <span data-contrast=\"auto\">Hugo Ismael Noble P\u00e9rez, secretario Acad\u00e9mico regional;<\/span> <span data-contrast=\"auto\">Nayib Bechara \u00c1car Mart\u00ednez<\/span> <span data-contrast=\"auto\">y Jos\u00e9 Orlando Ram\u00edrez Valencia, director <\/span><span data-contrast=\"auto\">y <\/span><span data-contrast=\"auto\">secretario de la Facultad de Ingenier\u00eda en Sistemas de Producci\u00f3n Agropecuaria (FISPA)<\/span><span data-contrast=\"auto\">, respectivamente, y <\/span><span data-contrast=\"auto\">Ana Mar\u00eda Rueda, coordinadora regional de Vinculaci\u00f3n<\/span><span data-contrast=\"auto\">.<\/span><span data-ccp-props=\"{&quot;201341983&quot;:0,&quot;335559731&quot;:720,&quot;335559739&quot;:160,&quot;335559740&quot;:240}\">\u00a0<\/span><\/p>\n<p><span data-contrast=\"auto\">Asimismo, <\/span><span data-contrast=\"auto\">Eduardo Silvestre Vicen<\/span><span data-contrast=\"auto\">ttin Durante, <\/span><span data-contrast=\"auto\">Ramiro Bautista Ram\u00edrez y Manuel Cruz G\u00f3mez<\/span><span data-contrast=\"auto\">, <\/span><span data-contrast=\"auto\">presidente<\/span><span data-contrast=\"auto\">,<\/span> <span data-contrast=\"auto\">secretario y tesorero <\/span><span data-contrast=\"auto\">de la P<\/span><span data-contrast=\"auto\">lanta <\/span><span data-contrast=\"auto\">F<\/span><span data-contrast=\"auto\">rigor\u00edfico<\/span><span data-contrast=\"auto\"> \u201c<\/span><span data-contrast=\"auto\">Presidente Miguel Alem\u00e1n\u201d<\/span><span data-contrast=\"auto\">,<\/span><span data-contrast=\"auto\"> respectivamente; <\/span><span data-contrast=\"auto\">Jacob Abel Velasco Casarrubias, Carlos Ornelas Salamanca<\/span><span data-contrast=\"auto\"> y <\/span><span data-contrast=\"auto\">Pedro S\u00e1nchez Serna, presidente<\/span><span data-contrast=\"auto\">,<\/span><span data-contrast=\"auto\"> secretario <\/span><span data-contrast=\"auto\">y <\/span><span data-contrast=\"auto\">tesorero del Consejo Directivo de la Uni\u00f3n Ganadera Regional del Sur de Veracruz; <\/span><span data-contrast=\"auto\">respectivamente<\/span><span data-contrast=\"auto\">.<\/span><span data-ccp-props=\"{&quot;201341983&quot;:0,&quot;335559731&quot;:720,&quot;335559739&quot;:160,&quot;335559740&quot;:240}\">\u00a0<\/span><\/p>\n<p><span data-contrast=\"auto\">Nayib<\/span><span data-contrast=\"auto\"> Bechara <\/span><span data-contrast=\"auto\">\u00c1car<\/span><span data-contrast=\"auto\"> dio la bienvenida a los asistentes y <\/span><span data-contrast=\"auto\">enfatiz\u00f3<\/span><span data-contrast=\"auto\"> que este convenio general de colaboraci\u00f3n tiene por objeto realizar<\/span><span data-contrast=\"auto\">, <\/span><span data-contrast=\"auto\">en <\/span><span data-contrast=\"auto\">apego a <\/span><span data-contrast=\"auto\">la normatividad de ambas partes<\/span><span data-contrast=\"auto\">,<\/span> <span data-contrast=\"auto\">un sinf\u00edn de <\/span><span data-contrast=\"auto\">actividades <\/span><span data-contrast=\"auto\">para beneficio de<\/span><span data-contrast=\"auto\"> alumnos, <\/span><span data-contrast=\"auto\">profesores<\/span><span data-contrast=\"auto\">, productores y <\/span><span data-contrast=\"auto\">la sociedad<\/span><span data-contrast=\"auto\"> en general.<\/span><span data-ccp-props=\"{&quot;201341983&quot;:0,&quot;335559731&quot;:720,&quot;335559739&quot;:160,&quot;335559740&quot;:240}\">\u00a0<\/span><\/p>\n<p>&nbsp;<\/p>\n<div id=\"attachment_95855\" style=\"width: 651px\" class=\"wp-caption aligncenter\"><a href=\"https:\/\/www.uv.mx\/prensa\/files\/2021\/04\/190421-CECILIA-convenio2.jpg\"><img aria-describedby=\"caption-attachment-95855\" decoding=\"async\" loading=\"lazy\" class=\"size-full wp-image-95855\" src=\"https:\/\/www.uv.mx\/prensa\/files\/2021\/04\/190421-CECILIA-convenio2.jpg\" alt=\"\" width=\"641\" height=\"481\" srcset=\"https:\/\/www.uv.mx\/prensa\/files\/2021\/04\/190421-CECILIA-convenio2.jpg 641w, https:\/\/www.uv.mx\/prensa\/files\/2021\/04\/190421-CECILIA-convenio2-300x225.jpg 300w\" sizes=\"(max-width: 641px) 100vw, 641px\" \/><\/a><p id=\"caption-attachment-95855\" class=\"wp-caption-text\">Representantes de la UV, de la Uni\u00f3n Ganadera Regional del Sur de Veracruz y de la Planta<\/p><\/div>\n<p>&nbsp;<\/p>\n<p><span data-contrast=\"auto\">Jacob Abel Velasco hizo <\/span><span data-contrast=\"auto\">una remembranza<\/span><span data-contrast=\"auto\"> del origen de la <\/span><span data-contrast=\"auto\">FISPA <\/span><span data-contrast=\"auto\">y la donaci\u00f3n del terreno donde se encuentra el <\/span><i><span data-contrast=\"auto\">campus<\/span><\/i><span data-contrast=\"auto\">; reiter\u00f3 el respaldo de <\/span><span data-contrast=\"auto\">la U<\/span><span data-contrast=\"auto\">ni\u00f3n<\/span> <span data-contrast=\"auto\">G<\/span><span data-contrast=\"auto\">anadera <\/span><span data-contrast=\"auto\">R<\/span><span data-contrast=\"auto\">egional del <\/span><span data-contrast=\"auto\">Sur de Veracruz a la U<\/span><span data-contrast=\"auto\">niversidad <\/span><span data-contrast=\"auto\">V<\/span><span data-contrast=\"auto\">eracruzana, pues representa un referente de calidad educa<\/span><span data-contrast=\"auto\">tiva y desarrollo agropecuario.<\/span><span data-ccp-props=\"{&quot;201341983&quot;:0,&quot;335559731&quot;:720,&quot;335559739&quot;:160,&quot;335559740&quot;:240}\">\u00a0<\/span><\/p>\n<p><span data-contrast=\"auto\">Por su parte, <\/span><span data-contrast=\"auto\">Lamothe Zavaleta <\/span><span data-contrast=\"auto\">expres\u00f3 una gran satisfacci\u00f3n <\/span><span data-contrast=\"auto\">por <\/span><span data-contrast=\"auto\">haber firmado el convenio que fortalece y renueva <\/span><span data-contrast=\"auto\">las relaciones entre la UV y la organizaci\u00f3n ganadera del <\/span><span data-contrast=\"auto\">s<\/span><span data-contrast=\"auto\">ur.<\/span><span data-ccp-props=\"{&quot;201341983&quot;:0,&quot;335559731&quot;:720,&quot;335559739&quot;:160,&quot;335559740&quot;:240}\">\u00a0<\/span><\/p>\n<p><span data-contrast=\"auto\">Agreg\u00f3 que en los \u00faltimos a\u00f1os la <\/span><span data-contrast=\"auto\">FISPA<\/span><span data-contrast=\"auto\"> ha crecido y<\/span><span data-contrast=\"auto\"> ahora ofrece la <\/span><span data-contrast=\"auto\">M<\/span><span data-contrast=\"auto\">aestr\u00eda en <\/span><span data-contrast=\"auto\">D<\/span><span data-contrast=\"auto\">esarrollo <\/span><span data-contrast=\"auto\">A<\/span><span data-contrast=\"auto\">gropecuario y la <\/span><span data-contrast=\"auto\">L<\/span><span data-contrast=\"auto\">icenciatura <\/span><span data-contrast=\"auto\">en<\/span> <span data-contrast=\"auto\">A<\/span><span data-contrast=\"auto\">gronegocios <\/span><span data-contrast=\"auto\">I<\/span><span data-contrast=\"auto\">nternacionales<\/span><span data-contrast=\"auto\">.<\/span><span data-contrast=\"auto\"> \u201c<\/span><span data-contrast=\"auto\">C<\/span><span data-contrast=\"auto\">onscientes de la demanda y necesidad de los productores<\/span><span data-contrast=\"auto\">, no s\u00f3<\/span><span data-contrast=\"auto\">lo de producir m\u00e1s sino darle un valor agregado a lo que <\/span><span data-contrast=\"auto\">se genera<\/span><span data-contrast=\"auto\">,<\/span><span data-contrast=\"auto\"> es que pensamos la <\/span><span data-contrast=\"auto\">pertinencia<\/span><span data-contrast=\"auto\"> de <\/span><span data-contrast=\"auto\">dicha <\/span><span data-contrast=\"auto\">licenciatura que <\/span><span data-contrast=\"auto\">les <\/span><span data-contrast=\"auto\">permitir\u00e1 <\/span><span data-contrast=\"auto\">vender <\/span><span data-contrast=\"auto\">de mejor m<\/span><span data-contrast=\"auto\">anera sus productos.<\/span><span data-ccp-props=\"{&quot;201341983&quot;:0,&quot;335559731&quot;:720,&quot;335559739&quot;:160,&quot;335559740&quot;:240}\">\u00a0<\/span><\/p>\n<p><span data-contrast=\"auto\">\u201c<\/span><span data-contrast=\"auto\">Como U<\/span><span data-contrast=\"auto\">niversidad tenemos un compromiso con el sector ganadero, el cual es un<\/span><span data-contrast=\"auto\">a de las fuentes m\u00e1s importantes <\/span><span data-contrast=\"auto\">y aporta un porcentaje importante para el producto interno bruto\u201d, por lo tanto<\/span><span data-contrast=\"auto\"> es un pilar para la econom\u00eda.<\/span><span data-ccp-props=\"{&quot;201341983&quot;:0,&quot;335559731&quot;:720,&quot;335559739&quot;:160,&quot;335559740&quot;:240}\">\u00a0<\/span><\/p>\n<p><span data-contrast=\"auto\">E<\/span><span data-contrast=\"auto\">s importante mencionar que e<\/span><span data-contrast=\"auto\">l convenio se firm\u00f3 <\/span><span data-contrast=\"auto\">de <\/span><span data-contrast=\"auto\">acuerdo a<\/span> <span data-contrast=\"auto\">los art\u00edculos 2 y 3 de la <\/span><span data-contrast=\"auto\">L<\/span><span data-contrast=\"auto\">ey <\/span><span data-contrast=\"auto\">O<\/span><span data-contrast=\"auto\">rg\u00e1nica en vigor, <\/span><span data-contrast=\"auto\">con fines de conservar, crear y transmitir la cultura en beneficio de la sociedad y con el m\u00e1s a<\/span><span data-contrast=\"auto\">lto nivel de calidad acad\u00e9mica.<\/span><span data-ccp-props=\"{&quot;201341983&quot;:0,&quot;335559731&quot;:720,&quot;335559739&quot;:160,&quot;335559740&quot;:240}\">\u00a0<\/span><\/p>\n","protected":false},"excerpt":{"rendered":"<p>Tiene la finalidad de desarrollar actividades de investigaci\u00f3n, servicio social, pr\u00e1cticas profesionales, ensayos, tesis, difusi\u00f3n de tecnolog\u00edas, capacitaci\u00f3n, cursos, publicidad y actividades en general <\/p>\n","protected":false},"author":1508,"featured_media":95854,"comment_status":"closed","ping_status":"closed","sticky":false,"template":"","format":"standard","meta":[],"categories":[52],"tags":[],"_links":{"self":[{"href":"https:\/\/www.uv.mx\/prensa\/wp-json\/wp\/v2\/posts\/95853"}],"collection":[{"href":"https:\/\/www.uv.mx\/prensa\/wp-json\/wp\/v2\/posts"}],"about":[{"href":"https:\/\/www.uv.mx\/prensa\/wp-json\/wp\/v2\/types\/post"}],"author":[{"embeddable":true,"href":"https:\/\/www.uv.mx\/prensa\/wp-json\/wp\/v2\/users\/1508"}],"replies":[{"embeddable":true,"href":"https:\/\/www.uv.mx\/prensa\/wp-json\/wp\/v2\/comments?post=95853"}],"version-history":[{"count":1,"href":"https:\/\/www.uv.mx\/prensa\/wp-json\/wp\/v2\/posts\/95853\/revisions"}],"predecessor-version":[{"id":95927,"href":"https:\/\/www.uv.mx\/prensa\/wp-json\/wp\/v2\/posts\/95853\/revisions\/95927"}],"wp:featuredmedia":[{"embeddable":true,"href":"https:\/\/www.uv.mx\/prensa\/wp-json\/wp\/v2\/media\/95854"}],"wp:attachment":[{"href":"https:\/\/www.uv.mx\/prensa\/wp-json\/wp\/v2\/media?parent=95853"}],"wp:term":[{"taxonomy":"category","embeddable":true,"href":"https:\/\/www.uv.mx\/prensa\/wp-json\/wp\/v2\/categories?post=95853"},{"taxonomy":"post_tag","embeddable":true,"href":"https:\/\/www.uv.mx\/prensa\/wp-json\/wp\/v2\/tags?post=95853"}],"curies":[{"name":"wp","href":"https:\/\/api.w.org\/{rel}","templated":true}]}}