{"id":95886,"date":"2021-04-20T08:00:46","date_gmt":"2021-04-20T13:00:46","guid":{"rendered":"https:\/\/www.uv.mx\/prensa\/?p=95886"},"modified":"2021-11-08T08:44:59","modified_gmt":"2021-11-08T14:44:59","slug":"filu-virtual-alojara-5to-foro-estudiantil-multicultural","status":"publish","type":"post","link":"https:\/\/www.uv.mx\/prensa\/banner\/filu-virtual-alojara-5to-foro-estudiantil-multicultural\/","title":{"rendered":"FILU Virtual alojar\u00e1 5to Foro Estudiantil Multicultural"},"content":{"rendered":"<p>&nbsp;<\/p>\n<div id=\"attachment_95891\" style=\"width: 865px\" class=\"wp-caption aligncenter\"><a href=\"https:\/\/www.uv.mx\/prensa\/files\/2021\/04\/200421-FEM-FILU.jpg\"><img aria-describedby=\"caption-attachment-95891\" decoding=\"async\" loading=\"lazy\" class=\"size-full wp-image-95891\" src=\"https:\/\/www.uv.mx\/prensa\/files\/2021\/04\/200421-FEM-FILU.jpg\" alt=\"\" width=\"855\" height=\"481\" srcset=\"https:\/\/www.uv.mx\/prensa\/files\/2021\/04\/200421-FEM-FILU.jpg 855w, https:\/\/www.uv.mx\/prensa\/files\/2021\/04\/200421-FEM-FILU-300x169.jpg 300w, https:\/\/www.uv.mx\/prensa\/files\/2021\/04\/200421-FEM-FILU-768x432.jpg 768w\" sizes=\"(max-width: 855px) 100vw, 855px\" \/><\/a><p id=\"caption-attachment-95891\" class=\"wp-caption-text\">Estudiantes universitarios expondr\u00e1n sus experiencias de movilidad en espacios de reflexi\u00f3n y di\u00e1logo<\/p><\/div>\n<p>&nbsp;<\/p>\n<p><b><i><span data-contrast=\"auto\">Alma Espinosa<\/span><\/i><\/b><span data-ccp-props=\"{&quot;201341983&quot;:0,&quot;335559739&quot;:160,&quot;335559740&quot;:240}\">\u00a0<\/span><\/p>\n<p><b><i><span data-contrast=\"auto\">20\/04\/2021, Xalapa, <\/span><\/i><\/b><b><i><span data-contrast=\"auto\">Ver.-<\/span><\/i><\/b> <span data-contrast=\"auto\">Los d\u00edas 21 y 22 de abril se realizar\u00e1<\/span> <span data-contrast=\"auto\">el\u00a0<\/span><span data-contrast=\"auto\">5to<\/span><span data-contrast=\"auto\"> Foro Estudiantil Multicultural <\/span><span data-contrast=\"auto\">\u201c<\/span><span data-contrast=\"auto\">Espacio de di\u00e1logo interdisciplinar: saberes y tradici\u00f3n en el contexto universitario<\/span><span data-contrast=\"auto\">\u201d<\/span><span data-contrast=\"auto\">, en el marco de la Feria Internacional del Libro Universitario<\/span><span data-contrast=\"auto\"> (FILU)<\/span><span data-contrast=\"auto\">Virtual 2021 de la Universidad Veracruzana (UV), con transmisiones en vivo en la p\u00e1gina de <\/span><i><span data-contrast=\"auto\">Facebook<\/span><\/i> <a href=\"https:\/\/www.facebook.com\/FILU.UniversidadVeracruzana\/\"><span data-contrast=\"none\">FILU Virtual<\/span><\/a><span data-contrast=\"none\">.<\/span><span data-ccp-props=\"{&quot;201341983&quot;:0,&quot;335559739&quot;:160,&quot;335559740&quot;:240}\">\u00a0<\/span><\/p>\n<p><span data-contrast=\"auto\">La FILU Virtual recibir\u00e1 a estudiantes universitarios para que expongan sus experiencias de movilidad en espacios de reflexi\u00f3n y di\u00e1logo. Las actividades del <\/span><span data-contrast=\"auto\">f<\/span><span data-contrast=\"auto\">oro, organizado por la Direcci\u00f3n General de Relaciones Internacionales, en conmemoraci\u00f3n de su d\u00e9cimo aniversario, y la Facultad de Derecho de la UV, comenzar\u00e1n el mi\u00e9rcoles 21 de <\/span><span data-contrast=\"auto\">abril a las 17:00 horas con la M<\/span><span data-contrast=\"auto\">esa 1 <\/span><span data-contrast=\"auto\">\u201cDerechos humanos y d<\/span><span data-contrast=\"auto\">erechos ind\u00edgenas. Educaci\u00f3n y ciudadan\u00eda<\/span><span data-contrast=\"auto\">\u201d;<\/span> <span data-contrast=\"auto\">c<\/span><span data-contrast=\"auto\">ontar\u00e1 con la participaci\u00f3n de Jorge Luis L\u00f3pez Juli\u00e1n, Diego Alejandro Higuera Sierra y <\/span><span data-contrast=\"auto\">Yivini<\/span><span data-contrast=\"auto\"> Itzel Rodr\u00edguez. Alejandra Cuevas Ram\u00edrez ser\u00e1 la moderadora.<\/span><span data-ccp-props=\"{&quot;201341983&quot;:0,&quot;335559731&quot;:708,&quot;335559739&quot;:160,&quot;335559740&quot;:240}\">\u00a0<\/span><\/p>\n<p><span data-contrast=\"auto\">A las 19:00 horas<\/span><span data-contrast=\"auto\">,<\/span><span data-contrast=\"auto\"> la <\/span><span data-contrast=\"auto\">M<\/span><span data-contrast=\"auto\">esa 2 tratar\u00e1 el tema <\/span><span data-contrast=\"auto\">\u201c<\/span><span data-contrast=\"auto\">Ecoformaci\u00f3n<\/span><span data-contrast=\"auto\"> y <\/span><span data-contrast=\"auto\">cultura ambiental. Expresiones a<\/span><span data-contrast=\"auto\">rt\u00edsticas con impacto social<\/span><span data-contrast=\"auto\">\u201d<\/span><span data-contrast=\"auto\">. Participar\u00e1n Jessica <\/span><span data-contrast=\"auto\">Lizeth<\/span><span data-contrast=\"auto\"> Soler <\/span><span data-contrast=\"auto\">Bal\u00e1n<\/span><span data-contrast=\"auto\">, Josefina L\u00f3pez Hern\u00e1ndez, Ra\u00fal Enrique Moral Garc\u00eda y Monserrat Hern\u00e1ndez Barrios. Moderar\u00e1 Manuel Alejandro Romero Soto.<\/span><span data-ccp-props=\"{&quot;201341983&quot;:0,&quot;335559731&quot;:708,&quot;335559739&quot;:160,&quot;335559740&quot;:240}\">\u00a0<\/span><\/p>\n<p><span data-contrast=\"auto\">El jueves 22 <\/span><span data-contrast=\"auto\">ser\u00e1<\/span><span data-contrast=\"auto\"> la <\/span><span data-contrast=\"auto\">M<\/span><span data-contrast=\"auto\">esa 3 <\/span><span data-contrast=\"auto\">\u201cDerechos h<\/span><span data-contrast=\"auto\">umanos y <\/span><span data-contrast=\"auto\">d<\/span><span data-contrast=\"auto\">erechos <\/span><span data-contrast=\"auto\">i<\/span><span data-contrast=\"auto\">nd\u00edgenas<\/span><span data-contrast=\"auto\">\u201d<\/span><span data-contrast=\"auto\">. Participar\u00e1n Roxana Cuevas Cruz y Julieta Sara\u00ed Flores Lara. La moderaci\u00f3n estar\u00e1 a cargo de Frida Yolanda Romero Landa.<\/span><span data-ccp-props=\"{&quot;201341983&quot;:0,&quot;335559731&quot;:708,&quot;335559739&quot;:160,&quot;335559740&quot;:240}\">\u00a0<\/span><\/p>\n<p><span data-contrast=\"auto\">El <\/span><span data-contrast=\"auto\">f<\/span><span data-contrast=\"auto\">oro concluir\u00e1 con la <\/span><span data-contrast=\"auto\">M<\/span><span data-contrast=\"auto\">esa 4 <\/span><span data-contrast=\"auto\">\u201c<\/span><span data-contrast=\"auto\">Expresiones <\/span><span data-contrast=\"auto\">a<\/span><span data-contrast=\"auto\">rt\u00edsticas con impacto social. Educaci\u00f3n y ciudadan\u00eda<\/span><span data-contrast=\"auto\">\u201d<\/span><span data-contrast=\"auto\">. Participar\u00e1n Carla <\/span><span data-contrast=\"auto\">Givette<\/span> <span data-contrast=\"auto\">Loeza<\/span> <span data-contrast=\"auto\">Beureth<\/span><span data-contrast=\"auto\"> y Mar\u00eda <\/span><span data-contrast=\"auto\">Fel\u00edcitas<\/span><span data-contrast=\"auto\"> Carde\u00f1a Rodr\u00edguez. Alejandro C\u00f3rdoba Hern\u00e1ndez ser\u00e1 el moderador.<\/span><span data-ccp-props=\"{&quot;201341983&quot;:0,&quot;335559731&quot;:708,&quot;335559739&quot;:160,&quot;335559740&quot;:240}\">\u00a0<\/span><\/p>\n<p><span data-ccp-props=\"{&quot;201341983&quot;:0,&quot;335559739&quot;:160,&quot;335559740&quot;:240}\">\u00a0<\/span><\/p>\n<p><b><span data-contrast=\"auto\">Antecedentes<\/span><\/b><span data-ccp-props=\"{&quot;201341983&quot;:0,&quot;335559739&quot;:160,&quot;335559740&quot;:240}\">\u00a0<\/span><\/p>\n<p><span data-contrast=\"auto\">El Foro Estudiantil Multicultural se cre\u00f3 hace cinco a\u00f1os con la finalidad de propiciar un espacio de an\u00e1lisis, di\u00e1logo e intercambio de conocimientos, que permita enriquecer la experiencia de movilidad nacional e internacional, desde el \u00e1mbito de la investigaci\u00f3n y trascender a la comunidad universitaria y a la sociedad.<\/span><span data-ccp-props=\"{&quot;201341983&quot;:0,&quot;335559739&quot;:160,&quot;335559740&quot;:240}\">\u00a0<\/span><\/p>\n<p><span data-contrast=\"auto\">Adem\u00e1s, fomenta el pensamiento cr\u00edtico, reflexivo y propositivo, con las visiones y perspectivas de los j\u00f3venes universitarios en el contexto internacional. El objetivo central del evento es difundir el trabajo de investigaci\u00f3n acad\u00e9mica de los estudiantes en el contexto interdisciplinar y multicultural, que favorece la experiencia del programa de movilidad estudiantil e incentiva la construcci\u00f3n de la internacionalizaci\u00f3n del <\/span><span data-contrast=\"auto\">curr\u00edcul<\/span><span data-contrast=\"auto\">um<\/span><span data-contrast=\"auto\">.<\/span><span data-ccp-props=\"{&quot;201341983&quot;:0,&quot;335559731&quot;:708,&quot;335559739&quot;:160,&quot;335559740&quot;:240}\">\u00a0<\/span><\/p>\n","protected":false},"excerpt":{"rendered":"<p>Con transmisiones en vivo en la p\u00e1gina de <em>Facebook<\/em> FILU Virtual <\/p>\n","protected":false},"author":1508,"featured_media":95898,"comment_status":"closed","ping_status":"closed","sticky":false,"template":"","format":"standard","meta":[],"categories":[5128,61],"tags":[],"_links":{"self":[{"href":"https:\/\/www.uv.mx\/prensa\/wp-json\/wp\/v2\/posts\/95886"}],"collection":[{"href":"https:\/\/www.uv.mx\/prensa\/wp-json\/wp\/v2\/posts"}],"about":[{"href":"https:\/\/www.uv.mx\/prensa\/wp-json\/wp\/v2\/types\/post"}],"author":[{"embeddable":true,"href":"https:\/\/www.uv.mx\/prensa\/wp-json\/wp\/v2\/users\/1508"}],"replies":[{"embeddable":true,"href":"https:\/\/www.uv.mx\/prensa\/wp-json\/wp\/v2\/comments?post=95886"}],"version-history":[{"count":1,"href":"https:\/\/www.uv.mx\/prensa\/wp-json\/wp\/v2\/posts\/95886\/revisions"}],"predecessor-version":[{"id":95892,"href":"https:\/\/www.uv.mx\/prensa\/wp-json\/wp\/v2\/posts\/95886\/revisions\/95892"}],"wp:featuredmedia":[{"embeddable":true,"href":"https:\/\/www.uv.mx\/prensa\/wp-json\/wp\/v2\/media\/95898"}],"wp:attachment":[{"href":"https:\/\/www.uv.mx\/prensa\/wp-json\/wp\/v2\/media?parent=95886"}],"wp:term":[{"taxonomy":"category","embeddable":true,"href":"https:\/\/www.uv.mx\/prensa\/wp-json\/wp\/v2\/categories?post=95886"},{"taxonomy":"post_tag","embeddable":true,"href":"https:\/\/www.uv.mx\/prensa\/wp-json\/wp\/v2\/tags?post=95886"}],"curies":[{"name":"wp","href":"https:\/\/api.w.org\/{rel}","templated":true}]}}