{"id":95887,"date":"2021-04-19T21:00:26","date_gmt":"2021-04-20T02:00:26","guid":{"rendered":"https:\/\/www.uv.mx\/prensa\/?p=95887"},"modified":"2021-04-20T12:58:14","modified_gmt":"2021-04-20T17:58:14","slug":"continua-el-ii-ciclo-de-conferencias-salud-conciencia","status":"publish","type":"post","link":"https:\/\/www.uv.mx\/prensa\/general\/continua-el-ii-ciclo-de-conferencias-salud-conciencia\/","title":{"rendered":"Contin\u00faa el II Ciclo de Conferencias \u201cSalud ConCiencia\u201d"},"content":{"rendered":"<ul>\n<li data-leveltext=\"\uf0b7\" data-font=\"Symbol\" data-listid=\"7\" data-aria-posinset=\"1\" data-aria-level=\"1\"><i><span data-contrast=\"auto\">Mexicanos calificados en el exterior ofrecer\u00e1n nueve conferencias dirigidas a estudiantes del pro<\/span><\/i><i><span data-contrast=\"auto\">grama educativo Qu\u00edmica Cl\u00ednica<\/span><\/i><i><span data-contrast=\"auto\">\u00a0y egresados de la\u00a0<\/span><\/i><i><span data-contrast=\"auto\">F<\/span><\/i><i><span data-contrast=\"auto\">acultad<\/span><\/i><span data-ccp-props=\"{&quot;134233279&quot;:true,&quot;201341983&quot;:0,&quot;335559739&quot;:200,&quot;335559740&quot;:240}\">\u00a0<\/span><\/li>\n<\/ul>\n<p><span data-ccp-props=\"{&quot;201341983&quot;:0,&quot;335559739&quot;:200,&quot;335559740&quot;:240}\">\u00a0<\/span><\/p>\n<div id=\"attachment_95888\" style=\"width: 732px\" class=\"wp-caption aligncenter\"><a href=\"https:\/\/www.uv.mx\/prensa\/files\/2021\/04\/19042021-Convenio-Bioanalisis-y-Red-Global-1-100k.jpg\"><img aria-describedby=\"caption-attachment-95888\" decoding=\"async\" loading=\"lazy\" class=\"size-full wp-image-95888\" src=\"https:\/\/www.uv.mx\/prensa\/files\/2021\/04\/19042021-Convenio-Bioanalisis-y-Red-Global-1-100k.jpg\" alt=\"Isela Santiago Roque y Sandra Luz Gonz\u00e1lez Herrera, acad\u00e9mica y directora de la Facultad de Bioan\u00e1lisis de la UV \" width=\"722\" height=\"476\" srcset=\"https:\/\/www.uv.mx\/prensa\/files\/2021\/04\/19042021-Convenio-Bioanalisis-y-Red-Global-1-100k.jpg 722w, https:\/\/www.uv.mx\/prensa\/files\/2021\/04\/19042021-Convenio-Bioanalisis-y-Red-Global-1-100k-300x198.jpg 300w\" sizes=\"(max-width: 722px) 100vw, 722px\" \/><\/a><p id=\"caption-attachment-95888\" class=\"wp-caption-text\">Isela Santiago Roque y Sandra Luz Gonz\u00e1lez Herrera, acad\u00e9mica y directora de la Facultad de Bioan\u00e1lisis de la UV<\/p><\/div>\n<p>&nbsp;<\/p>\n<p><b><i><span data-contrast=\"auto\">Jos\u00e9 Luis\u00a0<\/span><\/i><\/b><b><i><span data-contrast=\"auto\">Couttolenc<\/span><\/i><\/b><b><i><span data-contrast=\"auto\">\u00a0<\/span><\/i><\/b><b><i><span data-contrast=\"auto\">Soto<\/span><\/i><\/b><span data-ccp-props=\"{&quot;201341983&quot;:0,&quot;335559739&quot;:200,&quot;335559740&quot;:240}\">\u00a0<\/span><\/p>\n<p><b><i><span data-contrast=\"auto\">19<\/span><\/i><\/b><b><i><span data-contrast=\"auto\">\/04\/2021, Xalapa,\u00a0Ver.-<\/span><\/i><\/b><span data-contrast=\"auto\">\u00a0Un grupo de talentosos mexicanos que residen fuera del pa\u00eds y est\u00e1n vinculados a negocios o sectores que generan un alto valor agregado<\/span><span data-contrast=\"auto\">, contribuyendo\u00a0<\/span><span data-contrast=\"auto\">a la denominada \u201ceconom\u00eda del conocimiento\u201d, ofrecer\u00e1n nueve conferencias a alumnos y egresados de la <a href=\"https:\/\/www.uv.mx\/bioanalisis\/\" target=\"_blank\" rel=\"noopener\">Facultad de\u00a0<\/a><\/span><span data-contrast=\"auto\">Bioan\u00e1lisis<\/span><span data-contrast=\"auto\">\u00a0de\u00a0<\/span><span data-contrast=\"auto\">la Universidad Veracruzana (UV).<\/span><span data-ccp-props=\"{&quot;201341983&quot;:0,&quot;335559739&quot;:200,&quot;335559740&quot;:240}\">\u00a0<\/span><\/p>\n<p><span data-contrast=\"auto\">Lo anterior lo dio a conocer Sandra Luz Gonz\u00e1lez Herrera, directora de la entidad universitaria, quien precis\u00f3 que las charlas forman parte II Ciclo de Co<\/span><span data-contrast=\"auto\">nferencias \u201cSalud\u00a0<\/span><span data-contrast=\"auto\">ConCiencia<\/span><span data-contrast=\"auto\">\u201d, co<\/span><span data-contrast=\"auto\">n base\u00a0<\/span><span data-contrast=\"auto\">en el\u00a0<\/span><span data-contrast=\"auto\">c<\/span><span data-contrast=\"auto\">onvenio de colaboraci\u00f3n que la F<\/span><span data-contrast=\"auto\">acultad tiene suscrito con la Red Global MX, Cap\u00edtulo Espa\u00f1a<\/span><span data-contrast=\"auto\">,<\/span><span data-contrast=\"auto\">\u00a0A.C.<\/span><span data-ccp-props=\"{&quot;201341983&quot;:0,&quot;335559739&quot;:200,&quot;335559740&quot;:240}\">\u00a0<\/span><\/p>\n<p><span data-contrast=\"auto\">Destac\u00f3 que para la firma del convenio fue importante la\u00a0<\/span><span data-contrast=\"auto\">intervenc<\/span><span data-contrast=\"auto\">i\u00f3n de la vicepresidenta de la r<\/span><span data-contrast=\"auto\">ed, Adela Leonor Rend\u00f3n Ram\u00edrez,<\/span><span data-contrast=\"auto\">\u00a0<\/span><span data-contrast=\"auto\">xalape\u00f1a<\/span><span data-contrast=\"auto\">\u00a0<\/span><span data-contrast=\"auto\">egresada<\/span><span data-contrast=\"auto\">\u00a0<\/span><span data-contrast=\"auto\">de\u00a0<\/span><span data-contrast=\"auto\">la UV,<\/span><span data-contrast=\"auto\">\u00a0<\/span><span data-contrast=\"auto\">doctora<\/span><span data-contrast=\"auto\">\u00a0en Bioqu\u00edmica<\/span><span data-contrast=\"auto\">\u00a0y<\/span><span data-contrast=\"auto\">\u00a0<\/span><span data-contrast=\"auto\">con\u00a0<\/span><span data-contrast=\"auto\">posdoctorados en Biof\u00edsic<\/span><span data-contrast=\"auto\">a de\u00a0<\/span><span data-contrast=\"auto\">M<\/span><span data-contrast=\"auto\">embranas<\/span><span data-contrast=\"auto\">\u00a0y en Crista<\/span><span data-contrast=\"auto\">lograf\u00eda de Prote\u00ednas,\u00a0<\/span><span data-contrast=\"auto\">ambos\u00a0<\/span><span data-contrast=\"auto\">por<\/span><span data-contrast=\"auto\">\u00a0la Unidad de Biof\u00edsica de la Universidad del Pa\u00eds Vasco\/<\/span><span data-contrast=\"auto\">Euskal<\/span><span data-contrast=\"auto\">\u00a0<\/span><span data-contrast=\"auto\">Herriko<\/span><span data-contrast=\"auto\">\u00a0<\/span><span data-contrast=\"auto\">Univertsitatea<\/span><span data-contrast=\"auto\">;<\/span><span data-contrast=\"auto\">\u00a0<\/span><span data-contrast=\"auto\">desde hace<\/span><span data-contrast=\"auto\">\u00a0m\u00e1s de 12 a\u00f1os\u00a0<\/span><span data-contrast=\"auto\">radica<\/span><span data-contrast=\"auto\">\u00a0en Espa\u00f1a, donde es investigadora-docente y directora del Diplo<\/span><span data-contrast=\"auto\">mado de Perito Qu\u00edmico Forense.<\/span><\/p>\n<div id=\"attachment_95889\" style=\"width: 310px\" class=\"wp-caption aligncenter\"><a href=\"https:\/\/www.uv.mx\/prensa\/files\/2021\/04\/19042021-Convenio-Bioanalisis-y-Red-Global-2-100k.jpg\"><img aria-describedby=\"caption-attachment-95889\" decoding=\"async\" loading=\"lazy\" class=\"size-full wp-image-95889\" src=\"https:\/\/www.uv.mx\/prensa\/files\/2021\/04\/19042021-Convenio-Bioanalisis-y-Red-Global-2-100k.jpg\" alt=\"Adela Leonor Rend\u00f3n Ram\u00edrez, egresada de la Facultad de Bioan\u00e1lisis y vicepresidenta de la Red Global MX, Cap\u00edtulo Espa\u00f1a, A.C. \" width=\"300\" height=\"300\" srcset=\"https:\/\/www.uv.mx\/prensa\/files\/2021\/04\/19042021-Convenio-Bioanalisis-y-Red-Global-2-100k.jpg 300w, https:\/\/www.uv.mx\/prensa\/files\/2021\/04\/19042021-Convenio-Bioanalisis-y-Red-Global-2-100k-150x150.jpg 150w, https:\/\/www.uv.mx\/prensa\/files\/2021\/04\/19042021-Convenio-Bioanalisis-y-Red-Global-2-100k-120x120.jpg 120w\" sizes=\"(max-width: 300px) 100vw, 300px\" \/><\/a><p id=\"caption-attachment-95889\" class=\"wp-caption-text\">Adela Leonor Rend\u00f3n Ram\u00edrez, egresada de la Facultad de Bioan\u00e1lisis y vicepresidenta de la Red Global MX, Cap\u00edtulo Espa\u00f1a, A.C.<\/p><\/div>\n<p><span data-contrast=\"auto\">Isela Santiago Roque, coor<\/span><span data-contrast=\"auto\">dinadora<\/span><span data-contrast=\"auto\">\u00a0de las actividades, dijo que de las nueve conferencias dos ya se impartieron (en marzo y abril), y las faltantes son: 13 de mayo \u201cEmpoderamiento femenino\u201d, a cargo de Edgar\u00a0<\/span><span data-contrast=\"auto\">Mandujano Tenorio; 19 de junio \u201c<\/span><span data-contrast=\"auto\">Humanizaci\u00f3n de la salud en tiempos de pandemia\u201d, por Ram\u00f3n Ortega;<\/span><span data-contrast=\"auto\">\u00a014 de julio \u201cEl uso de las estad\u00edsticas en gen\u00e9tica forense\u201d<\/span><span data-contrast=\"auto\">,<\/span><span data-contrast=\"auto\">\u00a0de Daniel de la Barrera; 20 de agosto \u201cPlaquetas coagulaci\u00f3n en trastornos hereditarios\u201d, por Fabiola del Carpio Cano;\u00a0<\/span><span data-contrast=\"none\">24 de septiembre \u201cAntioxidantes<\/span><span data-contrast=\"none\">,<\/span><span data-contrast=\"none\">\u00a0\u00bfh\u00e9roe<\/span><span data-contrast=\"none\">s o villanos?\u201d, a cargo de\u00a0<\/span><span data-contrast=\"none\">Adela Rend\u00f3n;<\/span><span data-contrast=\"none\">15 de octubre \u201cImportancia del qu\u00edmico en laboratorio de hematolog\u00eda, el diagn\u00f3sti<\/span><span data-contrast=\"none\">co cl\u00ednico\u201d, por\u00a0<\/span><span data-contrast=\"none\">Liliana Ch\u00e1vez<\/span><span data-contrast=\"none\">\u00a0<\/span><span data-contrast=\"none\">Andrade<\/span><span data-contrast=\"none\">;<\/span><span data-contrast=\"none\">\u00a0<\/span><span data-contrast=\"none\">y\u00a0<\/span><span data-contrast=\"none\">13 de noviembre<\/span><span data-contrast=\"none\">\u00a0<\/span><span data-contrast=\"none\">\u201cVivo hasta la muerte. Reflexiones sobre cuidados paliativos\u201d<\/span><span data-contrast=\"none\">,<\/span><span data-contrast=\"none\">\u00a0por Julieta Lomel\u00ed.<\/span><span data-ccp-props=\"{&quot;201341983&quot;:0,&quot;335559739&quot;:200,&quot;335559740&quot;:240}\">\u00a0<\/span><\/p>\n<p><span data-contrast=\"none\">Las conferencias<\/span><span data-contrast=\"none\">, organizadas por el cuerpo acad\u00e9mico\u00a0<\/span><span data-contrast=\"none\">(CA)<\/span><span data-contrast=\"none\">\u00a0Formaci\u00f3n de Recursos Humanos en Qu\u00edmica para la Salud,<\/span><span data-contrast=\"none\">\u00a0se pueden seguir, sin costo, a partir de las 14:00 horas por\u00a0<\/span><a href=\"https:\/\/uveracruzana.zoom.us\/j\/83965660875?pwd=ROVEV2dZaVJDRnlwc3FaT3JwSmYyUT09\"><span data-contrast=\"none\">https:\/\/uveracruzana.zoom.us\/j\/83965660875?pwd=ROVEV2dZaVJDRnlwc3Fa<\/span><span data-contrast=\"none\">T<\/span><span data-contrast=\"none\">3JwSmYyUT09<\/span><\/a><span data-contrast=\"auto\">.<\/span><span data-ccp-props=\"{&quot;201341983&quot;:0,&quot;335559739&quot;:200,&quot;335559740&quot;:240}\">\u00a0<\/span><\/p>\n<p><span data-contrast=\"none\">En otra actividad,<\/span><span data-contrast=\"none\">\u00a0se<\/span><span data-contrast=\"none\">\u00a0lleva a cabo tambi\u00e9n el 1er Ciclo de conferencias para egresados de Qu\u00edmica Cl\u00ednica, con el prop\u00f3sito de conocer su quehacer en el campo pr<\/span><span data-contrast=\"none\">ofesional en que se desempe\u00f1an.<\/span><span data-ccp-props=\"{&quot;201341983&quot;:0,&quot;335559739&quot;:200,&quot;335559740&quot;:240}\">\u00a0<\/span><\/p>\n<p><span data-contrast=\"none\">El 30 de abril a las 16<\/span><span data-contrast=\"none\">:00<\/span><span data-contrast=\"none\">\u00a0horas, Adela Rend\u00f3n hablar\u00e1 sobre\u00a0<\/span><span data-contrast=\"none\">d<\/span><span data-contrast=\"none\">ivulgaci\u00f3n cient\u00edfica; el 28 de mayo, Lilia Ch\u00e1vez disertar\u00e1 sobre\u00a0<\/span><span data-contrast=\"none\">c<\/span><span data-contrast=\"none\">alidad y seguridad del laboratorio\u00a0<\/span><span data-contrast=\"none\">trabajando con Covid-19; el 25 de junio, Victoria Santiago Cano abordar\u00e1 el papel del qu\u00edmico cl\u00ednico en el laboratorio de\u00a0<\/span><span data-contrast=\"none\">c<\/span><span data-contrast=\"none\">itogen\u00e9tica; el\u00a0<\/span><span data-contrast=\"none\">5<\/span><span data-contrast=\"none\">\u00a0de julio, Ver\u00f3nica Fer<\/span><span data-contrast=\"none\">n\u00e1ndez S\u00e1nchez disertar\u00e1 sobre c<\/span><span data-contrast=\"none\">\u00e9lulas troncales\u00a0<\/span><span data-contrast=\"none\">mesenquimales<\/span><span data-contrast=\"none\">\u00a0y su uso en pacientes con a<\/span><span data-contrast=\"none\">fecciones pulmonares por\u00a0<\/span><span data-contrast=\"none\">Covid<\/span><span data-contrast=\"none\">.<\/span><span data-ccp-props=\"{&quot;201341983&quot;:0,&quot;335559739&quot;:200,&quot;335559740&quot;:240}\">\u00a0<\/span><\/p>\n<p><span data-contrast=\"none\">Las tres \u00faltimas confe<\/span><span data-contrast=\"none\">rencias ser\u00e1n a las 18:00 horas, y se pueden seguir a trav\u00e9s del<\/span><span data-contrast=\"none\">\u00a0enlace\u00a0<\/span><span data-contrast=\"none\">mencionado.<\/span><span data-ccp-props=\"{&quot;201341983&quot;:0,&quot;335559731&quot;:708,&quot;335559739&quot;:200,&quot;335559740&quot;:240}\">\u00a0<\/span><\/p>\n","protected":false},"excerpt":{"rendered":"<p>Un grupo de talentosos mexicanos residentes en el exterior ofrecer\u00e1n charlas a alumnos y egresados de la Facultad de Bioan\u00e1lisis <\/p>\n","protected":false},"author":1775,"featured_media":95755,"comment_status":"closed","ping_status":"closed","sticky":false,"template":"","format":"standard","meta":[],"categories":[1],"tags":[2039,366,2421,2419,670,280,2418,2420,2417],"_links":{"self":[{"href":"https:\/\/www.uv.mx\/prensa\/wp-json\/wp\/v2\/posts\/95887"}],"collection":[{"href":"https:\/\/www.uv.mx\/prensa\/wp-json\/wp\/v2\/posts"}],"about":[{"href":"https:\/\/www.uv.mx\/prensa\/wp-json\/wp\/v2\/types\/post"}],"author":[{"embeddable":true,"href":"https:\/\/www.uv.mx\/prensa\/wp-json\/wp\/v2\/users\/1775"}],"replies":[{"embeddable":true,"href":"https:\/\/www.uv.mx\/prensa\/wp-json\/wp\/v2\/comments?post=95887"}],"version-history":[{"count":1,"href":"https:\/\/www.uv.mx\/prensa\/wp-json\/wp\/v2\/posts\/95887\/revisions"}],"predecessor-version":[{"id":95920,"href":"https:\/\/www.uv.mx\/prensa\/wp-json\/wp\/v2\/posts\/95887\/revisions\/95920"}],"wp:featuredmedia":[{"embeddable":true,"href":"https:\/\/www.uv.mx\/prensa\/wp-json\/wp\/v2\/media\/95755"}],"wp:attachment":[{"href":"https:\/\/www.uv.mx\/prensa\/wp-json\/wp\/v2\/media?parent=95887"}],"wp:term":[{"taxonomy":"category","embeddable":true,"href":"https:\/\/www.uv.mx\/prensa\/wp-json\/wp\/v2\/categories?post=95887"},{"taxonomy":"post_tag","embeddable":true,"href":"https:\/\/www.uv.mx\/prensa\/wp-json\/wp\/v2\/tags?post=95887"}],"curies":[{"name":"wp","href":"https:\/\/api.w.org\/{rel}","templated":true}]}}