{"id":95901,"date":"2021-04-20T09:21:13","date_gmt":"2021-04-20T14:21:13","guid":{"rendered":"https:\/\/www.uv.mx\/prensa\/?p=95901"},"modified":"2021-04-20T12:34:34","modified_gmt":"2021-04-20T17:34:34","slug":"lizette-figueroa-vazquez-rindio-protesta-como-directora-psicologia","status":"publish","type":"post","link":"https:\/\/www.uv.mx\/prensa\/general\/lizette-figueroa-vazquez-rindio-protesta-como-directora-psicologia\/","title":{"rendered":"Lizette Figueroa V\u00e1zquez rindi\u00f3 protesta como directora de Psicolog\u00eda"},"content":{"rendered":"<ul>\n<li data-leveltext=\"\uf0b7\" data-font=\"Symbol\" data-listid=\"1\" data-aria-posinset=\"1\" data-aria-level=\"1\"><i><span data-contrast=\"auto\">Lo hizo el<\/span><\/i><i><span data-contrast=\"auto\">\u00a0lunes 19 de abril ante\u00a0<\/span><\/i><i><span data-contrast=\"auto\">Pedro Guti\u00e9rrez Aguilar<\/span><\/i><i><span data-contrast=\"auto\">,<\/span><\/i><i><span data-contrast=\"auto\">\u00a0<\/span><\/i><i><span data-contrast=\"auto\">director\u00a0<\/span><\/i><i><span data-contrast=\"auto\">general\u00a0<\/span><\/i><i><span data-contrast=\"auto\">del \u00c1rea Aca<\/span><\/i><i><span data-contrast=\"auto\">d\u00e9mica de Ciencias de la Salud<\/span><\/i><span data-ccp-props=\"{&quot;134233279&quot;:true,&quot;201341983&quot;:0,&quot;335559739&quot;:160,&quot;335559740&quot;:240}\">\u00a0<\/span><\/li>\n<li data-leveltext=\"\uf0b7\" data-font=\"Symbol\" data-listid=\"1\" data-aria-posinset=\"2\" data-aria-level=\"1\"><i><span data-contrast=\"auto\">\u201cEl desaf\u00edo es ser una\u00a0<\/span><\/i><i><span data-contrast=\"auto\">F<\/span><\/i><i><span data-contrast=\"auto\">acultad de excelencia internacional que forme profesionales competentes y competitivos\u201d<\/span><\/i><i><span data-contrast=\"auto\">,\u00a0<\/span><\/i><i><span data-contrast=\"auto\">e<\/span><\/i><i><span data-contrast=\"auto\">xpres\u00f3 la funcionaria al asumir el cargo<\/span><\/i><span data-ccp-props=\"{&quot;134233279&quot;:true,&quot;201341983&quot;:0,&quot;335559739&quot;:160,&quot;335559740&quot;:240}\">\u00a0<\/span><\/li>\n<\/ul>\n<p><span data-ccp-props=\"{&quot;201341983&quot;:0,&quot;335559739&quot;:160,&quot;335559740&quot;:240}\">\u00a0<\/span><\/p>\n<div id=\"attachment_95902\" style=\"width: 732px\" class=\"wp-caption aligncenter\"><a href=\"https:\/\/www.uv.mx\/prensa\/files\/2021\/04\/190421-NOMBRAMIENTO-PSICOLOGIA-1-100k.jpg\"><img aria-describedby=\"caption-attachment-95902\" decoding=\"async\" loading=\"lazy\" class=\"size-full wp-image-95902\" src=\"https:\/\/www.uv.mx\/prensa\/files\/2021\/04\/190421-NOMBRAMIENTO-PSICOLOGIA-1-100k.jpg\" alt=\"Lizette Teresa Figueroa V\u00e1zquez fue designada nueva directora de la Facultad de Psicolog\u00eda \" width=\"722\" height=\"482\" srcset=\"https:\/\/www.uv.mx\/prensa\/files\/2021\/04\/190421-NOMBRAMIENTO-PSICOLOGIA-1-100k.jpg 722w, https:\/\/www.uv.mx\/prensa\/files\/2021\/04\/190421-NOMBRAMIENTO-PSICOLOGIA-1-100k-300x200.jpg 300w\" sizes=\"(max-width: 722px) 100vw, 722px\" \/><\/a><p id=\"caption-attachment-95902\" class=\"wp-caption-text\">Lizette Teresa Figueroa V\u00e1zquez fue designada nueva directora de la Facultad de Psicolog\u00eda<\/p><\/div>\n<p>&nbsp;<\/p>\n<p><b><i><span data-contrast=\"auto\">Claudia Peralta V\u00e1zquez<\/span><\/i><\/b><span data-ccp-props=\"{&quot;201341983&quot;:0,&quot;335559739&quot;:160,&quot;335559740&quot;:240}\">\u00a0<\/span><\/p>\n<p><b><i><span data-contrast=\"auto\">20\/04\/2021, Xalapa,\u00a0Ver.-\u00a0<\/span><\/i><\/b><span data-contrast=\"auto\">Lizette Teresa Figueroa V\u00e1zquez fue nombrada directora de la<a href=\"https:\/\/www.uv.mx\/psicologia\/\" target=\"_blank\" rel=\"noopener\"> Facultad de Psicolog\u00eda<\/a> de la Universidad Veracruzana (UV), regi\u00f3n Xalapa, en sustituci\u00f3n de Juan\u00a0Grapain\u00a0Contreras, quien cumpli\u00f3 con su periodo al frente de esa entidad acad\u00e9mica.<\/span><span data-ccp-props=\"{&quot;201341983&quot;:0,&quot;335559739&quot;:160,&quot;335559740&quot;:240}\">\u00a0<\/span><\/p>\n<p><span data-contrast=\"auto\">El lunes 19 de abril, a<\/span><span data-contrast=\"auto\">\u00a0nombre de la rectora Sara Ladr\u00f3n de Guevara,\u00a0<\/span><span data-contrast=\"auto\">el director general del \u00c1rea Acad\u00e9mica de Ciencias de la Salud, Pedro Guti\u00e9rrez Aguilar, otorg\u00f3 el nombramiento y tom\u00f3 protesta a la nueva funcionaria, quien se desempe\u00f1ar\u00e1 en este cargo durante el periodo 2021-2025.<\/span><span data-ccp-props=\"{&quot;201341983&quot;:0,&quot;335559731&quot;:708,&quot;335559739&quot;:160,&quot;335559740&quot;:240}\">\u00a0<\/span><\/p>\n<p><span data-contrast=\"auto\">En el acto efectuado en la\u00a0<\/span><span data-contrast=\"auto\">Sala de Juntas \u201cJenny Beltr\u00e1n Casanova\u201d de la Rector\u00eda,<\/span><span data-contrast=\"auto\">\u00a0y transmitido por\u00a0<\/span><i><span data-contrast=\"auto\">Zoom<\/span><\/i><span data-contrast=\"auto\">\u00a0al resto de la comunidad universitaria, Guti\u00e9rrez Aguilar\u00a0<\/span><span data-contrast=\"auto\">reconoci\u00f3 la labor del director saliente<\/span><span data-contrast=\"auto\">,<\/span><span data-contrast=\"auto\">\u00a0quien siempre colabor\u00f3 en apego a la legislaci\u00f3n universitaria.<\/span><span data-ccp-props=\"{&quot;201341983&quot;:0,&quot;335559731&quot;:708,&quot;335559739&quot;:160,&quot;335559740&quot;:240}\">\u00a0<\/span><\/p>\n<p><span data-contrast=\"auto\">Subray\u00f3 que dicha designaci\u00f3n se otorga con fu<\/span><span data-contrast=\"auto\">ndamento en lo dispuesto en el A<\/span><span data-contrast=\"auto\">rt\u00edculo 38,\u00a0<\/span><span data-contrast=\"auto\">F<\/span><span data-contrast=\"auto\">racci\u00f3n 11 de la Ley Org\u00e1nica en vigor de esta casa de estudios. Acto seguido, tambi\u00e9n le\u00a0<\/span><span data-contrast=\"auto\">entreg\u00f3<\/span><span data-contrast=\"auto\">\u00a0el C\u00f3digo de \u00c9tica aprobado por el Consejo Universitario General, en la sesi\u00f3n del 14 de diciembre de 2016.<\/span><span data-ccp-props=\"{&quot;201341983&quot;:0,&quot;335559731&quot;:708,&quot;335559739&quot;:160,&quot;335559740&quot;:240}\">\u00a0<\/span><\/p>\n<p><span data-contrast=\"auto\">Al dar lectura a su carta compromiso,\u00a0<\/span><span data-contrast=\"auto\">Lizette<\/span><span data-contrast=\"auto\">\u00a0Teresa Figueroa<\/span><span data-contrast=\"auto\">\u00a0asumi\u00f3 esta responsabilidad<\/span><span data-contrast=\"auto\">\u00a0en cumplimiento a la normatividad universitaria y en el marco de las funciones que le confieren, mismas que ejercer\u00e1 con eficiencia y calidad<\/span><span data-contrast=\"auto\">.<\/span><span data-ccp-props=\"{&quot;201341983&quot;:0,&quot;335559731&quot;:708,&quot;335559739&quot;:160,&quot;335559740&quot;:240}\">\u00a0<\/span><\/p>\n<p><span data-contrast=\"auto\">Manifest\u00f3 que el reto que hoy encabeza es grande, pero asegur\u00f3 que cada integrante de la comunidad aportar\u00e1 lo conducente para lograr una\u00a0<\/span><span data-contrast=\"auto\">F<\/span><span data-contrast=\"auto\">acultad incluyente y competitiva en todos los niveles.<\/span><span data-ccp-props=\"{&quot;201341983&quot;:0,&quot;335559731&quot;:708,&quot;335559739&quot;:160,&quot;335559740&quot;:240}\">\u00a0<\/span><\/p>\n<p><span data-contrast=\"auto\">En su discurso, expres\u00f3 que entre las acciones a ejercer est\u00e1 el mantener una rendici\u00f3n de cuentas puntual y transparente, y la seguridad laboral en beneficio de los trabajadores<\/span><span data-contrast=\"auto\">.<\/span><span data-ccp-props=\"{&quot;201341983&quot;:0,&quot;335559731&quot;:708,&quot;335559739&quot;:160,&quot;335559740&quot;:240}\">\u00a0<\/span><\/p>\n<p><span data-contrast=\"auto\">\u00a0<\/span> <span data-contrast=\"auto\">Propuso un espacio de desarrollo personal y profesional para que l<\/span><span data-contrast=\"auto\">os estudiantes se sientan acompa\u00f1ados y en confianza<\/span><span data-contrast=\"auto\">\u00a0durante<\/span><span data-contrast=\"auto\">\u00a0su formaci\u00f3n<\/span><span data-contrast=\"auto\">.<\/span><span data-ccp-props=\"{&quot;201341983&quot;:0,&quot;335559739&quot;:160,&quot;335559740&quot;:240}\">\u00a0<\/span><\/p>\n<p><span data-contrast=\"auto\">\u201cMantengo el apego a la reglamentaci\u00f3n universitaria como un compromiso que cualquier directivo debe sostener, creemos que hace falta la sensibilidad humana y el di\u00e1logo franco que permita crear condiciones de respeto mutuo en un amb<\/span><span data-contrast=\"auto\">iente colaborativo de trabajo.\u201d<\/span><span data-ccp-props=\"{&quot;201341983&quot;:0,&quot;335559731&quot;:708,&quot;335559739&quot;:160,&quot;335559740&quot;:240}\">\u00a0<\/span><\/p>\n<p><span data-contrast=\"auto\">Dijo adem\u00e1s que\u00a0<\/span><span data-contrast=\"auto\">promover\u00e1 la\u00a0<\/span><span data-contrast=\"auto\">re<\/span><span data-contrast=\"auto\">acreditaci\u00f3n<\/span><span data-contrast=\"auto\">\u00a0del programa educativo\u00a0<\/span><span data-contrast=\"auto\">para elevar su calidad,\u00a0<\/span><span data-contrast=\"auto\">lo cual debe ser una tarea com\u00fan<\/span><span data-contrast=\"auto\">\u00a0en un momento complejo como\u00a0<\/span><span data-contrast=\"auto\">esta\u00a0<\/span><span data-contrast=\"auto\">pandemia<\/span><span data-contrast=\"auto\">, pues se requiere\u00a0<\/span><span data-contrast=\"auto\">hacer ajustes ante los<\/span><span data-contrast=\"auto\">\u00a0cambios generados en torno al aprendizaje en l\u00ednea.<\/span><span data-ccp-props=\"{&quot;201341983&quot;:0,&quot;335559739&quot;:160,&quot;335559740&quot;:240}\">\u00a0<\/span><\/p>\n<p><span data-contrast=\"auto\">Asimismo, se\u00a0<\/span><span data-contrast=\"auto\">necesitan<\/span><span data-contrast=\"auto\">\u00a0de nuevas herramientas, estrategias de ense\u00f1anza y aprendizaje que permitan garantizar la excelencia de los docentes, estudiantes, egresados y de toda la comunidad, de cara a nuevas problem\u00e1ticas sociales que ya comienzan a manifestarse<\/span><span data-contrast=\"auto\">, dijo.<\/span><span data-ccp-props=\"{&quot;201341983&quot;:0,&quot;335559731&quot;:708,&quot;335559739&quot;:160,&quot;335559740&quot;:240}\">\u00a0<\/span><\/p>\n<p><span data-contrast=\"auto\">La funcionaria<\/span><span data-contrast=\"auto\">\u00a0se pronunci\u00f3 por modificar algunos aspectos y desde la investigaci\u00f3n articulada con los estudiantes se conduzca a identificar esas problem\u00e1ticas que los egresados enfrentar\u00e1n en la nueva realidad, proponiendo estrategias de intervenci\u00f3n innovadoras.<\/span><span data-ccp-props=\"{&quot;201341983&quot;:0,&quot;335559731&quot;:708,&quot;335559739&quot;:160,&quot;335559740&quot;:240}\">\u00a0<\/span><\/p>\n<p><span data-contrast=\"auto\">\u201cNuestra F<\/span><span data-contrast=\"auto\">acultad ha sido ejemplo en varios momentos hist\u00f3ricos e innovadora en varias \u00e1reas, el desaf\u00edo ahora es ser una instituci\u00f3n de excelencia internacional que forme profesionales de la psicolo<\/span><span data-contrast=\"auto\">g\u00eda competentes y competitivos.\u201d<\/span><\/p>\n<div id=\"attachment_95903\" style=\"width: 732px\" class=\"wp-caption aligncenter\"><a href=\"https:\/\/www.uv.mx\/prensa\/files\/2021\/04\/190421-NOMBRAMIENTO-PSICOLOGIA-2-100k.jpg\"><img aria-describedby=\"caption-attachment-95903\" decoding=\"async\" loading=\"lazy\" class=\"size-full wp-image-95903\" src=\"https:\/\/www.uv.mx\/prensa\/files\/2021\/04\/190421-NOMBRAMIENTO-PSICOLOGIA-2-100k.jpg\" alt=\"Pedro Guti\u00e9rrez Aguilar tom\u00f3 protesta a la funcionaria \" width=\"722\" height=\"482\" srcset=\"https:\/\/www.uv.mx\/prensa\/files\/2021\/04\/190421-NOMBRAMIENTO-PSICOLOGIA-2-100k.jpg 722w, https:\/\/www.uv.mx\/prensa\/files\/2021\/04\/190421-NOMBRAMIENTO-PSICOLOGIA-2-100k-300x200.jpg 300w\" sizes=\"(max-width: 722px) 100vw, 722px\" \/><\/a><p id=\"caption-attachment-95903\" class=\"wp-caption-text\">Pedro Guti\u00e9rrez Aguilar tom\u00f3 protesta a la funcionaria<\/p><\/div>\n<p><span data-contrast=\"auto\">Dio a conocer que actualmente la Facultad de Psicolog\u00eda cuenta con una plantilla de 45 profesores, y una\u00a0<\/span><span data-contrast=\"auto\">matr\u00edcula<\/span><span data-contrast=\"auto\">\u00a0de 669 alumnos<\/span><span data-contrast=\"auto\">. Lament\u00f3 que\u00a0<\/span><span data-contrast=\"auto\">durante esta contingencia ha habido deserciones, lo cual e<\/span><span data-contrast=\"auto\">s otro de los retos que se debe<\/span><span data-contrast=\"auto\">\u00a0enfrentar.<\/span><span data-ccp-props=\"{&quot;201341983&quot;:0,&quot;335559731&quot;:708,&quot;335559739&quot;:160,&quot;335559740&quot;:240}\">\u00a0<\/span><\/p>\n<p><span data-contrast=\"auto\">Destac\u00f3 la creaci\u00f3n de la Maestr\u00eda en Salud, Arte y Comunidad, en 2016, y del Doctorado en Investigaci\u00f3n Psicol\u00f3gica en Educaci\u00f3n Inclusiva, as\u00ed como de toda una infraestructura que incluye laboratorios, aulas<\/span><span data-contrast=\"auto\">\u00a0y<\/span><span data-contrast=\"auto\">\u00a0equipos<\/span><span data-contrast=\"auto\">, por citar algunos.<\/span><span data-ccp-props=\"{&quot;201341983&quot;:0,&quot;335559731&quot;:708,&quot;335559739&quot;:160,&quot;335559740&quot;:240}\">\u00a0<\/span><\/p>\n<p><span data-contrast=\"auto\">Entre ellos, el Laboratorio de Interacci\u00f3n Social, y el\u00a0<\/span><span data-contrast=\"auto\">Multicentro<\/span><span data-contrast=\"auto\">\u00a0de Integraci\u00f3n de las Tecnolog\u00edas, Informaci\u00f3n y Comunicaci\u00f3n.<\/span><span data-ccp-props=\"{&quot;201341983&quot;:0,&quot;335559731&quot;:708,&quot;335559739&quot;:160,&quot;335559740&quot;:240}\">\u00a0<\/span><\/p>\n<p><span data-contrast=\"auto\">Expuso que la<\/span><span data-contrast=\"auto\">\u00a0Facultad de Psicolog\u00eda surgi\u00f3 como\u00a0<\/span><span data-contrast=\"auto\">D<\/span><span data-contrast=\"auto\">epartamento de Psicolog\u00eda en 1963, a iniciativa de unos j\u00f3venes profesionistas\u00a0<\/span><span data-contrast=\"auto\">organizados al interior de la<\/span><span data-contrast=\"auto\">\u00a0Facultad de Filosof\u00eda,\u00a0<\/span><span data-contrast=\"auto\">Letras y Ciencias<\/span><span data-contrast=\"auto\">.<\/span><span data-contrast=\"auto\">\u00a0Dos a\u00f1os despu\u00e9s se convirti\u00f3 en escuela de Psicolog\u00eda, y hasta 1972 adquiri\u00f3 el nivel de\u00a0<\/span><span data-contrast=\"auto\">F<\/span><span data-contrast=\"auto\">acultad.<\/span><span data-ccp-props=\"{&quot;201341983&quot;:0,&quot;335559731&quot;:708,&quot;335559739&quot;:160,&quot;335559740&quot;:240}\">\u00a0<\/span><\/p>\n<p><span data-contrast=\"auto\">De 1966 a 1976, el enfoque conductual predomin\u00f3 en los planos de estudio y posicion\u00f3 a esta instituci\u00f3n como una de las mejores<\/span><span data-contrast=\"auto\">\u00a0d<\/span><span data-contrast=\"auto\">el pa\u00eds<\/span><span data-contrast=\"auto\">\u00a0y de\u00a0<\/span><span data-contrast=\"auto\">Latinoam\u00e9rica.<\/span><span data-ccp-props=\"{&quot;201341983&quot;:0,&quot;335559731&quot;:708,&quot;335559739&quot;:160,&quot;335559740&quot;:240}\">\u00a0<\/span><\/p>\n<p><span data-contrast=\"auto\">En l<\/span><span data-contrast=\"auto\">a d\u00e9cada de los<\/span><span data-contrast=\"auto\">\u00a0ochenta se reorganiz\u00f3 en varias \u00e1reas: cl\u00ednica, social, educativa, industrial y experimental; y se incorporaron otros enfoques, entre los que destacan: el\u00a0<\/span><span data-contrast=\"auto\">p<\/span><span data-contrast=\"auto\">sicoan\u00e1lisis,\u00a0<\/span><span data-contrast=\"auto\">c<\/span><span data-contrast=\"auto\">ognoscitivismo<\/span><span data-contrast=\"auto\">\u00a0y\u00a0<\/span><span data-contrast=\"auto\">h<\/span><span data-contrast=\"auto\">umanismo.<\/span><span data-ccp-props=\"{&quot;201341983&quot;:0,&quot;335559731&quot;:708,&quot;335559739&quot;:160,&quot;335559740&quot;:240}\">\u00a0<\/span><\/p>\n<p><span data-contrast=\"auto\">En 1999 fue punta de lanza al tomar iniciativa en la implementaci\u00f3n del nuevo Modelo Educativo Integral y Flexible\u00a0<\/span><span data-contrast=\"auto\">y\u00a0<\/span><span data-contrast=\"auto\">centrar la educaci\u00f3n de los futuros psic\u00f3logos en formaci\u00f3n de competencias profesionales en tres ejes fundamentales: te\u00f3ricos, heur\u00edsticos y axiol\u00f3gicos.<\/span><span data-ccp-props=\"{&quot;201341983&quot;:0,&quot;335559731&quot;:708,&quot;335559739&quot;:160,&quot;335559740&quot;:240}\">\u00a0<\/span><\/p>\n<p><span data-contrast=\"auto\">Por su parte, Juan\u00a0<\/span><span data-contrast=\"auto\">Grapain<\/span><span data-contrast=\"auto\">\u00a0agradeci\u00f3 el apoyo de la comunidad universitaria<\/span><span data-contrast=\"auto\">\u00a0de esta F<\/span><span data-contrast=\"auto\">acultad<\/span><span data-contrast=\"auto\">\u00a0<\/span><span data-contrast=\"auto\">y resalt\u00f3 los logros alcanzados durante su gesti\u00f3n, que no fueron individuales sino colectivos, gracias a la<\/span><span data-contrast=\"auto\">\u00a0disposici\u00f3n y suma de voluntades<\/span><span data-contrast=\"auto\">.<\/span><span data-ccp-props=\"{&quot;201341983&quot;:0,&quot;335559731&quot;:708,&quot;335559739&quot;:160,&quot;335559740&quot;:240}\">\u00a0<\/span><\/p>\n<p><span data-contrast=\"auto\">Por tanto, reconoci\u00f3<\/span><span data-contrast=\"auto\">\u00a0el trabajo acad\u00e9mico, administrativo<\/span><span data-contrast=\"auto\">,<\/span><span data-contrast=\"auto\">\u00a0de gesti\u00f3n<\/span><span data-contrast=\"auto\">\u00a0y<\/span><span data-contrast=\"auto\">\u00a0operativo<\/span><span data-contrast=\"auto\">, y expres\u00f3: \u201c<\/span><span data-contrast=\"auto\">La trascendencia de la\u00a0<\/span><span data-contrast=\"auto\">F<\/span><span data-contrast=\"auto\">acultad se debe a<\/span><span data-contrast=\"auto\">\u00a0la labor<\/span><span data-contrast=\"auto\">\u00a0de las personas para alcanzar las metas planteadas, el trabajo en armon\u00eda es lo que permite que una instituci\u00f3n avance de manera decidida<\/span><span data-contrast=\"auto\">\u201d<\/span><span data-contrast=\"auto\">.\u00a0<\/span><span data-ccp-props=\"{&quot;201341983&quot;:0,&quot;335559731&quot;:708,&quot;335559739&quot;:160,&quot;335559740&quot;:240}\">\u00a0<\/span><\/p>\n<p><span data-contrast=\"auto\">En el acto estuvieron\u00a0<\/span><span data-contrast=\"auto\">Zaira Z\u00e1rate Contreras, secretaria de la Facultad de Psicolog\u00eda<\/span><span data-contrast=\"auto\">;\u00a0<\/span><span data-contrast=\"auto\">Aurora de Jes\u00fas Mej\u00eda Castillo<\/span><span data-contrast=\"auto\">\u00a0y\u00a0<\/span><span data-contrast=\"auto\">Amayali<\/span><span data-contrast=\"auto\">\u00a0Guadalupe Villa Garc\u00eda<\/span><span data-contrast=\"auto\">, consejera<\/span><span data-contrast=\"auto\">s<\/span><span data-contrast=\"auto\">\u00a0maestra<\/span><span data-contrast=\"auto\">\u00a0y alumna, respectivamente.<\/span><span data-ccp-props=\"{&quot;201341983&quot;:0,&quot;335559739&quot;:160,&quot;335559740&quot;:240}\">\u00a0<\/span><\/p>\n<p><span data-contrast=\"auto\">Asimismo,\u00a0<\/span><span data-contrast=\"auto\">los acad\u00e9micos\u00a0<\/span><span data-contrast=\"auto\">Axel Manuel Navarro Hern\u00e1ndez<\/span><span data-contrast=\"auto\">, Abraham Manuel Ortiz Barradas<\/span><span data-contrast=\"auto\">\u00a0y Sebasti\u00e1n Figueroa Rodr\u00edguez<\/span><span data-contrast=\"auto\">\u00a0se mostraron satisfechos con este nombramiento que favorecer\u00e1 la consolidaci\u00f3n de m\u00e1s logros.<\/span><\/p>\n<div id=\"attachment_95904\" style=\"width: 732px\" class=\"wp-caption aligncenter\"><a href=\"https:\/\/www.uv.mx\/prensa\/files\/2021\/04\/190421-NOMBRAMIENTO-PSICOLOGIA-3-100k.jpg\"><img aria-describedby=\"caption-attachment-95904\" decoding=\"async\" loading=\"lazy\" class=\"size-full wp-image-95904\" src=\"https:\/\/www.uv.mx\/prensa\/files\/2021\/04\/190421-NOMBRAMIENTO-PSICOLOGIA-3-100k.jpg\" alt=\"En la Sala de Juntas Sala de Juntas \u201cJenny Beltr\u00e1n Casanova\u201d, la funcionaria asumi\u00f3 los retos y compromisos de esta encomienda \" width=\"722\" height=\"482\" srcset=\"https:\/\/www.uv.mx\/prensa\/files\/2021\/04\/190421-NOMBRAMIENTO-PSICOLOGIA-3-100k.jpg 722w, https:\/\/www.uv.mx\/prensa\/files\/2021\/04\/190421-NOMBRAMIENTO-PSICOLOGIA-3-100k-300x200.jpg 300w\" sizes=\"(max-width: 722px) 100vw, 722px\" \/><\/a><p id=\"caption-attachment-95904\" class=\"wp-caption-text\">En la Sala de Juntas Sala de Juntas \u201cJenny Beltr\u00e1n Casanova\u201d, la funcionaria asumi\u00f3 los retos y compromisos de esta encomienda<\/p><\/div>\n","protected":false},"excerpt":{"rendered":"<p>\u201cEl desaf\u00edo es ser una Facultad de excelencia internacional, que forme profesionales competentes y competitivos\u201d, expres\u00f3 la funcionaria al asumir el cargo <\/p>\n","protected":false},"author":1775,"featured_media":95902,"comment_status":"closed","ping_status":"closed","sticky":false,"template":"","format":"standard","meta":[],"categories":[1],"tags":[670,953,2423,2422,700,307],"_links":{"self":[{"href":"https:\/\/www.uv.mx\/prensa\/wp-json\/wp\/v2\/posts\/95901"}],"collection":[{"href":"https:\/\/www.uv.mx\/prensa\/wp-json\/wp\/v2\/posts"}],"about":[{"href":"https:\/\/www.uv.mx\/prensa\/wp-json\/wp\/v2\/types\/post"}],"author":[{"embeddable":true,"href":"https:\/\/www.uv.mx\/prensa\/wp-json\/wp\/v2\/users\/1775"}],"replies":[{"embeddable":true,"href":"https:\/\/www.uv.mx\/prensa\/wp-json\/wp\/v2\/comments?post=95901"}],"version-history":[{"count":1,"href":"https:\/\/www.uv.mx\/prensa\/wp-json\/wp\/v2\/posts\/95901\/revisions"}],"predecessor-version":[{"id":95917,"href":"https:\/\/www.uv.mx\/prensa\/wp-json\/wp\/v2\/posts\/95901\/revisions\/95917"}],"wp:featuredmedia":[{"embeddable":true,"href":"https:\/\/www.uv.mx\/prensa\/wp-json\/wp\/v2\/media\/95902"}],"wp:attachment":[{"href":"https:\/\/www.uv.mx\/prensa\/wp-json\/wp\/v2\/media?parent=95901"}],"wp:term":[{"taxonomy":"category","embeddable":true,"href":"https:\/\/www.uv.mx\/prensa\/wp-json\/wp\/v2\/categories?post=95901"},{"taxonomy":"post_tag","embeddable":true,"href":"https:\/\/www.uv.mx\/prensa\/wp-json\/wp\/v2\/tags?post=95901"}],"curies":[{"name":"wp","href":"https:\/\/api.w.org\/{rel}","templated":true}]}}