{"id":96163,"date":"2021-04-25T08:00:05","date_gmt":"2021-04-25T13:00:05","guid":{"rendered":"https:\/\/www.uv.mx\/prensa\/?p=96163"},"modified":"2021-04-27T12:34:54","modified_gmt":"2021-04-27T17:34:54","slug":"egresados-retroalimentan-planes-y-programas-de-estudio","status":"publish","type":"post","link":"https:\/\/www.uv.mx\/prensa\/general\/egresados-retroalimentan-planes-y-programas-de-estudio\/","title":{"rendered":"Egresados retroalimentan planes y programas de estudio"},"content":{"rendered":"<ul>\n<li data-leveltext=\"\uf0b7\" data-font=\"Symbol\" data-listid=\"7\" data-aria-posinset=\"1\" data-aria-level=\"1\"><i><span data-contrast=\"auto\">Permiten conocer qu\u00e9 experiencias educativas son pertinentes,<\/span><\/i><i><span data-contrast=\"auto\">\u00a0<\/span><\/i><i><span data-contrast=\"auto\">cu\u00e1les necesitan actualizaci\u00f3n, qu\u00e9 se habla en el terreno laboral y los cambios que ha habido en terrenos emergentes<\/span><\/i><span data-ccp-props=\"{&quot;134233279&quot;:true,&quot;201341983&quot;:0,&quot;335559739&quot;:200,&quot;335559740&quot;:240}\">\u00a0<\/span><\/li>\n<\/ul>\n<p><span data-ccp-props=\"{&quot;201341983&quot;:0,&quot;335559739&quot;:200,&quot;335559740&quot;:240}\">\u00a0<\/span><\/p>\n<div id=\"attachment_96164\" style=\"width: 732px\" class=\"wp-caption aligncenter\"><a href=\"https:\/\/www.uv.mx\/prensa\/files\/2021\/04\/220421-Panel-impacto-de-egresados-1-100k.jpg\"><img aria-describedby=\"caption-attachment-96164\" decoding=\"async\" loading=\"lazy\" class=\"size-full wp-image-96164\" src=\"https:\/\/www.uv.mx\/prensa\/files\/2021\/04\/220421-Panel-impacto-de-egresados-1-100k.jpg\" alt=\"Docentes hablaron de la participaci\u00f3n de egresados en las actividades institucionales \" width=\"722\" height=\"361\" srcset=\"https:\/\/www.uv.mx\/prensa\/files\/2021\/04\/220421-Panel-impacto-de-egresados-1-100k.jpg 722w, https:\/\/www.uv.mx\/prensa\/files\/2021\/04\/220421-Panel-impacto-de-egresados-1-100k-300x150.jpg 300w\" sizes=\"(max-width: 722px) 100vw, 722px\" \/><\/a><p id=\"caption-attachment-96164\" class=\"wp-caption-text\">Docentes hablaron de la participaci\u00f3n de egresados en las actividades institucionales<\/p><\/div>\n<p>&nbsp;<\/p>\n<p><b><i><span data-contrast=\"auto\">Jos\u00e9 Luis<\/span><\/i><\/b><b><i><span data-contrast=\"auto\">\u00a0<\/span><\/i><\/b><b><i><span data-contrast=\"auto\">Couttolenc<\/span><\/i><\/b><b><i><span data-contrast=\"auto\">\u00a0<\/span><\/i><\/b><b><i><span data-contrast=\"auto\">Soto<\/span><\/i><\/b><span data-ccp-props=\"{&quot;201341983&quot;:0,&quot;335559739&quot;:200,&quot;335559740&quot;:240}\">\u00a0<\/span><\/p>\n<p><b><i><span data-contrast=\"auto\">2<\/span><\/i><\/b><b><i><span data-contrast=\"auto\">5<\/span><\/i><\/b><b><i><span data-contrast=\"auto\">\/04\/2021, Xalapa,\u00a0<\/span><\/i><\/b><b><i><span data-contrast=\"auto\">Ver.-<\/span><\/i><\/b><span data-contrast=\"auto\">\u00a0<\/span><span data-contrast=\"auto\">Docentes que participan en el<\/span><span data-contrast=\"auto\">\u00a0seguimiento de egresados para conocer su participaci\u00f3n en actividades institucionales y su impacto en el mercado laboral, compartieron sus experiencias en el segundo d\u00eda de actividades del evento denominado <a href=\"https:\/\/www.uv.mx\/egresados\/\" target=\"_blank\" rel=\"noopener\">Especial Egresados UV<\/a>.<\/span><span data-ccp-props=\"{&quot;201341983&quot;:0,&quot;335559739&quot;:200,&quot;335559740&quot;:240}\">\u00a0<\/span><\/p>\n<p><span data-contrast=\"auto\">Desde su perspectiva, coincidieron en se\u00f1alar que el egresado universitario genera informaci\u00f3n importante para la retroalimentaci\u00f3n de planes y programas de estudio dirigidos hacia nuevas opciones de educaci\u00f3n formal,<\/span><span data-contrast=\"auto\">\u00a0<\/span><span data-contrast=\"auto\">lo cual<\/span><span data-contrast=\"auto\">\u00a0<\/span><span data-contrast=\"auto\">permite conocer<\/span><span data-contrast=\"auto\">\u00a0qu\u00e9 experiencias educativas (EE) son pertinentes, cu\u00e1les necesitan actualizaci\u00f3n, qu\u00e9 se habla en el terreno laboral, los cambios que ha habido en terrenos emergentes, los d<\/span><span data-contrast=\"auto\">ecadentes y los que prevalecen.<\/span><span data-ccp-props=\"{&quot;201341983&quot;:0,&quot;335559739&quot;:200,&quot;335559740&quot;:240}\">\u00a0<\/span><\/p>\n<p><span data-contrast=\"auto\">\u201cUn egresado es el term\u00f3metro\u00a0<\/span><span data-contrast=\"auto\">para saber<\/span><span data-contrast=\"auto\">\u00a0qu\u00e9 sucede realmente con la disciplina que corresponde, es una manera de acercarse directamente al campo de trabajo, a los avances e innovaciones que pueda traer consigo\u201d, dijo Deyanira Guillermina Guzm\u00e1n Moreno,<\/span><span data-contrast=\"auto\">\u00a0coordinadora a<\/span><span data-contrast=\"auto\">cad\u00e9mica de\u00a0<\/span><span data-contrast=\"auto\">Docencia e Investigaci\u00f3n de la D<\/span><span data-contrast=\"auto\">irecci\u00f3n\u00a0<\/span><span data-contrast=\"auto\">G<\/span><span data-contrast=\"auto\">eneral del \u00c1rea Acad\u00e9mica de Artes.<\/span><span data-ccp-props=\"{&quot;201341983&quot;:0,&quot;335559739&quot;:200,&quot;335559740&quot;:240}\">\u00a0<\/span><\/p>\n<p><span data-contrast=\"auto\">Aracely Reyes L\u00f3pez, profesora y enlace de\u00a0<\/span><span data-contrast=\"auto\">E<\/span><span data-contrast=\"auto\">ducaci\u00f3n\u00a0<\/span><span data-contrast=\"auto\">C<\/span><span data-contrast=\"auto\">ontinua de la Facultad de Derecho, destac\u00f3 la importancia de que los egresados participen en la vida institucional, dado que deben ser aliados naturales y agentes de cooperaci\u00f3n en la ejecuci\u00f3n de proyectos espec\u00edficos, tanto en pr\u00e1cticas estudiantiles<\/span><span data-contrast=\"auto\">\u00a0como en procesos de evaluaci\u00f3n, en programas acad\u00e9micos, de vinculaci\u00f3n con los sectores sociales y con educaci\u00f3n continua.<\/span><span data-ccp-props=\"{&quot;201341983&quot;:0,&quot;335559739&quot;:200,&quot;335559740&quot;:240}\">\u00a0<\/span><\/p>\n<p><span data-contrast=\"auto\">\u201cEl egresado debe reconocerse como un elemento clave en los procesos acad\u00e9micos y de la vida institucional de la univ<\/span><span data-contrast=\"auto\">ersidad que los form\u00f3\u201d, expres\u00f3<\/span><span data-contrast=\"auto\">\u00a0<\/span><span data-contrast=\"auto\">y agreg\u00f3<\/span><span data-contrast=\"auto\">\u00a0que la educaci\u00f3n continua le permite una mayor calidad en su formaci\u00f3n, adem\u00e1s de vincularlo con su\u00a0<\/span><span data-contrast=\"auto\">universidad, adquiriendo nuevas experiencias de aprendizaje y competencias ante un mercado de trabajo en constante cambio.<\/span><span data-ccp-props=\"{&quot;201341983&quot;:0,&quot;335559739&quot;:200,&quot;335559740&quot;:240}\">\u00a0<\/span><\/p>\n<p><span data-contrast=\"auto\">En\u00a0<\/span><span data-contrast=\"auto\">tanto<\/span><span data-contrast=\"auto\">\u00a0<\/span><span data-contrast=\"auto\">Ligia<\/span><span data-contrast=\"auto\">\u00a0Quintana Torres, coordinadora a<\/span><span data-contrast=\"auto\">cad\u00e9mica y enlace del\u00a0<\/span><span data-contrast=\"auto\">P<\/span><span data-contrast=\"auto\">rograma de\u00a0<\/span><span data-contrast=\"auto\">S<\/span><span data-contrast=\"auto\">eguimiento de\u00a0<\/span><span data-contrast=\"auto\">E<\/span><span data-contrast=\"auto\">gresados de la Unidad de Estudios de Posgrado, refiri\u00f3 que egresados de este nivel<\/span><span data-contrast=\"auto\">\u00a0participan tambi\u00e9n<\/span><span data-contrast=\"auto\">\u00a0en la modificaci\u00f3n<\/span><span data-contrast=\"auto\">\u00a0de planes y programas de estudio o metodolog\u00eda de ense\u00f1anza, con una experti<\/span><span data-contrast=\"auto\">cia<\/span><span data-contrast=\"auto\">\u00a0y visi\u00f3n diferente tanto del campo laboral como de su desarrollo personal.<\/span><span data-ccp-props=\"{&quot;201341983&quot;:0,&quot;335559739&quot;:200,&quot;335559740&quot;:240}\">\u00a0<\/span><\/p>\n<p><span data-contrast=\"auto\">Detall\u00f3 que s<\/span><span data-contrast=\"auto\">u aprendizaje y contribuci<\/span><span data-contrast=\"auto\">\u00f3n<\/span><span data-contrast=\"auto\">\u00a0ayudan a\u00a0<\/span><span data-contrast=\"auto\">conocer hacia d\u00f3nde se deben\u00a0<\/span><span data-contrast=\"auto\">orientar las acciones de cursos, talleres y diplomados que ofrece la universidad.<\/span><span data-ccp-props=\"{&quot;201341983&quot;:0,&quot;335559739&quot;:200,&quot;335559740&quot;:240}\">\u00a0<\/span><\/p>\n<p><span data-contrast=\"auto\">Guillermo Leonel S\u00e1nchez Hern\u00e1ndez, c<\/span><span data-contrast=\"auto\">oordinador del Departamento de S<\/span><span data-contrast=\"auto\">eguimiento de\u00a0<\/span><span data-contrast=\"auto\">E<\/span><span data-contrast=\"auto\">gresados de la\u00a0<\/span><span data-contrast=\"auto\">F<\/span><span data-contrast=\"auto\">acultad de Contadur\u00eda y Administraci\u00f3n, consider\u00f3 que el seguimiento de egresados es fundamental para la actualizaci\u00f3n de los programas de estudio\u00a0<\/span><span data-contrast=\"auto\">y\u00a0<\/span><span data-contrast=\"auto\">que\u00a0<\/span><span data-contrast=\"auto\">\u00e9stos se<\/span><span data-contrast=\"auto\">an pertinentes para la sociedad.<\/span><span data-ccp-props=\"{&quot;201341983&quot;:0,&quot;335559739&quot;:200,&quot;335559740&quot;:240}\">\u00a0<\/span><\/p>\n<p><span data-contrast=\"auto\">\u201c<\/span><span data-contrast=\"auto\">E<\/span><span data-contrast=\"auto\">n su desarrollo laboral aplica<\/span><span data-contrast=\"auto\">n<\/span><span data-contrast=\"auto\">\u00a0conocimientos y habilidades como soporte en valores y aptitudes, conocimientos que recibi<\/span><span data-contrast=\"auto\">eron\u00a0<\/span><span data-contrast=\"auto\">en las dife<\/span><span data-contrast=\"auto\">rentes experiencias educativas.\u201d<\/span><span data-ccp-props=\"{&quot;201341983&quot;:0,&quot;335559731&quot;:708,&quot;335559739&quot;:200,&quot;335559740&quot;:240}\">\u00a0<\/span><\/p>\n<p><span data-contrast=\"auto\">Indic\u00f3 que la<\/span><span data-contrast=\"auto\">\u00a0participaci\u00f3n<\/span><span data-contrast=\"auto\">\u00a0del egresado<\/span><span data-contrast=\"auto\">\u00a0impacta en la docencia porque hace posible conocer oportunamente lo que est\u00e1 percibiendo, \u201cqu\u00e9 le sirvi\u00f3 del plan de estudios que cur<\/span><span data-contrast=\"auto\">s\u00f3, qu\u00e9 no le sirvi\u00f3, qu\u00e9 est\u00e1\u00a0<\/span><span data-contrast=\"auto\">implementando, qu\u00e9 est\u00e1 innovando y qu\u00e9 estamos formando con la nueva generaci\u00f3n de estudiantes\u201d.<\/span><span data-ccp-props=\"{&quot;201341983&quot;:0,&quot;335559739&quot;:200,&quot;335559740&quot;:240}\">\u00a0<\/span><\/p>\n<p><span data-contrast=\"auto\">El panel estuvo moderado por<\/span><span data-contrast=\"auto\">\u00a0Lilian<\/span><span data-contrast=\"auto\">a Ivonne Betancourt\u00a0<\/span><span data-contrast=\"auto\">Trevedhan<\/span><span data-contrast=\"auto\">, directora general de Desarrollo Aca<\/span><span data-contrast=\"auto\">d\u00e9mico e Innovaci\u00f3n Educativa.<\/span><span data-ccp-props=\"{&quot;201341983&quot;:0,&quot;335559739&quot;:200,&quot;335559740&quot;:240}\">\u00a0<\/span><\/p>\n","protected":false},"excerpt":{"rendered":"<p>Es importante que los egresados participen en la vida institucional, deben ser aliados naturales y agentes de cooperaci\u00f3n en la ejecuci\u00f3n de proyectos espec\u00edficos <\/p>\n","protected":false},"author":1775,"featured_media":96164,"comment_status":"closed","ping_status":"closed","sticky":false,"template":"","format":"standard","meta":[],"categories":[1],"tags":[2520,2385,2521,2519],"_links":{"self":[{"href":"https:\/\/www.uv.mx\/prensa\/wp-json\/wp\/v2\/posts\/96163"}],"collection":[{"href":"https:\/\/www.uv.mx\/prensa\/wp-json\/wp\/v2\/posts"}],"about":[{"href":"https:\/\/www.uv.mx\/prensa\/wp-json\/wp\/v2\/types\/post"}],"author":[{"embeddable":true,"href":"https:\/\/www.uv.mx\/prensa\/wp-json\/wp\/v2\/users\/1775"}],"replies":[{"embeddable":true,"href":"https:\/\/www.uv.mx\/prensa\/wp-json\/wp\/v2\/comments?post=96163"}],"version-history":[{"count":1,"href":"https:\/\/www.uv.mx\/prensa\/wp-json\/wp\/v2\/posts\/96163\/revisions"}],"predecessor-version":[{"id":96284,"href":"https:\/\/www.uv.mx\/prensa\/wp-json\/wp\/v2\/posts\/96163\/revisions\/96284"}],"wp:featuredmedia":[{"embeddable":true,"href":"https:\/\/www.uv.mx\/prensa\/wp-json\/wp\/v2\/media\/96164"}],"wp:attachment":[{"href":"https:\/\/www.uv.mx\/prensa\/wp-json\/wp\/v2\/media?parent=96163"}],"wp:term":[{"taxonomy":"category","embeddable":true,"href":"https:\/\/www.uv.mx\/prensa\/wp-json\/wp\/v2\/categories?post=96163"},{"taxonomy":"post_tag","embeddable":true,"href":"https:\/\/www.uv.mx\/prensa\/wp-json\/wp\/v2\/tags?post=96163"}],"curies":[{"name":"wp","href":"https:\/\/api.w.org\/{rel}","templated":true}]}}