{"id":96434,"date":"2021-04-29T11:00:59","date_gmt":"2021-04-29T16:00:59","guid":{"rendered":"https:\/\/www.uv.mx\/prensa\/?p=96434"},"modified":"2021-04-29T14:52:16","modified_gmt":"2021-04-29T19:52:16","slug":"investigadores-y-docentes-analizaron-el-derecho-constitucional-a-la-ciencia","status":"publish","type":"post","link":"https:\/\/www.uv.mx\/prensa\/general\/investigadores-y-docentes-analizaron-el-derecho-constitucional-a-la-ciencia\/","title":{"rendered":"Investigadores y docentes analizaron\u00a0el\u00a0derecho constitucional a la ciencia\u00a0"},"content":{"rendered":"<ul>\n<li data-leveltext=\"\uf0b7\" data-font=\"Symbol\" data-listid=\"7\" data-aria-posinset=\"1\" data-aria-level=\"1\"><i><span data-contrast=\"auto\">Participaron en la primera mesa del Foro Interuniversitario \u201cJornadas de reflexi\u00f3n sobre el sistema de ciencia, tecnolog\u00eda e innovaci\u00f3n que demanda el futuro\u201d<\/span><\/i><br \/>\n<span data-ccp-props=\"{&quot;134233279&quot;:true,&quot;201341983&quot;:0,&quot;335559739&quot;:200,&quot;335559740&quot;:240}\">\u00a0<\/span><\/li>\n<\/ul>\n<div id=\"attachment_96443\" style=\"width: 732px\" class=\"wp-caption aligncenter\"><a href=\"https:\/\/www.uv.mx\/prensa\/files\/2021\/04\/26042021-Mesa-1-foro-interuniversitario-1.jpg\"><img aria-describedby=\"caption-attachment-96443\" decoding=\"async\" loading=\"lazy\" class=\"size-full wp-image-96443\" src=\"https:\/\/www.uv.mx\/prensa\/files\/2021\/04\/26042021-Mesa-1-foro-interuniversitario-1.jpg\" alt=\"\" width=\"722\" height=\"406\" srcset=\"https:\/\/www.uv.mx\/prensa\/files\/2021\/04\/26042021-Mesa-1-foro-interuniversitario-1.jpg 722w, https:\/\/www.uv.mx\/prensa\/files\/2021\/04\/26042021-Mesa-1-foro-interuniversitario-1-300x169.jpg 300w\" sizes=\"(max-width: 722px) 100vw, 722px\" \/><\/a><p id=\"caption-attachment-96443\" class=\"wp-caption-text\">Investigadores y docentes de universidades del pa\u00eds analizaron el mandato de la\u00a0Constituci\u00f3n para garantizar el derecho humano a los beneficios de la CTI<\/p><\/div>\n<p><span data-ccp-props=\"{&quot;201341983&quot;:0,&quot;335559739&quot;:200,&quot;335559740&quot;:240}\">\u00a0<\/span><\/p>\n<p><b><i><span data-contrast=\"auto\">Jos\u00e9 Luis\u00a0<\/span><\/i><\/b><b><i><span data-contrast=\"auto\">Couttolenc<\/span><\/i><\/b><b><i><span data-contrast=\"auto\">\u00a0<\/span><\/i><\/b><b><i><span data-contrast=\"auto\">Soto<\/span><\/i><\/b><span data-ccp-props=\"{&quot;201341983&quot;:0,&quot;335559739&quot;:200,&quot;335559740&quot;:240}\">\u00a0<\/span><\/p>\n<p><b><i><span data-contrast=\"auto\">2<\/span><\/i><\/b><b><i><span data-contrast=\"auto\">9<\/span><\/i><\/b><b><i><span data-contrast=\"auto\">\/04\/2021, Xalapa,\u00a0<\/span><\/i><\/b><b><i><span data-contrast=\"auto\">Ver.-<\/span><\/i><\/b><span data-contrast=\"auto\">\u202f<\/span><span data-contrast=\"auto\">I<\/span><span data-contrast=\"auto\">nvestigado<\/span><span data-contrast=\"auto\">res y docentes de<\/span><span data-contrast=\"auto\">\u00a0universidades del pa\u00eds<\/span><span data-contrast=\"auto\">\u00a0participaron en la primera\u00a0<\/span><span data-contrast=\"auto\">mesa\u00a0<\/span><span data-contrast=\"auto\">del Foro Interuniversitario \u201cJornadas de reflexi\u00f3n sobre el sistema de ciencia, tecnolog\u00eda e innovaci\u00f3n que demanda el futuro\u201d,\u00a0<\/span><span data-contrast=\"auto\">donde<\/span><span data-contrast=\"auto\">\u00a0expusieron su perspectiva en torno al mandato<\/span><span data-contrast=\"auto\">\u00a0<\/span><span data-contrast=\"auto\">de la Constituci\u00f3n para garantizar el derecho humano a los beneficios de\u00a0<\/span><span data-contrast=\"auto\">tales rubros<\/span><span data-contrast=\"auto\">.<\/span><span data-ccp-props=\"{&quot;201341983&quot;:0,&quot;335559739&quot;:200,&quot;335559740&quot;:240}\">\u00a0<\/span><\/p>\n<p><span data-contrast=\"auto\">Margarita Teresa de Jes\u00fas Garc\u00eda Gasca,\u00a0<\/span><span data-contrast=\"auto\">rectora de la Universidad Aut\u00f3noma de Quer\u00e9taro (UAQ), se\u00f1al\u00f3 que el anteproyecto de la Ley General de Humanidades, Ciencias, Te<\/span><span data-contrast=\"auto\">cnolog\u00edas e Innovaci\u00f3n (LGHCTI)<\/span><span data-contrast=\"auto\">\u00a0no es resultado de un diagn\u00f3stico ni de una plataforma<\/span><span data-contrast=\"auto\">\u00a0en donde se tomen decisiones, tampoco es producto de trabajos realizados en a\u00f1os anteriores en relaci\u00f3n a la ciencia y la tecnolog\u00eda.<\/span><span data-ccp-props=\"{&quot;201341983&quot;:0,&quot;335559739&quot;:200,&quot;335559740&quot;:240}\">\u00a0<\/span><\/p>\n<p><span data-contrast=\"auto\">Lament\u00f3 que en\u00a0<\/span><span data-contrast=\"auto\">su\u00a0<\/span><span data-contrast=\"auto\">elaboraci\u00f3n no se tome en cuenta la opini\u00f3n de las universida<\/span><span data-contrast=\"auto\">d<\/span><span data-contrast=\"auto\">es como protagonistas y generadoras del conocimiento; refiri\u00f3 que quien est\u00e1 tomando las decisiones sobre la ciencia que M\u00e9xico requiere \u201ces un consejo de\u00a0<\/span><span data-contrast=\"auto\">E<\/span><span data-contrast=\"auto\">stado<\/span><span data-contrast=\"auto\">\u00a0vertical, hegem\u00f3nico y popular\u201d, conformado por autoridades y\u00a0<\/span><span data-contrast=\"auto\">s<\/span><span data-contrast=\"auto\">ecretarios de Estado, \u201cen donde las universidades y los centros de investigaci\u00f3n no entramos, sino hasta un punto muy inferior del proceso, y \u00fanicamente como usuarios y no como<\/span><span data-contrast=\"auto\">\u00a0generadores de conocimiento y\u00a0<\/span><span data-contrast=\"auto\">ciencia\u201d.<\/span><span data-ccp-props=\"{&quot;201341983&quot;:0,&quot;335559739&quot;:200,&quot;335559740&quot;:240}\">\u00a0<\/span><\/p>\n<p><span data-ccp-props=\"{&quot;201341983&quot;:0,&quot;335559739&quot;:200,&quot;335559740&quot;:240}\">\u00a0<\/span><\/p>\n<p><b><span data-contrast=\"auto\">Restringir\u00e1 la libertad de investigaci\u00f3n y de c\u00e1tedra<\/span><\/b><span data-ccp-props=\"{&quot;201341983&quot;:0,&quot;335559739&quot;:200,&quot;335559740&quot;:240}\">\u00a0<\/span><\/p>\n<p><span data-contrast=\"auto\">Pedro Salazar Ugarte,\u00a0<\/span><span data-contrast=\"auto\">director del Instituto de Investigaciones Jur\u00eddicas de la UNAM, reflexi<\/span><span data-contrast=\"auto\">on<\/span><span data-contrast=\"auto\">\u00f3 en torno a lo que establece el\u00a0<\/span><span data-contrast=\"auto\">A<\/span><span data-contrast=\"auto\">rt\u00edculo\u00a0<\/span><span data-contrast=\"auto\">3 c<\/span><span data-contrast=\"auto\">onstitucional despu\u00e9s de la reforma de 2019, remarcando la perspectiva de derecho que se da a la pr\u00e1ctica y los beneficios del desarrollo y de la investigaci\u00f3n cient\u00edfica<\/span><span data-contrast=\"auto\">, tecnol\u00f3gica y human\u00edstica.<\/span><span data-ccp-props=\"{&quot;201341983&quot;:0,&quot;335559739&quot;:200,&quot;335559740&quot;:240}\">\u00a0<\/span><\/p>\n<p><span data-contrast=\"auto\">Mencion\u00f3 que existen preocupaciones\u00a0<\/span><span data-contrast=\"auto\">respecto<\/span><span data-contrast=\"auto\">\u00a0al proyecto de ley, entre\u00a0<\/span><span data-contrast=\"auto\">el<\/span><span data-contrast=\"auto\">las la plena garant\u00eda de la libertad de investigaci\u00f3n y c\u00e1tedra en su m\u00e1s alto sentido, que se podr\u00eda ver condicionada, conculcada o restringida cuando se contemplan<\/span><span data-contrast=\"auto\">\u00a0figuras como la \u201cagenda de E<\/span><span data-contrast=\"auto\">stado\u201d y \u201cconsejo de\u00a0<\/span><span data-contrast=\"auto\">E<\/span><span data-contrast=\"auto\">stado\u201d, que limitar\u00edan dicha libertad puesto que establecer\u00edan las prioridades tem\u00e1ticas para ser apoyadas con recursos del Estado, con una reducci\u00f3n potencial para las de inter\u00e9s cient\u00edfico, human<\/span><span data-contrast=\"auto\">\u00edstico y tecnol\u00f3gico.<\/span><span data-ccp-props=\"{&quot;201341983&quot;:0,&quot;335559739&quot;:200,&quot;335559740&quot;:240}\">\u00a0<\/span><\/p>\n<p><span data-ccp-props=\"{&quot;201341983&quot;:0,&quot;335559739&quot;:200,&quot;335559740&quot;:240}\">\u00a0<\/span><\/p>\n<p><b><span data-contrast=\"auto\">LGHCTI con visi\u00f3n centralista<\/span><\/b><span data-ccp-props=\"{&quot;201341983&quot;:0,&quot;335559739&quot;:200,&quot;335559740&quot;:240}\">\u00a0<\/span><\/p>\n<p><span data-contrast=\"auto\">Josefina Cort\u00e9s Campos, profesora del Instituto Tecnol\u00f3gico<\/span><span data-contrast=\"auto\">\u00a0y de Estudios Superiores<\/span><span data-contrast=\"auto\">\u00a0de Monterrey<\/span><span data-contrast=\"auto\">\u00a0(ITESM), hizo un llamado a no permitir que la consecuci\u00f3n del derecho humano a la ciencia, la tecnolog\u00eda e innovaci\u00f3n \u201cse plantee en un proyecto de ley con una visi\u00f3n centralista y unitaria\u201d, que ir\u00eda en contr<\/span><span data-contrast=\"auto\">a de lo que establece el texto c<\/span><span data-contrast=\"auto\">onstitucional.<\/span><span data-ccp-props=\"{&quot;201341983&quot;:0,&quot;335559739&quot;:200,&quot;335559740&quot;:240}\">\u00a0<\/span><\/p>\n<p><span data-contrast=\"auto\">Dijo que las instituciones p\u00fablicas y privadas est\u00e1n llamadas a hacer posible este derecho, y que cualquier proyecto de ley o norma secundaria que desconozca la funci\u00f3n, papel y responsabilidad que tienen las instituciones privadas en este derecho, tendr\u00eda claramente un problema de constitucionalidad.<\/span><span data-ccp-props=\"{&quot;201341983&quot;:0,&quot;335559739&quot;:200,&quot;335559740&quot;:240}\">\u00a0<\/span><\/p>\n<p><span data-contrast=\"auto\">Por su parte\u00a0<\/span><span data-contrast=\"auto\">Andreas\u00a0<\/span><span data-contrast=\"auto\">Schedler<\/span><span data-contrast=\"auto\">, profesor investigador del Centro de Investigaci\u00f3n y Docencia Econ\u00f3micas,<\/span><span data-contrast=\"auto\">\u00a0<\/span><span data-contrast=\"auto\">se refiri\u00f3 a \u201cdos derechos imaginarios\u201d: el anteproyecto de la LGHCTI<\/span><span data-contrast=\"auto\">\u00a0\u201cque no protege ning\u00fan derecho reconocido, pero s<\/span><span data-contrast=\"auto\">\u00ed<\/span><span data-contrast=\"auto\">\u00a0pretende introducir uno nuevo\u201d.<\/span><span data-ccp-props=\"{&quot;201341983&quot;:0,&quot;335559739&quot;:200,&quot;335559740&quot;:240}\">\u00a0<\/span><\/p>\n<p><span data-contrast=\"auto\">Desde su perspectiva, el anteproyecto de ley no aspira a que la ciudadan\u00eda disfrute de los avances de la ciencia, busca que la naci\u00f3n obtenga los avances cient\u00edficos necesarios para resolver sus problemas, en lugar de proporcionar fondos ilimitados para que la ciencia realice investigaci\u00f3n b\u00e1sica y aplicada en tod<\/span><span data-contrast=\"auto\">as las \u00e1reas que puedan aportar<\/span><span data-contrast=\"auto\">\u00a0posibles soluciones a los problemas<\/span><span data-contrast=\"auto\">\u00a0<\/span><span data-contrast=\"auto\">d<\/span><span data-contrast=\"auto\">urante las dos pr\u00f3ximas d\u00e9cadas<\/span><span data-contrast=\"auto\">.<\/span><span data-ccp-props=\"{&quot;201341983&quot;:0,&quot;335559739&quot;:200,&quot;335559740&quot;:240}\">\u00a0<\/span><\/p>\n<p><span data-contrast=\"auto\">P<\/span><span data-contrast=\"auto\">or \u00faltimo,\u00a0<\/span><span data-contrast=\"auto\">la vicerrectora\u00a0<\/span><span data-contrast=\"auto\">A<\/span><span data-contrast=\"auto\">cad\u00e9mica de la Universidad Iberoamericana, Sylvia\u00a0<\/span><span data-contrast=\"auto\">Schmelkes<\/span><span data-contrast=\"auto\">, habl\u00f3 del derecho humano a la ciencia como un derecho de la sociedad al gozar de sus beneficios; del derecho a hacer ciencia con las condiciones necesarias<\/span><span data-contrast=\"auto\">;<\/span><span data-contrast=\"auto\">\u00a0del derecho a la ciencia<\/span><span data-contrast=\"auto\">,<\/span><span data-contrast=\"auto\">\u00a0y el derecho a la educaci\u00f3n.<\/span><span data-ccp-props=\"{&quot;201341983&quot;:0,&quot;335559739&quot;:200,&quot;335559740&quot;:240}\">\u00a0<\/span><\/p>\n<p><span data-ccp-props=\"{&quot;201341983&quot;:0,&quot;335559739&quot;:200,&quot;335559740&quot;:240}\">\u00a0<\/span><\/p>\n<div id=\"attachment_96442\" style=\"width: 732px\" class=\"wp-caption aligncenter\"><a href=\"https:\/\/www.uv.mx\/prensa\/files\/2021\/04\/26042021-Mesa-1-foro-interuniversitario-2.jpg\"><img aria-describedby=\"caption-attachment-96442\" decoding=\"async\" loading=\"lazy\" class=\"size-full wp-image-96442\" src=\"https:\/\/www.uv.mx\/prensa\/files\/2021\/04\/26042021-Mesa-1-foro-interuniversitario-2.jpg\" alt=\"\" width=\"722\" height=\"406\" srcset=\"https:\/\/www.uv.mx\/prensa\/files\/2021\/04\/26042021-Mesa-1-foro-interuniversitario-2.jpg 722w, https:\/\/www.uv.mx\/prensa\/files\/2021\/04\/26042021-Mesa-1-foro-interuniversitario-2-300x169.jpg 300w\" sizes=\"(max-width: 722px) 100vw, 722px\" \/><\/a><p id=\"caption-attachment-96442\" class=\"wp-caption-text\">Margarita Teresa de Jes\u00fas Garc\u00eda Gasca, rectora de la Universidad Aut\u00f3noma de Quer\u00e9taro<\/p><\/div>\n","protected":false},"excerpt":{"rendered":"<p>Participaron en la primera mesa del Foro Interuniversitario \u201cJornadas de reflexi\u00f3n sobre el sistema de ciencia, tecnolog\u00eda e innovaci\u00f3n que demanda el futuro\u201d\u00a0<\/p>\n","protected":false},"author":1869,"featured_media":96443,"comment_status":"closed","ping_status":"closed","sticky":false,"template":"","format":"standard","meta":[],"categories":[1],"tags":[],"_links":{"self":[{"href":"https:\/\/www.uv.mx\/prensa\/wp-json\/wp\/v2\/posts\/96434"}],"collection":[{"href":"https:\/\/www.uv.mx\/prensa\/wp-json\/wp\/v2\/posts"}],"about":[{"href":"https:\/\/www.uv.mx\/prensa\/wp-json\/wp\/v2\/types\/post"}],"author":[{"embeddable":true,"href":"https:\/\/www.uv.mx\/prensa\/wp-json\/wp\/v2\/users\/1869"}],"replies":[{"embeddable":true,"href":"https:\/\/www.uv.mx\/prensa\/wp-json\/wp\/v2\/comments?post=96434"}],"version-history":[{"count":1,"href":"https:\/\/www.uv.mx\/prensa\/wp-json\/wp\/v2\/posts\/96434\/revisions"}],"predecessor-version":[{"id":96444,"href":"https:\/\/www.uv.mx\/prensa\/wp-json\/wp\/v2\/posts\/96434\/revisions\/96444"}],"wp:featuredmedia":[{"embeddable":true,"href":"https:\/\/www.uv.mx\/prensa\/wp-json\/wp\/v2\/media\/96443"}],"wp:attachment":[{"href":"https:\/\/www.uv.mx\/prensa\/wp-json\/wp\/v2\/media?parent=96434"}],"wp:term":[{"taxonomy":"category","embeddable":true,"href":"https:\/\/www.uv.mx\/prensa\/wp-json\/wp\/v2\/categories?post=96434"},{"taxonomy":"post_tag","embeddable":true,"href":"https:\/\/www.uv.mx\/prensa\/wp-json\/wp\/v2\/tags?post=96434"}],"curies":[{"name":"wp","href":"https:\/\/api.w.org\/{rel}","templated":true}]}}