{"id":96449,"date":"2021-04-29T15:58:55","date_gmt":"2021-04-29T20:58:55","guid":{"rendered":"https:\/\/www.uv.mx\/prensa\/?p=96449"},"modified":"2021-05-06T12:32:01","modified_gmt":"2021-05-06T17:32:01","slug":"ha-llegado-el-momento-de-poner-un-alto-a-la-masculinidad-hegemonica-rectora","status":"publish","type":"post","link":"https:\/\/www.uv.mx\/prensa\/banner\/ha-llegado-el-momento-de-poner-un-alto-a-la-masculinidad-hegemonica-rectora\/","title":{"rendered":"\u201cHa llegado el momento de poner un alto a la masculinidad hegem\u00f3nica\u201d:\u00a0Rectora\u00a0"},"content":{"rendered":"<ul>\n<li data-leveltext=\"\uf0b7\" data-font=\"Symbol\" data-listid=\"1\" data-aria-posinset=\"1\" data-aria-level=\"1\"><i><span data-contrast=\"auto\">La Universidad Veracruzana\u00a0<\/span><\/i><i><span data-contrast=\"auto\">es<\/span><\/i><i><span data-contrast=\"auto\">\u00a0<\/span><\/i><i><span data-contrast=\"auto\">parte\u00a0<\/span><\/i><i><span data-contrast=\"auto\">d<\/span><\/i><i><span data-contrast=\"auto\">e<\/span><\/i><i><span data-contrast=\"auto\">l<\/span><\/i><i><span data-contrast=\"auto\">\u00a0<\/span><\/i><i><span data-contrast=\"auto\">Encuentro Interuniversitario sobre Hombres y Masculinidades<\/span><\/i><i><span data-contrast=\"auto\">, organizado por la\u00a0<\/span><\/i><i><span data-contrast=\"auto\">UNAM y\u00a0<\/span><\/i><i><span data-contrast=\"auto\">otras IES<\/span><\/i><i><span data-contrast=\"auto\">, del 29 de abril al 3 de junio<\/span><\/i><span data-ccp-props=\"{&quot;134233279&quot;:true,&quot;201341983&quot;:0,&quot;335559739&quot;:160,&quot;335559740&quot;:240}\">\u00a0<\/span><\/li>\n<li data-leveltext=\"\uf0b7\" data-font=\"Symbol\" data-listid=\"1\" data-aria-posinset=\"2\" data-aria-level=\"1\"><i><span data-contrast=\"auto\">El activista Michael Kaufman, originario de Canad\u00e1,\u00a0<\/span><\/i><i><span data-contrast=\"auto\">imparti<\/span><\/i><i><span data-contrast=\"auto\">\u00f3 la primera\u00a0<\/span><\/i><i><span data-contrast=\"auto\">conferencia magistral<\/span><\/i><span data-ccp-props=\"{&quot;134233279&quot;:true,&quot;201341983&quot;:0,&quot;335559739&quot;:160,&quot;335559740&quot;:240}\">\u00a0<\/span><\/li>\n<\/ul>\n<p><span data-ccp-props=\"{&quot;201341983&quot;:0,&quot;335559739&quot;:160,&quot;335559740&quot;:240}\">\u00a0<\/span><\/p>\n<div id=\"attachment_96452\" style=\"width: 732px\" class=\"wp-caption aligncenter\"><a href=\"https:\/\/www.uv.mx\/prensa\/files\/2021\/04\/290421-ENCUENTRO-MASCULINIDADES-1.jpg\"><img aria-describedby=\"caption-attachment-96452\" decoding=\"async\" loading=\"lazy\" class=\"size-full wp-image-96452\" src=\"https:\/\/www.uv.mx\/prensa\/files\/2021\/04\/290421-ENCUENTRO-MASCULINIDADES-1.jpg\" alt=\"\" width=\"722\" height=\"364\" srcset=\"https:\/\/www.uv.mx\/prensa\/files\/2021\/04\/290421-ENCUENTRO-MASCULINIDADES-1.jpg 722w, https:\/\/www.uv.mx\/prensa\/files\/2021\/04\/290421-ENCUENTRO-MASCULINIDADES-1-300x151.jpg 300w\" sizes=\"(max-width: 722px) 100vw, 722px\" \/><\/a><p id=\"caption-attachment-96452\" class=\"wp-caption-text\">Sara Ladr\u00f3n de Guevara fij\u00f3 su postura en torno a la masculinidad hegem\u00f3nica<\/p><\/div>\n<p><span data-ccp-props=\"{&quot;201341983&quot;:0,&quot;335559739&quot;:160,&quot;335559740&quot;:240}\">\u00a0<\/span><\/p>\n<p><b><i><span data-contrast=\"auto\">Claudia Peralta V\u00e1zquez<\/span><\/i><\/b><span data-ccp-props=\"{&quot;201341983&quot;:0,&quot;335559739&quot;:160,&quot;335559740&quot;:240}\">\u00a0<\/span><\/p>\n<p><b><i><span data-contrast=\"auto\">29<\/span><\/i><\/b><b><i><span data-contrast=\"auto\">\/<\/span><\/i><\/b><b><i><span data-contrast=\"auto\">04<\/span><\/i><\/b><b><i><span data-contrast=\"auto\">\/<\/span><\/i><\/b><b><i><span data-contrast=\"auto\">21, Xalapa,\u00a0<\/span><\/i><\/b><b><i><span data-contrast=\"auto\">Ver.-<\/span><\/i><\/b><b><i><span data-contrast=\"auto\">\u00a0<\/span><\/i><\/b><span data-contrast=\"auto\">\u00a0<\/span><span data-contrast=\"auto\">En la inauguraci\u00f3n del\u00a0<\/span><span data-contrast=\"auto\">\u201c<\/span><span data-contrast=\"auto\">Encuentro interuniversitario sobre hombres y masculinidades. Contra las violencias y los privilegios machistas en las universidades<\/span><span data-contrast=\"auto\">\u201d<\/span><span data-contrast=\"auto\">, organizado por la Universidad Nacional Aut\u00f3noma de M\u00e9xico (UNAM), la rectora de la <a href=\"https:\/\/www.uv.mx\/\" target=\"_blank\" rel=\"noopener\">Universidad Veracruzana<\/a>, Sara Ladr\u00f3n de Guevara\u00a0<\/span><span data-contrast=\"auto\">se\u00a0<\/span><span data-contrast=\"auto\">pronunci\u00f3<\/span><span data-contrast=\"auto\">\u00a0sobre<\/span><span data-contrast=\"auto\">\u00a0este tema, en el que manifest\u00f3 la inquietud de hacerle frente<\/span><span data-contrast=\"auto\">\u00a0y<\/span><span data-contrast=\"auto\">\u00a0ponerle un alto a la masculinidad hegem\u00f3nica<\/span><span data-contrast=\"auto\">.<\/span><span data-ccp-props=\"{&quot;201341983&quot;:0,&quot;335559739&quot;:160,&quot;335559740&quot;:240}\">\u00a0<\/span><\/p>\n<p><span data-contrast=\"auto\">Durante este evento que se desarrollar\u00e1 cada jueves a partir del 29 de abril y hasta el 3 de junio del presente a\u00f1o, y al cual se sumaron otras seis instituciones de educaci\u00f3n superior<\/span><span data-contrast=\"auto\">\u00a0(IES)<\/span><span data-contrast=\"auto\">, entre ellas, la UV, la Rectora, expres\u00f3 la necesidad de\u00a0<\/span><span data-contrast=\"auto\">construir otro tipo de masculinidad basada en la cr\u00edtic<\/span><span data-contrast=\"auto\">a,<\/span><span data-contrast=\"auto\">\u00a0autocr\u00edtica, en el di\u00e1logo, respeto, empat\u00eda y solidaridad.<\/span><span data-ccp-props=\"{&quot;201341983&quot;:0,&quot;335559731&quot;:708,&quot;335559739&quot;:160,&quot;335559740&quot;:240}\">\u00a0<\/span><\/p>\n<p><span data-contrast=\"auto\">\u201c<\/span><span data-contrast=\"auto\">No se trata de levantar otro tipo de masculinidad a partir de la confrontaci\u00f3n hombre contra mujer, sino a partir de la confrontaci\u00f3n hombre y mujer contra el tipo de masculinidad hegem\u00f3nica, el\u00a0<\/span><span data-contrast=\"auto\">cual\u00a0<\/span><span data-contrast=\"auto\">ha posibilitado la violencia y los privilegios machistas de<\/span><span data-contrast=\"auto\">\u00a0los<\/span><span data-contrast=\"auto\">\u00a0que hoy gozan los hombr<\/span><span data-contrast=\"auto\">e<\/span><span data-contrast=\"auto\">s<\/span><span data-contrast=\"auto\">\u201d<\/span><span data-contrast=\"auto\">.<\/span><span data-ccp-props=\"{&quot;201341983&quot;:0,&quot;335559731&quot;:708,&quot;335559739&quot;:160,&quot;335559740&quot;:240}\">\u00a0<\/span><\/p>\n<p><span data-contrast=\"auto\">Sara Ladr\u00f3n de Guevara dijo estar convencida de que<\/span><span data-contrast=\"auto\">\u00a0dichos<\/span><span data-contrast=\"auto\">\u00a0privilegios son el resultado de la construcci\u00f3n hegem\u00f3nica de la masculinidad, que se ha sostenido y perpetuado a lo largo de pr\u00e1cticamente todas las etapas del ser humano.<\/span><span data-contrast=\"auto\">\u00a0<\/span><span data-contrast=\"auto\">Es en\u00a0<\/span><span data-contrast=\"auto\">este tipo espec\u00edfico de masculinidad<\/span><span data-contrast=\"auto\">\u00a0en el<\/span><span data-contrast=\"auto\">\u00a0que se educa el n\u00facleo familiar<\/span><span data-contrast=\"auto\">.<\/span><span data-ccp-props=\"{&quot;201341983&quot;:0,&quot;335559731&quot;:708,&quot;335559739&quot;:160,&quot;335559740&quot;:240}\">\u00a0<\/span><\/p>\n<p>&nbsp;<\/p>\n<div id=\"attachment_96453\" style=\"width: 732px\" class=\"wp-caption aligncenter\"><a href=\"https:\/\/www.uv.mx\/prensa\/files\/2021\/04\/290421-ENCUENTRO-MASCULINIDADES-2.jpg\"><img aria-describedby=\"caption-attachment-96453\" decoding=\"async\" loading=\"lazy\" class=\"size-full wp-image-96453\" src=\"https:\/\/www.uv.mx\/prensa\/files\/2021\/04\/290421-ENCUENTRO-MASCULINIDADES-2.jpg\" alt=\"\" width=\"722\" height=\"498\" srcset=\"https:\/\/www.uv.mx\/prensa\/files\/2021\/04\/290421-ENCUENTRO-MASCULINIDADES-2.jpg 722w, https:\/\/www.uv.mx\/prensa\/files\/2021\/04\/290421-ENCUENTRO-MASCULINIDADES-2-300x207.jpg 300w\" sizes=\"(max-width: 722px) 100vw, 722px\" \/><\/a><p id=\"caption-attachment-96453\" class=\"wp-caption-text\">Participantes en el\u00a0Encuentro interuniversitario sobre hombres y masculinidades, inaugurado este jueves 29 de abril<\/p><\/div>\n<p>&nbsp;<\/p>\n<p><span data-contrast=\"auto\">\u00a0<\/span><span data-contrast=\"auto\">Esta masculinidad es la que se<\/span><span data-contrast=\"auto\">\u00a0reproduce al interior de los numerosos y variados espacios sociales en los que se desenvuelve el\u00a0<\/span><span data-contrast=\"auto\">ser humano<\/span><span data-contrast=\"auto\">:<\/span><span data-contrast=\"auto\">\u00a0en los centros de trabajo, medios de informaci\u00f3n y comunicaci\u00f3n, ambientes culturales y los espacios educativos en todos sus niveles, desde el primario hasta el profesional.<\/span><span data-ccp-props=\"{&quot;201341983&quot;:0,&quot;335559731&quot;:708,&quot;335559739&quot;:160,&quot;335559740&quot;:240}\">\u00a0<\/span><\/p>\n<p><span data-contrast=\"auto\">Lament\u00f3 que, a lo\u00a0<\/span><span data-contrast=\"auto\">largo de la historia<\/span><span data-contrast=\"auto\">,<\/span><span data-contrast=\"auto\">\u00a0la masculinidad hegem\u00f3nica se ha<\/span><span data-contrast=\"auto\">ya\u00a0<\/span><span data-contrast=\"auto\">construido sobre la base del enfrentamiento, agresi\u00f3n y violencia que el hombre ha ejercido y sigue ejerciendo en contra de la mujer en todas sus variantes,<\/span><span data-contrast=\"auto\">\u00a0tanto<\/span><span data-contrast=\"auto\">\u00a0f\u00edsica, emocional<\/span><span data-contrast=\"auto\">, como<\/span><span data-contrast=\"auto\">\u00a0psicol\u00f3gica.<\/span><span data-ccp-props=\"{&quot;201341983&quot;:0,&quot;335559731&quot;:708,&quot;335559739&quot;:160,&quot;335559740&quot;:240}\">\u00a0<\/span><\/p>\n<p><span data-contrast=\"auto\">\u201c<\/span><span data-contrast=\"auto\">El da\u00f1o en vidas humanas en que este hecho se ha traducido es elevado, doloroso e insostenible<\/span><span data-contrast=\"auto\">\u201d, subray\u00f3<\/span><span data-contrast=\"auto\">\u00a0<\/span><span data-contrast=\"auto\">al fijar su postura<\/span><span data-contrast=\"auto\">\u00a0a trav\u00e9s de un video transmitido durante el evento,\u00a0<\/span><span data-contrast=\"auto\">al igual que lo hicieron s<\/span><span data-contrast=\"auto\">us hom\u00f3logos<\/span><span data-contrast=\"auto\">\u00a0de la<\/span><span data-contrast=\"auto\">s<\/span><span data-contrast=\"auto\">\u00a0<\/span><span data-contrast=\"auto\">IES\u00a0<\/span><span data-contrast=\"auto\">participantes.<\/span><span data-ccp-props=\"{&quot;201341983&quot;:0,&quot;335559731&quot;:708,&quot;335559739&quot;:160,&quot;335559740&quot;:240}\">\u00a0<\/span><\/p>\n<p><span data-contrast=\"auto\">Entre ellos:\u00a0<\/span><span data-contrast=\"auto\">Enrique\u00a0<\/span><span data-contrast=\"auto\">Graue<\/span><span data-contrast=\"auto\">\u00a0<\/span><span data-contrast=\"auto\">Wiechers<\/span><span data-contrast=\"auto\">, de la UNAM;\u00a0<\/span><span data-contrast=\"auto\">Eduardo Carlos Bautista Mart\u00ednez, de la Universidad Aut\u00f3noma Benito Ju\u00e1rez de Oaxaca (UABJO); Teresa Garc\u00eda Gasca, Universidad Aut\u00f3noma de Quer\u00e9taro (UAQ); Rodolfo Su\u00e1rez Molnar, de la Universidad Aut\u00f3noma Metropolitana (UAM) sede Cuajimalpa<\/span><span data-contrast=\"auto\">, y\u00a0<\/span><span data-contrast=\"auto\">Luis Felipe Guerrero\u00a0<\/span><span data-contrast=\"auto\">Agripino<\/span><span data-contrast=\"auto\">, de la Universidad de Guanajuato<\/span><span data-contrast=\"auto\">.<\/span><span data-contrast=\"auto\">\u00a0<\/span><span data-ccp-props=\"{&quot;201341983&quot;:0,&quot;335559731&quot;:708,&quot;335559739&quot;:160,&quot;335559740&quot;:240}\">\u00a0<\/span><\/p>\n<p><span data-contrast=\"auto\">Por su parte,\u00a0<\/span><span data-contrast=\"auto\">Tamara Mart\u00ednez<\/span><span data-contrast=\"auto\">\u00a0Ruiz, titular de la Coordinaci\u00f3n para la Igualdad de G\u00e9nero (CIGU) de la UNAM, dio a conocer que este encuentro busca c<\/span><span data-contrast=\"auto\">rear espacios de reflexi\u00f3n cr\u00edtica sobre la masculinidad, las violencias y los<\/span><span data-contrast=\"auto\">\u00a0<\/span><span data-contrast=\"auto\">privilegios machistas que se reproducen en las universidades<\/span><span data-contrast=\"auto\">.<\/span><span data-ccp-props=\"{&quot;201341983&quot;:0,&quot;335559731&quot;:708,&quot;335559739&quot;:160,&quot;335559740&quot;:240}\">\u00a0<\/span><\/p>\n<p>&nbsp;<\/p>\n<div id=\"attachment_96454\" style=\"width: 732px\" class=\"wp-caption aligncenter\"><a href=\"https:\/\/www.uv.mx\/prensa\/files\/2021\/04\/290421-ENCUENTRO-MASCULINIDADES-3.jpg\"><img aria-describedby=\"caption-attachment-96454\" decoding=\"async\" loading=\"lazy\" class=\"size-full wp-image-96454\" src=\"https:\/\/www.uv.mx\/prensa\/files\/2021\/04\/290421-ENCUENTRO-MASCULINIDADES-3.jpg\" alt=\"\" width=\"722\" height=\"365\" srcset=\"https:\/\/www.uv.mx\/prensa\/files\/2021\/04\/290421-ENCUENTRO-MASCULINIDADES-3.jpg 722w, https:\/\/www.uv.mx\/prensa\/files\/2021\/04\/290421-ENCUENTRO-MASCULINIDADES-3-300x152.jpg 300w\" sizes=\"(max-width: 722px) 100vw, 722px\" \/><\/a><p id=\"caption-attachment-96454\" class=\"wp-caption-text\">Enrique\u00a0Graue\u00a0Wiechers,\u00a0Rector\u00a0de la UNAM<\/p><\/div>\n<p>&nbsp;<\/p>\n<p><span data-contrast=\"auto\">Asimismo, sobre<\/span><span data-contrast=\"auto\">\u00a0<\/span><span data-contrast=\"auto\">las apuestas de transformaci\u00f3n que los hombres estudiantes, acad\u00e9micos y<\/span><span data-contrast=\"auto\">\u00a0<\/span><span data-contrast=\"auto\">trabajadores administrativos pueden asumir para constituirse en agentes de<\/span><span data-contrast=\"auto\">\u00a0<\/span><span data-contrast=\"auto\">cambio a favor de la igualdad de g\u00e9nero en sus comunidades.<\/span><span data-ccp-props=\"{&quot;201341983&quot;:0,&quot;335559731&quot;:708,&quot;335559739&quot;:160,&quot;335559740&quot;:240}\">\u00a0<\/span><\/p>\n<p><span data-contrast=\"auto\">Reconoci\u00f3 la p<\/span><span data-contrast=\"auto\">articipaci\u00f3n y<\/span><span data-contrast=\"auto\">\u00a0compromiso<\/span><span data-contrast=\"auto\">\u00a0de\u00a0<\/span><span data-contrast=\"auto\">las\u00a0<\/span><span data-contrast=\"auto\">siete\u00a0<\/span><span data-contrast=\"auto\">IES, entre ellas la Benem\u00e9rita Universidad Aut\u00f3noma de Puebla (BUAP), a favor de la\u00a0<\/span><span data-contrast=\"auto\">igualdad de g\u00e9nero y erradicaci\u00f3n de la violencia<\/span><span data-contrast=\"auto\">.<\/span><span data-ccp-props=\"{&quot;201341983&quot;:0,&quot;335559731&quot;:708,&quot;335559739&quot;:160,&quot;335559740&quot;:240}\">\u00a0<\/span><\/p>\n<p><span data-contrast=\"auto\">Expuso que este evento no hubiera sido posible\u00a0<\/span><span data-contrast=\"auto\">sin la organizaci\u00f3n y protesta de las mujeres, de l<\/span><span data-contrast=\"auto\">o<\/span><span data-contrast=\"auto\">s colectivos feministas dentro y fuera de las universidades<\/span><span data-contrast=\"auto\">, puesto que en estos espacios tambi\u00e9n se\u00a0<\/span><span data-contrast=\"auto\">reproduce<\/span><span data-contrast=\"auto\">n<\/span><span data-contrast=\"auto\">\u00a0la desigualdad y las violencias<\/span><span data-contrast=\"auto\">.<\/span><span data-ccp-props=\"{&quot;201341983&quot;:0,&quot;335559731&quot;:708,&quot;335559739&quot;:160,&quot;335559740&quot;:240}\">\u00a0<\/span><\/p>\n<p><span data-contrast=\"auto\">Sin embargo, tambi\u00e9n son el espacio m\u00e1s importante de toda la sociedad para generar conocimiento y conciencia cr\u00edtica.<\/span><span data-ccp-props=\"{&quot;201341983&quot;:0,&quot;335559731&quot;:708,&quot;335559739&quot;:160,&quot;335559740&quot;:240}\">\u00a0<\/span><\/p>\n<p><span data-contrast=\"auto\">La funcionaria d<\/span><span data-contrast=\"auto\">estac\u00f3 la numerosa participaci\u00f3n de<\/span><span data-contrast=\"auto\">l g\u00e9nero masculino<\/span><span data-contrast=\"auto\">\u00a0en este\u00a0<\/span><span data-contrast=\"auto\">e<\/span><span data-contrast=\"auto\">ncuentro<\/span><span data-contrast=\"auto\">, pues de\u00a0<\/span><span data-contrast=\"auto\">los\u00a0<\/span><span data-contrast=\"auto\">2 mil 200 asistentes, el 46 por ciento de ellos son hombres.<\/span><span data-ccp-props=\"{&quot;201341983&quot;:0,&quot;335559731&quot;:708,&quot;335559739&quot;:160,&quot;335559740&quot;:240}\">\u00a0<\/span><\/p>\n<p>&nbsp;<\/p>\n<div id=\"attachment_96455\" style=\"width: 732px\" class=\"wp-caption aligncenter\"><a href=\"https:\/\/www.uv.mx\/prensa\/files\/2021\/04\/290421-ENCUENTRO-MASCULINIDADES-4.jpg\"><img aria-describedby=\"caption-attachment-96455\" decoding=\"async\" loading=\"lazy\" class=\"size-full wp-image-96455\" src=\"https:\/\/www.uv.mx\/prensa\/files\/2021\/04\/290421-ENCUENTRO-MASCULINIDADES-4.jpg\" alt=\"\" width=\"722\" height=\"407\" srcset=\"https:\/\/www.uv.mx\/prensa\/files\/2021\/04\/290421-ENCUENTRO-MASCULINIDADES-4.jpg 722w, https:\/\/www.uv.mx\/prensa\/files\/2021\/04\/290421-ENCUENTRO-MASCULINIDADES-4-300x169.jpg 300w\" sizes=\"(max-width: 722px) 100vw, 722px\" \/><\/a><p id=\"caption-attachment-96455\" class=\"wp-caption-text\">Tamara Mart\u00ednez\u00a0Ruiz, titular de la Coordinaci\u00f3n para la Igualdad de G\u00e9nero (CIGU) de la UNAM<\/p><\/div>\n<p>&nbsp;<\/p>\n<p><span data-contrast=\"auto\">Posteriormente, inici\u00f3 la conferencia magistral: \u201c<\/span><span data-contrast=\"auto\">El machismo y la transformaci\u00f3n de los<\/span><span data-contrast=\"auto\">\u00a0<\/span><span data-contrast=\"auto\">hombres en el siglo XX<\/span><span data-contrast=\"auto\">\u201d, impartida por\u00a0<\/span><span data-contrast=\"auto\">Michael Kaufman<\/span><span data-contrast=\"auto\">,\u00a0<\/span><span data-contrast=\"auto\">originario de Toronto<\/span><span data-contrast=\"auto\">,<\/span><span data-contrast=\"auto\">\u00a0Canad\u00e1, quien es asesor,\u00a0<\/span><span data-contrast=\"auto\">activista<\/span><span data-contrast=\"auto\">\u00a0y escritor en torno al involucramiento de los hombres en la defensa de los derechos de las mujeres, as\u00ed como la transformaci\u00f3n positiva de las propias vidas de los hombres.<\/span><span data-ccp-props=\"{&quot;201341983&quot;:0,&quot;335559731&quot;:708,&quot;335559739&quot;:160,&quot;335559740&quot;:240}\">\u00a0<\/span><\/p>\n<p><span data-contrast=\"auto\">En su ponencia<\/span><span data-contrast=\"auto\">,<\/span><span data-contrast=\"auto\">\u00a0moderada por\u00a0<\/span><span data-contrast=\"auto\">Benno<\/span><span data-contrast=\"auto\">\u00a0de\u00a0<\/span><span data-contrast=\"auto\">Keijzer<\/span><span data-contrast=\"auto\">,\u00a0<\/span><span data-contrast=\"auto\">catedr\u00e1tico, profesor e\u00a0<\/span><span data-contrast=\"auto\">investigador<\/span><span data-contrast=\"auto\">\u00a0<\/span><span data-contrast=\"auto\">de<\/span><span data-contrast=\"auto\">l Instituto de Salud P\u00fablica (ISP) de<\/span><span data-contrast=\"auto\">\u00a0la UV<\/span><span data-contrast=\"auto\">, destac\u00f3 que<\/span><span data-contrast=\"auto\">\u00a0<\/span><span data-contrast=\"auto\">en M\u00e9xico<\/span><span data-contrast=\"auto\">\u00a0<\/span><span data-contrast=\"auto\">diariamente 10 mujeres son masacradas por un hombre\u00a0<\/span><span data-contrast=\"auto\">al interior de<\/span><span data-contrast=\"auto\">\u00a0una relaci\u00f3n.<\/span><span data-ccp-props=\"{&quot;201341983&quot;:0,&quot;335559731&quot;:708,&quot;335559739&quot;:160,&quot;335559740&quot;:240}\">\u00a0<\/span><\/p>\n<p><span data-contrast=\"auto\">Subray\u00f3 que cuando se habla de\u00a0<\/span><span data-contrast=\"auto\">violencia en contra de las mujeres<\/span><span data-contrast=\"auto\">, se traduce de igual forma en<\/span><span data-contrast=\"auto\">\u00a0feminicidios, asesinatos<\/span><span data-contrast=\"auto\">,\u00a0<\/span><span data-contrast=\"auto\">acoso sexual y violaci\u00f3n en las escuelas, trabajo, calles, abuso emocional\u00a0<\/span><span data-contrast=\"auto\">y\u00a0<\/span><span data-contrast=\"auto\">f\u00edsico<\/span><span data-contrast=\"auto\">\u00a0dentro del hogar.<\/span><span data-ccp-props=\"{&quot;201341983&quot;:0,&quot;335559731&quot;:708,&quot;335559739&quot;:160,&quot;335559740&quot;:240}\">\u00a0<\/span><\/p>\n<p><span data-contrast=\"auto\">Se refiri\u00f3 a la situaci\u00f3n de terrorismo dom\u00e9stico generado durante esta pandemia, usa<\/span><span data-contrast=\"auto\">do<\/span><span data-contrast=\"auto\">\u00a0para controlar, humillar y provocar terror en<\/span><span data-contrast=\"auto\">tre<\/span><span data-contrast=\"auto\">\u00a0este sector<\/span><span data-contrast=\"auto\">, as\u00ed como al t<\/span><span data-contrast=\"auto\">r\u00e1fico de mujeres y ni\u00f1as hacia la prostituci\u00f3n<\/span><span data-contrast=\"auto\">.<\/span><span data-contrast=\"auto\">\u00a0<\/span><span data-ccp-props=\"{&quot;201341983&quot;:0,&quot;335559731&quot;:708,&quot;335559739&quot;:160,&quot;335559740&quot;:240}\">\u00a0<\/span><\/p>\n<p><span data-contrast=\"auto\">Benno\u00a0de\u00a0Keijzer<\/span><span data-contrast=\"auto\">\u00a0tambi\u00e9n emiti\u00f3 un posicionamiento grupal sobre el trabajo con hombres en las universidades para erradicar los comportamientos machistas de estos\u00a0<\/span><span data-contrast=\"auto\">espacios.<\/span><span data-contrast=\"auto\">\u00a0<\/span><span data-ccp-props=\"{&quot;201341983&quot;:0,&quot;335559731&quot;:708,&quot;335559739&quot;:160,&quot;335559740&quot;:240}\">\u00a0<\/span><\/p>\n<p><span data-ccp-props=\"{&quot;201341983&quot;:0,&quot;335559731&quot;:708,&quot;335559739&quot;:160,&quot;335559740&quot;:240}\">\u00a0<\/span><\/p>\n<div id=\"attachment_96450\" style=\"width: 732px\" class=\"wp-caption aligncenter\"><a href=\"https:\/\/www.uv.mx\/prensa\/files\/2021\/04\/290421-ENCUENTRO-MASCULINIDADES-5.jpg\"><img aria-describedby=\"caption-attachment-96450\" decoding=\"async\" loading=\"lazy\" class=\"size-full wp-image-96450\" src=\"https:\/\/www.uv.mx\/prensa\/files\/2021\/04\/290421-ENCUENTRO-MASCULINIDADES-5.jpg\" alt=\"\" width=\"722\" height=\"408\" srcset=\"https:\/\/www.uv.mx\/prensa\/files\/2021\/04\/290421-ENCUENTRO-MASCULINIDADES-5.jpg 722w, https:\/\/www.uv.mx\/prensa\/files\/2021\/04\/290421-ENCUENTRO-MASCULINIDADES-5-300x170.jpg 300w\" sizes=\"(max-width: 722px) 100vw, 722px\" \/><\/a><p id=\"caption-attachment-96450\" class=\"wp-caption-text\">Michael Kaufman imparti\u00f3 la ponencia: \u201cEl machismo y la transformaci\u00f3n de los hombres en el siglo XX\u201d<\/p><\/div>\n","protected":false},"excerpt":{"rendered":"<p>\u201cEl da\u00f1o en vidas humanas en que este hecho se ha traducido es elevado, doloroso e insostenible\u201d, sostuvo\u00a0Sara Ladr\u00f3n de Guevara\u00a0<\/p>\n","protected":false},"author":1869,"featured_media":96451,"comment_status":"closed","ping_status":"closed","sticky":false,"template":"","format":"standard","meta":[],"categories":[61],"tags":[],"_links":{"self":[{"href":"https:\/\/www.uv.mx\/prensa\/wp-json\/wp\/v2\/posts\/96449"}],"collection":[{"href":"https:\/\/www.uv.mx\/prensa\/wp-json\/wp\/v2\/posts"}],"about":[{"href":"https:\/\/www.uv.mx\/prensa\/wp-json\/wp\/v2\/types\/post"}],"author":[{"embeddable":true,"href":"https:\/\/www.uv.mx\/prensa\/wp-json\/wp\/v2\/users\/1869"}],"replies":[{"embeddable":true,"href":"https:\/\/www.uv.mx\/prensa\/wp-json\/wp\/v2\/comments?post=96449"}],"version-history":[{"count":1,"href":"https:\/\/www.uv.mx\/prensa\/wp-json\/wp\/v2\/posts\/96449\/revisions"}],"predecessor-version":[{"id":96844,"href":"https:\/\/www.uv.mx\/prensa\/wp-json\/wp\/v2\/posts\/96449\/revisions\/96844"}],"wp:featuredmedia":[{"embeddable":true,"href":"https:\/\/www.uv.mx\/prensa\/wp-json\/wp\/v2\/media\/96451"}],"wp:attachment":[{"href":"https:\/\/www.uv.mx\/prensa\/wp-json\/wp\/v2\/media?parent=96449"}],"wp:term":[{"taxonomy":"category","embeddable":true,"href":"https:\/\/www.uv.mx\/prensa\/wp-json\/wp\/v2\/categories?post=96449"},{"taxonomy":"post_tag","embeddable":true,"href":"https:\/\/www.uv.mx\/prensa\/wp-json\/wp\/v2\/tags?post=96449"}],"curies":[{"name":"wp","href":"https:\/\/api.w.org\/{rel}","templated":true}]}}