{"id":96466,"date":"2021-04-29T19:52:00","date_gmt":"2021-04-30T00:52:00","guid":{"rendered":"https:\/\/www.uv.mx\/prensa\/?p=96466"},"modified":"2021-05-06T12:34:44","modified_gmt":"2021-05-06T17:34:44","slug":"academia-se-pronuncia-por-pluralidad-y-gobernanza-colaborativa-en-ley-de-cti","status":"publish","type":"post","link":"https:\/\/www.uv.mx\/prensa\/general\/academia-se-pronuncia-por-pluralidad-y-gobernanza-colaborativa-en-ley-de-cti\/","title":{"rendered":"Academia se pronuncia por pluralidad y gobernanza colaborativa en Ley de CTI"},"content":{"rendered":"<ul>\n<li data-leveltext=\"\uf0b7\" data-font=\"Symbol\" data-listid=\"3\" data-aria-posinset=\"1\" data-aria-level=\"1\"><i><span data-contrast=\"none\">Al<\/span><\/i><i><span data-contrast=\"none\">berto Olvera destac<\/span><\/i><i><span data-contrast=\"none\">\u00f3<\/span><\/i><i><span data-contrast=\"none\">\u00a0la necesidad de la autocr\u00edtica al interior de las\u00a0<\/span><\/i><i><span data-contrast=\"none\">universidades<\/span><\/i><span data-ccp-props=\"{&quot;134233279&quot;:true}\">\u00a0<\/span><\/li>\n<\/ul>\n<p><span data-ccp-props=\"{}\">\u00a0<\/span><\/p>\n<div id=\"attachment_96467\" style=\"width: 732px\" class=\"wp-caption aligncenter\"><a href=\"https:\/\/www.uv.mx\/prensa\/files\/2021\/04\/280421-KARINA-Foro-Interuniversitario-Mesa-3-100k.jpg\"><img aria-describedby=\"caption-attachment-96467\" decoding=\"async\" loading=\"lazy\" class=\"size-full wp-image-96467\" src=\"https:\/\/www.uv.mx\/prensa\/files\/2021\/04\/280421-KARINA-Foro-Interuniversitario-Mesa-3-100k.jpg\" alt=\"Acad\u00e9micos destacaron la importancia de no confundir la agenda de Estado con relaci\u00f3n a la CTI, a la de un gobierno en turno \" width=\"722\" height=\"403\" srcset=\"https:\/\/www.uv.mx\/prensa\/files\/2021\/04\/280421-KARINA-Foro-Interuniversitario-Mesa-3-100k.jpg 722w, https:\/\/www.uv.mx\/prensa\/files\/2021\/04\/280421-KARINA-Foro-Interuniversitario-Mesa-3-100k-300x167.jpg 300w\" sizes=\"(max-width: 722px) 100vw, 722px\" \/><\/a><p id=\"caption-attachment-96467\" class=\"wp-caption-text\">Acad\u00e9micos destacaron la importancia de no confundir la agenda de Estado con relaci\u00f3n a la CTI, a la de un gobierno en turno<\/p><\/div>\n<p>&nbsp;<\/p>\n<p><b><i><span data-contrast=\"none\">Karina de la Paz Reyes D\u00edaz<\/span><\/i><\/b><span data-ccp-props=\"{}\">\u00a0<\/span><\/p>\n<p><b><i><span data-contrast=\"none\">2<\/span><\/i><\/b><b><i><span data-contrast=\"none\">9<\/span><\/i><\/b><b><i><span data-contrast=\"none\">\/0<\/span><\/i><\/b><b><i><span data-contrast=\"none\">4\/2021, Xalapa,\u00a0<\/span><\/i><\/b><b><i><span data-contrast=\"none\">Ver.-<\/span><\/i><\/b><span data-contrast=\"none\">\u00a0<\/span><span data-contrast=\"none\">Como parte del\u00a0<\/span><span data-contrast=\"none\">Foro Interuniversitario \u201c<a href=\"https:\/\/www.uv.mx\/investigacion\/general\/jornadas-de-reflexion-sobre-el-sistema-de-cti\/\" target=\"_blank\" rel=\"noopener\">Jornadas de reflexi\u00f3n sobre el sistema de ciencia, tecnolog\u00eda e innovaci\u00f3n que demanda el futuro\u201d<\/a>, organizado por instituciones de educaci\u00f3n superior (IES) del pa\u00eds, p\u00fablicas y privadas<\/span><span data-contrast=\"none\">,\u00a0<\/span><span data-contrast=\"none\">la academia\u00a0<\/span><span data-contrast=\"none\">re<\/span><span data-contrast=\"none\">flexion\u00f3 en torno al gobierno y gobernanza\u00a0<\/span><span data-contrast=\"none\">en tal rubr<\/span><span data-contrast=\"none\">o,\u00a0<\/span><span data-contrast=\"none\">c<\/span><span data-contrast=\"none\">oinc<\/span><span data-contrast=\"none\">idien<\/span><span data-contrast=\"none\">do<\/span><span data-contrast=\"none\">\u00a0en la importancia de la horizontalidad, pluralidad\u00a0<\/span><span data-contrast=\"none\">y que\u00a0<\/span><span data-contrast=\"none\">no debe confundirse la agenda de Estado con la de un gobierno<\/span><span data-contrast=\"none\">, por citar algunos puntos.<\/span><span data-ccp-props=\"{}\">\u00a0<\/span><\/p>\n<p><span data-contrast=\"none\">La M<\/span><span data-contrast=\"none\">esa 3\u00a0<\/span><span data-contrast=\"none\">\u201cGobierno y gobernanza del sistema de\u00a0<\/span><span data-contrast=\"none\">Ciencia, Tecnolog\u00eda e Innovaci\u00f3n (<\/span><span data-contrast=\"none\">CTI<\/span><span data-contrast=\"none\">)\u201d, desarrollada el\u00a0<\/span><span data-contrast=\"none\">27 de abril<\/span><span data-contrast=\"none\">\u00a0por la plataforma\u00a0<\/span><a href=\"https:\/\/www.facebook.com\/IberoInvestiga\"><span data-contrast=\"none\">https:\/\/www.facebook.com\/IberoInvestiga<\/span><\/a><span data-contrast=\"none\">,\u00a0<\/span><span data-contrast=\"none\">analiz\u00f3<\/span><span data-contrast=\"none\">\u00a0las caracter\u00edsticas que debe tener el gobierno del sistema nacional de CTI, y las formas de participaci\u00f3n apropiadas de las comunidades para asegurar una gobernanza m\u00e1s democr\u00e1tica del sistema<\/span><span data-contrast=\"none\">, a\u00a0<\/span><span data-contrast=\"none\">prop\u00f3sito\u00a0<\/span><span data-contrast=\"none\">de la nueva ley<\/span><span data-contrast=\"none\">\u00a0en la materia, que se impulsa para el pa\u00eds.<\/span><span data-ccp-props=\"{}\">\u00a0<\/span><\/p>\n<p><span data-contrast=\"none\">Gabriela\u00a0<\/span><span data-contrast=\"none\">Dutr\u00e9nit<\/span><span data-contrast=\"none\">,<\/span><span data-contrast=\"none\">\u00a0de la Universidad Aut\u00f3noma de M<\/span><span data-contrast=\"none\">etropolitana<\/span><span data-contrast=\"none\">\u00a0(<\/span><span data-contrast=\"none\">UAM<\/span><span data-contrast=\"none\">)<\/span><span data-contrast=\"none\">,<\/span><span data-contrast=\"none\">\u00a0centr\u00f3<\/span><span data-contrast=\"none\">\u00a0<\/span><span data-contrast=\"none\">su participaci\u00f3n en cuatro puntos:<\/span><span data-contrast=\"none\">\u00a0<\/span><span data-contrast=\"none\">se requiere una\u00a0<\/span><span data-contrast=\"none\">po<\/span><span data-contrast=\"none\">l\u00edtica de Estado en CTI<\/span><span data-contrast=\"none\">\u00a0de largo plazo e independiente de las administraciones;\u00a0<\/span><span data-contrast=\"none\">que la gobernanza\u00a0<\/span><span data-contrast=\"none\">de<\/span><span data-contrast=\"none\">\u00a0este\u00a0<\/span><span data-contrast=\"none\">sis<\/span><span data-contrast=\"none\">tema\u00a0<\/span><span data-contrast=\"none\">est\u00e9 basada en el principio de participaci\u00f3n p\u00fablica<\/span><span data-contrast=\"none\">,\u00a0<\/span><span data-contrast=\"none\">un di\u00e1logo amplio entre los actores;\u00a0<\/span><span data-contrast=\"none\">para que \u00e9sta se pueda dar en la pr\u00e1ctica se\u00a0<\/span><span data-contrast=\"none\">necesita tener un \u00f3rgano de consulta y participaci\u00f3n aut\u00f3nomo, que genere consensos y exprese las voces de las\u00a0<\/span><span data-contrast=\"none\">comunidades involucradas.<\/span><span data-ccp-props=\"{&quot;335559731&quot;:708}\">\u00a0<\/span><\/p>\n<p><span data-contrast=\"none\">Un cuarto planteamiento vers\u00f3<\/span><span data-contrast=\"none\">\u00a0en que detallar que el gobierno de la CTI debe basarse en comit\u00e9s estrat\u00e9gicos que tengan participaci\u00f3n p\u00fablica, pero<\/span><span data-contrast=\"none\">\u00a0para que<\/span><span data-contrast=\"none\">\u00a0\u00e9sta\u00a0<\/span><span data-contrast=\"none\">se concrete, los\u00a0<\/span><span data-contrast=\"none\">organismos de consulta y participaci\u00f3n deben tener voz y voto, al nivel que est\u00e9n (federal,\u00a0<\/span><span data-contrast=\"none\">estatal, municipal).<\/span><span data-ccp-props=\"{&quot;335559731&quot;:708}\">\u00a0<\/span><\/p>\n<p><span data-contrast=\"none\">Continu\u00f3\u00a0<\/span><span data-contrast=\"none\">Jes\u00fas\u00a0<\/span><span data-contrast=\"none\">Guillermo Funes<\/span><span data-contrast=\"none\">,<\/span><span data-contrast=\"none\">\u00a0<\/span><span data-contrast=\"none\">presidente\u00a0<\/span><span data-contrast=\"none\">de la Asociaci\u00f3n Mexicana de Directivos de\u00a0<\/span><span data-contrast=\"none\">la\u00a0<\/span><span data-contrast=\"none\">Investigaci\u00f3n Aplicada y el Desarrollo Tecnol\u00f3gico, A. C.<\/span><span data-contrast=\"none\">, vicepresidente de la<\/span><span data-contrast=\"none\">\u00a0Confederaci\u00f3n de C\u00e1maras\u00a0<\/span><span data-contrast=\"none\">Industriales de los Estados Unidos Mexicanos\u00a0<\/span><span data-contrast=\"none\">y coordinador general del Foro<\/span><span data-contrast=\"none\">\u00a0<\/span><span data-contrast=\"none\">del Foro Consultivo Cient\u00edfico y Tecnol\u00f3gico (<\/span><span data-contrast=\"none\">FCCyT<\/span><span data-contrast=\"none\">)<\/span><span data-contrast=\"none\">.<\/span><span data-ccp-props=\"{&quot;335559731&quot;:708}\">\u00a0<\/span><\/p>\n<p><span data-contrast=\"none\">Dijo que<\/span><span data-contrast=\"none\">\u00a0<\/span><span data-contrast=\"none\">la CTI\u00a0<\/span><span data-contrast=\"none\">son<\/span><span data-contrast=\"none\">\u00a0fundamentales y estrat\u00e9gicos para cualquier pa\u00eds\u00a0<\/span><span data-contrast=\"none\">y sobre los cuales el mundo se desarrolla,\u00a0<\/span><span data-contrast=\"none\">por ello deben tener la m\u00e1s alta prioridad en\u00a0<\/span><span data-contrast=\"none\">el dise\u00f1o de cualquier pol\u00edtica p\u00fablica.<\/span><span data-ccp-props=\"{&quot;335559731&quot;:708}\">\u00a0<\/span><\/p>\n<p><span data-contrast=\"none\">\u201c<\/span><span data-contrast=\"none\">Deb<\/span><span data-contrast=\"none\">emos entender que la oferta viene de parte de las universidades, de los centros de investigaci\u00f3n, hay que potenciarlos,\u00a0<\/span><span data-contrast=\"none\">fortalecerlos, dotarlos del suficiente presupuesto para que puedan generar\u00a0<\/span><span data-contrast=\"none\">un\u00a0<\/span><span data-contrast=\"none\">nuev<\/span><span data-contrast=\"none\">o<\/span><span data-contrast=\"none\">\u00a0curr\u00edculo que se<\/span><span data-contrast=\"none\">a<\/span><span data-contrast=\"none\">\u00a0acorde con las necesidades<\/span><span data-contrast=\"none\">\u201d, a\u00f1adi\u00f3 Funes.<\/span><span data-ccp-props=\"{&quot;335559731&quot;:708}\">\u00a0<\/span><\/p>\n<p><span data-contrast=\"none\">Aclar\u00f3 que el financiamiento no necesariamente debe<\/span><span data-contrast=\"none\">\u00a0ser, en su totalidad, del gobierno, pues si bien \u00e9ste \u201c<\/span><span data-contrast=\"none\">d<\/span><span data-contrast=\"none\">ebe poner un<\/span><span data-contrast=\"none\">a<\/span><span data-contrast=\"none\">\u00a0cantidad importante para fortalecer universidades<\/span><span data-contrast=\"none\">, investigaci\u00f3n y formaci\u00f3n de recursos humanos\u201d, tambi\u00e9n es neces<\/span><span data-contrast=\"none\">ario considerar al sector privado para avanzar en\u00a0<\/span><span data-contrast=\"none\">CTI.<\/span><span data-ccp-props=\"{&quot;335559731&quot;:708}\">\u00a0<\/span><\/p>\n<p><span data-contrast=\"none\">Cristina Puga<\/span><span data-contrast=\"none\">, de la\u00a0<\/span><span data-contrast=\"none\">Univer<\/span><span data-contrast=\"none\">s<\/span><span data-contrast=\"none\">idad Nacional Aut\u00f3noma de M\u00e9xico (<\/span><span data-contrast=\"none\">UNAM<\/span><span data-contrast=\"none\">)<\/span><span data-contrast=\"none\">,<\/span><span data-contrast=\"none\">\u00a0subray\u00f3 una coincidencia en todas<\/span><span data-contrast=\"none\">\u00a0las mesas desarrolla<\/span><span data-contrast=\"none\">da<\/span><span data-contrast=\"none\">s en este f<\/span><span data-contrast=\"none\">oro, sobre\u00a0<\/span><span data-contrast=\"none\">la necesidad de una amplia participaci\u00f3n para\u00a0<\/span><span data-contrast=\"none\">fortalecer la ciencia mexicana.\u00a0<\/span><span data-contrast=\"none\">Precisamente, dijo,\u00a0<\/span><span data-contrast=\"none\">la\u00a0<\/span><span data-contrast=\"none\">gobernanza es m\u00e1s que\u00a0<\/span><span data-contrast=\"none\">la\u00a0<\/span><span data-contrast=\"none\">conducci\u00f3n de un proceso y que<\/span><span data-contrast=\"none\">\u00a0la<\/span><span data-contrast=\"none\">\u00a0<\/span><span data-contrast=\"none\">gobernabilidad<\/span><span data-contrast=\"none\">,\u00a0<\/span><span data-contrast=\"none\">\u201ces coordinaci\u00f3n y la din\u00e1mica social misma la ha vuelto indispensable\u201d.\u00a0<\/span><span data-contrast=\"none\">O<\/span><span data-contrast=\"none\">pin\u00f3<\/span><span data-contrast=\"none\">\u00a0que<\/span><span data-contrast=\"none\">\u00a0<\/span><span data-contrast=\"none\">el\u00a0<\/span><span data-contrast=\"none\">FCCyT<\/span><span data-contrast=\"none\">\u00a0es un espacio de go<\/span><span data-contrast=\"none\">bernanza y se pronu<\/span><span data-contrast=\"none\">nci\u00f3 por reforzarlo nuevamente.<\/span><span data-ccp-props=\"{&quot;335559731&quot;:708}\">\u00a0<\/span><\/p>\n<p><span data-contrast=\"none\">Al hablar de<\/span><span data-contrast=\"none\">\u00a0\u00f3rganos espec\u00edficos\u00a0<\/span><span data-contrast=\"none\">en materia de CTI,\u00a0<\/span><span data-contrast=\"none\">con presencia<\/span><span data-contrast=\"none\">\u00a0de universidades, centros de investigaci\u00f3n<\/span><span data-contrast=\"none\">\u00a0y<\/span><span data-contrast=\"none\">\u00a0la industria<\/span><span data-contrast=\"none\">\u00a0<\/span><span data-contrast=\"none\">en los tres niveles de gobiern<\/span><span data-contrast=\"none\">o,\u00a0<\/span><span data-contrast=\"none\">expuso\u00a0<\/span><span data-contrast=\"none\">varias\u00a0<\/span><span data-contrast=\"none\">caracter\u00edsticas: horizontalidad,\u00a0<\/span><span data-contrast=\"none\">inclusividad<\/span><span data-contrast=\"none\">,\u00a0<\/span><span data-contrast=\"none\">pluralidad,\u00a0<\/span><span data-contrast=\"none\">sensibilidad social<\/span><span data-contrast=\"none\">; as\u00ed como\u00a0<\/span><span data-contrast=\"none\">buenas pr\u00e1cticas que tienen que\u00a0<\/span><span data-contrast=\"none\">ver con la existencia de reglas, el respeto\u00a0<\/span><span data-contrast=\"none\">al conocimiento experto<\/span><span data-contrast=\"none\">,<\/span><span data-contrast=\"none\">\u00a0re<\/span><span data-contrast=\"none\">cursos y autonom\u00eda.<\/span><span data-ccp-props=\"{&quot;335559731&quot;:708}\">\u00a0<\/span><\/p>\n<p><span data-contrast=\"none\">Carlos Iv\u00e1n Moreno<\/span><span data-contrast=\"none\">, de la\u00a0<\/span><span data-contrast=\"none\">Universidad de Guadalaja<\/span><span data-contrast=\"none\">ra<\/span><span data-contrast=\"none\">,<\/span><span data-contrast=\"none\">\u00a0<\/span><span data-contrast=\"none\">habl\u00f3 de\u00a0<\/span><span data-contrast=\"none\">cuatro<\/span><span data-contrast=\"none\">\u00a0puntos\u00a0<\/span><span data-contrast=\"none\">de gobernanza,\u00a0que\u00a0a su parecer, deben est<\/span><span data-contrast=\"none\">ar<\/span><span data-contrast=\"none\">\u00a0<\/span><span data-contrast=\"none\">incorporados en la\u00a0<\/span><span data-contrast=\"none\">l<\/span><span data-contrast=\"none\">ey en materia de\u00a0<\/span><span data-contrast=\"none\">CT<\/span><span data-contrast=\"none\">I:\u00a0<\/span><span data-contrast=\"none\">c<\/span><span data-contrast=\"none\">onfianza y colaboraci\u00f3n\u00a0<\/span><span data-contrast=\"none\">con el s<\/span><span data-contrast=\"none\">ector privado y social;<\/span><span data-contrast=\"none\">\u00a0reconstruir las capacidades del E<\/span><span data-contrast=\"none\">stado,\u00a0<\/span><span data-contrast=\"none\">toda vez que\u00a0<\/span><span data-contrast=\"none\">\u201cEstado austero dif\u00edcilmente desarrolla<\/span><span data-contrast=\"none\">\u00a0ciencia de alt<\/span><span data-contrast=\"none\">o nivel y M\u00e9xico hist\u00f3ricamente ha sido an\u00e9mico<\/span><span data-contrast=\"none\">\u201d, y detall\u00f3 datos\u00a0<\/span><span data-contrast=\"none\">comparativos con otras naciones.<\/span><span data-ccp-props=\"{&quot;335559731&quot;:708}\">\u00a0<\/span><\/p>\n<p><span data-contrast=\"none\">Un tercer punto vers\u00f3 sobre\u00a0<\/span><span data-contrast=\"none\">la libertad acad\u00e9mica y el fortalecimiento de las universidades.\u00a0<\/span><span data-contrast=\"none\">Para \u00e9l,\u00a0<\/span><span data-contrast=\"none\">\u201c<\/span><span data-contrast=\"none\">n<\/span><span data-contrast=\"none\">o\u00a0<\/span><span data-contrast=\"none\">se puede concebir un sistema innovador de ciencia, tecnolog\u00eda y humanidades sin plena\u00a0<\/span><span data-contrast=\"none\">libertad acad\u00e9mica<\/span><span data-contrast=\"none\">\u201d<\/span><span data-contrast=\"none\">,<\/span><span data-contrast=\"none\">\u00a0y \u00e9sta se garantiza cuando se fortalecen las universidades y centros p\u00fablicos de investigaci\u00f3n<\/span><span data-contrast=\"none\">.<\/span><span data-ccp-props=\"{&quot;335559731&quot;:708}\">\u00a0<\/span><\/p>\n<p><span data-contrast=\"none\">El \u00faltimo punto se\u00a0<\/span><span data-contrast=\"none\">refiri\u00f3 a<\/span><span data-contrast=\"none\">\u00a0<\/span><span data-contrast=\"none\">la inversi\u00f3n:\u00a0<\/span><span data-contrast=\"none\">\u201cNo\u00a0<\/span><span data-contrast=\"none\">podemos hablar de desarrollo,\u00a0<\/span><span data-contrast=\"none\">soberan\u00eda cient\u00edfica<\/span><span data-contrast=\"none\">,<\/span><span data-contrast=\"none\">\u00a0gratuidad ni obli<\/span><span data-contrast=\"none\">gatoriedad en educaci\u00f3n superior, por\u00a0<\/span><span data-contrast=\"none\">m\u00e1s<\/span><span data-contrast=\"none\">\u00a0deseable que esto sea, con una recaudaci\u00f3n fiscal de las m\u00e1s bajas del planet<\/span><span data-contrast=\"none\">a<\/span><span data-contrast=\"none\">\u201d; para \u00e9l<\/span><span data-contrast=\"none\">,<\/span><span data-contrast=\"none\">\u00a0el debate fiscal es imp<\/span><span data-contrast=\"none\">ostergable.<\/span><\/p>\n<p><b><span data-contrast=\"none\">Hay que incidir pol\u00edticamente: a<\/span><\/b><b><span data-contrast=\"none\">cad\u00e9mico UV<\/span><\/b><span data-ccp-props=\"{}\"><br \/>\n<\/span><span data-contrast=\"none\">En calidad de\u00a0<\/span><span data-contrast=\"none\">comentaristas participaron\u00a0<\/span><span data-contrast=\"none\">Jorge Cadena<\/span><span data-contrast=\"none\">,<\/span><span data-contrast=\"none\">\u00a0de la\u00a0<\/span><span data-contrast=\"none\">UNAM<\/span><span data-contrast=\"none\">;<\/span><span data-contrast=\"none\">\u00a0<\/span><span data-contrast=\"none\">Lorena Ruano<\/span><span data-contrast=\"none\">,<\/span><span data-contrast=\"none\">\u00a0del\u00a0<\/span><span data-contrast=\"none\">Centro de Investigaci\u00f3n y Docencia Econ\u00f3micas<\/span><span data-contrast=\"none\">;\u00a0<\/span><span data-contrast=\"none\">Alberto Olvera<\/span><span data-contrast=\"none\">, del\u00a0<\/span><span data-contrast=\"none\">Instituto de Investigaciones Hist\u00f3rico-Sociales<\/span><span data-contrast=\"none\">\u00a0de la Universidad Veracruzan<\/span><span data-contrast=\"none\">a<\/span><span data-contrast=\"none\">\u00a0(IIHS-<\/span><span data-contrast=\"none\">UV<\/span><span data-contrast=\"none\">)<\/span><span data-contrast=\"none\">,<\/span><span data-contrast=\"none\">\u00a0y\u00a0<\/span><span data-contrast=\"none\">Oscar Contreras<\/span><span data-contrast=\"none\">\u00a0de\u00a0<\/span><span data-contrast=\"none\">El Colegio de la Frontera Norte<\/span><span data-contrast=\"none\">.<\/span><span data-ccp-props=\"{}\">\u00a0<\/span><\/p>\n<p><span data-contrast=\"none\">Ellos\u00a0<\/span><span data-contrast=\"none\">remarcaron la importancia de la libertad de investigaci\u00f3n, la autonom\u00eda<\/span><span data-contrast=\"none\">, la necesidad\u00a0<\/span><span data-contrast=\"none\">d<\/span><span data-contrast=\"none\">e aumentar la inversi\u00f3n en la materia<\/span><span data-contrast=\"none\">\u00a0y que\u00a0<\/span><span data-contrast=\"none\">no debe confundirse la agenda de Estado con relaci\u00f3n a la CTI, a la de un gobierno en tur<\/span><span data-contrast=\"none\">no.<\/span><span data-ccp-props=\"{&quot;335559731&quot;:708}\">\u00a0<\/span><\/p>\n<p><span data-contrast=\"none\">Alberto Olvera<\/span><span data-contrast=\"none\">\u00a0<\/span><span data-contrast=\"none\">aclar\u00f3 que en los puntos tratados por los ponentes no hay desacuerdo<\/span><span data-contrast=\"none\">; la cuesti\u00f3n es \u00bfp<\/span><span data-contrast=\"none\">or qu\u00e9 si hay\u00a0<\/span><span data-contrast=\"none\">consensos,<\/span><span data-contrast=\"none\">\u00a0las cosas siempre son de otra manera<\/span><span data-contrast=\"none\">?\u00a0<\/span><span data-contrast=\"none\">E<\/span><span data-contrast=\"none\">l investigador del IIH-S<\/span><span data-contrast=\"none\">\u00a0remarc\u00f3 que\u00a0<\/span><span data-contrast=\"none\">\u201cel\u00a0<\/span><span data-contrast=\"none\">sistema cient\u00edfico tecnol\u00f3gico\u00a0<\/span><span data-contrast=\"none\">nunca<\/span><span data-contrast=\"none\">\u00a0<\/span><span data-contrast=\"none\">no ha tenido modelos de gobernanza<\/span><span data-contrast=\"none\">, ha tenido modelos de gobernabilidad\u201d.<\/span><span data-ccp-props=\"{}\">\u00a0<\/span><\/p>\n<p><span data-contrast=\"none\">Analiz\u00f3 tres puntos:\u00a0<\/span><span data-contrast=\"none\">habr\u00eda que hace<\/span><span data-contrast=\"none\">r<\/span><span data-contrast=\"none\">\u00a0una autocr\u00edtica del sistema universitari<\/span><span data-contrast=\"none\">o p\u00fablico mexicano, pues \u201cnuestras universidades tampoco se rigen por el criterio de gobernanza<\/span><span data-contrast=\"none\">, no son participativas, democr\u00e1ticas y los cient\u00edficos tenemos que andar\u00a0<\/span><span data-contrast=\"none\">peleando<\/span><span data-contrast=\"none\">\u00a0nuestro espacio y presupuesto<\/span><span data-contrast=\"none\">\u201d.<\/span><span data-ccp-props=\"{}\">\u00a0<\/span><\/p>\n<p><span data-contrast=\"none\">Es m\u00e1s, \u201chay muchas universidades p\u00fablicas que est\u00e1n da\u00f1adas\u00a0<\/span><span data-contrast=\"none\">estructuralmente por contratos colectivos absurdos firmados tres o cuatro d\u00e9cadas atr\u00e1s, por gobernadores\u00a0<\/span><span data-contrast=\"none\">irresponsables\u00a0<\/span><span data-contrast=\"none\">y l\u00edderes sindicales que no pueden ver hacia el frente, y son realmente inviables por razones laborales\u201d.<\/span><span data-ccp-props=\"{}\">\u00a0<\/span><\/p>\n<p><span data-contrast=\"none\">El segundo\u00a0<\/span><span data-contrast=\"none\">punto\u00a0<\/span><span data-contrast=\"none\">vers\u00f3 sobre el\u00a0<\/span><span data-contrast=\"none\">hecho de que se sigue sujeto a pol\u00edticas sexenales<\/span><span data-contrast=\"none\">, como la de\u00a0<\/span><span data-contrast=\"none\">reflexi\u00f3n en esta mesa<\/span><span data-contrast=\"none\">. \u201c<\/span><span data-contrast=\"none\">L<\/span><span data-contrast=\"none\">a visi\u00f3n\u00a0<\/span><span data-contrast=\"none\">del\u00a0<\/span><span data-contrast=\"none\">actual gobierno es que\u00a0<\/span><span data-contrast=\"none\">\u00e9l<\/span><span data-contrast=\"none\">\u00a0es el que debe fijar las prioridades<\/span><span data-contrast=\"none\">\u00a0cient\u00edficas, no los cient\u00edficos\u00a0<\/span><span data-contrast=\"none\">ni<\/span><span data-contrast=\"none\">\u00a0el sector privado ni los potenciales demandantes de nuestro conocimiento<\/span><span data-contrast=\"none\">, es el gobierno el que sabe y tiene la legitimidad para\u00a0<\/span><span data-contrast=\"none\">exigir\u201d.<\/span><span data-ccp-props=\"{}\">\u00a0<\/span><\/p>\n<p><span data-contrast=\"none\">Visi\u00f3n\u00a0<\/span><span data-contrast=\"none\">incorrecta no s\u00f3lo para el campo de la ciencia, sino de la sociedad<\/span><span data-contrast=\"none\">\u00a0y es m\u00e1s\u00a0<\/span><span data-contrast=\"none\">bien\u00a0<\/span><span data-contrast=\"none\">una pr\u00e1ctica autoritaria<\/span><span data-contrast=\"none\">, dijo\u00a0<\/span><span data-contrast=\"none\">el acad\u00e9mico<\/span><span data-contrast=\"none\">.<\/span><span data-ccp-props=\"{}\">\u00a0<\/span><\/p>\n<p><span data-contrast=\"none\">\u201c<\/span><span data-contrast=\"none\">El problema que enfrenta el desarrollo\u00a0<\/span><span data-contrast=\"none\">cient\u00edfico, tecnol\u00f3gico y de innovaci\u00f3n en nuestro pa\u00eds hoy, es un reflejo de una historia pasada y de c\u00f3mo se constituy\u00f3 al\u00a0<\/span><span data-contrast=\"none\">sistema universitario nacional con alt\u00edsimos costos, extraordinaria ineficiencia y poca autocr\u00edtica y menos democracia interna<\/span><span data-contrast=\"none\">,<\/span><span data-contrast=\"none\">\u00a0y luego de c\u00f3mo contin\u00faan practic\u00e1ndose pol\u00edticas sexenales sin n<\/span><span data-contrast=\"none\">inguna pol\u00edtica de Estado y en este momento no parece haber condiciones\u00a0<\/span><span data-contrast=\"none\">para que este tipo de pr\u00e1ctica cambie.\u201d<\/span><span data-ccp-props=\"{}\">\u00a0<\/span><\/p>\n<p><span data-contrast=\"none\">En ese tenor,\u00a0<\/span><span data-contrast=\"none\">el\u00a0<\/span><span data-contrast=\"none\">acad\u00e9mico<\/span><span data-contrast=\"none\">\u00a0d<\/span><span data-contrast=\"none\">e la UV exhort\u00f3 a realizar una doble operaci\u00f3n autocr\u00edtica: la que tiene que ver con las\u00a0<\/span><span data-contrast=\"none\">propias instituciones universitarias<\/span><span data-contrast=\"none\">\u00a0<\/span><span data-contrast=\"none\">y<\/span><span data-contrast=\"none\">,<\/span><span data-contrast=\"none\">\u00a0en ese proceso de intentar democratizarlas<\/span><span data-contrast=\"none\">,<\/span><span data-contrast=\"none\">\u00a0se haga lo propio con la sociedad.<\/span><span data-ccp-props=\"{}\">\u00a0<\/span><\/p>\n<p><span data-contrast=\"none\">Tal planteamiento pareciera fuera del alcance,\u00a0<\/span><span data-contrast=\"none\">dijo, no obstante,\u00a0<\/span><span data-contrast=\"none\">\u201c<\/span><span data-contrast=\"none\">est\u00e1 dentro de nuestro territorio incidir, por lo menos, en el campo de la pol\u00edtica p\u00fablica en materia\u00a0<\/span><span data-contrast=\"none\">de educaci\u00f3n superior e investigaci\u00f3n cient\u00edfica<\/span><span data-contrast=\"none\">\u201d.<\/span><span data-ccp-props=\"{}\">\u00a0<\/span><\/p>\n<p><span data-contrast=\"none\">Se trata de\u00a0<\/span><span data-contrast=\"none\">incidir pol\u00edticamente, actuar en lo p\u00fablico<\/span><span data-contrast=\"none\">\u00a0para inducir los espacios de parti<\/span><span data-contrast=\"none\">cipaci\u00f3n que \u201cimpidan que el gobierno actual imponga una pol\u00edtica que a todas luces\u00a0<\/span><span data-contrast=\"none\">no se corresponde con los princip<\/span><span data-contrast=\"none\">ios que se acaba<\/span><span data-contrast=\"none\">n de enunciar\u201d.<\/span><span data-ccp-props=\"{}\">\u00a0<\/span><\/p>\n<p><span data-contrast=\"none\">Para Alberto Olvera se est\u00e1 ante un cambio de \u00e9poca, que significa hablar con la verdad, decir las cosas\u00a0<\/span><span data-contrast=\"none\">por su nombre, evitar el lenguaje perif\u00e9rico, \u201cque es lo que sucede en las universidades\u201d<\/span><span data-contrast=\"none\">. \u201cNuestro papel no es s\u00f3lo decirle al gobierno las buenas pr\u00e1cticas en que deber\u00eda incurrir<\/span><span data-contrast=\"none\">, sino de actua<\/span><span data-contrast=\"none\">r<\/span><span data-contrast=\"none\">, de alguna forma, para poder lograr este prop\u00f3sito<\/span><span data-contrast=\"none\">,<\/span><span data-contrast=\"none\">\u00a0y eso implica empezar por nuestras propias casas<\/span><span data-contrast=\"none\">\u201d<\/span><span data-contrast=\"none\">.<\/span><span data-ccp-props=\"{}\">\u00a0<\/span><\/p>\n<p><span data-contrast=\"none\">La<\/span><span data-contrast=\"none\">\u00a0mesa fue moderada por\u00a0<\/span><span data-contrast=\"none\">Fernando Fabi\u00e1n Rosales Ortega<\/span><span data-contrast=\"none\">,\u00a0<\/span><span data-contrast=\"none\">del\u00a0<\/span><span data-contrast=\"none\">Instituto Nacional de Astrof\u00edsica, \u00d3ptica y Electr\u00f3nica.<\/span><span data-ccp-props=\"{&quot;335559731&quot;:708}\">\u00a0<\/span><\/p>\n","protected":false},"excerpt":{"rendered":"<p>Alberto Olvera, del Instituto de Investigaciones Hist\u00f3rico-Sociales, destac\u00f3 la necesidad de la autocr\u00edtica al interior de las universidades <\/p>\n","protected":false},"author":1775,"featured_media":96467,"comment_status":"closed","ping_status":"closed","sticky":false,"template":"","format":"standard","meta":[],"categories":[1],"tags":[320,537,536,2627,2583,2585,2584],"_links":{"self":[{"href":"https:\/\/www.uv.mx\/prensa\/wp-json\/wp\/v2\/posts\/96466"}],"collection":[{"href":"https:\/\/www.uv.mx\/prensa\/wp-json\/wp\/v2\/posts"}],"about":[{"href":"https:\/\/www.uv.mx\/prensa\/wp-json\/wp\/v2\/types\/post"}],"author":[{"embeddable":true,"href":"https:\/\/www.uv.mx\/prensa\/wp-json\/wp\/v2\/users\/1775"}],"replies":[{"embeddable":true,"href":"https:\/\/www.uv.mx\/prensa\/wp-json\/wp\/v2\/comments?post=96466"}],"version-history":[{"count":1,"href":"https:\/\/www.uv.mx\/prensa\/wp-json\/wp\/v2\/posts\/96466\/revisions"}],"predecessor-version":[{"id":96847,"href":"https:\/\/www.uv.mx\/prensa\/wp-json\/wp\/v2\/posts\/96466\/revisions\/96847"}],"wp:featuredmedia":[{"embeddable":true,"href":"https:\/\/www.uv.mx\/prensa\/wp-json\/wp\/v2\/media\/96467"}],"wp:attachment":[{"href":"https:\/\/www.uv.mx\/prensa\/wp-json\/wp\/v2\/media?parent=96466"}],"wp:term":[{"taxonomy":"category","embeddable":true,"href":"https:\/\/www.uv.mx\/prensa\/wp-json\/wp\/v2\/categories?post=96466"},{"taxonomy":"post_tag","embeddable":true,"href":"https:\/\/www.uv.mx\/prensa\/wp-json\/wp\/v2\/tags?post=96466"}],"curies":[{"name":"wp","href":"https:\/\/api.w.org\/{rel}","templated":true}]}}