{"id":96479,"date":"2021-04-30T08:50:41","date_gmt":"2021-04-30T13:50:41","guid":{"rendered":"https:\/\/www.uv.mx\/prensa\/?p=96479"},"modified":"2021-05-06T12:38:10","modified_gmt":"2021-05-06T17:38:10","slug":"unidos-ante-toda-diferencia-se-debe-construir-a-la-nacion-juristas","status":"publish","type":"post","link":"https:\/\/www.uv.mx\/prensa\/general\/unidos-ante-toda-diferencia-se-debe-construir-a-la-nacion-juristas\/","title":{"rendered":"Unidos ante toda diferencia se debe construir a la naci\u00f3n: juristas"},"content":{"rendered":"<ul>\n<li data-leveltext=\"\uf0b7\" data-font=\"Symbol\" data-listid=\"7\" data-aria-posinset=\"1\" data-aria-level=\"1\"><i><span data-contrast=\"auto\">Especialistas de las ciencias jur\u00eddica, pol\u00edtica y econ\u00f3mica,<\/span><\/i> <i><span data-contrast=\"auto\">colaboraron en libro\u00a0<\/span><\/i><span class=\"TextRun BCX4 SCXW237544605\" lang=\"ES-ES\" xml:lang=\"ES-ES\" data-contrast=\"auto\"><span class=\"NormalTextRun BCX4 SCXW237544605\">Estudios contempor\u00e1neos sobre gobernanza y pol\u00edticas p\u00fablicas con perspectiva de derechos humanos<em>,<\/em><\/span><\/span><i><span data-contrast=\"auto\">\u00a0coeditado por\u00a0l<span class=\"TextRun BCX4 SCXW237544605\" lang=\"ES-ES\" xml:lang=\"ES-ES\" data-contrast=\"auto\"><span class=\"NormalTextRun BCX4 SCXW237544605\">a Universidad Veracruzana<\/span><\/span><span class=\"TextRun BCX4 SCXW237544605\" lang=\"ES-ES\" xml:lang=\"ES-ES\" data-contrast=\"auto\"><span class=\"NormalTextRun BCX4 SCXW237544605\">\u00a0y la Universidad de Xalapa<\/span><\/span><\/span><\/i><\/li>\n<\/ul>\n<p>&nbsp;<\/p>\n<div id=\"attachment_96480\" style=\"width: 865px\" class=\"wp-caption aligncenter\"><a href=\"https:\/\/www.uv.mx\/prensa\/files\/2021\/04\/300421-Coloquio-gobernanza.jpg\"><img aria-describedby=\"caption-attachment-96480\" decoding=\"async\" loading=\"lazy\" class=\"size-full wp-image-96480\" src=\"https:\/\/www.uv.mx\/prensa\/files\/2021\/04\/300421-Coloquio-gobernanza.jpg\" alt=\"\" width=\"855\" height=\"481\" srcset=\"https:\/\/www.uv.mx\/prensa\/files\/2021\/04\/300421-Coloquio-gobernanza.jpg 855w, https:\/\/www.uv.mx\/prensa\/files\/2021\/04\/300421-Coloquio-gobernanza-300x169.jpg 300w, https:\/\/www.uv.mx\/prensa\/files\/2021\/04\/300421-Coloquio-gobernanza-768x432.jpg 768w\" sizes=\"(max-width: 855px) 100vw, 855px\" \/><\/a><p id=\"caption-attachment-96480\" class=\"wp-caption-text\">Acad\u00e9micos de la UV y UX participan en el Coloquio virtual \u201cGobernanza y pol\u00edticas p\u00fablicas con perspectiva de derechos humanos\u201d<\/p><\/div>\n<p>&nbsp;<\/p>\n<p><b><i><span data-contrast=\"auto\">Jos\u00e9 Luis <\/span><\/i><\/b><b><i><span data-contrast=\"auto\">Couttolenc<\/span><\/i><\/b> <b><i><span data-contrast=\"auto\">Soto<\/span><\/i><\/b><span data-ccp-props=\"{&quot;201341983&quot;:0,&quot;335559739&quot;:200,&quot;335559740&quot;:240}\">\u00a0<\/span><\/p>\n<p><b><i><span data-contrast=\"auto\">30<\/span><\/i><\/b><b><i><span data-contrast=\"auto\">\/0<\/span><\/i><\/b><b><i><span data-contrast=\"auto\">4\/2021, Xalapa, Ver.-<\/span><\/i><\/b><span data-contrast=\"auto\"> La Universidad Veracruzana (UV)<\/span><span data-contrast=\"auto\">,<\/span><span data-contrast=\"auto\"> a trav\u00e9s del <a href=\"https:\/\/www.uv.mx\/iij\/\" target=\"_blank\" rel=\"noopener\">Instituto de Investigaciones Jur\u00eddicas<\/a> (IIJ)<\/span><span data-contrast=\"auto\">,<\/span><span data-contrast=\"auto\"> y la Universidad de Xalapa (UX) coeditaron el libro <\/span><i><span data-contrast=\"auto\">Estudios contempor\u00e1neos sobre gobernanza y pol\u00edticas p\u00fablicas con perspectiva de derechos humanos<\/span><\/i><span data-contrast=\"auto\">, <\/span><span data-contrast=\"auto\">en el que docentes de ambas instituciones, estudiosos de las ciencias jur\u00eddica, pol\u00edtica y econ\u00f3mica, colaboran con interesantes art\u00edculos.<\/span><span data-ccp-props=\"{&quot;201341983&quot;:0,&quot;335559739&quot;:200,&quot;335559740&quot;:240}\">\u00a0<\/span><\/p>\n<p><span data-contrast=\"auto\">La <\/span><span data-contrast=\"auto\">obra<\/span> <span data-contrast=\"auto\">fue coordinada por los investigadores Carlos Antonio V\u00e1zquez Azuara y Jos\u00e9 Guadalupe Altamirano Castro<\/span><span data-contrast=\"auto\">.<\/span><span data-ccp-props=\"{&quot;201341983&quot;:0,&quot;335559739&quot;:200,&quot;335559740&quot;:240}\">\u00a0<\/span><\/p>\n<p><span data-contrast=\"auto\">Los <\/span><span data-contrast=\"auto\">articulistas<\/span> <span data-contrast=\"auto\">Alicia Corina<\/span><span data-contrast=\"auto\">,<\/span><span data-contrast=\"auto\"> K<\/span><span data-contrast=\"auto\">arla Paola Garc\u00eda Moyano Romero y Fernando Hern\u00e1ndez Flores <\/span><span data-contrast=\"auto\">participaron en el Coloquio <\/span><span data-contrast=\"auto\">V<\/span><span data-contrast=\"auto\">irtual \u201cGobernanza y <\/span><span data-contrast=\"auto\">p<\/span><span data-contrast=\"auto\">ol\u00edticas <\/span><span data-contrast=\"auto\">p<\/span><span data-contrast=\"auto\">\u00fablicas con <\/span><span data-contrast=\"auto\">p<\/span><span data-contrast=\"auto\">erspectiva de <\/span><span data-contrast=\"auto\">d<\/span><span data-contrast=\"auto\">erechos <\/span><span data-contrast=\"auto\">h<\/span><span data-contrast=\"auto\">umanos\u201d, organizado por el IIJ y la UX.<\/span><span data-ccp-props=\"{&quot;201341983&quot;:0,&quot;335559731&quot;:708,&quot;335559739&quot;:200,&quot;335559740&quot;:240}\">\u00a0<\/span><\/p>\n<p><span data-contrast=\"auto\">El mi\u00e9rcoles 28 de abril Garc\u00eda Moyano Romero, coautora del trabajo \u201cLa gesti\u00f3n gubernamental con visi\u00f3n de derechos humanos\u201d,<\/span><span data-contrast=\"auto\"> expres<\/span><span data-contrast=\"auto\">\u00f3 <\/span><span data-contrast=\"auto\">que su colaboraci\u00f3n tiene como prop\u00f3sito exponer el papel que desempe\u00f1an los<\/span> <span data-contrast=\"auto\">derechos humanos<\/span> <span data-contrast=\"auto\">(<\/span><span data-contrast=\"auto\">D<\/span><span data-contrast=\"auto\">DH<\/span><span data-contrast=\"auto\">H<\/span><span data-contrast=\"auto\">)<\/span> <span data-contrast=\"auto\">en<\/span><span data-contrast=\"auto\"> el \u00e1mbito gubernamental, resaltando la importancia que han cobrado en los a\u00f1os recientes<\/span><span data-contrast=\"auto\">.<\/span><span data-ccp-props=\"{&quot;201341983&quot;:0,&quot;335559739&quot;:200,&quot;335559740&quot;:240}\">\u00a0<\/span><\/p>\n<p><span data-contrast=\"auto\">El art\u00edculo aborda<\/span><span data-contrast=\"auto\"> tambi\u00e9n la reforma <\/span><span data-contrast=\"auto\">de <\/span><span data-contrast=\"auto\">2011<\/span> <span data-contrast=\"auto\">a la Constituci\u00f3n, los tratados internacionales de los que M\u00e9xico <\/span><span data-contrast=\"auto\">forma<\/span><span data-contrast=\"auto\"> parte, as\u00ed como los organismos facultados para vigilar el cumplimiento de lo establecido.<\/span><span data-ccp-props=\"{&quot;201341983&quot;:0,&quot;335559739&quot;:200,&quot;335559740&quot;:240}\">\u00a0<\/span><\/p>\n<p><span data-contrast=\"auto\">Tambi\u00e9n<\/span> <span data-contrast=\"auto\">asienta <\/span><span data-contrast=\"auto\">que los D<\/span><span data-contrast=\"auto\">DH<\/span><span data-contrast=\"auto\">H est\u00e1n presentes en la normatividad que nos rige<\/span><span data-contrast=\"auto\"> y est\u00e1n <\/span><span data-contrast=\"auto\">considerados en las actividades que lleva a cabo el gobierno, por <\/span><span data-contrast=\"auto\">el<\/span><span data-contrast=\"auto\">lo es importante estar informados sobre la materia<\/span><span data-contrast=\"auto\"> para<\/span> <span data-contrast=\"auto\">reconocer<\/span><span data-contrast=\"auto\">los<\/span><span data-contrast=\"auto\"> y hacer<\/span><span data-contrast=\"auto\">los<\/span><span data-contrast=\"auto\"> v\u00e1lidos en todo momento.<\/span><span data-ccp-props=\"{&quot;201341983&quot;:0,&quot;335559739&quot;:200,&quot;335559740&quot;:240}\">\u00a0<\/span><\/p>\n<p><span data-contrast=\"auto\">Por su parte Fernando Hern\u00e1ndez<\/span><span data-contrast=\"auto\"> Flores<\/span><span data-contrast=\"auto\">, jurista conocido tambi\u00e9n como \u201c<\/span><span data-contrast=\"auto\">Tepetototl<\/span><span data-contrast=\"auto\">\u201d (ave de la monta\u00f1a), <\/span><span data-contrast=\"auto\">expuso <\/span><span data-contrast=\"auto\">el <\/span><span data-contrast=\"auto\">trabajo <\/span><span data-contrast=\"auto\">\u201cGobernanza, derechos humanos e interculturalidad\u201d<\/span><span data-contrast=\"auto\">;<\/span><span data-contrast=\"auto\"> mencion<\/span><span data-contrast=\"auto\">\u00f3<\/span><span data-contrast=\"auto\"> que la participaci\u00f3n ciudadana es necesaria para el fortalecimiento de un sistema de go<\/span><span data-contrast=\"auto\">bierno, en el que<\/span><span data-contrast=\"auto\"> las pol\u00edticas p\u00fablicas deben ser encauzadas hacia una gobernabilidad democr\u00e1tica, donde la ciudadan\u00eda<\/span><span data-contrast=\"auto\"> est\u00e9 considerada, incluida<\/span><span data-contrast=\"auto\"> e<\/span><span data-contrast=\"auto\"> involucrada<\/span><span data-contrast=\"auto\">.<\/span><span data-ccp-props=\"{&quot;201341983&quot;:0,&quot;335559739&quot;:200,&quot;335559740&quot;:240}\">\u00a0<\/span><\/p>\n<p><span data-contrast=\"auto\">El miembro de la Academ<\/span><span data-contrast=\"auto\">ia de la Funci\u00f3n P\u00fablica y los S<\/span><span data-contrast=\"auto\">istemas <\/span><span data-contrast=\"auto\">A<\/span><span data-contrast=\"auto\">nticorrupci\u00f3n de la UX,<\/span><span data-contrast=\"auto\"> menciona en su art\u00edculo que <\/span><span data-contrast=\"auto\">e<\/span><span data-contrast=\"auto\">n el P<\/span><span data-contrast=\"auto\">arque <\/span><span data-contrast=\"auto\">T<\/span><span data-contrast=\"auto\">em\u00e1tico <\/span><i><span data-contrast=\"auto\">Takil<\/span><\/i><i><span data-contrast=\"auto\">hsu<\/span><\/i><i><span data-contrast=\"auto\">kut<\/span><\/i><span data-contrast=\"auto\">, cerca de la zona arqueol\u00f3gica <\/span><span data-contrast=\"auto\">El<\/span><span data-contrast=\"auto\"> Taj\u00edn<\/span><span data-contrast=\"auto\">,<\/span><span data-contrast=\"auto\"> existe una estructura organizativa <\/span><span data-contrast=\"auto\">conocida<\/span><span data-contrast=\"auto\"> como Conse<\/span><span data-contrast=\"auto\">jo Supremo Tradicional Totonaco, que en su momento presidi\u00f3 el l\u00edder moral ind\u00edgena Juan <\/span><span data-contrast=\"auto\">Simbr\u00f3n<\/span><span data-contrast=\"auto\"> M\u00e9ndez.<\/span><span data-ccp-props=\"{&quot;201341983&quot;:0,&quot;335559739&quot;:0,&quot;335559740&quot;:240}\">\u00a0<\/span><\/p>\n<p><span data-contrast=\"auto\">Dentro de <\/span><span data-contrast=\"auto\">e<\/span><span data-contrast=\"auto\">ste consejo se encuentra el <\/span><span data-contrast=\"auto\">Consejo de los Abuelos<\/span><span data-contrast=\"auto\">,<\/span><span data-contrast=\"auto\"> que sesiona en el <\/span><i><span data-contrast=\"auto\">Kantiy\u00e1n<\/span><\/i><span data-contrast=\"auto\"> (casa sagra<\/span><span data-contrast=\"auto\">da, similar al cosmos totonaca);<\/span> <span data-contrast=\"auto\">all\u00ed<\/span> <span data-contrast=\"auto\">se debate la situaci\u00f3n d<\/span><span data-contrast=\"auto\">e los totonacas, qu\u00e9 gestiones se realizan y cu\u00e1les est\u00e1n pendientes.<\/span> <span data-contrast=\"auto\">O<\/span><span data-contrast=\"auto\">pinan sobre sus derechos como pueblos originarios, teniendo en cuenta que se relacionan tanto con los pueblos de la regi\u00f3n como con el gobierno municipal, estatal y federal.<\/span><span data-ccp-props=\"{&quot;201341983&quot;:0,&quot;335559739&quot;:0,&quot;335559740&quot;:240}\">\u00a0<\/span><\/p>\n<p><span data-contrast=\"auto\">Para <\/span><span data-contrast=\"auto\">Hern\u00e1ndez Flores<\/span><span data-contrast=\"auto\">,<\/span> <span data-contrast=\"auto\">M\u00e9xico es un <\/span><span data-contrast=\"auto\">pa\u00eds en el cual cada uno debe<\/span><span data-contrast=\"auto\"> aportar<\/span><span data-contrast=\"auto\"> su<\/span> <span data-contrast=\"auto\">granito de arena, c<\/span><span data-contrast=\"auto\">ada persona representa al pa\u00eds y<\/span> <span data-contrast=\"auto\">unidos ante toda diferencia se debe seguir construyendo a la naci\u00f3n. <\/span><span data-contrast=\"auto\">\u201c<\/span><span data-contrast=\"auto\">Los gobernantes y los gobernados, la sociedad civil y los que quieran hacer del pa\u00eds algo mejor, deben <\/span><span data-contrast=\"auto\">tener<\/span><span data-contrast=\"auto\"> el sentido patrio, el sentido nacionalista y el sentido humanista<\/span><span data-contrast=\"auto\">.<\/span><span data-ccp-props=\"{&quot;201341983&quot;:0,&quot;335559739&quot;:0,&quot;335559740&quot;:240}\">\u00a0<\/span><\/p>\n<p><span data-contrast=\"auto\">\u201d<\/span><span data-contrast=\"auto\">La gobernanza, los derechos humanos y la interculturalidad son una tarea en la cual debemos involucrarnos d\u00eda con d\u00eda, desde que amanece hasta que anoche<\/span><span data-contrast=\"auto\">.<\/span><span data-contrast=\"auto\">\u201d<\/span><span data-ccp-props=\"{&quot;201341983&quot;:0,&quot;335559731&quot;:708,&quot;335559739&quot;:0,&quot;335559740&quot;:240}\">\u00a0<\/span><\/p>\n<p><span data-contrast=\"auto\">El coloquio, que se trasmite <\/span><span data-contrast=\"auto\">a partir de las 10:00 horas por <\/span><i><span data-contrast=\"auto\">Facebook L<\/span><\/i><i><span data-contrast=\"auto\">ive<\/span><\/i><span data-contrast=\"auto\">, co<\/span><span data-contrast=\"auto\">nclu<\/span><span data-contrast=\"auto\">ir\u00e1<\/span> <span data-contrast=\"auto\">el<\/span><span data-contrast=\"auto\"> jueves 29 de abril.<\/span><span data-ccp-props=\"{&quot;201341983&quot;:0,&quot;335559731&quot;:708,&quot;335559739&quot;:0,&quot;335559740&quot;:240}\">\u00a0<\/span><\/p>\n","protected":false},"excerpt":{"rendered":"<p>Especialistas de las ciencias jur\u00eddica, pol\u00edtica y econ\u00f3mica, colaboraron en libro\u00a0Estudios contempor\u00e1neos sobre gobernanza y pol\u00edticas p\u00fablicas con perspectiva de derechos humanos,\u00a0coeditado por\u00a0la Universidad Veracruzana\u00a0y la Universidad de Xalapa<\/p>\n","protected":false},"author":1508,"featured_media":96480,"comment_status":"closed","ping_status":"closed","sticky":false,"template":"","format":"standard","meta":[],"categories":[1],"tags":[],"_links":{"self":[{"href":"https:\/\/www.uv.mx\/prensa\/wp-json\/wp\/v2\/posts\/96479"}],"collection":[{"href":"https:\/\/www.uv.mx\/prensa\/wp-json\/wp\/v2\/posts"}],"about":[{"href":"https:\/\/www.uv.mx\/prensa\/wp-json\/wp\/v2\/types\/post"}],"author":[{"embeddable":true,"href":"https:\/\/www.uv.mx\/prensa\/wp-json\/wp\/v2\/users\/1508"}],"replies":[{"embeddable":true,"href":"https:\/\/www.uv.mx\/prensa\/wp-json\/wp\/v2\/comments?post=96479"}],"version-history":[{"count":1,"href":"https:\/\/www.uv.mx\/prensa\/wp-json\/wp\/v2\/posts\/96479\/revisions"}],"predecessor-version":[{"id":96850,"href":"https:\/\/www.uv.mx\/prensa\/wp-json\/wp\/v2\/posts\/96479\/revisions\/96850"}],"wp:featuredmedia":[{"embeddable":true,"href":"https:\/\/www.uv.mx\/prensa\/wp-json\/wp\/v2\/media\/96480"}],"wp:attachment":[{"href":"https:\/\/www.uv.mx\/prensa\/wp-json\/wp\/v2\/media?parent=96479"}],"wp:term":[{"taxonomy":"category","embeddable":true,"href":"https:\/\/www.uv.mx\/prensa\/wp-json\/wp\/v2\/categories?post=96479"},{"taxonomy":"post_tag","embeddable":true,"href":"https:\/\/www.uv.mx\/prensa\/wp-json\/wp\/v2\/tags?post=96479"}],"curies":[{"name":"wp","href":"https:\/\/api.w.org\/{rel}","templated":true}]}}