{"id":96550,"date":"2021-04-30T15:34:35","date_gmt":"2021-04-30T20:34:35","guid":{"rendered":"https:\/\/www.uv.mx\/prensa\/?p=96550"},"modified":"2021-05-06T12:47:29","modified_gmt":"2021-05-06T17:47:29","slug":"familia-y-escuela-no-inciden-en-la-cultura-digital-de-los-jovenes","status":"publish","type":"post","link":"https:\/\/www.uv.mx\/prensa\/banner\/familia-y-escuela-no-inciden-en-la-cultura-digital-de-los-jovenes\/","title":{"rendered":"Familia y escuela no inciden en\u00a0la\u00a0cultura digital de los j\u00f3venes\u00a0"},"content":{"rendered":"<ul>\n<li data-leveltext=\"\u25cf\" data-font=\"\" data-listid=\"1\" data-aria-posinset=\"1\" data-aria-level=\"1\"><i><span data-contrast=\"auto\">Gerardo Le\u00f3n, acad\u00e9mico de la Universidad Aut\u00f3noma de Baja California<\/span><\/i><i><span data-contrast=\"auto\">, particip\u00f3 en el Seminario Miradas Antro<\/span><\/i><i><span data-contrast=\"auto\">pol\u00f3gicas y\u00a0<\/span><\/i><i><span data-contrast=\"auto\">Transdisciplinares<\/span><\/i><span data-ccp-props=\"{&quot;201341983&quot;:0,&quot;335559740&quot;:240}\">\u00a0<\/span><\/li>\n<li data-leveltext=\"\u25cf\" data-font=\"\" data-listid=\"1\" data-aria-posinset=\"2\" data-aria-level=\"1\"><i><span data-contrast=\"auto\">Expuso resultados de dos a\u00f1os de investigaci\u00f3n con alumnos\u00a0<\/span><\/i><i><span data-contrast=\"auto\">de\u00a0<\/span><\/i><i><span data-contrast=\"auto\">centros escolares en Tijuana y sus familias<\/span><\/i><span data-ccp-props=\"{&quot;201341983&quot;:0,&quot;335559740&quot;:240}\">\u00a0<\/span><\/li>\n<\/ul>\n<p><span data-ccp-props=\"{&quot;201341983&quot;:0,&quot;335559740&quot;:240}\">\u00a0<\/span><\/p>\n<div id=\"attachment_96551\" style=\"width: 732px\" class=\"wp-caption aligncenter\"><a href=\"https:\/\/www.uv.mx\/prensa\/files\/2021\/04\/290421-medios-digitales-seminario-1.jpg\"><img aria-describedby=\"caption-attachment-96551\" decoding=\"async\" loading=\"lazy\" class=\"size-full wp-image-96551\" src=\"https:\/\/www.uv.mx\/prensa\/files\/2021\/04\/290421-medios-digitales-seminario-1.jpg\" alt=\"\" width=\"722\" height=\"406\" srcset=\"https:\/\/www.uv.mx\/prensa\/files\/2021\/04\/290421-medios-digitales-seminario-1.jpg 722w, https:\/\/www.uv.mx\/prensa\/files\/2021\/04\/290421-medios-digitales-seminario-1-300x169.jpg 300w\" sizes=\"(max-width: 722px) 100vw, 722px\" \/><\/a><p id=\"caption-attachment-96551\" class=\"wp-caption-text\">Gerardo Le\u00f3n, acad\u00e9mico de la Universidad Aut\u00f3noma de Baja California, habl\u00f3 sobre la interacci\u00f3n con medios digitales y j\u00f3venes<\/p><\/div>\n<p><span data-ccp-props=\"{&quot;201341983&quot;:0,&quot;335559740&quot;:240}\">\u00a0<\/span><\/p>\n<p><b><i><span data-contrast=\"auto\">David Sandoval Rodr\u00edguez<\/span><\/i><\/b><span data-ccp-props=\"{&quot;201341983&quot;:0,&quot;335559740&quot;:240}\">\u00a0<\/span><\/p>\n<p><b><i><span data-contrast=\"auto\">30<\/span><\/i><\/b><b><i><span data-contrast=\"auto\">\/04\/<\/span><\/i><\/b><b><i><span data-contrast=\"auto\">20<\/span><\/i><\/b><b><i><span data-contrast=\"auto\">21 Xalapa, Ver.-<\/span><\/i><\/b><span data-contrast=\"auto\">\u00a0Ni\u00f1os y j\u00f3venes aprenden a interactuar en el mundo digital sin la gu\u00eda o apoyo de sus familias o centro<\/span><span data-contrast=\"auto\">s escolares, por lo que son estos \u00faltimos los que\u00a0<\/span><span data-contrast=\"auto\">acaban adapt\u00e1<\/span><span data-contrast=\"auto\">ndo<\/span><span data-contrast=\"auto\">se<\/span><span data-contrast=\"auto\">\u00a0a las interacciones que\u00a0<\/span><span data-contrast=\"auto\">se crean<\/span><span data-contrast=\"auto\">\u00a0a partir del consumo y presencia en los ambientes digitales, plante\u00f3 Gerardo Le\u00f3n Barrios, profesor e investigador de la Facultad de Humanidades y\u00a0<\/span><span data-contrast=\"auto\">Ciencias Sociales de la Universidad Aut\u00f3noma de Baja California<\/span><span data-contrast=\"auto\">.<\/span><span data-ccp-props=\"{&quot;201341983&quot;:0,&quot;335559740&quot;:240}\">\u00a0<\/span><\/p>\n<p><span data-contrast=\"auto\">El acad\u00e9mico imparti\u00f3 la conferencia virtual \u201cIngenier\u00eda en comunicaci\u00f3n social de la familia, j\u00f3venes y medios digitales. Un abordaje para pensar lo\u00a0<\/span><span data-contrast=\"auto\">transdisciplinar<\/span><span data-contrast=\"auto\">\u201d<\/span><span data-contrast=\"auto\">,<\/span><span data-contrast=\"auto\">\u00a0como parte del\u00a0<\/span><span data-contrast=\"auto\">Seminario Miradas Antropol\u00f3gicas y\u00a0<\/span><span data-contrast=\"auto\">Transdisciplinares<\/span><span data-contrast=\"auto\">, adscrito al <a href=\"https:\/\/www.uv.mx\/ida\/\" target=\"_blank\" rel=\"noopener\">Instituto de Antropolog\u00eda\u00a0<\/a><\/span><span data-contrast=\"auto\">de la Universidad Veracruzana (UV).<\/span><span data-ccp-props=\"{&quot;201341983&quot;:0,&quot;335559740&quot;:240}\">\u00a0<\/span><\/p>\n<p><span data-contrast=\"auto\">En su charla, el investigador mostr\u00f3 los resultados de dos a\u00f1os de trabajo de campo\u00a0<\/span><span data-contrast=\"auto\">con la pobla<\/span><span data-contrast=\"auto\">ci\u00f3n escolar de una docena de centros edu<\/span><span data-contrast=\"auto\">cativos de la ciudad de Tijuana,\u00a0<\/span><span data-contrast=\"auto\">as\u00ed como de los padres de familia y profesores.<\/span><span data-ccp-props=\"{&quot;201341983&quot;:0,&quot;335559740&quot;:240}\">\u00a0<\/span><\/p>\n<p><span data-contrast=\"auto\">\u201cLos hijos aprenden a actuar en el mundo digital fuera del espacio familiar, es decir<\/span><span data-contrast=\"auto\">,<\/span><span data-contrast=\"auto\">\u00a0que la familia no tiene elementos de apoyo, todos<\/span><span data-contrast=\"auto\">\u00a0han aprendido en el entorno digital y el \u00e1mbito fam<\/span><span data-contrast=\"auto\">iliar es el que se ajusta a aqu\u00e9<\/span><span data-contrast=\"auto\">l, es un aprendizaje invisible y externo que poco se realiza en la vida dom\u00e9stica\u201d, puntualiz\u00f3.<\/span><span data-ccp-props=\"{&quot;201341983&quot;:0,&quot;335559731&quot;:720,&quot;335559740&quot;:240}\">\u00a0<\/span><\/p>\n<p><span data-contrast=\"auto\">\u201cLa escuela y la familia poco o nada tienen que ver con la cultura y el desa<\/span><span data-contrast=\"auto\">rrollo de la cultura digital, sobre todo en el caso de los hijos peque\u00f1os<\/span><span data-contrast=\"auto\">;<\/span><span data-contrast=\"auto\">\u00a0la brecha generacional es amplia y ello a pesar de que los padres tambi\u00e9n est\u00e1n conectados\u201d, agreg\u00f3 Le\u00f3n Barrios.<\/span><span data-ccp-props=\"{&quot;201341983&quot;:0,&quot;335559731&quot;:720,&quot;335559740&quot;:240}\">\u00a0<\/span><\/p>\n<p><span data-contrast=\"auto\">Por otro lado, el mundo de los j\u00f3venes tiene convergencias y diverg<\/span><span data-contrast=\"auto\">encias con las interacciones que ocurren en las familias, \u201ces un mito que los mundos est\u00e1n separados, que el mundo de los amigos,\u00a0<\/span><span data-contrast=\"auto\">de la casa y de la familia son tres espacios de interacci\u00f3n cerradas y diferentes; por el contrario, hay traslapes y\u00a0<\/span><span data-contrast=\"auto\">las\u00a0<\/span><span data-contrast=\"auto\">situac<\/span><span data-contrast=\"auto\">iones del mundo fuera de l\u00ednea \u2013<\/span><i><span data-contrast=\"auto\">off line<\/span><\/i><span data-contrast=\"auto\">\u2013<\/span><span data-contrast=\"auto\">\u00a0y el mundo dentro de l\u00ednea\u00a0<\/span><span data-contrast=\"auto\">\u2013<\/span><i><span data-contrast=\"auto\">online<\/span><\/i><span data-contrast=\"auto\">\u2013<\/span><span data-contrast=\"auto\">\u00a0tambi\u00e9n interact\u00faan\u201d.<\/span><span data-ccp-props=\"{&quot;201341983&quot;:0,&quot;335559731&quot;:720,&quot;335559740&quot;:240}\">\u00a0<\/span><\/p>\n<p><span data-contrast=\"auto\">Destac\u00f3 que desde la propuesta te\u00f3rica de la ingenier\u00eda en comunicaci\u00f3n social se observa a los medios digitales como entornos y ambientes que lle<\/span><span data-contrast=\"auto\">gan al nivel dom\u00e9stico y a los integrantes de la familia, transformando las interacciones de manera positiva y negativa.<\/span><span data-ccp-props=\"{&quot;201341983&quot;:0,&quot;335559731&quot;:720,&quot;335559740&quot;:240}\">\u00a0<\/span><\/p>\n<p><span data-contrast=\"auto\">En principio realiz\u00f3 entrevistas grupales con los j\u00f3venes, profesores y padres de familia<\/span><span data-contrast=\"auto\">,<\/span><span data-contrast=\"auto\">\u00a0adem\u00e1s de registrar c\u00f3mo era su acceso a la t<\/span><span data-contrast=\"auto\">ecnolog\u00eda; estos resultados saldr\u00e1n pr\u00f3ximamente en dos libros, apunt\u00f3.<\/span><span data-ccp-props=\"{&quot;201341983&quot;:0,&quot;335559731&quot;:720,&quot;335559740&quot;:240}\">\u00a0<\/span><\/p>\n<p><span data-contrast=\"auto\">El ponente dijo que, contrario a lo que se supone, \u201clos j\u00f3venes viven en mundos m\u00e1s peque\u00f1os y privados, cuando se piensa que<\/span><span data-contrast=\"auto\">\u00a0est\u00e1n en el mundo abierto por Internet;<\/span><span data-contrast=\"auto\">\u00a0de hecho viven en\u00a0<\/span><span data-contrast=\"auto\">mundos muy concretos y en \u00e9<\/span><span data-contrast=\"auto\">stos es muy importante comprender y asumir que los valores de referencia, los que ellos aprenden, siguen siendo importantes en sus espacios sociales primarios como la familia, la escuela y los amigos y, en el mismo sentido, estos<\/span><span data-contrast=\"auto\">\u00a0valores son esquemas de acci\u00f3n que son llevados a las pr\u00e1cticas digitales\u201d.<\/span><span data-ccp-props=\"{&quot;201341983&quot;:0,&quot;335559731&quot;:720,&quot;335559740&quot;:240}\">\u00a0<\/span><\/p>\n<p><span data-contrast=\"auto\">Le\u00f3n Barrios advirti\u00f3 que las relaciones interpersonales siguen siendo fundamentales, a diferencia de la percepci\u00f3n respecto a que los ni\u00f1os o j\u00f3venes se a\u00edslan en los dispositivo<\/span><span data-contrast=\"auto\">s<\/span><span data-contrast=\"auto\">.<\/span><span data-contrast=\"auto\">\u00a0\u201c<\/span><span data-contrast=\"auto\">P<\/span><span data-contrast=\"auto\">ara los propios j\u00f3venes la interacci\u00f3n sigue siendo muy importante\u201d.<\/span><span data-ccp-props=\"{&quot;201341983&quot;:0,&quot;335559731&quot;:720,&quot;335559740&quot;:240}\">\u00a0<\/span><\/p>\n<p><span data-contrast=\"auto\">No obstante, continu\u00f3, el espacio social familiar est\u00e1 en tensi\u00f3n, \u201c\u00e9<\/span><span data-contrast=\"auto\">ste es un elemento importante que\u00a0<\/span><span data-contrast=\"auto\">llam\u00f3 mucho mi\u00a0<\/span><span data-contrast=\"auto\">atenci\u00f3n, este cambio en la convivencia entre lo que es la vi<\/span><span data-contrast=\"auto\">da grupal y la individual\u201d.<\/span><span data-ccp-props=\"{&quot;201341983&quot;:0,&quot;335559731&quot;:720,&quot;335559740&quot;:240}\">\u00a0<\/span><\/p>\n<p><span data-contrast=\"auto\">Al respecto, agreg\u00f3 que hay tendencias a nivel global y a nivel regional en las cuales los expertos en an\u00e1lisis de h\u00e1bitos de consumo de medios, que proponen el concepto de \u201cdieta medi\u00e1tica\u201d, afirman que s\u00ed hay evidencias de est<\/span><span data-contrast=\"auto\">a fragmentaci\u00f3n en las interacciones y en los tipos de medios a los que acceden.<\/span><span data-ccp-props=\"{&quot;201341983&quot;:0,&quot;335559731&quot;:720,&quot;335559740&quot;:240}\">\u00a0<\/span><\/p>\n<p><span data-ccp-props=\"{&quot;201341983&quot;:0,&quot;335559740&quot;:240}\">\u00a0<\/span><\/p>\n<div id=\"attachment_96552\" style=\"width: 732px\" class=\"wp-caption aligncenter\"><a href=\"https:\/\/www.uv.mx\/prensa\/files\/2021\/04\/290421-medios-digitales-seminario-2.jpg\"><img aria-describedby=\"caption-attachment-96552\" decoding=\"async\" loading=\"lazy\" class=\"size-full wp-image-96552\" src=\"https:\/\/www.uv.mx\/prensa\/files\/2021\/04\/290421-medios-digitales-seminario-2.jpg\" alt=\"\" width=\"722\" height=\"407\" srcset=\"https:\/\/www.uv.mx\/prensa\/files\/2021\/04\/290421-medios-digitales-seminario-2.jpg 722w, https:\/\/www.uv.mx\/prensa\/files\/2021\/04\/290421-medios-digitales-seminario-2-300x169.jpg 300w\" sizes=\"(max-width: 722px) 100vw, 722px\" \/><\/a><p id=\"caption-attachment-96552\" class=\"wp-caption-text\">El ponente expuso los resultados su trabajo con alumnos y padres de familia de escuelas de Tijuana<\/p><\/div>\n","protected":false},"excerpt":{"rendered":"<p>Todos\u00a0han aprendido en el entorno digital y el \u00e1mbito familiar es el que se ajusta a aqu\u00e9l,\u00a0se\u00f1al\u00f3\u00a0Gerardo Le\u00f3n, acad\u00e9mico de la U. Aut\u00f3noma de Baja California, en el Seminario Miradas Antropol\u00f3gicas y Transdisciplinares\u00a0<\/p>\n","protected":false},"author":1869,"featured_media":96553,"comment_status":"closed","ping_status":"closed","sticky":false,"template":"","format":"standard","meta":[],"categories":[61],"tags":[],"_links":{"self":[{"href":"https:\/\/www.uv.mx\/prensa\/wp-json\/wp\/v2\/posts\/96550"}],"collection":[{"href":"https:\/\/www.uv.mx\/prensa\/wp-json\/wp\/v2\/posts"}],"about":[{"href":"https:\/\/www.uv.mx\/prensa\/wp-json\/wp\/v2\/types\/post"}],"author":[{"embeddable":true,"href":"https:\/\/www.uv.mx\/prensa\/wp-json\/wp\/v2\/users\/1869"}],"replies":[{"embeddable":true,"href":"https:\/\/www.uv.mx\/prensa\/wp-json\/wp\/v2\/comments?post=96550"}],"version-history":[{"count":1,"href":"https:\/\/www.uv.mx\/prensa\/wp-json\/wp\/v2\/posts\/96550\/revisions"}],"predecessor-version":[{"id":96859,"href":"https:\/\/www.uv.mx\/prensa\/wp-json\/wp\/v2\/posts\/96550\/revisions\/96859"}],"wp:featuredmedia":[{"embeddable":true,"href":"https:\/\/www.uv.mx\/prensa\/wp-json\/wp\/v2\/media\/96553"}],"wp:attachment":[{"href":"https:\/\/www.uv.mx\/prensa\/wp-json\/wp\/v2\/media?parent=96550"}],"wp:term":[{"taxonomy":"category","embeddable":true,"href":"https:\/\/www.uv.mx\/prensa\/wp-json\/wp\/v2\/categories?post=96550"},{"taxonomy":"post_tag","embeddable":true,"href":"https:\/\/www.uv.mx\/prensa\/wp-json\/wp\/v2\/tags?post=96550"}],"curies":[{"name":"wp","href":"https:\/\/api.w.org\/{rel}","templated":true}]}}