{"id":96729,"date":"2021-05-04T20:39:16","date_gmt":"2021-05-05T01:39:16","guid":{"rendered":"https:\/\/www.uv.mx\/prensa\/?p=96729"},"modified":"2021-05-06T11:56:05","modified_gmt":"2021-05-06T16:56:05","slug":"uv-entrego-bicicletas-en-veracruz-boca-del-rio-y-paso-de-ovejas","status":"publish","type":"post","link":"https:\/\/www.uv.mx\/prensa\/regiones\/veracruz\/uv-entrego-bicicletas-en-veracruz-boca-del-rio-y-paso-de-ovejas\/","title":{"rendered":"UV entreg\u00f3 bicicletas en Veracruz,  Boca del R\u00edo y Paso de Ovejas"},"content":{"rendered":"<p>&nbsp;<\/p>\n<div id=\"attachment_96732\" style=\"width: 597px\" class=\"wp-caption aligncenter\"><a href=\"https:\/\/www.uv.mx\/prensa\/files\/2021\/05\/040521-Bicicletas-VERACRUZ-1-1.jpg\"><img aria-describedby=\"caption-attachment-96732\" decoding=\"async\" loading=\"lazy\" class=\"size-full wp-image-96732\" src=\"https:\/\/www.uv.mx\/prensa\/files\/2021\/05\/040521-Bicicletas-VERACRUZ-1-1.jpg\" alt=\"\" width=\"587\" height=\"392\" srcset=\"https:\/\/www.uv.mx\/prensa\/files\/2021\/05\/040521-Bicicletas-VERACRUZ-1-1.jpg 587w, https:\/\/www.uv.mx\/prensa\/files\/2021\/05\/040521-Bicicletas-VERACRUZ-1-1-300x200.jpg 300w\" sizes=\"(max-width: 587px) 100vw, 587px\" \/><\/a><p id=\"caption-attachment-96732\" class=\"wp-caption-text\">Funcionarios universitarios de la regi\u00f3n Veracruz entregaron 24 bicicletas a ni\u00f1os de Veracruz, Boca del R\u00edo y Paso de Ovejas<\/p><\/div>\n<p>&nbsp;<\/p>\n<p><b><i><span data-contrast=\"auto\">Shuguey<\/span><\/i><\/b><b><i><span data-contrast=\"auto\"> Enr\u00edquez<\/span><\/i><\/b><b><i><span data-contrast=\"auto\"> y<\/span><\/i><\/b><b><i><span data-contrast=\"auto\"> Blanca Gonz\u00e1lez<\/span><\/i><\/b><span data-ccp-props=\"{&quot;201341983&quot;:0,&quot;335559739&quot;:160,&quot;335559740&quot;:240}\">\u00a0<\/span><\/p>\n<p><b><i><span data-contrast=\"auto\">04\/05\/2021, Boca del R\u00edo, <\/span><\/i><\/b><b><i><span data-contrast=\"auto\">Ver.- <\/span><\/i><\/b><span data-contrast=\"auto\">En el marco de la campa\u00f1a \u201cApadrina una carta desde casa\u201d impulsada <\/span><span data-contrast=\"auto\">por <\/span><span data-contrast=\"auto\">el <a href=\"https:\/\/www.uv.mx\/voluntariado\/\" target=\"_blank\" rel=\"noopener\">Voluntariado<\/a> de la Universidad Veracruzana (UV)<\/span><span data-contrast=\"auto\">,<\/span><span data-contrast=\"auto\"> a cargo de Elia Beltr\u00e1n<\/span> <span data-contrast=\"auto\">Coronel, <\/span><span data-contrast=\"auto\">la Vice<\/span><span data-contrast=\"auto\">rrector\u00eda de la regi\u00f3n Veracruz<\/span> <span data-contrast=\"auto\">entreg\u00f3<\/span><span data-contrast=\"auto\"> 24 bicicletas a ni\u00f1os de diversas colonias de Boca del R\u00edo, Veracruz y Paso de Ovejas.<\/span><span data-ccp-props=\"{&quot;201341983&quot;:0,&quot;335559739&quot;:160,&quot;335559740&quot;:240}\">\u00a0<\/span><\/p>\n<p><span data-contrast=\"auto\">La entrega fue encabezada por<\/span><span data-contrast=\"auto\"> el<\/span> <span data-contrast=\"auto\">vicerrector <\/span><span data-contrast=\"auto\">Alfonso Ger<\/span><span data-contrast=\"auto\">ardo P\u00e9rez Morales, <\/span><span data-contrast=\"auto\">acompa\u00f1ado por Ulises Gonzalo Orozco<\/span><span data-contrast=\"auto\"> y<\/span> <span data-contrast=\"auto\">Juan Pablo Mungu\u00eda Tiburcio<\/span><span data-contrast=\"auto\">, <\/span><span data-contrast=\"auto\">s<\/span><span data-contrast=\"auto\">ecretario <\/span><span data-contrast=\"auto\">r<\/span><span data-contrast=\"auto\">egional<\/span><span data-contrast=\"auto\">es<\/span> <span data-contrast=\"auto\">Acad\u00e9mico<\/span><span data-contrast=\"auto\">, <\/span><span data-contrast=\"auto\">y <\/span><span data-contrast=\"auto\">de Administraci\u00f3n y Finanzas<\/span><span data-contrast=\"auto\">, respectivamente<\/span><span data-contrast=\"auto\">; <\/span><span data-contrast=\"auto\">Antonia Barranca Enr\u00edquez, coordinadora de Desarrollo Institucional;<\/span><span data-contrast=\"auto\"> Reyna Nevero Arriola, c<\/span><span data-contrast=\"auto\">oordinadora regional del Sistema Universitario de Gesti\u00f3n Integral de<\/span><span data-contrast=\"auto\">l<\/span><span data-contrast=\"auto\"> Ri<\/span><span data-contrast=\"auto\">esgo (SUGIR); Mario Pe\u00f1a Meza, c<\/span><span data-contrast=\"auto\">oordinador r<\/span><span data-contrast=\"auto\">egional de Vinculaci\u00f3n<\/span><span data-contrast=\"auto\">,<\/span><span data-contrast=\"auto\"> y Mart<\/span><span data-contrast=\"auto\">ha Patricia Flores San Mart\u00edn, c<\/span><span data-contrast=\"auto\">oordinadora de la Casa de las Estrellitas UV<\/span><span data-contrast=\"auto\">.<\/span><span data-ccp-props=\"{&quot;201341983&quot;:0,&quot;335559731&quot;:708,&quot;335559739&quot;:160,&quot;335559740&quot;:240}\">\u00a0<\/span><\/p>\n<p><span data-contrast=\"none\">P\u00e9rez Morales resalt\u00f3 la responsabilidad soci<\/span><span data-contrast=\"none\">al de la UV y de su comunidad:<\/span><span data-contrast=\"none\"> \u201c<\/span><span data-contrast=\"none\">E<\/span><span data-contrast=\"none\">l \u00e1rea de <\/span><span data-contrast=\"none\">V<\/span><span data-contrast=\"none\">inculaci\u00f3n<\/span><span data-contrast=\"none\"> y<\/span><span data-contrast=\"none\"> el V<\/span><span data-contrast=\"none\">oluntariado<\/span><span data-contrast=\"none\"> realizaron<\/span> <span data-contrast=\"none\">un<\/span><span data-contrast=\"none\"> enorme<\/span><span data-contrast=\"none\"> esfuerzo <\/span><span data-contrast=\"none\">para<\/span><span data-contrast=\"none\"> dar a<\/span><span data-contrast=\"none\"> los ni\u00f1os de nuestra <\/span><span data-contrast=\"none\">regi\u00f3n<\/span><span data-contrast=\"none\"> un presente que se pretend\u00eda entregar el D<\/span><span data-contrast=\"none\">\u00eda <\/span><span data-contrast=\"none\">de Reyes, pero que ahora se da en el D\u00eda del N<\/span><span data-contrast=\"none\">i\u00f1o y nos da <\/span><span data-contrast=\"none\">mucho gusto hacerlo porque <\/span><span data-contrast=\"none\">posiblemente no lo hubieran podido obtener de otra forma<\/span><span data-contrast=\"none\">.<\/span> <span data-contrast=\"none\">E<\/span><span data-contrast=\"none\">sto nos habla de la responsabilidad social universitaria<\/span><span data-contrast=\"none\">,<\/span><span data-contrast=\"none\"> que es una parte importante de lo que es nuestra Universidad\u201d.<\/span><span data-ccp-props=\"{&quot;201341983&quot;:0,&quot;335559731&quot;:708,&quot;335559739&quot;:160,&quot;335559740&quot;:240}\">\u00a0<\/span><\/p>\n<p><span data-contrast=\"none\">Por su pa<\/span><span data-contrast=\"none\">rte, Nevero Arreola<\/span><span data-contrast=\"none\"> detall\u00f3 que esta actividad se realiza a\u00f1o con a\u00f1o en coordinaci\u00f3n con el Voluntariado de la UV<\/span><span data-contrast=\"none\">,<\/span><span data-contrast=\"none\"> trav\u00e9s de<\/span><span data-contrast=\"none\">l<\/span><span data-contrast=\"none\"> programa <\/span><span data-contrast=\"none\">\u201c<\/span><span data-contrast=\"none\">Apadrina una carta<\/span><span data-contrast=\"none\">\u201d,<\/span> <span data-contrast=\"none\">pero <\/span><span data-contrast=\"none\">debido a la <\/span><span data-contrast=\"none\">pandemia <\/span><span data-contrast=\"none\">en noviembre de 2020 <\/span><span data-contrast=\"none\">se cambi\u00f3<\/span> <span data-contrast=\"none\">el nombre <\/span><span data-contrast=\"none\">a \u201cA<\/span><span data-contrast=\"none\">padrina una carta desde tu casa<\/span><span data-contrast=\"none\">\u201d<\/span><span data-contrast=\"none\">,<\/span><span data-contrast=\"none\"> donde se invit\u00f3<\/span><span data-contrast=\"none\"> a toda la comunidad <\/span><span data-contrast=\"none\">universitaria a<\/span><span data-contrast=\"none\"> dar una <\/span><span data-contrast=\"none\">apo<\/span><span data-contrast=\"none\">rtaci\u00f3n econ\u00f3mica voluntaria, con lo que se pudo obtener 24 bicicletas para ni\u00f1os de diversas colonias de nuestra regi\u00f3n.<\/span><span data-ccp-props=\"{&quot;134233117&quot;:true,&quot;134233118&quot;:true,&quot;201341983&quot;:0,&quot;335559731&quot;:708,&quot;335559740&quot;:240}\">\u00a0<\/span><\/p>\n<p>&nbsp;<\/p>\n<div id=\"attachment_96730\" style=\"width: 597px\" class=\"wp-caption aligncenter\"><a href=\"https:\/\/www.uv.mx\/prensa\/files\/2021\/05\/040521-Bicicletas-VERACRUZ-2.jpg\"><img aria-describedby=\"caption-attachment-96730\" decoding=\"async\" loading=\"lazy\" class=\"size-full wp-image-96730\" src=\"https:\/\/www.uv.mx\/prensa\/files\/2021\/05\/040521-Bicicletas-VERACRUZ-2.jpg\" alt=\"\" width=\"587\" height=\"392\" srcset=\"https:\/\/www.uv.mx\/prensa\/files\/2021\/05\/040521-Bicicletas-VERACRUZ-2.jpg 587w, https:\/\/www.uv.mx\/prensa\/files\/2021\/05\/040521-Bicicletas-VERACRUZ-2-300x200.jpg 300w\" sizes=\"(max-width: 587px) 100vw, 587px\" \/><\/a><p id=\"caption-attachment-96730\" class=\"wp-caption-text\">Los peque\u00f1os y sus padres agradecieron a la comunidad UV por la entrega<\/p><\/div>\n<p>&nbsp;<\/p>\n<p><span data-contrast=\"none\">\u201cPara m\u00ed<\/span><span data-contrast=\"none\"> es una satisfacci\u00f3n participar <\/span><span data-contrast=\"none\">en este evento, porque ves a los ni\u00f1os sonre\u00edr <\/span><span data-contrast=\"none\">y <\/span><span data-contrast=\"none\">emocionarse<\/span> <span data-contrast=\"none\">cuando reciben su<\/span><span data-contrast=\"none\"> bicicleta<\/span><span data-contrast=\"none\">, algunas con canasta, campanita o rueditas. E<\/span><span data-contrast=\"none\">so satisface m\u00e1s y <\/span><span data-contrast=\"none\">tambi\u00e9n saber que esto se <\/span><span data-contrast=\"none\">logr\u00f3 gracias<\/span><span data-contrast=\"none\"> al esfuerzo de toda la comunidad universitaria<\/span><span data-contrast=\"none\">,<\/span><span data-contrast=\"none\"> acad\u00e9micos, funcionarios, <\/span><span data-contrast=\"none\">personal de <\/span><span data-contrast=\"none\">confianza, sociedad en general<\/span><span data-contrast=\"none\"> que aportaron para que esta campa\u00f1a se pudiera cumplir y llevar a cabo\u201d<\/span><span data-contrast=\"none\">, expres\u00f3 la funcionaria.<\/span><span data-ccp-props=\"{&quot;134233117&quot;:true,&quot;134233118&quot;:true,&quot;201341983&quot;:0,&quot;335559731&quot;:708,&quot;335559740&quot;:240}\">\u00a0<\/span><\/p>\n<p><span data-contrast=\"none\">En este mismo tenor, <\/span><span data-contrast=\"none\">Flores San Mart\u00edn celebr\u00f3 la entrega de las bicicletas, \u201ces de mucha ayuda para los ni\u00f1os ya que ellos realizan tambi\u00e9n algunos mandados a sus mam\u00e1s y les sirve tambi\u00e9n para ir a la escuela\u201d.<\/span><span data-ccp-props=\"{&quot;134233117&quot;:true,&quot;134233118&quot;:true,&quot;201341983&quot;:0,&quot;335559731&quot;:708,&quot;335559740&quot;:240}\">\u00a0<\/span><\/p>\n<p><span data-contrast=\"none\">Gabriela Melgarejo, <\/span><span data-contrast=\"none\">madre de una ni\u00f1a <\/span><span data-contrast=\"none\">en Boca del R\u00edo, <\/span><span data-contrast=\"none\">manifest\u00f3 su agradecimiento a<\/span><span data-contrast=\"none\"> la<\/span><span data-contrast=\"none\"> Universidad Veracruzana: \u201c<\/span><span data-contrast=\"none\">E<\/span><span data-contrast=\"none\">stamos muy agradecidos por esta bicicleta tan bonita, mi ni\u00f1a est\u00e1 muy contenta\u201d.<\/span><span data-ccp-props=\"{&quot;134233117&quot;:true,&quot;134233118&quot;:true,&quot;201341983&quot;:0,&quot;335559731&quot;:708,&quot;335559740&quot;:240}\">\u00a0<\/span><\/p>\n<p><span data-contrast=\"none\">Erika Flores Pe\u00f1a<\/span><span data-contrast=\"none\">, de la C<\/span><span data-contrast=\"none\">olonia Manuel Nieto, expres\u00f3<\/span><span data-contrast=\"none\"> que su hijo estaba feliz con el obsequio, \u201c<\/span><span data-contrast=\"none\">las bicicletas<\/span><span data-contrast=\"none\"> e<\/span><span data-contrast=\"none\">st\u00e1n muy bonitas<\/span><span data-contrast=\"none\">,<\/span> <span data-contrast=\"none\">son<\/span><span data-contrast=\"none\"> un gr<\/span><span data-contrast=\"none\">an apoyo para nosotros como pap\u00e1<\/span><span data-contrast=\"none\">s y para los ni\u00f1os un gran regalo, estamos muy agradecidos con la Universidad Veracruzana\u201d.<\/span><span data-ccp-props=\"{&quot;134233117&quot;:true,&quot;134233118&quot;:true,&quot;201341983&quot;:0,&quot;335559731&quot;:708,&quot;335559740&quot;:240}\">\u00a0<\/span><\/p>\n<p><span data-contrast=\"none\">Para la se\u00f1ora Magnolia Torres Urbina, la entrega de la bicicleta para su nieta fue un acto significativo<\/span><span data-contrast=\"none\">.<\/span><span data-contrast=\"none\"> \u201cMe siento muy feliz de este regalo que la Universidad Veracruzana le da a mi nieta porque para m\u00ed ser\u00eda muy dif\u00edcil compr\u00e1rsela. <\/span><span data-contrast=\"none\">V<\/span><span data-contrast=\"none\">ivo agradecida con la Universidad Veracruzana\u201d<\/span><span data-contrast=\"none\">.<\/span><span data-ccp-props=\"{&quot;134233117&quot;:true,&quot;134233118&quot;:true,&quot;201341983&quot;:0,&quot;335559731&quot;:708,&quot;335559740&quot;:240}\">\u00a0<\/span><\/p>\n","protected":false},"excerpt":{"rendered":"<p>Esta acci\u00f3n \u201cnos habla de la responsabilidad social universitaria, que es una parte importante de lo que es nuestra Universidad\u201d: Alfonso P\u00e9rez Morales, vicerrector de la regi\u00f3n Veracruz<\/p>\n","protected":false},"author":1508,"featured_media":96731,"comment_status":"closed","ping_status":"closed","sticky":false,"template":"","format":"standard","meta":[],"categories":[55],"tags":[],"_links":{"self":[{"href":"https:\/\/www.uv.mx\/prensa\/wp-json\/wp\/v2\/posts\/96729"}],"collection":[{"href":"https:\/\/www.uv.mx\/prensa\/wp-json\/wp\/v2\/posts"}],"about":[{"href":"https:\/\/www.uv.mx\/prensa\/wp-json\/wp\/v2\/types\/post"}],"author":[{"embeddable":true,"href":"https:\/\/www.uv.mx\/prensa\/wp-json\/wp\/v2\/users\/1508"}],"replies":[{"embeddable":true,"href":"https:\/\/www.uv.mx\/prensa\/wp-json\/wp\/v2\/comments?post=96729"}],"version-history":[{"count":1,"href":"https:\/\/www.uv.mx\/prensa\/wp-json\/wp\/v2\/posts\/96729\/revisions"}],"predecessor-version":[{"id":96821,"href":"https:\/\/www.uv.mx\/prensa\/wp-json\/wp\/v2\/posts\/96729\/revisions\/96821"}],"wp:featuredmedia":[{"embeddable":true,"href":"https:\/\/www.uv.mx\/prensa\/wp-json\/wp\/v2\/media\/96731"}],"wp:attachment":[{"href":"https:\/\/www.uv.mx\/prensa\/wp-json\/wp\/v2\/media?parent=96729"}],"wp:term":[{"taxonomy":"category","embeddable":true,"href":"https:\/\/www.uv.mx\/prensa\/wp-json\/wp\/v2\/categories?post=96729"},{"taxonomy":"post_tag","embeddable":true,"href":"https:\/\/www.uv.mx\/prensa\/wp-json\/wp\/v2\/tags?post=96729"}],"curies":[{"name":"wp","href":"https:\/\/api.w.org\/{rel}","templated":true}]}}